{"id":365088,"date":"2023-03-27T21:15:00","date_gmt":"2023-03-27T19:15:00","guid":{"rendered":"https:\/\/pre.efe.com\/?p=365088"},"modified":"2023-03-27T23:31:34","modified_gmt":"2023-03-27T21:31:34","slug":"america-latina-deve-melhorar-gestao-educacao-e-apoio-a-mpmes-diz-aladi","status":"publish","type":"post","link":"https:\/\/pre.efe.com\/pt-br\/mundo-2\/2023-03-27\/america-latina-deve-melhorar-gestao-educacao-e-apoio-a-mpmes-diz-aladi\/","title":{"rendered":"Am\u00e9rica Latina deve melhorar gest\u00e3o, educa\u00e7\u00e3o e apoio a MPMEs, diz Aladi"},"content":{"rendered":"\n<p>Santo Domingo (EFE).- A Am\u00e9rica Latina poderia avan\u00e7ar mais no processo de desenvolvimento da regi\u00e3o se apostasse na gest\u00e3o \u201cdisciplinada\u201d dos gastos, na melhora da qualidade da educa\u00e7\u00e3o e no aumento do apoio \u00e0s micro, pequenas e m\u00e9dias empresas (MPMEs), segundo a Associa\u00e7\u00e3o Latino-americana de Integra\u00e7\u00e3o (Aladi).<\/p>\n\n\n\n<blockquote class=\"wp-block-quote is-layout-flow wp-block-quote-is-layout-flow\">\n<p>&#8220;A Am\u00e9rica Latina precisa de uma maior integra\u00e7\u00e3o entre suas economias. Com a pandemia, cerca de 30 milh\u00f5es de empregos foram perdidos na regi\u00e3o, a maioria deles em micro, m\u00e9dias e pequenas empresas, que precisam do apoio dos Estados&#8221;, afirmou o secret\u00e1rio-geral da Aladi, o uruguaio Sergio Abreu, em entrevista \u00e0 Ag\u00eancia EFE.<\/p>\n<\/blockquote>\n\n\n\n<p>Ap\u00f3s participar da C\u00fapula Ibero-Americana de Chefes de Estado e de Governo, realizada em Santo Domingo nos dias 24 e 25 de mar\u00e7o, ele criticou a gest\u00e3o dos gastos econ\u00f4micos dos pa\u00edses, especificamente o aumento da d\u00edvida externa, que acontece porque os governos gastam mais do que podem e recorrem a mais empr\u00e9stimos .<\/p>\n\n\n\n<p>O ex-ministro das Rela\u00e7\u00f5es Exteriores do Uruguai tamb\u00e9m lembrou que o com\u00e9rcio internacional mudou &#8220;substancialmente&#8221;, enquanto a regi\u00e3o continua atrasada em termos de bens, servi\u00e7os e economia digital.<\/p>\n\n\n\n<p>Abreu ressaltou que pa\u00edses como Brasil, Argentina, Uruguai, Chile, Col\u00f4mbia e Equador j\u00e1 t\u00eam a China como seu principal parceiro comercial, mas que ainda n\u00e3o h\u00e1 nenhum tratado ou acordo preferencial com o gigante asi\u00e1tico.<\/p>\n\n\n\n<p>&#8220;A China se tornou o maior exportador de bens do mundo e o terceiro maior exportador de servi\u00e7os, mas poderia exportar e negociar mais com a Am\u00e9rica Latina se os governos da regi\u00e3o avan\u00e7assem mais rapidamente&#8221;, insistiu ele.<\/p>\n\n\n\n<h2 class=\"wp-block-heading\">Democracia e defesa da economia<\/h2>\n\n\n\n<p>O secret\u00e1rio-geral da entidade, que tem sede no Uruguai, afirmou que outra pend\u00eancia dos pa\u00edses da regi\u00e3o \u00e9 conseguir que as democracias se concentrem no fortalecimento de suas economias.<\/p>\n\n\n\n<blockquote class=\"wp-block-quote is-layout-flow wp-block-quote-is-layout-flow\">\n<p>&#8220;N\u00e3o \u00e9 uma quest\u00e3o de um governo desdenhar do que o anterior fez, por exemplo, ou de buscar maneiras de ganhar elei\u00e7\u00f5es; \u00e9 preciso garantir estabilidade para as novas gera\u00e7\u00f5es&#8221;, acrescentou ele.<\/p>\n<\/blockquote>\n\n\n\n<p>Abreu disse que a Am\u00e9rica Latina tem &#8220;todas as condi\u00e7\u00f5es&#8221; para crescer, mas para isso precisa de uma din\u00e2mica mais forte em seus pa\u00edses, que ajude as MPMEs a fortalecerem suas cadeias de valor e a buscar mercados complementares no exterior, principalmente na Europa, na China e nos Estados Unidos, devido \u00e0 proximidade.<\/p>\n\n\n\n<p>&#8220;\u00c9 uma quest\u00e3o geopol\u00edtica, social e institucional. Tem que haver vontade pol\u00edtica para mudar modelos comerciais e permitir o fortalecimento do com\u00e9rcio intra-regional&#8221;, acrescentou ele.<\/p>\n\n\n\n<h2 class=\"wp-block-heading\">Brasil, Argentina e M\u00e9xico, l\u00edderes da integra\u00e7\u00e3o<\/h2>\n\n\n\n<p>O titular da Aladi tamb\u00e9m fez um apelo a pa\u00edses como Brasil, Argentina e M\u00e9xico, que, segundo ele, n\u00e3o s\u00e3o mais subdesenvolvidos, mas &#8220;subemergentes&#8221;, para que assumam a lideran\u00e7a de um processo de integra\u00e7\u00e3o inclusivo \u201cna regi\u00e3o mais desigual do planeta\u201d, usando mecanismos que n\u00e3o deixem de fora pequenos empres\u00e1rios e consumidores.<\/p>\n\n\n\n<p>&#8220;Agora temos plataformas digitais, algoritmos, aplicativos. Com estes instrumentos, podemos chegar aos pequenos empres\u00e1rios e ajud\u00e1-los com todas as informa\u00e7\u00f5es necess\u00e1rias para o fortalecimento de seus neg\u00f3cios; e este pode ser o fator diferencial. H\u00e1 70 milh\u00f5es de pessoas trabalhando informalmente na Am\u00e9rica Latina, sem o apoio da previd\u00eancia social&#8221;, explicou Abreu.<\/p>\n\n\n\n<h2 class=\"wp-block-heading\">C\u00fapula Ibero-Americana<\/h2>\n\n\n\n<p>Abreu disse que dentro das discuss\u00f5es da C\u00fapula, foi levantada a quest\u00e3o de como as mudan\u00e7as na economia podem afetar a regulamenta\u00e7\u00e3o de \u00e1reas sens\u00edveis, como os direitos humanos.<\/p>\n\n\n\n<p>Segundo ele, esse \u00e9 um tema &#8220;muito dif\u00edcil&#8221;, porque se a privacidade das pessoas \u00e9 gerenciada por empresas privadas, &#8220;quem fica respons\u00e1vel regulament\u00e1-las?\u201d.<\/p>\n\n\n\n<blockquote class=\"wp-block-quote is-layout-flow wp-block-quote-is-layout-flow\">\n<p>&#8220;Voc\u00ea vai hoje a um supermercado e logo depois v\u00ea sua imagem naquele lugar circulando pelas redes sociais (&#8230;) esta \u00e9 uma quest\u00e3o s\u00e9ria que precisa continuar sendo debatida&#8221;, exemplificou ele.<\/p>\n<\/blockquote>\n\n\n\n<p>Por outro lado, Abreu defendeu que a quest\u00e3o da competitividade entre os pa\u00edses latino-americanos deveria ser amplamente discutida, e insistiu na import\u00e2ncia de oferecer seguran\u00e7a aos produtores, de treinar funcion\u00e1rios e de criar fundos de garantia para financiamentos.<\/p>\n\n\n\n<p>&#8220;Na Am\u00e9rica Latina existem quase 10 milh\u00f5es de MPMEs, e elas s\u00e3o as que mais precisam da revolu\u00e7\u00e3o digital, as que exigem governos transparentes e n\u00e3o corruptos (&#8230;) mas parece que ser honesto n\u00e3o \u00e9 mais uma virtude&#8221;, lamentou.<\/p>\n\n\n\n<p>A C\u00fapula Ibero-Americana chegou, no \u00faltimo s\u00e1bado, a um consenso sobre seus quatro principais temas: meio-ambiente, transforma\u00e7\u00e3o digital, seguran\u00e7a alimentar e arquitetura financeira.<\/p>\n\n\n\n<p>Al\u00e9m disso, os chefes de Estado e de governo ibero-americanos chegaram a acordos sobre outros assuntos, como o Terceiro Plano de A\u00e7\u00e3o Quadrienal de Coopera\u00e7\u00e3o 2023-2027, e a&nbsp; promo\u00e7\u00e3o da igualdade de g\u00eanero e do compromisso com a democracia. EFE<\/p>\n","protected":false},"excerpt":{"rendered":"<p>Santo Domingo (EFE).- A Am\u00e9rica Latina poderia avan\u00e7ar mais no processo de desenvolvimento da regi\u00e3o se apostasse na gest\u00e3o \u201cdisciplinada\u201d dos gastos, na melhora da qualidade da educa\u00e7\u00e3o e no aumento do apoio \u00e0s micro, pequenas e m\u00e9dias empresas (MPMEs), segundo a Associa\u00e7\u00e3o Latino-americana de Integra\u00e7\u00e3o (Aladi). &#8220;A Am\u00e9rica Latina precisa de uma maior integra\u00e7\u00e3o &#8230; <a title=\"Am\u00e9rica Latina deve melhorar gest\u00e3o, educa\u00e7\u00e3o e apoio a MPMEs, diz Aladi\" class=\"read-more\" href=\"https:\/\/pre.efe.com\/pt-br\/mundo-2\/2023-03-27\/america-latina-deve-melhorar-gestao-educacao-e-apoio-a-mpmes-diz-aladi\/\" aria-label=\"Read more about Am\u00e9rica Latina deve melhorar gest\u00e3o, educa\u00e7\u00e3o e apoio a MPMEs, diz Aladi\">Leia mais<\/a><\/p>\n","protected":false},"author":198164106,"featured_media":365097,"comment_status":"closed","ping_status":"closed","sticky":false,"template":"","format":"standard","meta":{"_acf_changed":false,"_jetpack_memberships_contains_paid_content":false,"footnotes":""},"categories":[123208,122144],"tags":[124207,123239],"class_list":["post-365088","post","type-post","status-publish","format-standard","has-post-thumbnail","hentry","category-mundo-2","category-outras-noticias","tag-america-latina","tag-economia-2","generate-columns","tablet-grid-50","mobile-grid-100","grid-parent","grid-50"],"acf":[],"yoast_head":"<!-- This site is optimized with the Yoast SEO Premium plugin v26.0 (Yoast SEO v27.4) - https:\/\/yoast.com\/product\/yoast-seo-premium-wordpress\/ -->\n<title>Am\u00e9rica Latina deve melhorar gest\u00e3o, educa\u00e7\u00e3o e apoio a MPMEs, diz Aladi - EFE<\/title>\n<meta name=\"robots\" content=\"noindex, follow\" \/>\n<meta property=\"og:locale\" content=\"pt_BR\" \/>\n<meta property=\"og:type\" content=\"article\" \/>\n<meta property=\"og:title\" content=\"Am\u00e9rica Latina deve melhorar gest\u00e3o, educa\u00e7\u00e3o e apoio a MPMEs, diz Aladi - EFE\" \/>\n<meta property=\"og:description\" content=\"Santo Domingo (EFE).- A Am\u00e9rica Latina poderia avan\u00e7ar mais no processo de desenvolvimento da regi\u00e3o se apostasse na gest\u00e3o \u201cdisciplinada\u201d dos gastos, na melhora da qualidade da educa\u00e7\u00e3o e no aumento do apoio \u00e0s micro, pequenas e m\u00e9dias empresas (MPMEs), segundo a Associa\u00e7\u00e3o Latino-americana de Integra\u00e7\u00e3o (Aladi). &#8220;A Am\u00e9rica Latina precisa de uma maior integra\u00e7\u00e3o ... Leia mais\" \/>\n<meta property=\"og:url\" content=\"https:\/\/pre.efe.com\/pt-br\/mundo-2\/2023-03-27\/america-latina-deve-melhorar-gestao-educacao-e-apoio-a-mpmes-diz-aladi\/\" \/>\n<meta property=\"og:site_name\" content=\"EFE Noticias\" \/>\n<meta property=\"article:publisher\" content=\"https:\/\/www.facebook.com\/AgenciaEFEnoticias\/\" \/>\n<meta property=\"article:published_time\" content=\"2023-03-27T19:15:00+00:00\" \/>\n<meta property=\"article:modified_time\" content=\"2023-03-27T21:31:34+00:00\" \/>\n<meta property=\"og:image\" content=\"https:\/\/i0.wp.com\/efe.com\/\/srv\/htdocs\/wp-content\/uploads\/2023\/03\/SERGIO-ABREU.jpg?fit=900%2C621&ssl=1\" \/>\n\t<meta property=\"og:image:width\" content=\"900\" \/>\n\t<meta property=\"og:image:height\" content=\"621\" \/>\n\t<meta property=\"og:image:type\" content=\"image\/jpeg\" \/>\n<meta name=\"author\" content=\"anachain\" \/>\n<meta name=\"twitter:card\" content=\"summary_large_image\" \/>\n<meta name=\"twitter:creator\" content=\"@efenoticias\" \/>\n<meta name=\"twitter:site\" content=\"@efenoticias\" \/>\n<script type=\"application\/ld+json\" class=\"yoast-schema-graph\">{\"@context\":\"https:\\\/\\\/schema.org\",\"@graph\":[{\"@type\":\"NewsArticle\",\"@id\":\"https:\\\/\\\/pre.efe.com\\\/pt-br\\\/mundo-2\\\/2023-03-27\\\/america-latina-deve-melhorar-gestao-educacao-e-apoio-a-mpmes-diz-aladi\\\/#article\",\"isPartOf\":{\"@id\":\"https:\\\/\\\/pre.efe.com\\\/pt-br\\\/mundo-2\\\/2023-03-27\\\/america-latina-deve-melhorar-gestao-educacao-e-apoio-a-mpmes-diz-aladi\\\/\"},\"author\":{\"name\":\"anachain\",\"@id\":\"https:\\\/\\\/pre.efe.com\\\/pt-br\\\/#\\\/schema\\\/person\\\/b19f23f210db552768f68a4b552b004f\"},\"headline\":\"Am\u00e9rica Latina deve melhorar gest\u00e3o, educa\u00e7\u00e3o e apoio a MPMEs, diz Aladi\",\"datePublished\":\"2023-03-27T19:15:00+00:00\",\"dateModified\":\"2023-03-27T21:31:34+00:00\",\"mainEntityOfPage\":{\"@id\":\"https:\\\/\\\/pre.efe.com\\\/pt-br\\\/mundo-2\\\/2023-03-27\\\/america-latina-deve-melhorar-gestao-educacao-e-apoio-a-mpmes-diz-aladi\\\/\"},\"wordCount\":840,\"publisher\":{\"@id\":\"https:\\\/\\\/pre.efe.com\\\/pt-br\\\/#organization\"},\"image\":{\"@id\":\"https:\\\/\\\/pre.efe.com\\\/pt-br\\\/mundo-2\\\/2023-03-27\\\/america-latina-deve-melhorar-gestao-educacao-e-apoio-a-mpmes-diz-aladi\\\/#primaryimage\"},\"thumbnailUrl\":\"https:\\\/\\\/pre.efe.com\\\/wp-content\\\/uploads\\\/2023\\\/03\\\/SERGIO-ABREU.jpg\",\"keywords\":[\"Am\u00e9rica latina\",\"Economia\"],\"articleSection\":[\"Mundo\",\"Outras not\u00edcias\"],\"inLanguage\":\"pt-BR\",\"copyrightYear\":\"2023\",\"copyrightHolder\":{\"@id\":\"https:\\\/\\\/pre.efe.com\\\/#organization\"}},{\"@type\":[\"WebPage\",\"ItemPage\"],\"@id\":\"https:\\\/\\\/pre.efe.com\\\/pt-br\\\/mundo-2\\\/2023-03-27\\\/america-latina-deve-melhorar-gestao-educacao-e-apoio-a-mpmes-diz-aladi\\\/\",\"url\":\"https:\\\/\\\/pre.efe.com\\\/pt-br\\\/mundo-2\\\/2023-03-27\\\/america-latina-deve-melhorar-gestao-educacao-e-apoio-a-mpmes-diz-aladi\\\/\",\"name\":\"Am\u00e9rica Latina deve melhorar gest\u00e3o, educa\u00e7\u00e3o e apoio a MPMEs, diz Aladi - EFE\",\"isPartOf\":{\"@id\":\"https:\\\/\\\/pre.efe.com\\\/pt-br\\\/#website\"},\"primaryImageOfPage\":{\"@id\":\"https:\\\/\\\/pre.efe.com\\\/pt-br\\\/mundo-2\\\/2023-03-27\\\/america-latina-deve-melhorar-gestao-educacao-e-apoio-a-mpmes-diz-aladi\\\/#primaryimage\"},\"image\":{\"@id\":\"https:\\\/\\\/pre.efe.com\\\/pt-br\\\/mundo-2\\\/2023-03-27\\\/america-latina-deve-melhorar-gestao-educacao-e-apoio-a-mpmes-diz-aladi\\\/#primaryimage\"},\"thumbnailUrl\":\"https:\\\/\\\/pre.efe.com\\\/wp-content\\\/uploads\\\/2023\\\/03\\\/SERGIO-ABREU.jpg\",\"datePublished\":\"2023-03-27T19:15:00+00:00\",\"dateModified\":\"2023-03-27T21:31:34+00:00\",\"breadcrumb\":{\"@id\":\"https:\\\/\\\/pre.efe.com\\\/pt-br\\\/mundo-2\\\/2023-03-27\\\/america-latina-deve-melhorar-gestao-educacao-e-apoio-a-mpmes-diz-aladi\\\/#breadcrumb\"},\"inLanguage\":\"pt-BR\",\"potentialAction\":[{\"@type\":\"ReadAction\",\"target\":[\"https:\\\/\\\/pre.efe.com\\\/pt-br\\\/mundo-2\\\/2023-03-27\\\/america-latina-deve-melhorar-gestao-educacao-e-apoio-a-mpmes-diz-aladi\\\/\"]}]},{\"@type\":\"ImageObject\",\"inLanguage\":\"pt-BR\",\"@id\":\"https:\\\/\\\/pre.efe.com\\\/pt-br\\\/mundo-2\\\/2023-03-27\\\/america-latina-deve-melhorar-gestao-educacao-e-apoio-a-mpmes-diz-aladi\\\/#primaryimage\",\"url\":\"https:\\\/\\\/pre.efe.com\\\/wp-content\\\/uploads\\\/2023\\\/03\\\/SERGIO-ABREU.jpg\",\"contentUrl\":\"https:\\\/\\\/pre.efe.com\\\/wp-content\\\/uploads\\\/2023\\\/03\\\/SERGIO-ABREU.jpg\",\"width\":900,\"height\":621,\"caption\":\"Sergio Abreu durante uma entrevista \u00e0 Ag\u00eancia EFE em Santo Domingo. EFE\\\/Orlando Barr\u00eda\"},{\"@type\":\"BreadcrumbList\",\"@id\":\"https:\\\/\\\/pre.efe.com\\\/pt-br\\\/mundo-2\\\/2023-03-27\\\/america-latina-deve-melhorar-gestao-educacao-e-apoio-a-mpmes-diz-aladi\\\/#breadcrumb\",\"itemListElement\":[{\"@type\":\"ListItem\",\"position\":1,\"name\":\"Portada\",\"item\":\"https:\\\/\\\/pre.efe.com\\\/pt-br\\\/\"},{\"@type\":\"ListItem\",\"position\":2,\"name\":\"Am\u00e9rica Latina deve melhorar gest\u00e3o, educa\u00e7\u00e3o e apoio a MPMEs, diz Aladi\"}]},{\"@type\":\"WebSite\",\"@id\":\"https:\\\/\\\/pre.efe.com\\\/pt-br\\\/#website\",\"url\":\"https:\\\/\\\/pre.efe.com\\\/pt-br\\\/\",\"name\":\"EFE Noticias\",\"description\":\"\",\"publisher\":{\"@id\":\"https:\\\/\\\/pre.efe.com\\\/pt-br\\\/#organization\"},\"potentialAction\":[{\"@type\":\"SearchAction\",\"target\":{\"@type\":\"EntryPoint\",\"urlTemplate\":\"https:\\\/\\\/pre.efe.com\\\/pt-br\\\/?s={search_term_string}\"},\"query-input\":{\"@type\":\"PropertyValueSpecification\",\"valueRequired\":true,\"valueName\":\"search_term_string\"}}],\"inLanguage\":\"pt-BR\"},{\"@type\":\"Organization\",\"@id\":\"https:\\\/\\\/pre.efe.com\\\/pt-br\\\/#organization\",\"name\":\"Agencia EFE\",\"url\":\"https:\\\/\\\/pre.efe.com\\\/pt-br\\\/\",\"logo\":{\"@type\":\"ImageObject\",\"inLanguage\":\"pt-BR\",\"@id\":\"https:\\\/\\\/pre.efe.com\\\/pt-br\\\/#\\\/schema\\\/logo\\\/image\\\/\",\"url\":\"https:\\\/\\\/pre.efe.com\\\/wp-content\\\/uploads\\\/2023\\\/06\\\/logo-efe-467.png\",\"contentUrl\":\"https:\\\/\\\/pre.efe.com\\\/wp-content\\\/uploads\\\/2023\\\/06\\\/logo-efe-467.png\",\"width\":467,\"height\":467,\"caption\":\"Agencia EFE\"},\"image\":{\"@id\":\"https:\\\/\\\/pre.efe.com\\\/pt-br\\\/#\\\/schema\\\/logo\\\/image\\\/\"},\"sameAs\":[\"https:\\\/\\\/www.facebook.com\\\/AgenciaEFEnoticias\\\/\",\"https:\\\/\\\/x.com\\\/efenoticias\",\"https:\\\/\\\/www.instagram.com\\\/efe_noticias\\\/\",\"http:\\\/\\\/www.youtube.com\\\/efe\"]},{\"@type\":\"Person\",\"@id\":\"https:\\\/\\\/pre.efe.com\\\/pt-br\\\/#\\\/schema\\\/person\\\/b19f23f210db552768f68a4b552b004f\",\"name\":\"anachain\",\"image\":{\"@type\":\"ImageObject\",\"inLanguage\":\"pt-BR\",\"@id\":\"https:\\\/\\\/secure.gravatar.com\\\/avatar\\\/30b83965911ef1108bb893c00bdd65c885f9890e1265ee04b02c3d5adc785d37?s=96&d=identicon&r=g\",\"url\":\"https:\\\/\\\/secure.gravatar.com\\\/avatar\\\/30b83965911ef1108bb893c00bdd65c885f9890e1265ee04b02c3d5adc785d37?s=96&d=identicon&r=g\",\"contentUrl\":\"https:\\\/\\\/secure.gravatar.com\\\/avatar\\\/30b83965911ef1108bb893c00bdd65c885f9890e1265ee04b02c3d5adc785d37?s=96&d=identicon&r=g\",\"caption\":\"anachain\"},\"url\":\"https:\\\/\\\/pre.efe.com\\\/pt-br\\\/autor\\\/anachain\\\/\"}]}<\/script>\n<!-- \/ Yoast SEO Premium plugin. -->","yoast_head_json":{"title":"Am\u00e9rica Latina deve melhorar gest\u00e3o, educa\u00e7\u00e3o e apoio a MPMEs, diz Aladi - EFE","robots":{"index":"noindex","follow":"follow"},"og_locale":"pt_BR","og_type":"article","og_title":"Am\u00e9rica Latina deve melhorar gest\u00e3o, educa\u00e7\u00e3o e apoio a MPMEs, diz Aladi - EFE","og_description":"Santo Domingo (EFE).- A Am\u00e9rica Latina poderia avan\u00e7ar mais no processo de desenvolvimento da regi\u00e3o se apostasse na gest\u00e3o \u201cdisciplinada\u201d dos gastos, na melhora da qualidade da educa\u00e7\u00e3o e no aumento do apoio \u00e0s micro, pequenas e m\u00e9dias empresas (MPMEs), segundo a Associa\u00e7\u00e3o Latino-americana de Integra\u00e7\u00e3o (Aladi). &#8220;A Am\u00e9rica Latina precisa de uma maior integra\u00e7\u00e3o ... Leia mais","og_url":"https:\/\/pre.efe.com\/pt-br\/mundo-2\/2023-03-27\/america-latina-deve-melhorar-gestao-educacao-e-apoio-a-mpmes-diz-aladi\/","og_site_name":"EFE Noticias","article_publisher":"https:\/\/www.facebook.com\/AgenciaEFEnoticias\/","article_published_time":"2023-03-27T19:15:00+00:00","article_modified_time":"2023-03-27T21:31:34+00:00","og_image":[{"width":900,"height":621,"url":"https:\/\/i0.wp.com\/efe.com\/\/srv\/htdocs\/wp-content\/uploads\/2023\/03\/SERGIO-ABREU.jpg?fit=900%2C621&ssl=1","type":"image\/jpeg"}],"author":"anachain","twitter_card":"summary_large_image","twitter_creator":"@efenoticias","twitter_site":"@efenoticias","schema":{"@context":"https:\/\/schema.org","@graph":[{"@type":"NewsArticle","@id":"https:\/\/pre.efe.com\/pt-br\/mundo-2\/2023-03-27\/america-latina-deve-melhorar-gestao-educacao-e-apoio-a-mpmes-diz-aladi\/#article","isPartOf":{"@id":"https:\/\/pre.efe.com\/pt-br\/mundo-2\/2023-03-27\/america-latina-deve-melhorar-gestao-educacao-e-apoio-a-mpmes-diz-aladi\/"},"author":{"name":"anachain","@id":"https:\/\/pre.efe.com\/pt-br\/#\/schema\/person\/b19f23f210db552768f68a4b552b004f"},"headline":"Am\u00e9rica Latina deve melhorar gest\u00e3o, educa\u00e7\u00e3o e apoio a MPMEs, diz Aladi","datePublished":"2023-03-27T19:15:00+00:00","dateModified":"2023-03-27T21:31:34+00:00","mainEntityOfPage":{"@id":"https:\/\/pre.efe.com\/pt-br\/mundo-2\/2023-03-27\/america-latina-deve-melhorar-gestao-educacao-e-apoio-a-mpmes-diz-aladi\/"},"wordCount":840,"publisher":{"@id":"https:\/\/pre.efe.com\/pt-br\/#organization"},"image":{"@id":"https:\/\/pre.efe.com\/pt-br\/mundo-2\/2023-03-27\/america-latina-deve-melhorar-gestao-educacao-e-apoio-a-mpmes-diz-aladi\/#primaryimage"},"thumbnailUrl":"https:\/\/pre.efe.com\/wp-content\/uploads\/2023\/03\/SERGIO-ABREU.jpg","keywords":["Am\u00e9rica latina","Economia"],"articleSection":["Mundo","Outras not\u00edcias"],"inLanguage":"pt-BR","copyrightYear":"2023","copyrightHolder":{"@id":"https:\/\/pre.efe.com\/#organization"}},{"@type":["WebPage","ItemPage"],"@id":"https:\/\/pre.efe.com\/pt-br\/mundo-2\/2023-03-27\/america-latina-deve-melhorar-gestao-educacao-e-apoio-a-mpmes-diz-aladi\/","url":"https:\/\/pre.efe.com\/pt-br\/mundo-2\/2023-03-27\/america-latina-deve-melhorar-gestao-educacao-e-apoio-a-mpmes-diz-aladi\/","name":"Am\u00e9rica Latina deve melhorar gest\u00e3o, educa\u00e7\u00e3o e apoio a MPMEs, diz Aladi - EFE","isPartOf":{"@id":"https:\/\/pre.efe.com\/pt-br\/#website"},"primaryImageOfPage":{"@id":"https:\/\/pre.efe.com\/pt-br\/mundo-2\/2023-03-27\/america-latina-deve-melhorar-gestao-educacao-e-apoio-a-mpmes-diz-aladi\/#primaryimage"},"image":{"@id":"https:\/\/pre.efe.com\/pt-br\/mundo-2\/2023-03-27\/america-latina-deve-melhorar-gestao-educacao-e-apoio-a-mpmes-diz-aladi\/#primaryimage"},"thumbnailUrl":"https:\/\/pre.efe.com\/wp-content\/uploads\/2023\/03\/SERGIO-ABREU.jpg","datePublished":"2023-03-27T19:15:00+00:00","dateModified":"2023-03-27T21:31:34+00:00","breadcrumb":{"@id":"https:\/\/pre.efe.com\/pt-br\/mundo-2\/2023-03-27\/america-latina-deve-melhorar-gestao-educacao-e-apoio-a-mpmes-diz-aladi\/#breadcrumb"},"inLanguage":"pt-BR","potentialAction":[{"@type":"ReadAction","target":["https:\/\/pre.efe.com\/pt-br\/mundo-2\/2023-03-27\/america-latina-deve-melhorar-gestao-educacao-e-apoio-a-mpmes-diz-aladi\/"]}]},{"@type":"ImageObject","inLanguage":"pt-BR","@id":"https:\/\/pre.efe.com\/pt-br\/mundo-2\/2023-03-27\/america-latina-deve-melhorar-gestao-educacao-e-apoio-a-mpmes-diz-aladi\/#primaryimage","url":"https:\/\/pre.efe.com\/wp-content\/uploads\/2023\/03\/SERGIO-ABREU.jpg","contentUrl":"https:\/\/pre.efe.com\/wp-content\/uploads\/2023\/03\/SERGIO-ABREU.jpg","width":900,"height":621,"caption":"Sergio Abreu durante uma entrevista \u00e0 Ag\u00eancia EFE em Santo Domingo. EFE\/Orlando Barr\u00eda"},{"@type":"BreadcrumbList","@id":"https:\/\/pre.efe.com\/pt-br\/mundo-2\/2023-03-27\/america-latina-deve-melhorar-gestao-educacao-e-apoio-a-mpmes-diz-aladi\/#breadcrumb","itemListElement":[{"@type":"ListItem","position":1,"name":"Portada","item":"https:\/\/pre.efe.com\/pt-br\/"},{"@type":"ListItem","position":2,"name":"Am\u00e9rica Latina deve melhorar gest\u00e3o, educa\u00e7\u00e3o e apoio a MPMEs, diz Aladi"}]},{"@type":"WebSite","@id":"https:\/\/pre.efe.com\/pt-br\/#website","url":"https:\/\/pre.efe.com\/pt-br\/","name":"EFE Noticias","description":"","publisher":{"@id":"https:\/\/pre.efe.com\/pt-br\/#organization"},"potentialAction":[{"@type":"SearchAction","target":{"@type":"EntryPoint","urlTemplate":"https:\/\/pre.efe.com\/pt-br\/?s={search_term_string}"},"query-input":{"@type":"PropertyValueSpecification","valueRequired":true,"valueName":"search_term_string"}}],"inLanguage":"pt-BR"},{"@type":"Organization","@id":"https:\/\/pre.efe.com\/pt-br\/#organization","name":"Agencia EFE","url":"https:\/\/pre.efe.com\/pt-br\/","logo":{"@type":"ImageObject","inLanguage":"pt-BR","@id":"https:\/\/pre.efe.com\/pt-br\/#\/schema\/logo\/image\/","url":"https:\/\/pre.efe.com\/wp-content\/uploads\/2023\/06\/logo-efe-467.png","contentUrl":"https:\/\/pre.efe.com\/wp-content\/uploads\/2023\/06\/logo-efe-467.png","width":467,"height":467,"caption":"Agencia EFE"},"image":{"@id":"https:\/\/pre.efe.com\/pt-br\/#\/schema\/logo\/image\/"},"sameAs":["https:\/\/www.facebook.com\/AgenciaEFEnoticias\/","https:\/\/x.com\/efenoticias","https:\/\/www.instagram.com\/efe_noticias\/","http:\/\/www.youtube.com\/efe"]},{"@type":"Person","@id":"https:\/\/pre.efe.com\/pt-br\/#\/schema\/person\/b19f23f210db552768f68a4b552b004f","name":"anachain","image":{"@type":"ImageObject","inLanguage":"pt-BR","@id":"https:\/\/secure.gravatar.com\/avatar\/30b83965911ef1108bb893c00bdd65c885f9890e1265ee04b02c3d5adc785d37?s=96&d=identicon&r=g","url":"https:\/\/secure.gravatar.com\/avatar\/30b83965911ef1108bb893c00bdd65c885f9890e1265ee04b02c3d5adc785d37?s=96&d=identicon&r=g","contentUrl":"https:\/\/secure.gravatar.com\/avatar\/30b83965911ef1108bb893c00bdd65c885f9890e1265ee04b02c3d5adc785d37?s=96&d=identicon&r=g","caption":"anachain"},"url":"https:\/\/pre.efe.com\/pt-br\/autor\/anachain\/"}]}},"jetpack_featured_media_url":"https:\/\/pre.efe.com\/wp-content\/uploads\/2023\/03\/SERGIO-ABREU.jpg","jetpack_shortlink":"https:\/\/wp.me\/peJvHm-1wYw","jetpack_sharing_enabled":true,"_links":{"self":[{"href":"https:\/\/pre.efe.com\/pt-br\/wp-json\/wp\/v2\/posts\/365088","targetHints":{"allow":["GET"]}}],"collection":[{"href":"https:\/\/pre.efe.com\/pt-br\/wp-json\/wp\/v2\/posts"}],"about":[{"href":"https:\/\/pre.efe.com\/pt-br\/wp-json\/wp\/v2\/types\/post"}],"author":[{"embeddable":true,"href":"https:\/\/pre.efe.com\/pt-br\/wp-json\/wp\/v2\/users\/198164106"}],"replies":[{"embeddable":true,"href":"https:\/\/pre.efe.com\/pt-br\/wp-json\/wp\/v2\/comments?post=365088"}],"version-history":[{"count":2,"href":"https:\/\/pre.efe.com\/pt-br\/wp-json\/wp\/v2\/posts\/365088\/revisions"}],"predecessor-version":[{"id":365100,"href":"https:\/\/pre.efe.com\/pt-br\/wp-json\/wp\/v2\/posts\/365088\/revisions\/365100"}],"wp:featuredmedia":[{"embeddable":true,"href":"https:\/\/pre.efe.com\/pt-br\/wp-json\/wp\/v2\/media\/365097"}],"wp:attachment":[{"href":"https:\/\/pre.efe.com\/pt-br\/wp-json\/wp\/v2\/media?parent=365088"}],"wp:term":[{"taxonomy":"category","embeddable":true,"href":"https:\/\/pre.efe.com\/pt-br\/wp-json\/wp\/v2\/categories?post=365088"},{"taxonomy":"post_tag","embeddable":true,"href":"https:\/\/pre.efe.com\/pt-br\/wp-json\/wp\/v2\/tags?post=365088"}],"curies":[{"name":"wp","href":"https:\/\/api.w.org\/{rel}","templated":true}]}}