{"id":368827,"date":"2023-03-29T15:53:12","date_gmt":"2023-03-29T13:53:12","guid":{"rendered":"https:\/\/pre.efe.com\/?p=368827"},"modified":"2023-03-29T15:53:17","modified_gmt":"2023-03-29T13:53:17","slug":"estudo-revela-que-peru-e-bolivia-tem-ar-de-pior-qualidade-da-america-do-sul","status":"publish","type":"post","link":"https:\/\/pre.efe.com\/pt-br\/saude\/2023-03-29\/estudo-revela-que-peru-e-bolivia-tem-ar-de-pior-qualidade-da-america-do-sul\/","title":{"rendered":"Estudo revela que Peru e Bol\u00edvia t\u00eam ar de pior qualidade da Am\u00e9rica do Sul"},"content":{"rendered":"\n<p>Lima (EFE).- O Peru, com 31 microgramas por metro c\u00fabico, e a Bol\u00edvia, com 27, lideram a lista dos pa\u00edses sul-americanos com pior qualidade do ar, excedendo em mais de cinco vezes as recomenda\u00e7\u00f5es da Organiza\u00e7\u00e3o Mundial da Sa\u00fade (OMS), de acordo com um estudo apresentado nesta ter\u00e7a-feira.<\/p>\n\n\n\n<p>O relat\u00f3rio &#8220;Lancet Countdown South America&#8221; de 2022 sobre a crise sanit\u00e1ria e clim\u00e1tica apontou a polui\u00e7\u00e3o atmosf\u00e9rica como um dos principais fatores de risco de degrada\u00e7\u00e3o ambiental.<\/p>\n\n\n\n<p>Os pesquisadores enfatizaram os danos &#8220;desproporcionais&#8221; que a emerg\u00eancia clim\u00e1tica est\u00e1 causando \u00e0 sa\u00fade das popula\u00e7\u00f5es mais vulner\u00e1veis da regi\u00e3o, que geram menos gases do efeito de estufa e t\u00eam o pior acesso aos sistemas de sa\u00fade.<\/p>\n\n\n\n<p>O estudo culpou a polui\u00e7\u00e3o atmosf\u00e9rica pela morte prematura de quase 37.000 sul-americanos em 2020, mil a mais do que em 2015, devido \u00e0 rela\u00e7\u00e3o direta com o risco de ataques card\u00edacos, problemas respirat\u00f3rios e c\u00e2ncer, entre outras patologias.<\/p>\n\n\n\n<p>Os pa\u00edses com a maior taxa de mortalidade atribu\u00edvel \u00e0 presen\u00e7a de polui\u00e7\u00e3o atmosf\u00e9rica (PM2,5) s\u00e3o Chile e Peru, com 230 e 176 mortes por milh\u00e3o de habitantes, respectivamente, de acordo com o estudo.<\/p>\n\n\n\n<p>Entre outros problemas abordados pelos pesquisadores foi o aumento das ondas de calor e a forma como estas aumentaram o n\u00famero de mortes nas pessoas com mais de 65 anos desde 2000, com Brasil, Argentina, Col\u00f4mbia e Venezuela particularmente afetados.<\/p>\n\n\n\n<p>A adequa\u00e7\u00e3o clim\u00e1tica para a presen\u00e7a de mosquitos melhorou em todos os pa\u00edses do continente, exceto Argentina e Suriname, raz\u00e3o pela qual os cientistas explicam o aumento de 35,3% na propaga\u00e7\u00e3o da dengue na Am\u00e9rica do Sul.<\/p>\n\n\n\n<p>Cada pa\u00eds, de acordo com o relat\u00f3rio, enfrenta problemas clim\u00e1ticos diferentes. O Peru enfrenta escassez de \u00e1gua e temperaturas extremas, Chile e Col\u00f4mbia lidam com inc\u00eandios florestais, enquanto Brasil e Argentina t\u00eam chuvas extremas e as suas consequ\u00eancias.<\/p>\n\n\n\n<h2 class=\"wp-block-heading\">Combate \u00e0 crise clim\u00e1tica<\/h2>\n\n\n\n<p>O objetivo do estudo \u00e9 apresentar provas cient\u00edficas para apoiar estrat\u00e9gias de resposta espec\u00edficas que possam mitigar estes efeitos negativos no meio ambiente e no bem-estar das pessoas porque, como comentou a diretora executiva do &#8220;Lancet Countdown&#8221;, Marina Romanello, o combate \u00e0 crise clim\u00e1tica pode ser &#8220;a maior oportunidade para a sa\u00fade global no s\u00e9culo XXI&#8221;.<\/p>\n\n\n\n<p>Dos 73 centros urbanos analisados, 84% tinham n\u00edveis muito baixos ou excepcionalmente baixos de \u00e1reas verdes, que s\u00e3o \u00fateis para lidar com as ondas de calor e melhorar a qualidade do ar.<\/p>\n\n\n\n<p>Mesmo assim, os centros urbanos classificados como moderados em termos de parques e vegeta\u00e7\u00e3o aumentaram 9,6% desde 2010, com as cidades analisadas na Venezuela (37,2%), Equador (31,84%) e Peru (27,96%) a aumentarem mais estes espa\u00e7os. Em contraste, Chile (-0,84%) e Paraguai (-3,17%) foram os \u00fanicos pa\u00edses da regi\u00e3o a registrar os maiores aumentos.&nbsp;EFE<\/p>\n","protected":false},"excerpt":{"rendered":"<p>Lima (EFE).- O Peru, com 31 microgramas por metro c\u00fabico, e a Bol\u00edvia, com 27, lideram a lista dos pa\u00edses sul-americanos com pior qualidade do ar, excedendo em mais de cinco vezes as recomenda\u00e7\u00f5es da Organiza\u00e7\u00e3o Mundial da Sa\u00fade (OMS), de acordo com um estudo apresentado nesta ter\u00e7a-feira. O relat\u00f3rio &#8220;Lancet Countdown South America&#8221; de &#8230; <a title=\"Estudo revela que Peru e Bol\u00edvia t\u00eam ar de pior qualidade da Am\u00e9rica do Sul\" class=\"read-more\" href=\"https:\/\/pre.efe.com\/pt-br\/saude\/2023-03-29\/estudo-revela-que-peru-e-bolivia-tem-ar-de-pior-qualidade-da-america-do-sul\/\" aria-label=\"Read more about Estudo revela que Peru e Bol\u00edvia t\u00eam ar de pior qualidade da Am\u00e9rica do Sul\">Leia mais<\/a><\/p>\n","protected":false},"author":198164106,"featured_media":368833,"comment_status":"closed","ping_status":"closed","sticky":false,"template":"","format":"standard","meta":{"_acf_changed":false,"_jetpack_memberships_contains_paid_content":false,"footnotes":""},"categories":[122144,122040],"tags":[124207,124952],"class_list":["post-368827","post","type-post","status-publish","format-standard","has-post-thumbnail","hentry","category-outras-noticias","category-saude","tag-america-latina","tag-meio-ambiente","generate-columns","tablet-grid-50","mobile-grid-100","grid-parent","grid-50"],"acf":[],"yoast_head":"<!-- This site is optimized with the Yoast SEO Premium plugin v26.0 (Yoast SEO v27.5) - https:\/\/yoast.com\/product\/yoast-seo-premium-wordpress\/ -->\n<title>Estudo revela que Peru e Bol\u00edvia t\u00eam ar de pior qualidade da Am\u00e9rica do Sul - EFE<\/title>\n<meta name=\"robots\" content=\"noindex, follow\" \/>\n<meta property=\"og:locale\" content=\"pt_BR\" \/>\n<meta property=\"og:type\" content=\"article\" \/>\n<meta property=\"og:title\" content=\"Estudo revela que Peru e Bol\u00edvia t\u00eam ar de pior qualidade da Am\u00e9rica do Sul - EFE\" \/>\n<meta property=\"og:description\" content=\"Lima (EFE).- O Peru, com 31 microgramas por metro c\u00fabico, e a Bol\u00edvia, com 27, lideram a lista dos pa\u00edses sul-americanos com pior qualidade do ar, excedendo em mais de cinco vezes as recomenda\u00e7\u00f5es da Organiza\u00e7\u00e3o Mundial da Sa\u00fade (OMS), de acordo com um estudo apresentado nesta ter\u00e7a-feira. O relat\u00f3rio &#8220;Lancet Countdown South America&#8221; de ... Leia mais\" \/>\n<meta property=\"og:url\" content=\"https:\/\/pre.efe.com\/pt-br\/saude\/2023-03-29\/estudo-revela-que-peru-e-bolivia-tem-ar-de-pior-qualidade-da-america-do-sul\/\" \/>\n<meta property=\"og:site_name\" content=\"EFE Noticias\" \/>\n<meta property=\"article:publisher\" content=\"https:\/\/www.facebook.com\/AgenciaEFEnoticias\/\" \/>\n<meta property=\"article:published_time\" content=\"2023-03-29T13:53:12+00:00\" \/>\n<meta property=\"article:modified_time\" content=\"2023-03-29T13:53:17+00:00\" \/>\n<meta property=\"og:image\" content=\"https:\/\/i0.wp.com\/efe.com\/\/srv\/htdocs\/wp-content\/uploads\/2023\/03\/PERU.jpg?fit=900%2C600&ssl=1\" \/>\n\t<meta property=\"og:image:width\" content=\"900\" \/>\n\t<meta property=\"og:image:height\" content=\"600\" \/>\n\t<meta property=\"og:image:type\" content=\"image\/jpeg\" \/>\n<meta name=\"author\" content=\"anachain\" \/>\n<meta name=\"twitter:card\" content=\"summary_large_image\" \/>\n<meta name=\"twitter:creator\" content=\"@efenoticias\" \/>\n<meta name=\"twitter:site\" content=\"@efenoticias\" \/>\n<script type=\"application\/ld+json\" class=\"yoast-schema-graph\">{\"@context\":\"https:\\\/\\\/schema.org\",\"@graph\":[{\"@type\":\"NewsArticle\",\"@id\":\"https:\\\/\\\/pre.efe.com\\\/pt-br\\\/saude\\\/2023-03-29\\\/estudo-revela-que-peru-e-bolivia-tem-ar-de-pior-qualidade-da-america-do-sul\\\/#article\",\"isPartOf\":{\"@id\":\"https:\\\/\\\/pre.efe.com\\\/pt-br\\\/saude\\\/2023-03-29\\\/estudo-revela-que-peru-e-bolivia-tem-ar-de-pior-qualidade-da-america-do-sul\\\/\"},\"author\":{\"name\":\"anachain\",\"@id\":\"https:\\\/\\\/pre.efe.com\\\/pt-br\\\/#\\\/schema\\\/person\\\/b19f23f210db552768f68a4b552b004f\"},\"headline\":\"Estudo revela que Peru e Bol\u00edvia t\u00eam ar de pior qualidade da Am\u00e9rica do Sul\",\"datePublished\":\"2023-03-29T13:53:12+00:00\",\"dateModified\":\"2023-03-29T13:53:17+00:00\",\"mainEntityOfPage\":{\"@id\":\"https:\\\/\\\/pre.efe.com\\\/pt-br\\\/saude\\\/2023-03-29\\\/estudo-revela-que-peru-e-bolivia-tem-ar-de-pior-qualidade-da-america-do-sul\\\/\"},\"wordCount\":506,\"publisher\":{\"@id\":\"https:\\\/\\\/pre.efe.com\\\/pt-br\\\/#organization\"},\"image\":{\"@id\":\"https:\\\/\\\/pre.efe.com\\\/pt-br\\\/saude\\\/2023-03-29\\\/estudo-revela-que-peru-e-bolivia-tem-ar-de-pior-qualidade-da-america-do-sul\\\/#primaryimage\"},\"thumbnailUrl\":\"https:\\\/\\\/pre.efe.com\\\/wp-content\\\/uploads\\\/2023\\\/03\\\/PERU.jpg\",\"keywords\":[\"Am\u00e9rica latina\",\"Meio ambiente\"],\"articleSection\":[\"Outras not\u00edcias\",\"Sa\u00fade\"],\"inLanguage\":\"pt-BR\",\"copyrightYear\":\"2023\",\"copyrightHolder\":{\"@id\":\"https:\\\/\\\/pre.efe.com\\\/#organization\"}},{\"@type\":[\"WebPage\",\"ItemPage\"],\"@id\":\"https:\\\/\\\/pre.efe.com\\\/pt-br\\\/saude\\\/2023-03-29\\\/estudo-revela-que-peru-e-bolivia-tem-ar-de-pior-qualidade-da-america-do-sul\\\/\",\"url\":\"https:\\\/\\\/pre.efe.com\\\/pt-br\\\/saude\\\/2023-03-29\\\/estudo-revela-que-peru-e-bolivia-tem-ar-de-pior-qualidade-da-america-do-sul\\\/\",\"name\":\"Estudo revela que Peru e Bol\u00edvia t\u00eam ar de pior qualidade da Am\u00e9rica do Sul - EFE\",\"isPartOf\":{\"@id\":\"https:\\\/\\\/pre.efe.com\\\/pt-br\\\/#website\"},\"primaryImageOfPage\":{\"@id\":\"https:\\\/\\\/pre.efe.com\\\/pt-br\\\/saude\\\/2023-03-29\\\/estudo-revela-que-peru-e-bolivia-tem-ar-de-pior-qualidade-da-america-do-sul\\\/#primaryimage\"},\"image\":{\"@id\":\"https:\\\/\\\/pre.efe.com\\\/pt-br\\\/saude\\\/2023-03-29\\\/estudo-revela-que-peru-e-bolivia-tem-ar-de-pior-qualidade-da-america-do-sul\\\/#primaryimage\"},\"thumbnailUrl\":\"https:\\\/\\\/pre.efe.com\\\/wp-content\\\/uploads\\\/2023\\\/03\\\/PERU.jpg\",\"datePublished\":\"2023-03-29T13:53:12+00:00\",\"dateModified\":\"2023-03-29T13:53:17+00:00\",\"breadcrumb\":{\"@id\":\"https:\\\/\\\/pre.efe.com\\\/pt-br\\\/saude\\\/2023-03-29\\\/estudo-revela-que-peru-e-bolivia-tem-ar-de-pior-qualidade-da-america-do-sul\\\/#breadcrumb\"},\"inLanguage\":\"pt-BR\",\"potentialAction\":[{\"@type\":\"ReadAction\",\"target\":[\"https:\\\/\\\/pre.efe.com\\\/pt-br\\\/saude\\\/2023-03-29\\\/estudo-revela-que-peru-e-bolivia-tem-ar-de-pior-qualidade-da-america-do-sul\\\/\"]}]},{\"@type\":\"ImageObject\",\"inLanguage\":\"pt-BR\",\"@id\":\"https:\\\/\\\/pre.efe.com\\\/pt-br\\\/saude\\\/2023-03-29\\\/estudo-revela-que-peru-e-bolivia-tem-ar-de-pior-qualidade-da-america-do-sul\\\/#primaryimage\",\"url\":\"https:\\\/\\\/pre.efe.com\\\/wp-content\\\/uploads\\\/2023\\\/03\\\/PERU.jpg\",\"contentUrl\":\"https:\\\/\\\/pre.efe.com\\\/wp-content\\\/uploads\\\/2023\\\/03\\\/PERU.jpg\",\"width\":900,\"height\":600,\"caption\":\"Lima. EFE\\\/Arquivo\\\/Paolo Aguilar\"},{\"@type\":\"BreadcrumbList\",\"@id\":\"https:\\\/\\\/pre.efe.com\\\/pt-br\\\/saude\\\/2023-03-29\\\/estudo-revela-que-peru-e-bolivia-tem-ar-de-pior-qualidade-da-america-do-sul\\\/#breadcrumb\",\"itemListElement\":[{\"@type\":\"ListItem\",\"position\":1,\"name\":\"Portada\",\"item\":\"https:\\\/\\\/pre.efe.com\\\/pt-br\\\/\"},{\"@type\":\"ListItem\",\"position\":2,\"name\":\"Estudo revela que Peru e Bol\u00edvia t\u00eam ar de pior qualidade da Am\u00e9rica do Sul\"}]},{\"@type\":\"WebSite\",\"@id\":\"https:\\\/\\\/pre.efe.com\\\/pt-br\\\/#website\",\"url\":\"https:\\\/\\\/pre.efe.com\\\/pt-br\\\/\",\"name\":\"EFE Noticias\",\"description\":\"\",\"publisher\":{\"@id\":\"https:\\\/\\\/pre.efe.com\\\/pt-br\\\/#organization\"},\"potentialAction\":[{\"@type\":\"SearchAction\",\"target\":{\"@type\":\"EntryPoint\",\"urlTemplate\":\"https:\\\/\\\/pre.efe.com\\\/pt-br\\\/?s={search_term_string}\"},\"query-input\":{\"@type\":\"PropertyValueSpecification\",\"valueRequired\":true,\"valueName\":\"search_term_string\"}}],\"inLanguage\":\"pt-BR\"},{\"@type\":\"Organization\",\"@id\":\"https:\\\/\\\/pre.efe.com\\\/pt-br\\\/#organization\",\"name\":\"Agencia EFE\",\"url\":\"https:\\\/\\\/pre.efe.com\\\/pt-br\\\/\",\"logo\":{\"@type\":\"ImageObject\",\"inLanguage\":\"pt-BR\",\"@id\":\"https:\\\/\\\/pre.efe.com\\\/pt-br\\\/#\\\/schema\\\/logo\\\/image\\\/\",\"url\":\"https:\\\/\\\/pre.efe.com\\\/wp-content\\\/uploads\\\/2023\\\/06\\\/logo-efe-467.png\",\"contentUrl\":\"https:\\\/\\\/pre.efe.com\\\/wp-content\\\/uploads\\\/2023\\\/06\\\/logo-efe-467.png\",\"width\":467,\"height\":467,\"caption\":\"Agencia EFE\"},\"image\":{\"@id\":\"https:\\\/\\\/pre.efe.com\\\/pt-br\\\/#\\\/schema\\\/logo\\\/image\\\/\"},\"sameAs\":[\"https:\\\/\\\/www.facebook.com\\\/AgenciaEFEnoticias\\\/\",\"https:\\\/\\\/x.com\\\/efenoticias\",\"https:\\\/\\\/www.instagram.com\\\/efe_noticias\\\/\",\"http:\\\/\\\/www.youtube.com\\\/efe\"]},{\"@type\":\"Person\",\"@id\":\"https:\\\/\\\/pre.efe.com\\\/pt-br\\\/#\\\/schema\\\/person\\\/b19f23f210db552768f68a4b552b004f\",\"name\":\"anachain\",\"image\":{\"@type\":\"ImageObject\",\"inLanguage\":\"pt-BR\",\"@id\":\"https:\\\/\\\/secure.gravatar.com\\\/avatar\\\/30b83965911ef1108bb893c00bdd65c885f9890e1265ee04b02c3d5adc785d37?s=96&d=identicon&r=g\",\"url\":\"https:\\\/\\\/secure.gravatar.com\\\/avatar\\\/30b83965911ef1108bb893c00bdd65c885f9890e1265ee04b02c3d5adc785d37?s=96&d=identicon&r=g\",\"contentUrl\":\"https:\\\/\\\/secure.gravatar.com\\\/avatar\\\/30b83965911ef1108bb893c00bdd65c885f9890e1265ee04b02c3d5adc785d37?s=96&d=identicon&r=g\",\"caption\":\"anachain\"},\"url\":\"https:\\\/\\\/pre.efe.com\\\/pt-br\\\/autor\\\/anachain\\\/\"}]}<\/script>\n<!-- \/ Yoast SEO Premium plugin. -->","yoast_head_json":{"title":"Estudo revela que Peru e Bol\u00edvia t\u00eam ar de pior qualidade da Am\u00e9rica do Sul - EFE","robots":{"index":"noindex","follow":"follow"},"og_locale":"pt_BR","og_type":"article","og_title":"Estudo revela que Peru e Bol\u00edvia t\u00eam ar de pior qualidade da Am\u00e9rica do Sul - EFE","og_description":"Lima (EFE).- O Peru, com 31 microgramas por metro c\u00fabico, e a Bol\u00edvia, com 27, lideram a lista dos pa\u00edses sul-americanos com pior qualidade do ar, excedendo em mais de cinco vezes as recomenda\u00e7\u00f5es da Organiza\u00e7\u00e3o Mundial da Sa\u00fade (OMS), de acordo com um estudo apresentado nesta ter\u00e7a-feira. O relat\u00f3rio &#8220;Lancet Countdown South America&#8221; de ... Leia mais","og_url":"https:\/\/pre.efe.com\/pt-br\/saude\/2023-03-29\/estudo-revela-que-peru-e-bolivia-tem-ar-de-pior-qualidade-da-america-do-sul\/","og_site_name":"EFE Noticias","article_publisher":"https:\/\/www.facebook.com\/AgenciaEFEnoticias\/","article_published_time":"2023-03-29T13:53:12+00:00","article_modified_time":"2023-03-29T13:53:17+00:00","og_image":[{"width":900,"height":600,"url":"https:\/\/i0.wp.com\/efe.com\/\/srv\/htdocs\/wp-content\/uploads\/2023\/03\/PERU.jpg?fit=900%2C600&ssl=1","type":"image\/jpeg"}],"author":"anachain","twitter_card":"summary_large_image","twitter_creator":"@efenoticias","twitter_site":"@efenoticias","schema":{"@context":"https:\/\/schema.org","@graph":[{"@type":"NewsArticle","@id":"https:\/\/pre.efe.com\/pt-br\/saude\/2023-03-29\/estudo-revela-que-peru-e-bolivia-tem-ar-de-pior-qualidade-da-america-do-sul\/#article","isPartOf":{"@id":"https:\/\/pre.efe.com\/pt-br\/saude\/2023-03-29\/estudo-revela-que-peru-e-bolivia-tem-ar-de-pior-qualidade-da-america-do-sul\/"},"author":{"name":"anachain","@id":"https:\/\/pre.efe.com\/pt-br\/#\/schema\/person\/b19f23f210db552768f68a4b552b004f"},"headline":"Estudo revela que Peru e Bol\u00edvia t\u00eam ar de pior qualidade da Am\u00e9rica do Sul","datePublished":"2023-03-29T13:53:12+00:00","dateModified":"2023-03-29T13:53:17+00:00","mainEntityOfPage":{"@id":"https:\/\/pre.efe.com\/pt-br\/saude\/2023-03-29\/estudo-revela-que-peru-e-bolivia-tem-ar-de-pior-qualidade-da-america-do-sul\/"},"wordCount":506,"publisher":{"@id":"https:\/\/pre.efe.com\/pt-br\/#organization"},"image":{"@id":"https:\/\/pre.efe.com\/pt-br\/saude\/2023-03-29\/estudo-revela-que-peru-e-bolivia-tem-ar-de-pior-qualidade-da-america-do-sul\/#primaryimage"},"thumbnailUrl":"https:\/\/pre.efe.com\/wp-content\/uploads\/2023\/03\/PERU.jpg","keywords":["Am\u00e9rica latina","Meio ambiente"],"articleSection":["Outras not\u00edcias","Sa\u00fade"],"inLanguage":"pt-BR","copyrightYear":"2023","copyrightHolder":{"@id":"https:\/\/pre.efe.com\/#organization"}},{"@type":["WebPage","ItemPage"],"@id":"https:\/\/pre.efe.com\/pt-br\/saude\/2023-03-29\/estudo-revela-que-peru-e-bolivia-tem-ar-de-pior-qualidade-da-america-do-sul\/","url":"https:\/\/pre.efe.com\/pt-br\/saude\/2023-03-29\/estudo-revela-que-peru-e-bolivia-tem-ar-de-pior-qualidade-da-america-do-sul\/","name":"Estudo revela que Peru e Bol\u00edvia t\u00eam ar de pior qualidade da Am\u00e9rica do Sul - EFE","isPartOf":{"@id":"https:\/\/pre.efe.com\/pt-br\/#website"},"primaryImageOfPage":{"@id":"https:\/\/pre.efe.com\/pt-br\/saude\/2023-03-29\/estudo-revela-que-peru-e-bolivia-tem-ar-de-pior-qualidade-da-america-do-sul\/#primaryimage"},"image":{"@id":"https:\/\/pre.efe.com\/pt-br\/saude\/2023-03-29\/estudo-revela-que-peru-e-bolivia-tem-ar-de-pior-qualidade-da-america-do-sul\/#primaryimage"},"thumbnailUrl":"https:\/\/pre.efe.com\/wp-content\/uploads\/2023\/03\/PERU.jpg","datePublished":"2023-03-29T13:53:12+00:00","dateModified":"2023-03-29T13:53:17+00:00","breadcrumb":{"@id":"https:\/\/pre.efe.com\/pt-br\/saude\/2023-03-29\/estudo-revela-que-peru-e-bolivia-tem-ar-de-pior-qualidade-da-america-do-sul\/#breadcrumb"},"inLanguage":"pt-BR","potentialAction":[{"@type":"ReadAction","target":["https:\/\/pre.efe.com\/pt-br\/saude\/2023-03-29\/estudo-revela-que-peru-e-bolivia-tem-ar-de-pior-qualidade-da-america-do-sul\/"]}]},{"@type":"ImageObject","inLanguage":"pt-BR","@id":"https:\/\/pre.efe.com\/pt-br\/saude\/2023-03-29\/estudo-revela-que-peru-e-bolivia-tem-ar-de-pior-qualidade-da-america-do-sul\/#primaryimage","url":"https:\/\/pre.efe.com\/wp-content\/uploads\/2023\/03\/PERU.jpg","contentUrl":"https:\/\/pre.efe.com\/wp-content\/uploads\/2023\/03\/PERU.jpg","width":900,"height":600,"caption":"Lima. EFE\/Arquivo\/Paolo Aguilar"},{"@type":"BreadcrumbList","@id":"https:\/\/pre.efe.com\/pt-br\/saude\/2023-03-29\/estudo-revela-que-peru-e-bolivia-tem-ar-de-pior-qualidade-da-america-do-sul\/#breadcrumb","itemListElement":[{"@type":"ListItem","position":1,"name":"Portada","item":"https:\/\/pre.efe.com\/pt-br\/"},{"@type":"ListItem","position":2,"name":"Estudo revela que Peru e Bol\u00edvia t\u00eam ar de pior qualidade da Am\u00e9rica do Sul"}]},{"@type":"WebSite","@id":"https:\/\/pre.efe.com\/pt-br\/#website","url":"https:\/\/pre.efe.com\/pt-br\/","name":"EFE Noticias","description":"","publisher":{"@id":"https:\/\/pre.efe.com\/pt-br\/#organization"},"potentialAction":[{"@type":"SearchAction","target":{"@type":"EntryPoint","urlTemplate":"https:\/\/pre.efe.com\/pt-br\/?s={search_term_string}"},"query-input":{"@type":"PropertyValueSpecification","valueRequired":true,"valueName":"search_term_string"}}],"inLanguage":"pt-BR"},{"@type":"Organization","@id":"https:\/\/pre.efe.com\/pt-br\/#organization","name":"Agencia EFE","url":"https:\/\/pre.efe.com\/pt-br\/","logo":{"@type":"ImageObject","inLanguage":"pt-BR","@id":"https:\/\/pre.efe.com\/pt-br\/#\/schema\/logo\/image\/","url":"https:\/\/pre.efe.com\/wp-content\/uploads\/2023\/06\/logo-efe-467.png","contentUrl":"https:\/\/pre.efe.com\/wp-content\/uploads\/2023\/06\/logo-efe-467.png","width":467,"height":467,"caption":"Agencia EFE"},"image":{"@id":"https:\/\/pre.efe.com\/pt-br\/#\/schema\/logo\/image\/"},"sameAs":["https:\/\/www.facebook.com\/AgenciaEFEnoticias\/","https:\/\/x.com\/efenoticias","https:\/\/www.instagram.com\/efe_noticias\/","http:\/\/www.youtube.com\/efe"]},{"@type":"Person","@id":"https:\/\/pre.efe.com\/pt-br\/#\/schema\/person\/b19f23f210db552768f68a4b552b004f","name":"anachain","image":{"@type":"ImageObject","inLanguage":"pt-BR","@id":"https:\/\/secure.gravatar.com\/avatar\/30b83965911ef1108bb893c00bdd65c885f9890e1265ee04b02c3d5adc785d37?s=96&d=identicon&r=g","url":"https:\/\/secure.gravatar.com\/avatar\/30b83965911ef1108bb893c00bdd65c885f9890e1265ee04b02c3d5adc785d37?s=96&d=identicon&r=g","contentUrl":"https:\/\/secure.gravatar.com\/avatar\/30b83965911ef1108bb893c00bdd65c885f9890e1265ee04b02c3d5adc785d37?s=96&d=identicon&r=g","caption":"anachain"},"url":"https:\/\/pre.efe.com\/pt-br\/autor\/anachain\/"}]}},"jetpack_featured_media_url":"https:\/\/pre.efe.com\/wp-content\/uploads\/2023\/03\/PERU.jpg","jetpack_shortlink":"https:\/\/wp.me\/peJvHm-1xWP","jetpack_sharing_enabled":true,"_links":{"self":[{"href":"https:\/\/pre.efe.com\/pt-br\/wp-json\/wp\/v2\/posts\/368827","targetHints":{"allow":["GET"]}}],"collection":[{"href":"https:\/\/pre.efe.com\/pt-br\/wp-json\/wp\/v2\/posts"}],"about":[{"href":"https:\/\/pre.efe.com\/pt-br\/wp-json\/wp\/v2\/types\/post"}],"author":[{"embeddable":true,"href":"https:\/\/pre.efe.com\/pt-br\/wp-json\/wp\/v2\/users\/198164106"}],"replies":[{"embeddable":true,"href":"https:\/\/pre.efe.com\/pt-br\/wp-json\/wp\/v2\/comments?post=368827"}],"version-history":[{"count":2,"href":"https:\/\/pre.efe.com\/pt-br\/wp-json\/wp\/v2\/posts\/368827\/revisions"}],"predecessor-version":[{"id":368836,"href":"https:\/\/pre.efe.com\/pt-br\/wp-json\/wp\/v2\/posts\/368827\/revisions\/368836"}],"wp:featuredmedia":[{"embeddable":true,"href":"https:\/\/pre.efe.com\/pt-br\/wp-json\/wp\/v2\/media\/368833"}],"wp:attachment":[{"href":"https:\/\/pre.efe.com\/pt-br\/wp-json\/wp\/v2\/media?parent=368827"}],"wp:term":[{"taxonomy":"category","embeddable":true,"href":"https:\/\/pre.efe.com\/pt-br\/wp-json\/wp\/v2\/categories?post=368827"},{"taxonomy":"post_tag","embeddable":true,"href":"https:\/\/pre.efe.com\/pt-br\/wp-json\/wp\/v2\/tags?post=368827"}],"curies":[{"name":"wp","href":"https:\/\/api.w.org\/{rel}","templated":true}]}}