{"id":388356,"date":"2023-04-10T17:39:00","date_gmt":"2023-04-10T15:39:00","guid":{"rendered":"https:\/\/pre.efe.com\/?p=388356"},"modified":"2023-04-10T22:53:37","modified_gmt":"2023-04-10T20:53:37","slug":"bm-eleva-previsao-de-crescimento-mundial-para-2-por-melhora-da-china","status":"publish","type":"post","link":"https:\/\/pre.efe.com\/pt-br\/economia-pt\/2023-04-10\/bm-eleva-previsao-de-crescimento-mundial-para-2-por-melhora-da-china\/","title":{"rendered":"BM eleva previs\u00e3o de crescimento mundial para 2% por melhora da China"},"content":{"rendered":"\n<p>Washington (EFE).- O presidente do Banco Mundial, David Malpass, anunciou nesta segunda-feira que a institui\u00e7\u00e3o vai aumentar sua previs\u00e3o de crescimento global para este ano em tr\u00eas d\u00e9cimos de ponto percentual, para 2%, gra\u00e7as \u00e0 melhora das perspectivas para a China ap\u00f3s o fim dos bloqueios impostos pelo pa\u00eds devido \u00e0 pandemia de covid-19.<\/p>\n\n\n\n<p>&#8220;\u00c9 uma revis\u00e3o para cima, e em parte se deve \u00e0s melhores perspectivas na China ap\u00f3s a suspens\u00e3o dos bloqueios&#8221;, disse o americano em uma entrevista coletiva antes da abertura das chamadas reuni\u00f5es de primavera (no hemisf\u00e9rio norte) do Banco Mundial (BM) e do Fundo Monet\u00e1rio Internacional (FMI).<\/p>\n\n\n\n<p>Ap\u00f3s o fim da pol\u00edtica de covid zero, a China dever\u00e1 crescer 5,1% em 2023, oito d\u00e9cimos de ponto percentual acima do previsto em janeiro.<\/p>\n\n\n\n<p>O aumento da previs\u00e3o de crescimento global tamb\u00e9m se deve ao fato de que &#8220;as economias avan\u00e7adas est\u00e3o indo um pouco melhor do que pareciam em janeiro&#8221;. Por exemplo, nos Estados Unidos e na Europa &#8220;o consumo se manteve melhor do que o esperado&#8221;, explicou Malpass.<\/p>\n\n\n\n<p>Entretanto, o presidente do BM disse que &#8220;\u00e9 esperada uma atividade mais lenta no segundo semestre de 2023&#8221;. Os pr\u00f3ximos meses podem ter um aumento nos pre\u00e7os do petr\u00f3leo, de acordo com ele, e &#8220;o desafio da mudan\u00e7a na percep\u00e7\u00e3o da sa\u00fade banc\u00e1ria&#8221;, ap\u00f3s as fal\u00eancias de v\u00e1rias institui\u00e7\u00f5es, tamb\u00e9m deve ser acompanhado de perto.<\/p>\n\n\n\n<p>Malpass abriu hoje, juntamente com a diretora gerente do FMI, Kristalina Georgieva, as chamadas reuni\u00f5es de primavera, que incluem ministros e chefes de institui\u00e7\u00f5es financeiras para discutir o estado da economia global e os principais desafios futuros.<\/p>\n\n\n\n<p>Estas ser\u00e3o as \u00faltimas reuni\u00f5es com Malpass como presidente do BM, j\u00e1 que recentemente ele anunciou a inten\u00e7\u00e3o de deixar o cargo em 30 de junho para buscar novos desafios profissionais. EFE<\/p>\n","protected":false},"excerpt":{"rendered":"<p>Washington (EFE).- O presidente do Banco Mundial, David Malpass, anunciou nesta segunda-feira que a institui\u00e7\u00e3o vai aumentar sua previs\u00e3o de crescimento global para este ano em tr\u00eas d\u00e9cimos de ponto percentual, para 2%, gra\u00e7as \u00e0 melhora das perspectivas para a China ap\u00f3s o fim dos bloqueios impostos pelo pa\u00eds devido \u00e0 pandemia de covid-19. &#8220;\u00c9 &#8230; <a title=\"BM eleva previs\u00e3o de crescimento mundial para 2% por melhora da China\" class=\"read-more\" href=\"https:\/\/pre.efe.com\/pt-br\/economia-pt\/2023-04-10\/bm-eleva-previsao-de-crescimento-mundial-para-2-por-melhora-da-china\/\" aria-label=\"Read more about BM eleva previs\u00e3o de crescimento mundial para 2% por melhora da China\">Leia mais<\/a><\/p>\n","protected":false},"author":198164106,"featured_media":387797,"comment_status":"closed","ping_status":"closed","sticky":false,"template":"","format":"standard","meta":{"_acf_changed":false,"_jetpack_memberships_contains_paid_content":false,"footnotes":""},"categories":[121967,122144],"tags":[125649,124200,123239],"class_list":["post-388356","post","type-post","status-publish","format-standard","has-post-thumbnail","hentry","category-economia-pt","category-outras-noticias","tag-china-2","tag-covid-19-2","tag-economia-2","generate-columns","tablet-grid-50","mobile-grid-100","grid-parent","grid-50"],"acf":[],"yoast_head":"<!-- This site is optimized with the Yoast SEO Premium plugin v26.0 (Yoast SEO v27.4) - https:\/\/yoast.com\/product\/yoast-seo-premium-wordpress\/ -->\n<title>BM eleva previs\u00e3o de crescimento mundial para 2% por melhora da China - EFE<\/title>\n<meta name=\"robots\" content=\"noindex, follow\" \/>\n<meta property=\"og:locale\" content=\"pt_BR\" \/>\n<meta property=\"og:type\" content=\"article\" \/>\n<meta property=\"og:title\" content=\"BM eleva previs\u00e3o de crescimento mundial para 2% por melhora da China - EFE\" \/>\n<meta property=\"og:description\" content=\"Washington (EFE).- O presidente do Banco Mundial, David Malpass, anunciou nesta segunda-feira que a institui\u00e7\u00e3o vai aumentar sua previs\u00e3o de crescimento global para este ano em tr\u00eas d\u00e9cimos de ponto percentual, para 2%, gra\u00e7as \u00e0 melhora das perspectivas para a China ap\u00f3s o fim dos bloqueios impostos pelo pa\u00eds devido \u00e0 pandemia de covid-19. &#8220;\u00c9 ... Leia mais\" \/>\n<meta property=\"og:url\" content=\"https:\/\/pre.efe.com\/pt-br\/economia-pt\/2023-04-10\/bm-eleva-previsao-de-crescimento-mundial-para-2-por-melhora-da-china\/\" \/>\n<meta property=\"og:site_name\" content=\"EFE Noticias\" \/>\n<meta property=\"article:publisher\" content=\"https:\/\/www.facebook.com\/AgenciaEFEnoticias\/\" \/>\n<meta property=\"article:published_time\" content=\"2023-04-10T15:39:00+00:00\" \/>\n<meta property=\"article:modified_time\" content=\"2023-04-10T20:53:37+00:00\" \/>\n<meta property=\"og:image\" content=\"https:\/\/i0.wp.com\/efe.com\/\/srv\/htdocs\/wp-content\/uploads\/2023\/04\/ELX01-USA-IMF-WORLD-BANK-ANNUAL-MEETINGS.jpg?fit=1920%2C1280&ssl=1\" \/>\n\t<meta property=\"og:image:width\" content=\"1920\" \/>\n\t<meta property=\"og:image:height\" content=\"1280\" \/>\n\t<meta property=\"og:image:type\" content=\"image\/jpeg\" \/>\n<meta name=\"author\" content=\"anachain\" \/>\n<meta name=\"twitter:card\" content=\"summary_large_image\" \/>\n<meta name=\"twitter:creator\" content=\"@efenoticias\" \/>\n<meta name=\"twitter:site\" content=\"@efenoticias\" \/>\n<script type=\"application\/ld+json\" class=\"yoast-schema-graph\">{\"@context\":\"https:\\\/\\\/schema.org\",\"@graph\":[{\"@type\":\"NewsArticle\",\"@id\":\"https:\\\/\\\/pre.efe.com\\\/pt-br\\\/economia-pt\\\/2023-04-10\\\/bm-eleva-previsao-de-crescimento-mundial-para-2-por-melhora-da-china\\\/#article\",\"isPartOf\":{\"@id\":\"https:\\\/\\\/pre.efe.com\\\/pt-br\\\/economia-pt\\\/2023-04-10\\\/bm-eleva-previsao-de-crescimento-mundial-para-2-por-melhora-da-china\\\/\"},\"author\":{\"name\":\"anachain\",\"@id\":\"https:\\\/\\\/pre.efe.com\\\/pt-br\\\/#\\\/schema\\\/person\\\/b19f23f210db552768f68a4b552b004f\"},\"headline\":\"BM eleva previs\u00e3o de crescimento mundial para 2% por melhora da China\",\"datePublished\":\"2023-04-10T15:39:00+00:00\",\"dateModified\":\"2023-04-10T20:53:37+00:00\",\"mainEntityOfPage\":{\"@id\":\"https:\\\/\\\/pre.efe.com\\\/pt-br\\\/economia-pt\\\/2023-04-10\\\/bm-eleva-previsao-de-crescimento-mundial-para-2-por-melhora-da-china\\\/\"},\"wordCount\":338,\"publisher\":{\"@id\":\"https:\\\/\\\/pre.efe.com\\\/pt-br\\\/#organization\"},\"image\":{\"@id\":\"https:\\\/\\\/pre.efe.com\\\/pt-br\\\/economia-pt\\\/2023-04-10\\\/bm-eleva-previsao-de-crescimento-mundial-para-2-por-melhora-da-china\\\/#primaryimage\"},\"thumbnailUrl\":\"https:\\\/\\\/pre.efe.com\\\/wp-content\\\/uploads\\\/2023\\\/04\\\/ELX01-USA-IMF-WORLD-BANK-ANNUAL-MEETINGS.jpg\",\"keywords\":[\"China\",\"Covid-19\",\"Economia\"],\"articleSection\":[\"Economia\",\"Outras not\u00edcias\"],\"inLanguage\":\"pt-BR\",\"copyrightYear\":\"2023\",\"copyrightHolder\":{\"@id\":\"https:\\\/\\\/pre.efe.com\\\/#organization\"}},{\"@type\":[\"WebPage\",\"ItemPage\"],\"@id\":\"https:\\\/\\\/pre.efe.com\\\/pt-br\\\/economia-pt\\\/2023-04-10\\\/bm-eleva-previsao-de-crescimento-mundial-para-2-por-melhora-da-china\\\/\",\"url\":\"https:\\\/\\\/pre.efe.com\\\/pt-br\\\/economia-pt\\\/2023-04-10\\\/bm-eleva-previsao-de-crescimento-mundial-para-2-por-melhora-da-china\\\/\",\"name\":\"BM eleva previs\u00e3o de crescimento mundial para 2% por melhora da China - EFE\",\"isPartOf\":{\"@id\":\"https:\\\/\\\/pre.efe.com\\\/pt-br\\\/#website\"},\"primaryImageOfPage\":{\"@id\":\"https:\\\/\\\/pre.efe.com\\\/pt-br\\\/economia-pt\\\/2023-04-10\\\/bm-eleva-previsao-de-crescimento-mundial-para-2-por-melhora-da-china\\\/#primaryimage\"},\"image\":{\"@id\":\"https:\\\/\\\/pre.efe.com\\\/pt-br\\\/economia-pt\\\/2023-04-10\\\/bm-eleva-previsao-de-crescimento-mundial-para-2-por-melhora-da-china\\\/#primaryimage\"},\"thumbnailUrl\":\"https:\\\/\\\/pre.efe.com\\\/wp-content\\\/uploads\\\/2023\\\/04\\\/ELX01-USA-IMF-WORLD-BANK-ANNUAL-MEETINGS.jpg\",\"datePublished\":\"2023-04-10T15:39:00+00:00\",\"dateModified\":\"2023-04-10T20:53:37+00:00\",\"breadcrumb\":{\"@id\":\"https:\\\/\\\/pre.efe.com\\\/pt-br\\\/economia-pt\\\/2023-04-10\\\/bm-eleva-previsao-de-crescimento-mundial-para-2-por-melhora-da-china\\\/#breadcrumb\"},\"inLanguage\":\"pt-BR\",\"potentialAction\":[{\"@type\":\"ReadAction\",\"target\":[\"https:\\\/\\\/pre.efe.com\\\/pt-br\\\/economia-pt\\\/2023-04-10\\\/bm-eleva-previsao-de-crescimento-mundial-para-2-por-melhora-da-china\\\/\"]}]},{\"@type\":\"ImageObject\",\"inLanguage\":\"pt-BR\",\"@id\":\"https:\\\/\\\/pre.efe.com\\\/pt-br\\\/economia-pt\\\/2023-04-10\\\/bm-eleva-previsao-de-crescimento-mundial-para-2-por-melhora-da-china\\\/#primaryimage\",\"url\":\"https:\\\/\\\/pre.efe.com\\\/wp-content\\\/uploads\\\/2023\\\/04\\\/ELX01-USA-IMF-WORLD-BANK-ANNUAL-MEETINGS.jpg\",\"contentUrl\":\"https:\\\/\\\/pre.efe.com\\\/wp-content\\\/uploads\\\/2023\\\/04\\\/ELX01-USA-IMF-WORLD-BANK-ANNUAL-MEETINGS.jpg\",\"width\":1920,\"height\":1280,\"caption\":\"O presidente do Banco Mundial, David Malpass. EFE\\\/Arquivo\\\/Erik Lesser\"},{\"@type\":\"BreadcrumbList\",\"@id\":\"https:\\\/\\\/pre.efe.com\\\/pt-br\\\/economia-pt\\\/2023-04-10\\\/bm-eleva-previsao-de-crescimento-mundial-para-2-por-melhora-da-china\\\/#breadcrumb\",\"itemListElement\":[{\"@type\":\"ListItem\",\"position\":1,\"name\":\"Portada\",\"item\":\"https:\\\/\\\/pre.efe.com\\\/pt-br\\\/\"},{\"@type\":\"ListItem\",\"position\":2,\"name\":\"BM eleva previs\u00e3o de crescimento mundial para 2% por melhora da China\"}]},{\"@type\":\"WebSite\",\"@id\":\"https:\\\/\\\/pre.efe.com\\\/pt-br\\\/#website\",\"url\":\"https:\\\/\\\/pre.efe.com\\\/pt-br\\\/\",\"name\":\"EFE Noticias\",\"description\":\"\",\"publisher\":{\"@id\":\"https:\\\/\\\/pre.efe.com\\\/pt-br\\\/#organization\"},\"potentialAction\":[{\"@type\":\"SearchAction\",\"target\":{\"@type\":\"EntryPoint\",\"urlTemplate\":\"https:\\\/\\\/pre.efe.com\\\/pt-br\\\/?s={search_term_string}\"},\"query-input\":{\"@type\":\"PropertyValueSpecification\",\"valueRequired\":true,\"valueName\":\"search_term_string\"}}],\"inLanguage\":\"pt-BR\"},{\"@type\":\"Organization\",\"@id\":\"https:\\\/\\\/pre.efe.com\\\/pt-br\\\/#organization\",\"name\":\"Agencia EFE\",\"url\":\"https:\\\/\\\/pre.efe.com\\\/pt-br\\\/\",\"logo\":{\"@type\":\"ImageObject\",\"inLanguage\":\"pt-BR\",\"@id\":\"https:\\\/\\\/pre.efe.com\\\/pt-br\\\/#\\\/schema\\\/logo\\\/image\\\/\",\"url\":\"https:\\\/\\\/pre.efe.com\\\/wp-content\\\/uploads\\\/2023\\\/06\\\/logo-efe-467.png\",\"contentUrl\":\"https:\\\/\\\/pre.efe.com\\\/wp-content\\\/uploads\\\/2023\\\/06\\\/logo-efe-467.png\",\"width\":467,\"height\":467,\"caption\":\"Agencia EFE\"},\"image\":{\"@id\":\"https:\\\/\\\/pre.efe.com\\\/pt-br\\\/#\\\/schema\\\/logo\\\/image\\\/\"},\"sameAs\":[\"https:\\\/\\\/www.facebook.com\\\/AgenciaEFEnoticias\\\/\",\"https:\\\/\\\/x.com\\\/efenoticias\",\"https:\\\/\\\/www.instagram.com\\\/efe_noticias\\\/\",\"http:\\\/\\\/www.youtube.com\\\/efe\"]},{\"@type\":\"Person\",\"@id\":\"https:\\\/\\\/pre.efe.com\\\/pt-br\\\/#\\\/schema\\\/person\\\/b19f23f210db552768f68a4b552b004f\",\"name\":\"anachain\",\"image\":{\"@type\":\"ImageObject\",\"inLanguage\":\"pt-BR\",\"@id\":\"https:\\\/\\\/secure.gravatar.com\\\/avatar\\\/30b83965911ef1108bb893c00bdd65c885f9890e1265ee04b02c3d5adc785d37?s=96&d=identicon&r=g\",\"url\":\"https:\\\/\\\/secure.gravatar.com\\\/avatar\\\/30b83965911ef1108bb893c00bdd65c885f9890e1265ee04b02c3d5adc785d37?s=96&d=identicon&r=g\",\"contentUrl\":\"https:\\\/\\\/secure.gravatar.com\\\/avatar\\\/30b83965911ef1108bb893c00bdd65c885f9890e1265ee04b02c3d5adc785d37?s=96&d=identicon&r=g\",\"caption\":\"anachain\"},\"url\":\"https:\\\/\\\/pre.efe.com\\\/pt-br\\\/autor\\\/anachain\\\/\"}]}<\/script>\n<!-- \/ Yoast SEO Premium plugin. -->","yoast_head_json":{"title":"BM eleva previs\u00e3o de crescimento mundial para 2% por melhora da China - EFE","robots":{"index":"noindex","follow":"follow"},"og_locale":"pt_BR","og_type":"article","og_title":"BM eleva previs\u00e3o de crescimento mundial para 2% por melhora da China - EFE","og_description":"Washington (EFE).- O presidente do Banco Mundial, David Malpass, anunciou nesta segunda-feira que a institui\u00e7\u00e3o vai aumentar sua previs\u00e3o de crescimento global para este ano em tr\u00eas d\u00e9cimos de ponto percentual, para 2%, gra\u00e7as \u00e0 melhora das perspectivas para a China ap\u00f3s o fim dos bloqueios impostos pelo pa\u00eds devido \u00e0 pandemia de covid-19. &#8220;\u00c9 ... Leia mais","og_url":"https:\/\/pre.efe.com\/pt-br\/economia-pt\/2023-04-10\/bm-eleva-previsao-de-crescimento-mundial-para-2-por-melhora-da-china\/","og_site_name":"EFE Noticias","article_publisher":"https:\/\/www.facebook.com\/AgenciaEFEnoticias\/","article_published_time":"2023-04-10T15:39:00+00:00","article_modified_time":"2023-04-10T20:53:37+00:00","og_image":[{"width":1920,"height":1280,"url":"https:\/\/i0.wp.com\/efe.com\/\/srv\/htdocs\/wp-content\/uploads\/2023\/04\/ELX01-USA-IMF-WORLD-BANK-ANNUAL-MEETINGS.jpg?fit=1920%2C1280&ssl=1","type":"image\/jpeg"}],"author":"anachain","twitter_card":"summary_large_image","twitter_creator":"@efenoticias","twitter_site":"@efenoticias","schema":{"@context":"https:\/\/schema.org","@graph":[{"@type":"NewsArticle","@id":"https:\/\/pre.efe.com\/pt-br\/economia-pt\/2023-04-10\/bm-eleva-previsao-de-crescimento-mundial-para-2-por-melhora-da-china\/#article","isPartOf":{"@id":"https:\/\/pre.efe.com\/pt-br\/economia-pt\/2023-04-10\/bm-eleva-previsao-de-crescimento-mundial-para-2-por-melhora-da-china\/"},"author":{"name":"anachain","@id":"https:\/\/pre.efe.com\/pt-br\/#\/schema\/person\/b19f23f210db552768f68a4b552b004f"},"headline":"BM eleva previs\u00e3o de crescimento mundial para 2% por melhora da China","datePublished":"2023-04-10T15:39:00+00:00","dateModified":"2023-04-10T20:53:37+00:00","mainEntityOfPage":{"@id":"https:\/\/pre.efe.com\/pt-br\/economia-pt\/2023-04-10\/bm-eleva-previsao-de-crescimento-mundial-para-2-por-melhora-da-china\/"},"wordCount":338,"publisher":{"@id":"https:\/\/pre.efe.com\/pt-br\/#organization"},"image":{"@id":"https:\/\/pre.efe.com\/pt-br\/economia-pt\/2023-04-10\/bm-eleva-previsao-de-crescimento-mundial-para-2-por-melhora-da-china\/#primaryimage"},"thumbnailUrl":"https:\/\/pre.efe.com\/wp-content\/uploads\/2023\/04\/ELX01-USA-IMF-WORLD-BANK-ANNUAL-MEETINGS.jpg","keywords":["China","Covid-19","Economia"],"articleSection":["Economia","Outras not\u00edcias"],"inLanguage":"pt-BR","copyrightYear":"2023","copyrightHolder":{"@id":"https:\/\/pre.efe.com\/#organization"}},{"@type":["WebPage","ItemPage"],"@id":"https:\/\/pre.efe.com\/pt-br\/economia-pt\/2023-04-10\/bm-eleva-previsao-de-crescimento-mundial-para-2-por-melhora-da-china\/","url":"https:\/\/pre.efe.com\/pt-br\/economia-pt\/2023-04-10\/bm-eleva-previsao-de-crescimento-mundial-para-2-por-melhora-da-china\/","name":"BM eleva previs\u00e3o de crescimento mundial para 2% por melhora da China - EFE","isPartOf":{"@id":"https:\/\/pre.efe.com\/pt-br\/#website"},"primaryImageOfPage":{"@id":"https:\/\/pre.efe.com\/pt-br\/economia-pt\/2023-04-10\/bm-eleva-previsao-de-crescimento-mundial-para-2-por-melhora-da-china\/#primaryimage"},"image":{"@id":"https:\/\/pre.efe.com\/pt-br\/economia-pt\/2023-04-10\/bm-eleva-previsao-de-crescimento-mundial-para-2-por-melhora-da-china\/#primaryimage"},"thumbnailUrl":"https:\/\/pre.efe.com\/wp-content\/uploads\/2023\/04\/ELX01-USA-IMF-WORLD-BANK-ANNUAL-MEETINGS.jpg","datePublished":"2023-04-10T15:39:00+00:00","dateModified":"2023-04-10T20:53:37+00:00","breadcrumb":{"@id":"https:\/\/pre.efe.com\/pt-br\/economia-pt\/2023-04-10\/bm-eleva-previsao-de-crescimento-mundial-para-2-por-melhora-da-china\/#breadcrumb"},"inLanguage":"pt-BR","potentialAction":[{"@type":"ReadAction","target":["https:\/\/pre.efe.com\/pt-br\/economia-pt\/2023-04-10\/bm-eleva-previsao-de-crescimento-mundial-para-2-por-melhora-da-china\/"]}]},{"@type":"ImageObject","inLanguage":"pt-BR","@id":"https:\/\/pre.efe.com\/pt-br\/economia-pt\/2023-04-10\/bm-eleva-previsao-de-crescimento-mundial-para-2-por-melhora-da-china\/#primaryimage","url":"https:\/\/pre.efe.com\/wp-content\/uploads\/2023\/04\/ELX01-USA-IMF-WORLD-BANK-ANNUAL-MEETINGS.jpg","contentUrl":"https:\/\/pre.efe.com\/wp-content\/uploads\/2023\/04\/ELX01-USA-IMF-WORLD-BANK-ANNUAL-MEETINGS.jpg","width":1920,"height":1280,"caption":"O presidente do Banco Mundial, David Malpass. EFE\/Arquivo\/Erik Lesser"},{"@type":"BreadcrumbList","@id":"https:\/\/pre.efe.com\/pt-br\/economia-pt\/2023-04-10\/bm-eleva-previsao-de-crescimento-mundial-para-2-por-melhora-da-china\/#breadcrumb","itemListElement":[{"@type":"ListItem","position":1,"name":"Portada","item":"https:\/\/pre.efe.com\/pt-br\/"},{"@type":"ListItem","position":2,"name":"BM eleva previs\u00e3o de crescimento mundial para 2% por melhora da China"}]},{"@type":"WebSite","@id":"https:\/\/pre.efe.com\/pt-br\/#website","url":"https:\/\/pre.efe.com\/pt-br\/","name":"EFE Noticias","description":"","publisher":{"@id":"https:\/\/pre.efe.com\/pt-br\/#organization"},"potentialAction":[{"@type":"SearchAction","target":{"@type":"EntryPoint","urlTemplate":"https:\/\/pre.efe.com\/pt-br\/?s={search_term_string}"},"query-input":{"@type":"PropertyValueSpecification","valueRequired":true,"valueName":"search_term_string"}}],"inLanguage":"pt-BR"},{"@type":"Organization","@id":"https:\/\/pre.efe.com\/pt-br\/#organization","name":"Agencia EFE","url":"https:\/\/pre.efe.com\/pt-br\/","logo":{"@type":"ImageObject","inLanguage":"pt-BR","@id":"https:\/\/pre.efe.com\/pt-br\/#\/schema\/logo\/image\/","url":"https:\/\/pre.efe.com\/wp-content\/uploads\/2023\/06\/logo-efe-467.png","contentUrl":"https:\/\/pre.efe.com\/wp-content\/uploads\/2023\/06\/logo-efe-467.png","width":467,"height":467,"caption":"Agencia EFE"},"image":{"@id":"https:\/\/pre.efe.com\/pt-br\/#\/schema\/logo\/image\/"},"sameAs":["https:\/\/www.facebook.com\/AgenciaEFEnoticias\/","https:\/\/x.com\/efenoticias","https:\/\/www.instagram.com\/efe_noticias\/","http:\/\/www.youtube.com\/efe"]},{"@type":"Person","@id":"https:\/\/pre.efe.com\/pt-br\/#\/schema\/person\/b19f23f210db552768f68a4b552b004f","name":"anachain","image":{"@type":"ImageObject","inLanguage":"pt-BR","@id":"https:\/\/secure.gravatar.com\/avatar\/30b83965911ef1108bb893c00bdd65c885f9890e1265ee04b02c3d5adc785d37?s=96&d=identicon&r=g","url":"https:\/\/secure.gravatar.com\/avatar\/30b83965911ef1108bb893c00bdd65c885f9890e1265ee04b02c3d5adc785d37?s=96&d=identicon&r=g","contentUrl":"https:\/\/secure.gravatar.com\/avatar\/30b83965911ef1108bb893c00bdd65c885f9890e1265ee04b02c3d5adc785d37?s=96&d=identicon&r=g","caption":"anachain"},"url":"https:\/\/pre.efe.com\/pt-br\/autor\/anachain\/"}]}},"jetpack_featured_media_url":"https:\/\/pre.efe.com\/wp-content\/uploads\/2023\/04\/ELX01-USA-IMF-WORLD-BANK-ANNUAL-MEETINGS.jpg","jetpack_shortlink":"https:\/\/wp.me\/peJvHm-1D1O","jetpack_sharing_enabled":true,"_links":{"self":[{"href":"https:\/\/pre.efe.com\/pt-br\/wp-json\/wp\/v2\/posts\/388356","targetHints":{"allow":["GET"]}}],"collection":[{"href":"https:\/\/pre.efe.com\/pt-br\/wp-json\/wp\/v2\/posts"}],"about":[{"href":"https:\/\/pre.efe.com\/pt-br\/wp-json\/wp\/v2\/types\/post"}],"author":[{"embeddable":true,"href":"https:\/\/pre.efe.com\/pt-br\/wp-json\/wp\/v2\/users\/198164106"}],"replies":[{"embeddable":true,"href":"https:\/\/pre.efe.com\/pt-br\/wp-json\/wp\/v2\/comments?post=388356"}],"version-history":[{"count":2,"href":"https:\/\/pre.efe.com\/pt-br\/wp-json\/wp\/v2\/posts\/388356\/revisions"}],"predecessor-version":[{"id":388374,"href":"https:\/\/pre.efe.com\/pt-br\/wp-json\/wp\/v2\/posts\/388356\/revisions\/388374"}],"wp:featuredmedia":[{"embeddable":true,"href":"https:\/\/pre.efe.com\/pt-br\/wp-json\/wp\/v2\/media\/387797"}],"wp:attachment":[{"href":"https:\/\/pre.efe.com\/pt-br\/wp-json\/wp\/v2\/media?parent=388356"}],"wp:term":[{"taxonomy":"category","embeddable":true,"href":"https:\/\/pre.efe.com\/pt-br\/wp-json\/wp\/v2\/categories?post=388356"},{"taxonomy":"post_tag","embeddable":true,"href":"https:\/\/pre.efe.com\/pt-br\/wp-json\/wp\/v2\/tags?post=388356"}],"curies":[{"name":"wp","href":"https:\/\/api.w.org\/{rel}","templated":true}]}}