{"id":400317,"date":"2023-04-17T22:13:00","date_gmt":"2023-04-17T20:13:00","guid":{"rendered":"https:\/\/pre.efe.com\/?p=400317"},"modified":"2023-04-18T04:35:16","modified_gmt":"2023-04-18T02:35:16","slug":"investigacao-conclui-que-almagro-violou-normas-eticas-da-oea","status":"publish","type":"post","link":"https:\/\/pre.efe.com\/pt-br\/mundo-2\/2023-04-17\/investigacao-conclui-que-almagro-violou-normas-eticas-da-oea\/","title":{"rendered":"Investiga\u00e7\u00e3o conclui que Almagro violou normas \u00e9ticas da OEA"},"content":{"rendered":"\n<p>Washington (EFE).- A investiga\u00e7\u00e3o \u00e0 qual o secret\u00e1rio-geral da Organiza\u00e7\u00e3o dos Estados Americanos (OEA), Luis Almagro, por ter uma rela\u00e7\u00e3o \u00edntima com uma funcion\u00e1ria, concluiu que ele violou normas internas sobre &#8220;bom senso&#8221;, embora n\u00e3o intencionalmente.<\/p>\n\n\n\n<blockquote class=\"wp-block-quote is-layout-flow wp-block-quote-is-layout-flow\">\n<p>&#8220;A Investiga\u00e7\u00e3o Externa concluiu que o secret\u00e1rio-geral violou as Regras e Regulamentos da OEA no que diz respeito \u00e0s disposi\u00e7\u00f5es sobre bom senso e ju\u00edzo e \u00e0s obriga\u00e7\u00f5es \u00e9ticas adicionais para o secret\u00e1rio-geral&#8221;, disse o relat\u00f3rio, ao qual a Ag\u00eancia EFE teve acesso nesta segunda-feira.<\/p>\n<\/blockquote>\n\n\n\n<p>O relat\u00f3rio detalha que Almagro &#8220;n\u00e3o violou as Regras e Regulamentos da OEA no que diz respeito a obriga\u00e7\u00f5es de supervis\u00e3o, aumentos salariais, intimida\u00e7\u00e3o, viagens ou conflitos de interesse&#8221;.<\/p>\n\n\n\n<p>Ao manter a rela\u00e7\u00e3o \u00edntima, permitindo que a funcion\u00e1ria da OEA continuasse colaborando como parte integrante da sua equipe de assessores, &#8220;violou as suas obriga\u00e7\u00f5es \u00e9ticas adicionais e violou o pr\u00f3prio esp\u00edrito de &#8216;bom senso e ju\u00edzo&#8217; sempre exigido de todos os membros da equipe e outros prestadores de servi\u00e7o da Secretaria-Geral&#8221;, afirmou.<\/p>\n\n\n\n<p>Almagro, que foi ministro das Rela\u00e7\u00f5es Exteriores do Uruguai de 2010 a 2015, tem sido o chefe da OEA desde 2015. Ele foi submetido a uma investiga\u00e7\u00e3o para determinar se, no contexto da sua rela\u00e7\u00e3o rom\u00e2ntica com um subordinado, violou os regulamentos da OEA.<\/p>\n\n\n\n<p>Esses inqu\u00e9ritos externos determinaram que, nas alega\u00e7\u00f5es relacionadas com a pr\u00f3pria rela\u00e7\u00e3o \u00edntima, a sua conduta &#8220;n\u00e3o reflete o n\u00edvel de intencionalidade necess\u00e1rio para apoiar a ocorr\u00eancia de uma viola\u00e7\u00e3o de natureza intencional&#8221;.<\/p>\n\n\n\n<p>Almagro, segundo os advogados da Miller &amp; Chevalier, escrit\u00f3rio respons\u00e1vel por esta avalia\u00e7\u00e3o, analisou internamente e consultou com os seus assessores o \u00e2mbito das obriga\u00e7\u00f5es de conflito de interesses sob o C\u00f3digo de \u00c9tica e manteve dist\u00e2ncia administrativa e hier\u00e1rquica suficiente em rela\u00e7\u00e3o \u00e0 funcion\u00e1ria para evitar a configura\u00e7\u00e3o de uma rela\u00e7\u00e3o de superior-supervisado.<\/p>\n\n\n\n<p>Tamb\u00e9m &#8220;se recusou a participar em processos administrativos que afetavam os interesses&#8221; dessa funcion\u00e1ria, &#8220;n\u00e3o permitiu que a rela\u00e7\u00e3o \u00edntima interferisse no desempenho das suas fun\u00e7\u00f5es e n\u00e3o a escondeu ou disfar\u00e7ou, permitindo que a rela\u00e7\u00e3o \u00edntima se tornasse de conhecimento p\u00fablico desde o seu in\u00edcio&#8221;.<\/p>\n\n\n\n<blockquote class=\"wp-block-quote is-layout-flow wp-block-quote-is-layout-flow\">\n<p>&#8220;N\u00e3o tendo recebido queixas, alega\u00e7\u00f5es ou coment\u00e1rios formais ou informais dentro ou fora da OEA sobre um poss\u00edvel desconforto com a rela\u00e7\u00e3o \u00edntima, o secret\u00e1rio-geral manteve a sua convic\u00e7\u00e3o de que a sua conduta n\u00e3o violava as suas obriga\u00e7\u00f5es \u00e9ticas para com a OEA&#8221;, acrescentou o documento.<\/p>\n<\/blockquote>\n\n\n\n<p>Miller &amp; Chevalier considerou que a viola\u00e7\u00e3o do c\u00f3digo de \u00e9tica resultou precisamente da &#8220;sua incapacidade de se abster de trabalhar de perto e de perto com o membro do pessoal&#8221; ap\u00f3s o in\u00edcio da rela\u00e7\u00e3o \u00edntima ou, alternativamente, de continuar a rela\u00e7\u00e3o enquanto trabalhava em estreita colabora\u00e7\u00e3o com a funcion\u00e1ria.<\/p>\n\n\n\n<p>Os advogados da empresa &#8220;n\u00e3o puderam corroborar&#8221; que Almagro &#8220;tinha buscado assessoria &#8211; verbal ou escrita &#8211; aos diretores das tr\u00eas \u00e1reas indicadas no C\u00f3digo de \u00c9tica&#8221;.<\/p>\n\n\n\n<p>A controv\u00e9rsia em torno desta rela\u00e7\u00e3o foi desencadeada pouco ap\u00f3s a Assembleia de Governadores do Banco Interamericano de Desenvolvimento (BID) ter decidido em setembro passado, por maioria de votos, demitir o seu presidente, Mauricio Claver-Carone, por ter uma rela\u00e7\u00e3o amorosa com uma subordinada, algo que este \u00faltimo negou.<\/p>\n\n\n\n<p>Miller &amp; Chevalier disse que as suas conclus\u00f5es &#8220;sugerem&#8221; uma revis\u00e3o das regras e regulamentos da OEA &#8220;de uma forma que evite tais situa\u00e7\u00f5es no futuro&#8221;.<\/p>\n\n\n\n<p>Em documento adicional \u00e0 investiga\u00e7\u00e3o, no qual Almagro d\u00e1 a sua resposta \u00e0s conclus\u00f5es, o secret\u00e1rio-geral mant\u00e9m a sua posi\u00e7\u00e3o de que em nenhum momento incorreu em &#8220;falhas ou defici\u00eancias&#8221; nas suas fun\u00e7\u00f5es por ter uma rela\u00e7\u00e3o com a funcion\u00e1ria.&nbsp;EFE<\/p>\n","protected":false},"excerpt":{"rendered":"<p>Washington (EFE).- A investiga\u00e7\u00e3o \u00e0 qual o secret\u00e1rio-geral da Organiza\u00e7\u00e3o dos Estados Americanos (OEA), Luis Almagro, por ter uma rela\u00e7\u00e3o \u00edntima com uma funcion\u00e1ria, concluiu que ele violou normas internas sobre &#8220;bom senso&#8221;, embora n\u00e3o intencionalmente. &#8220;A Investiga\u00e7\u00e3o Externa concluiu que o secret\u00e1rio-geral violou as Regras e Regulamentos da OEA no que diz respeito \u00e0s &#8230; <a title=\"Investiga\u00e7\u00e3o conclui que Almagro violou normas \u00e9ticas da OEA\" class=\"read-more\" href=\"https:\/\/pre.efe.com\/pt-br\/mundo-2\/2023-04-17\/investigacao-conclui-que-almagro-violou-normas-eticas-da-oea\/\" aria-label=\"Read more about Investiga\u00e7\u00e3o conclui que Almagro violou normas \u00e9ticas da OEA\">Leia mais<\/a><\/p>\n","protected":false},"author":198164106,"featured_media":166828,"comment_status":"closed","ping_status":"closed","sticky":false,"template":"","format":"standard","meta":{"_acf_changed":false,"_jetpack_memberships_contains_paid_content":false,"footnotes":""},"categories":[123208,122141],"tags":[126057],"class_list":["post-400317","post","type-post","status-publish","format-standard","has-post-thumbnail","hentry","category-mundo-2","category-portada","tag-oea-2","generate-columns","tablet-grid-50","mobile-grid-100","grid-parent","grid-50"],"acf":[],"yoast_head":"<!-- This site is optimized with the Yoast SEO Premium plugin v26.0 (Yoast SEO v27.4) - https:\/\/yoast.com\/product\/yoast-seo-premium-wordpress\/ -->\n<title>Investiga\u00e7\u00e3o conclui que Almagro violou normas \u00e9ticas da OEA - EFE<\/title>\n<meta name=\"robots\" content=\"noindex, follow\" \/>\n<meta property=\"og:locale\" content=\"pt_BR\" \/>\n<meta property=\"og:type\" content=\"article\" \/>\n<meta property=\"og:title\" content=\"Investiga\u00e7\u00e3o conclui que Almagro violou normas \u00e9ticas da OEA - EFE\" \/>\n<meta property=\"og:description\" content=\"Washington (EFE).- A investiga\u00e7\u00e3o \u00e0 qual o secret\u00e1rio-geral da Organiza\u00e7\u00e3o dos Estados Americanos (OEA), Luis Almagro, por ter uma rela\u00e7\u00e3o \u00edntima com uma funcion\u00e1ria, concluiu que ele violou normas internas sobre &#8220;bom senso&#8221;, embora n\u00e3o intencionalmente. &#8220;A Investiga\u00e7\u00e3o Externa concluiu que o secret\u00e1rio-geral violou as Regras e Regulamentos da OEA no que diz respeito \u00e0s ... Leia mais\" \/>\n<meta property=\"og:url\" content=\"https:\/\/pre.efe.com\/pt-br\/mundo-2\/2023-04-17\/investigacao-conclui-que-almagro-violou-normas-eticas-da-oea\/\" \/>\n<meta property=\"og:site_name\" content=\"EFE Noticias\" \/>\n<meta property=\"article:publisher\" content=\"https:\/\/www.facebook.com\/AgenciaEFEnoticias\/\" \/>\n<meta property=\"article:published_time\" content=\"2023-04-17T20:13:00+00:00\" \/>\n<meta property=\"article:modified_time\" content=\"2023-04-18T02:35:16+00:00\" \/>\n<meta property=\"og:image\" content=\"https:\/\/i0.wp.com\/efe.com\/\/srv\/htdocs\/wp-content\/uploads\/2022\/11\/rss-efefddfdb47d107804c4c4aaa6beca5b054effee98dw.jpg?fit=1920%2C1280&ssl=1\" \/>\n\t<meta property=\"og:image:width\" content=\"1920\" \/>\n\t<meta property=\"og:image:height\" content=\"1280\" \/>\n\t<meta property=\"og:image:type\" content=\"image\/jpeg\" \/>\n<meta name=\"author\" content=\"anachain\" \/>\n<meta name=\"twitter:card\" content=\"summary_large_image\" \/>\n<meta name=\"twitter:creator\" content=\"@efenoticias\" \/>\n<meta name=\"twitter:site\" content=\"@efenoticias\" \/>\n<script type=\"application\/ld+json\" class=\"yoast-schema-graph\">{\"@context\":\"https:\\\/\\\/schema.org\",\"@graph\":[{\"@type\":\"NewsArticle\",\"@id\":\"https:\\\/\\\/pre.efe.com\\\/pt-br\\\/mundo-2\\\/2023-04-17\\\/investigacao-conclui-que-almagro-violou-normas-eticas-da-oea\\\/#article\",\"isPartOf\":{\"@id\":\"https:\\\/\\\/pre.efe.com\\\/pt-br\\\/mundo-2\\\/2023-04-17\\\/investigacao-conclui-que-almagro-violou-normas-eticas-da-oea\\\/\"},\"author\":{\"name\":\"anachain\",\"@id\":\"https:\\\/\\\/pre.efe.com\\\/pt-br\\\/#\\\/schema\\\/person\\\/b19f23f210db552768f68a4b552b004f\"},\"headline\":\"Investiga\u00e7\u00e3o conclui que Almagro violou normas \u00e9ticas da OEA\",\"datePublished\":\"2023-04-17T20:13:00+00:00\",\"dateModified\":\"2023-04-18T02:35:16+00:00\",\"mainEntityOfPage\":{\"@id\":\"https:\\\/\\\/pre.efe.com\\\/pt-br\\\/mundo-2\\\/2023-04-17\\\/investigacao-conclui-que-almagro-violou-normas-eticas-da-oea\\\/\"},\"wordCount\":682,\"publisher\":{\"@id\":\"https:\\\/\\\/pre.efe.com\\\/pt-br\\\/#organization\"},\"image\":{\"@id\":\"https:\\\/\\\/pre.efe.com\\\/pt-br\\\/mundo-2\\\/2023-04-17\\\/investigacao-conclui-que-almagro-violou-normas-eticas-da-oea\\\/#primaryimage\"},\"thumbnailUrl\":\"https:\\\/\\\/pre.efe.com\\\/wp-content\\\/uploads\\\/2022\\\/11\\\/rss-efefddfdb47d107804c4c4aaa6beca5b054effee98dw.jpg\",\"keywords\":[\"OEA\"],\"articleSection\":[\"Mundo\",\"Portada\"],\"inLanguage\":\"pt-BR\",\"copyrightYear\":\"2023\",\"copyrightHolder\":{\"@id\":\"https:\\\/\\\/pre.efe.com\\\/#organization\"}},{\"@type\":[\"WebPage\",\"ItemPage\"],\"@id\":\"https:\\\/\\\/pre.efe.com\\\/pt-br\\\/mundo-2\\\/2023-04-17\\\/investigacao-conclui-que-almagro-violou-normas-eticas-da-oea\\\/\",\"url\":\"https:\\\/\\\/pre.efe.com\\\/pt-br\\\/mundo-2\\\/2023-04-17\\\/investigacao-conclui-que-almagro-violou-normas-eticas-da-oea\\\/\",\"name\":\"Investiga\u00e7\u00e3o conclui que Almagro violou normas \u00e9ticas da OEA - EFE\",\"isPartOf\":{\"@id\":\"https:\\\/\\\/pre.efe.com\\\/pt-br\\\/#website\"},\"primaryImageOfPage\":{\"@id\":\"https:\\\/\\\/pre.efe.com\\\/pt-br\\\/mundo-2\\\/2023-04-17\\\/investigacao-conclui-que-almagro-violou-normas-eticas-da-oea\\\/#primaryimage\"},\"image\":{\"@id\":\"https:\\\/\\\/pre.efe.com\\\/pt-br\\\/mundo-2\\\/2023-04-17\\\/investigacao-conclui-que-almagro-violou-normas-eticas-da-oea\\\/#primaryimage\"},\"thumbnailUrl\":\"https:\\\/\\\/pre.efe.com\\\/wp-content\\\/uploads\\\/2022\\\/11\\\/rss-efefddfdb47d107804c4c4aaa6beca5b054effee98dw.jpg\",\"datePublished\":\"2023-04-17T20:13:00+00:00\",\"dateModified\":\"2023-04-18T02:35:16+00:00\",\"breadcrumb\":{\"@id\":\"https:\\\/\\\/pre.efe.com\\\/pt-br\\\/mundo-2\\\/2023-04-17\\\/investigacao-conclui-que-almagro-violou-normas-eticas-da-oea\\\/#breadcrumb\"},\"inLanguage\":\"pt-BR\",\"potentialAction\":[{\"@type\":\"ReadAction\",\"target\":[\"https:\\\/\\\/pre.efe.com\\\/pt-br\\\/mundo-2\\\/2023-04-17\\\/investigacao-conclui-que-almagro-violou-normas-eticas-da-oea\\\/\"]}]},{\"@type\":\"ImageObject\",\"inLanguage\":\"pt-BR\",\"@id\":\"https:\\\/\\\/pre.efe.com\\\/pt-br\\\/mundo-2\\\/2023-04-17\\\/investigacao-conclui-que-almagro-violou-normas-eticas-da-oea\\\/#primaryimage\",\"url\":\"https:\\\/\\\/pre.efe.com\\\/wp-content\\\/uploads\\\/2022\\\/11\\\/rss-efefddfdb47d107804c4c4aaa6beca5b054effee98dw.jpg\",\"contentUrl\":\"https:\\\/\\\/pre.efe.com\\\/wp-content\\\/uploads\\\/2022\\\/11\\\/rss-efefddfdb47d107804c4c4aaa6beca5b054effee98dw.jpg\",\"width\":1920,\"height\":1280,\"caption\":\"Luis Almagro. EFE\\\/Arquivo\\\/Paolo Aguilar\"},{\"@type\":\"BreadcrumbList\",\"@id\":\"https:\\\/\\\/pre.efe.com\\\/pt-br\\\/mundo-2\\\/2023-04-17\\\/investigacao-conclui-que-almagro-violou-normas-eticas-da-oea\\\/#breadcrumb\",\"itemListElement\":[{\"@type\":\"ListItem\",\"position\":1,\"name\":\"Portada\",\"item\":\"https:\\\/\\\/pre.efe.com\\\/pt-br\\\/\"},{\"@type\":\"ListItem\",\"position\":2,\"name\":\"Investiga\u00e7\u00e3o conclui que Almagro violou normas \u00e9ticas da OEA\"}]},{\"@type\":\"WebSite\",\"@id\":\"https:\\\/\\\/pre.efe.com\\\/pt-br\\\/#website\",\"url\":\"https:\\\/\\\/pre.efe.com\\\/pt-br\\\/\",\"name\":\"EFE Noticias\",\"description\":\"\",\"publisher\":{\"@id\":\"https:\\\/\\\/pre.efe.com\\\/pt-br\\\/#organization\"},\"potentialAction\":[{\"@type\":\"SearchAction\",\"target\":{\"@type\":\"EntryPoint\",\"urlTemplate\":\"https:\\\/\\\/pre.efe.com\\\/pt-br\\\/?s={search_term_string}\"},\"query-input\":{\"@type\":\"PropertyValueSpecification\",\"valueRequired\":true,\"valueName\":\"search_term_string\"}}],\"inLanguage\":\"pt-BR\"},{\"@type\":\"Organization\",\"@id\":\"https:\\\/\\\/pre.efe.com\\\/pt-br\\\/#organization\",\"name\":\"Agencia EFE\",\"url\":\"https:\\\/\\\/pre.efe.com\\\/pt-br\\\/\",\"logo\":{\"@type\":\"ImageObject\",\"inLanguage\":\"pt-BR\",\"@id\":\"https:\\\/\\\/pre.efe.com\\\/pt-br\\\/#\\\/schema\\\/logo\\\/image\\\/\",\"url\":\"https:\\\/\\\/pre.efe.com\\\/wp-content\\\/uploads\\\/2023\\\/06\\\/logo-efe-467.png\",\"contentUrl\":\"https:\\\/\\\/pre.efe.com\\\/wp-content\\\/uploads\\\/2023\\\/06\\\/logo-efe-467.png\",\"width\":467,\"height\":467,\"caption\":\"Agencia EFE\"},\"image\":{\"@id\":\"https:\\\/\\\/pre.efe.com\\\/pt-br\\\/#\\\/schema\\\/logo\\\/image\\\/\"},\"sameAs\":[\"https:\\\/\\\/www.facebook.com\\\/AgenciaEFEnoticias\\\/\",\"https:\\\/\\\/x.com\\\/efenoticias\",\"https:\\\/\\\/www.instagram.com\\\/efe_noticias\\\/\",\"http:\\\/\\\/www.youtube.com\\\/efe\"]},{\"@type\":\"Person\",\"@id\":\"https:\\\/\\\/pre.efe.com\\\/pt-br\\\/#\\\/schema\\\/person\\\/b19f23f210db552768f68a4b552b004f\",\"name\":\"anachain\",\"image\":{\"@type\":\"ImageObject\",\"inLanguage\":\"pt-BR\",\"@id\":\"https:\\\/\\\/secure.gravatar.com\\\/avatar\\\/30b83965911ef1108bb893c00bdd65c885f9890e1265ee04b02c3d5adc785d37?s=96&d=identicon&r=g\",\"url\":\"https:\\\/\\\/secure.gravatar.com\\\/avatar\\\/30b83965911ef1108bb893c00bdd65c885f9890e1265ee04b02c3d5adc785d37?s=96&d=identicon&r=g\",\"contentUrl\":\"https:\\\/\\\/secure.gravatar.com\\\/avatar\\\/30b83965911ef1108bb893c00bdd65c885f9890e1265ee04b02c3d5adc785d37?s=96&d=identicon&r=g\",\"caption\":\"anachain\"},\"url\":\"https:\\\/\\\/pre.efe.com\\\/pt-br\\\/autor\\\/anachain\\\/\"}]}<\/script>\n<!-- \/ Yoast SEO Premium plugin. -->","yoast_head_json":{"title":"Investiga\u00e7\u00e3o conclui que Almagro violou normas \u00e9ticas da OEA - EFE","robots":{"index":"noindex","follow":"follow"},"og_locale":"pt_BR","og_type":"article","og_title":"Investiga\u00e7\u00e3o conclui que Almagro violou normas \u00e9ticas da OEA - EFE","og_description":"Washington (EFE).- A investiga\u00e7\u00e3o \u00e0 qual o secret\u00e1rio-geral da Organiza\u00e7\u00e3o dos Estados Americanos (OEA), Luis Almagro, por ter uma rela\u00e7\u00e3o \u00edntima com uma funcion\u00e1ria, concluiu que ele violou normas internas sobre &#8220;bom senso&#8221;, embora n\u00e3o intencionalmente. &#8220;A Investiga\u00e7\u00e3o Externa concluiu que o secret\u00e1rio-geral violou as Regras e Regulamentos da OEA no que diz respeito \u00e0s ... Leia mais","og_url":"https:\/\/pre.efe.com\/pt-br\/mundo-2\/2023-04-17\/investigacao-conclui-que-almagro-violou-normas-eticas-da-oea\/","og_site_name":"EFE Noticias","article_publisher":"https:\/\/www.facebook.com\/AgenciaEFEnoticias\/","article_published_time":"2023-04-17T20:13:00+00:00","article_modified_time":"2023-04-18T02:35:16+00:00","og_image":[{"width":1920,"height":1280,"url":"https:\/\/i0.wp.com\/efe.com\/\/srv\/htdocs\/wp-content\/uploads\/2022\/11\/rss-efefddfdb47d107804c4c4aaa6beca5b054effee98dw.jpg?fit=1920%2C1280&ssl=1","type":"image\/jpeg"}],"author":"anachain","twitter_card":"summary_large_image","twitter_creator":"@efenoticias","twitter_site":"@efenoticias","schema":{"@context":"https:\/\/schema.org","@graph":[{"@type":"NewsArticle","@id":"https:\/\/pre.efe.com\/pt-br\/mundo-2\/2023-04-17\/investigacao-conclui-que-almagro-violou-normas-eticas-da-oea\/#article","isPartOf":{"@id":"https:\/\/pre.efe.com\/pt-br\/mundo-2\/2023-04-17\/investigacao-conclui-que-almagro-violou-normas-eticas-da-oea\/"},"author":{"name":"anachain","@id":"https:\/\/pre.efe.com\/pt-br\/#\/schema\/person\/b19f23f210db552768f68a4b552b004f"},"headline":"Investiga\u00e7\u00e3o conclui que Almagro violou normas \u00e9ticas da OEA","datePublished":"2023-04-17T20:13:00+00:00","dateModified":"2023-04-18T02:35:16+00:00","mainEntityOfPage":{"@id":"https:\/\/pre.efe.com\/pt-br\/mundo-2\/2023-04-17\/investigacao-conclui-que-almagro-violou-normas-eticas-da-oea\/"},"wordCount":682,"publisher":{"@id":"https:\/\/pre.efe.com\/pt-br\/#organization"},"image":{"@id":"https:\/\/pre.efe.com\/pt-br\/mundo-2\/2023-04-17\/investigacao-conclui-que-almagro-violou-normas-eticas-da-oea\/#primaryimage"},"thumbnailUrl":"https:\/\/pre.efe.com\/wp-content\/uploads\/2022\/11\/rss-efefddfdb47d107804c4c4aaa6beca5b054effee98dw.jpg","keywords":["OEA"],"articleSection":["Mundo","Portada"],"inLanguage":"pt-BR","copyrightYear":"2023","copyrightHolder":{"@id":"https:\/\/pre.efe.com\/#organization"}},{"@type":["WebPage","ItemPage"],"@id":"https:\/\/pre.efe.com\/pt-br\/mundo-2\/2023-04-17\/investigacao-conclui-que-almagro-violou-normas-eticas-da-oea\/","url":"https:\/\/pre.efe.com\/pt-br\/mundo-2\/2023-04-17\/investigacao-conclui-que-almagro-violou-normas-eticas-da-oea\/","name":"Investiga\u00e7\u00e3o conclui que Almagro violou normas \u00e9ticas da OEA - EFE","isPartOf":{"@id":"https:\/\/pre.efe.com\/pt-br\/#website"},"primaryImageOfPage":{"@id":"https:\/\/pre.efe.com\/pt-br\/mundo-2\/2023-04-17\/investigacao-conclui-que-almagro-violou-normas-eticas-da-oea\/#primaryimage"},"image":{"@id":"https:\/\/pre.efe.com\/pt-br\/mundo-2\/2023-04-17\/investigacao-conclui-que-almagro-violou-normas-eticas-da-oea\/#primaryimage"},"thumbnailUrl":"https:\/\/pre.efe.com\/wp-content\/uploads\/2022\/11\/rss-efefddfdb47d107804c4c4aaa6beca5b054effee98dw.jpg","datePublished":"2023-04-17T20:13:00+00:00","dateModified":"2023-04-18T02:35:16+00:00","breadcrumb":{"@id":"https:\/\/pre.efe.com\/pt-br\/mundo-2\/2023-04-17\/investigacao-conclui-que-almagro-violou-normas-eticas-da-oea\/#breadcrumb"},"inLanguage":"pt-BR","potentialAction":[{"@type":"ReadAction","target":["https:\/\/pre.efe.com\/pt-br\/mundo-2\/2023-04-17\/investigacao-conclui-que-almagro-violou-normas-eticas-da-oea\/"]}]},{"@type":"ImageObject","inLanguage":"pt-BR","@id":"https:\/\/pre.efe.com\/pt-br\/mundo-2\/2023-04-17\/investigacao-conclui-que-almagro-violou-normas-eticas-da-oea\/#primaryimage","url":"https:\/\/pre.efe.com\/wp-content\/uploads\/2022\/11\/rss-efefddfdb47d107804c4c4aaa6beca5b054effee98dw.jpg","contentUrl":"https:\/\/pre.efe.com\/wp-content\/uploads\/2022\/11\/rss-efefddfdb47d107804c4c4aaa6beca5b054effee98dw.jpg","width":1920,"height":1280,"caption":"Luis Almagro. EFE\/Arquivo\/Paolo Aguilar"},{"@type":"BreadcrumbList","@id":"https:\/\/pre.efe.com\/pt-br\/mundo-2\/2023-04-17\/investigacao-conclui-que-almagro-violou-normas-eticas-da-oea\/#breadcrumb","itemListElement":[{"@type":"ListItem","position":1,"name":"Portada","item":"https:\/\/pre.efe.com\/pt-br\/"},{"@type":"ListItem","position":2,"name":"Investiga\u00e7\u00e3o conclui que Almagro violou normas \u00e9ticas da OEA"}]},{"@type":"WebSite","@id":"https:\/\/pre.efe.com\/pt-br\/#website","url":"https:\/\/pre.efe.com\/pt-br\/","name":"EFE Noticias","description":"","publisher":{"@id":"https:\/\/pre.efe.com\/pt-br\/#organization"},"potentialAction":[{"@type":"SearchAction","target":{"@type":"EntryPoint","urlTemplate":"https:\/\/pre.efe.com\/pt-br\/?s={search_term_string}"},"query-input":{"@type":"PropertyValueSpecification","valueRequired":true,"valueName":"search_term_string"}}],"inLanguage":"pt-BR"},{"@type":"Organization","@id":"https:\/\/pre.efe.com\/pt-br\/#organization","name":"Agencia EFE","url":"https:\/\/pre.efe.com\/pt-br\/","logo":{"@type":"ImageObject","inLanguage":"pt-BR","@id":"https:\/\/pre.efe.com\/pt-br\/#\/schema\/logo\/image\/","url":"https:\/\/pre.efe.com\/wp-content\/uploads\/2023\/06\/logo-efe-467.png","contentUrl":"https:\/\/pre.efe.com\/wp-content\/uploads\/2023\/06\/logo-efe-467.png","width":467,"height":467,"caption":"Agencia EFE"},"image":{"@id":"https:\/\/pre.efe.com\/pt-br\/#\/schema\/logo\/image\/"},"sameAs":["https:\/\/www.facebook.com\/AgenciaEFEnoticias\/","https:\/\/x.com\/efenoticias","https:\/\/www.instagram.com\/efe_noticias\/","http:\/\/www.youtube.com\/efe"]},{"@type":"Person","@id":"https:\/\/pre.efe.com\/pt-br\/#\/schema\/person\/b19f23f210db552768f68a4b552b004f","name":"anachain","image":{"@type":"ImageObject","inLanguage":"pt-BR","@id":"https:\/\/secure.gravatar.com\/avatar\/30b83965911ef1108bb893c00bdd65c885f9890e1265ee04b02c3d5adc785d37?s=96&d=identicon&r=g","url":"https:\/\/secure.gravatar.com\/avatar\/30b83965911ef1108bb893c00bdd65c885f9890e1265ee04b02c3d5adc785d37?s=96&d=identicon&r=g","contentUrl":"https:\/\/secure.gravatar.com\/avatar\/30b83965911ef1108bb893c00bdd65c885f9890e1265ee04b02c3d5adc785d37?s=96&d=identicon&r=g","caption":"anachain"},"url":"https:\/\/pre.efe.com\/pt-br\/autor\/anachain\/"}]}},"jetpack_featured_media_url":"https:\/\/pre.efe.com\/wp-content\/uploads\/2022\/11\/rss-efefddfdb47d107804c4c4aaa6beca5b054effee98dw.jpg","jetpack_shortlink":"https:\/\/wp.me\/peJvHm-1G8J","jetpack_sharing_enabled":true,"_links":{"self":[{"href":"https:\/\/pre.efe.com\/pt-br\/wp-json\/wp\/v2\/posts\/400317","targetHints":{"allow":["GET"]}}],"collection":[{"href":"https:\/\/pre.efe.com\/pt-br\/wp-json\/wp\/v2\/posts"}],"about":[{"href":"https:\/\/pre.efe.com\/pt-br\/wp-json\/wp\/v2\/types\/post"}],"author":[{"embeddable":true,"href":"https:\/\/pre.efe.com\/pt-br\/wp-json\/wp\/v2\/users\/198164106"}],"replies":[{"embeddable":true,"href":"https:\/\/pre.efe.com\/pt-br\/wp-json\/wp\/v2\/comments?post=400317"}],"version-history":[{"count":2,"href":"https:\/\/pre.efe.com\/pt-br\/wp-json\/wp\/v2\/posts\/400317\/revisions"}],"predecessor-version":[{"id":400319,"href":"https:\/\/pre.efe.com\/pt-br\/wp-json\/wp\/v2\/posts\/400317\/revisions\/400319"}],"wp:featuredmedia":[{"embeddable":true,"href":"https:\/\/pre.efe.com\/pt-br\/wp-json\/wp\/v2\/media\/166828"}],"wp:attachment":[{"href":"https:\/\/pre.efe.com\/pt-br\/wp-json\/wp\/v2\/media?parent=400317"}],"wp:term":[{"taxonomy":"category","embeddable":true,"href":"https:\/\/pre.efe.com\/pt-br\/wp-json\/wp\/v2\/categories?post=400317"},{"taxonomy":"post_tag","embeddable":true,"href":"https:\/\/pre.efe.com\/pt-br\/wp-json\/wp\/v2\/tags?post=400317"}],"curies":[{"name":"wp","href":"https:\/\/api.w.org\/{rel}","templated":true}]}}