{"id":417776,"date":"2023-04-27T15:02:00","date_gmt":"2023-04-27T13:02:00","guid":{"rendered":"https:\/\/pre.efe.com\/?p=417776"},"modified":"2023-04-27T16:05:10","modified_gmt":"2023-04-27T14:05:10","slug":"premie-ucraniano-comenta-contato-com-a-china-e-postura-de-lula-sobre-a-guerra","status":"publish","type":"post","link":"https:\/\/pre.efe.com\/pt-br\/nao-categorizado\/2023-04-27\/premie-ucraniano-comenta-contato-com-a-china-e-postura-de-lula-sobre-a-guerra\/","title":{"rendered":"Premi\u00ea ucraniano comenta contato com a China e postura de Lula sobre a guerra"},"content":{"rendered":"\n<p>Roma (EFE).- O primeiro-ministro da Ucr\u00e2nia, Denys Shmygal, que est\u00e1 em visita oficial \u00e0 It\u00e1lia, falou com a imprensa nesta quinta-feira sobre conversa entre os presidentes da Ucr\u00e2nia, Volodymyr Zelensky, e da China, Xi Jinping, a primeira desde o in\u00edcio da invas\u00e3o russa, e comentou tamb\u00e9m a posi\u00e7\u00e3o do presidente Luiz In\u00e1cio Lula da Silva sobre o conflito.<\/p>\n\n\n\n<p>&#8220;Ontem houve um telefonema, uma conversa muito produtiva entre os dois presidentes. Esta conversa abre uma nova etapa nas rela\u00e7\u00f5es entre a Ucr\u00e2nia e a China e estou convencido de que \u00e9 um bom come\u00e7o para o desenvolvimento positivo de nossas rela\u00e7\u00f5es no futuro&#8221;, disse Shmygal na sede da Associa\u00e7\u00e3o de Imprensa Estrangeira de Roma diante de um grande grupo de jornalistas de diferentes nacionalidades.<\/p>\n\n\n\n<p>Questionado se aceitariam a China como mediadora, o primeiro-ministro respondeu: &#8220;Temos nosso pr\u00f3prio caminho para a paz, a f\u00f3rmula Zelensky. Sabemos perfeitamente o que \u00e9 a liberta\u00e7\u00e3o da Ucr\u00e2nia. Todos os territ\u00f3rios dentro das fronteiras de 1991 devem ser livres. A seguran\u00e7a deve ser garantida por estruturas internacionais. S\u00f3 assim teremos a certeza de uma paz est\u00e1vel, justa e duradoura&#8221;.<\/p>\n\n\n\n<p>Shmygal, que nesta manh\u00e3 se encontrou com o papa Francisco no Vaticano, repetiu com insist\u00eancia os pilares sobre os quais se assenta a &#8220;f\u00f3rmula Zelensky&#8221; e, em particular, a necessidade de garantias para &#8220;seguran\u00e7a nuclear, energ\u00e9tica e alimentar&#8221;.<\/p>\n\n\n\n<p>O primeiro-ministro tamb\u00e9m se referiu ao poss\u00edvel ingresso da Ucr\u00e2nia na Otan e afirmou que espera da c\u00fapula a ser realizada em junho em Vilnius &#8220;a abordagem mais concreta poss\u00edvel e, eventualmente, uma resposta para a quest\u00e3o de quando a entrada ser\u00e1 poss\u00edvel&#8221;.<\/p>\n\n\n\n<p>\u201cO Ex\u00e9rcito ucraniano \u00e9 hoje um ex\u00e9rcito padr\u00e3o da Otan, segue os seus princ\u00edpios e usa as suas armas\u201d, considerou.<\/p>\n\n\n\n<p>Ao ser questionado sobre a posi\u00e7\u00e3o do presidente Lula e se a Ucr\u00e2nia aceitaria o Brasil como mediador, Shmygal reiterou que a f\u00f3rmula de paz de Zelensky \u00e9 o \u00fanico caminho e deu &#8220;um exemplo simples&#8221;.<\/p>\n\n\n\n<p>&#8220;Se uma quadrilha de criminosos entrar em seu apartamento, querendo matar voc\u00ea e seus filhos e tomar conta de sua casa, voc\u00eas v\u00e3o discutir e fazer as pazes com esses bandidos?&#8221;, perguntou aos rep\u00f3rteres. EFE<\/p>\n","protected":false},"excerpt":{"rendered":"<p>Roma (EFE).- O primeiro-ministro da Ucr\u00e2nia, Denys Shmygal, que est\u00e1 em visita oficial \u00e0 It\u00e1lia, falou com a imprensa nesta quinta-feira sobre conversa entre os presidentes da Ucr\u00e2nia, Volodymyr Zelensky, e da China, Xi Jinping, a primeira desde o in\u00edcio da invas\u00e3o russa, e comentou tamb\u00e9m a posi\u00e7\u00e3o do presidente Luiz In\u00e1cio Lula da Silva &#8230; <a title=\"Premi\u00ea ucraniano comenta contato com a China e postura de Lula sobre a guerra\" class=\"read-more\" href=\"https:\/\/pre.efe.com\/pt-br\/nao-categorizado\/2023-04-27\/premie-ucraniano-comenta-contato-com-a-china-e-postura-de-lula-sobre-a-guerra\/\" aria-label=\"Read more about Premi\u00ea ucraniano comenta contato com a China e postura de Lula sobre a guerra\">Leia mais<\/a><\/p>\n","protected":false},"author":198164106,"featured_media":176514,"comment_status":"closed","ping_status":"closed","sticky":false,"template":"","format":"standard","meta":{"_acf_changed":false,"_jetpack_memberships_contains_paid_content":false,"footnotes":""},"categories":[123208,122141],"tags":[122791,122958,122792],"class_list":["post-417776","post","type-post","status-publish","format-standard","has-post-thumbnail","hentry","category-mundo-2","category-portada","tag-guerra-2","tag-russia-2","tag-ucrania-2","generate-columns","tablet-grid-50","mobile-grid-100","grid-parent","grid-50"],"acf":[],"yoast_head":"<!-- This site is optimized with the Yoast SEO Premium plugin v26.0 (Yoast SEO v27.4) - https:\/\/yoast.com\/product\/yoast-seo-premium-wordpress\/ -->\n<title>Premi\u00ea ucraniano comenta contato com a China e postura de Lula sobre a guerra - EFE<\/title>\n<meta name=\"robots\" content=\"noindex, follow\" \/>\n<meta property=\"og:locale\" content=\"pt_BR\" \/>\n<meta property=\"og:type\" content=\"article\" \/>\n<meta property=\"og:title\" content=\"Premi\u00ea ucraniano comenta contato com a China e postura de Lula sobre a guerra - EFE\" \/>\n<meta property=\"og:description\" content=\"Roma (EFE).- O primeiro-ministro da Ucr\u00e2nia, Denys Shmygal, que est\u00e1 em visita oficial \u00e0 It\u00e1lia, falou com a imprensa nesta quinta-feira sobre conversa entre os presidentes da Ucr\u00e2nia, Volodymyr Zelensky, e da China, Xi Jinping, a primeira desde o in\u00edcio da invas\u00e3o russa, e comentou tamb\u00e9m a posi\u00e7\u00e3o do presidente Luiz In\u00e1cio Lula da Silva ... Leia mais\" \/>\n<meta property=\"og:url\" content=\"https:\/\/pre.efe.com\/pt-br\/nao-categorizado\/2023-04-27\/premie-ucraniano-comenta-contato-com-a-china-e-postura-de-lula-sobre-a-guerra\/\" \/>\n<meta property=\"og:site_name\" content=\"EFE Noticias\" \/>\n<meta property=\"article:publisher\" content=\"https:\/\/www.facebook.com\/AgenciaEFEnoticias\/\" \/>\n<meta property=\"article:published_time\" content=\"2023-04-27T13:02:00+00:00\" \/>\n<meta property=\"article:modified_time\" content=\"2023-04-27T14:05:10+00:00\" \/>\n<meta property=\"og:image\" content=\"https:\/\/i0.wp.com\/efe.com\/\/srv\/htdocs\/wp-content\/uploads\/2022\/11\/UCRANIA.jpg?fit=900%2C599&ssl=1\" \/>\n\t<meta property=\"og:image:width\" content=\"900\" \/>\n\t<meta property=\"og:image:height\" content=\"599\" \/>\n\t<meta property=\"og:image:type\" content=\"image\/jpeg\" \/>\n<meta name=\"author\" content=\"anachain\" \/>\n<meta name=\"twitter:card\" content=\"summary_large_image\" \/>\n<meta name=\"twitter:creator\" content=\"@efenoticias\" \/>\n<meta name=\"twitter:site\" content=\"@efenoticias\" \/>\n<script type=\"application\/ld+json\" class=\"yoast-schema-graph\">{\"@context\":\"https:\\\/\\\/schema.org\",\"@graph\":[{\"@type\":\"NewsArticle\",\"@id\":\"https:\\\/\\\/pre.efe.com\\\/pt-br\\\/nao-categorizado\\\/2023-04-27\\\/premie-ucraniano-comenta-contato-com-a-china-e-postura-de-lula-sobre-a-guerra\\\/#article\",\"isPartOf\":{\"@id\":\"https:\\\/\\\/pre.efe.com\\\/pt-br\\\/nao-categorizado\\\/2023-04-27\\\/premie-ucraniano-comenta-contato-com-a-china-e-postura-de-lula-sobre-a-guerra\\\/\"},\"author\":{\"name\":\"anachain\",\"@id\":\"https:\\\/\\\/pre.efe.com\\\/pt-br\\\/#\\\/schema\\\/person\\\/b19f23f210db552768f68a4b552b004f\"},\"headline\":\"Premi\u00ea ucraniano comenta contato com a China e postura de Lula sobre a guerra\",\"datePublished\":\"2023-04-27T13:02:00+00:00\",\"dateModified\":\"2023-04-27T14:05:10+00:00\",\"mainEntityOfPage\":{\"@id\":\"https:\\\/\\\/pre.efe.com\\\/pt-br\\\/nao-categorizado\\\/2023-04-27\\\/premie-ucraniano-comenta-contato-com-a-china-e-postura-de-lula-sobre-a-guerra\\\/\"},\"wordCount\":405,\"publisher\":{\"@id\":\"https:\\\/\\\/pre.efe.com\\\/pt-br\\\/#organization\"},\"image\":{\"@id\":\"https:\\\/\\\/pre.efe.com\\\/pt-br\\\/nao-categorizado\\\/2023-04-27\\\/premie-ucraniano-comenta-contato-com-a-china-e-postura-de-lula-sobre-a-guerra\\\/#primaryimage\"},\"thumbnailUrl\":\"https:\\\/\\\/pre.efe.com\\\/wp-content\\\/uploads\\\/2022\\\/11\\\/UCRANIA.jpg\",\"keywords\":[\"Guerra\",\"Russia\",\"Ucrania\"],\"articleSection\":[\"Mundo\",\"Portada\"],\"inLanguage\":\"pt-BR\",\"copyrightYear\":\"2023\",\"copyrightHolder\":{\"@id\":\"https:\\\/\\\/pre.efe.com\\\/#organization\"}},{\"@type\":[\"WebPage\",\"ItemPage\"],\"@id\":\"https:\\\/\\\/pre.efe.com\\\/pt-br\\\/nao-categorizado\\\/2023-04-27\\\/premie-ucraniano-comenta-contato-com-a-china-e-postura-de-lula-sobre-a-guerra\\\/\",\"url\":\"https:\\\/\\\/pre.efe.com\\\/pt-br\\\/nao-categorizado\\\/2023-04-27\\\/premie-ucraniano-comenta-contato-com-a-china-e-postura-de-lula-sobre-a-guerra\\\/\",\"name\":\"Premi\u00ea ucraniano comenta contato com a China e postura de Lula sobre a guerra - EFE\",\"isPartOf\":{\"@id\":\"https:\\\/\\\/pre.efe.com\\\/pt-br\\\/#website\"},\"primaryImageOfPage\":{\"@id\":\"https:\\\/\\\/pre.efe.com\\\/pt-br\\\/nao-categorizado\\\/2023-04-27\\\/premie-ucraniano-comenta-contato-com-a-china-e-postura-de-lula-sobre-a-guerra\\\/#primaryimage\"},\"image\":{\"@id\":\"https:\\\/\\\/pre.efe.com\\\/pt-br\\\/nao-categorizado\\\/2023-04-27\\\/premie-ucraniano-comenta-contato-com-a-china-e-postura-de-lula-sobre-a-guerra\\\/#primaryimage\"},\"thumbnailUrl\":\"https:\\\/\\\/pre.efe.com\\\/wp-content\\\/uploads\\\/2022\\\/11\\\/UCRANIA.jpg\",\"datePublished\":\"2023-04-27T13:02:00+00:00\",\"dateModified\":\"2023-04-27T14:05:10+00:00\",\"breadcrumb\":{\"@id\":\"https:\\\/\\\/pre.efe.com\\\/pt-br\\\/nao-categorizado\\\/2023-04-27\\\/premie-ucraniano-comenta-contato-com-a-china-e-postura-de-lula-sobre-a-guerra\\\/#breadcrumb\"},\"inLanguage\":\"pt-BR\",\"potentialAction\":[{\"@type\":\"ReadAction\",\"target\":[\"https:\\\/\\\/pre.efe.com\\\/pt-br\\\/nao-categorizado\\\/2023-04-27\\\/premie-ucraniano-comenta-contato-com-a-china-e-postura-de-lula-sobre-a-guerra\\\/\"]}]},{\"@type\":\"ImageObject\",\"inLanguage\":\"pt-BR\",\"@id\":\"https:\\\/\\\/pre.efe.com\\\/pt-br\\\/nao-categorizado\\\/2023-04-27\\\/premie-ucraniano-comenta-contato-com-a-china-e-postura-de-lula-sobre-a-guerra\\\/#primaryimage\",\"url\":\"https:\\\/\\\/pre.efe.com\\\/wp-content\\\/uploads\\\/2022\\\/11\\\/UCRANIA.jpg\",\"contentUrl\":\"https:\\\/\\\/pre.efe.com\\\/wp-content\\\/uploads\\\/2022\\\/11\\\/UCRANIA.jpg\",\"width\":900,\"height\":599,\"caption\":\"O primeiro-ministro da Ucr\u00e2nia, Denys Shmygal. EFE\\\/Arquivo\\\/Marcin Obara\"},{\"@type\":\"BreadcrumbList\",\"@id\":\"https:\\\/\\\/pre.efe.com\\\/pt-br\\\/nao-categorizado\\\/2023-04-27\\\/premie-ucraniano-comenta-contato-com-a-china-e-postura-de-lula-sobre-a-guerra\\\/#breadcrumb\",\"itemListElement\":[{\"@type\":\"ListItem\",\"position\":1,\"name\":\"Portada\",\"item\":\"https:\\\/\\\/pre.efe.com\\\/pt-br\\\/\"},{\"@type\":\"ListItem\",\"position\":2,\"name\":\"Premi\u00ea ucraniano comenta contato com a China e postura de Lula sobre a guerra\"}]},{\"@type\":\"WebSite\",\"@id\":\"https:\\\/\\\/pre.efe.com\\\/pt-br\\\/#website\",\"url\":\"https:\\\/\\\/pre.efe.com\\\/pt-br\\\/\",\"name\":\"EFE Noticias\",\"description\":\"\",\"publisher\":{\"@id\":\"https:\\\/\\\/pre.efe.com\\\/pt-br\\\/#organization\"},\"potentialAction\":[{\"@type\":\"SearchAction\",\"target\":{\"@type\":\"EntryPoint\",\"urlTemplate\":\"https:\\\/\\\/pre.efe.com\\\/pt-br\\\/?s={search_term_string}\"},\"query-input\":{\"@type\":\"PropertyValueSpecification\",\"valueRequired\":true,\"valueName\":\"search_term_string\"}}],\"inLanguage\":\"pt-BR\"},{\"@type\":\"Organization\",\"@id\":\"https:\\\/\\\/pre.efe.com\\\/pt-br\\\/#organization\",\"name\":\"Agencia EFE\",\"url\":\"https:\\\/\\\/pre.efe.com\\\/pt-br\\\/\",\"logo\":{\"@type\":\"ImageObject\",\"inLanguage\":\"pt-BR\",\"@id\":\"https:\\\/\\\/pre.efe.com\\\/pt-br\\\/#\\\/schema\\\/logo\\\/image\\\/\",\"url\":\"https:\\\/\\\/pre.efe.com\\\/wp-content\\\/uploads\\\/2023\\\/06\\\/logo-efe-467.png\",\"contentUrl\":\"https:\\\/\\\/pre.efe.com\\\/wp-content\\\/uploads\\\/2023\\\/06\\\/logo-efe-467.png\",\"width\":467,\"height\":467,\"caption\":\"Agencia EFE\"},\"image\":{\"@id\":\"https:\\\/\\\/pre.efe.com\\\/pt-br\\\/#\\\/schema\\\/logo\\\/image\\\/\"},\"sameAs\":[\"https:\\\/\\\/www.facebook.com\\\/AgenciaEFEnoticias\\\/\",\"https:\\\/\\\/x.com\\\/efenoticias\",\"https:\\\/\\\/www.instagram.com\\\/efe_noticias\\\/\",\"http:\\\/\\\/www.youtube.com\\\/efe\"]},{\"@type\":\"Person\",\"@id\":\"https:\\\/\\\/pre.efe.com\\\/pt-br\\\/#\\\/schema\\\/person\\\/b19f23f210db552768f68a4b552b004f\",\"name\":\"anachain\",\"image\":{\"@type\":\"ImageObject\",\"inLanguage\":\"pt-BR\",\"@id\":\"https:\\\/\\\/secure.gravatar.com\\\/avatar\\\/30b83965911ef1108bb893c00bdd65c885f9890e1265ee04b02c3d5adc785d37?s=96&d=identicon&r=g\",\"url\":\"https:\\\/\\\/secure.gravatar.com\\\/avatar\\\/30b83965911ef1108bb893c00bdd65c885f9890e1265ee04b02c3d5adc785d37?s=96&d=identicon&r=g\",\"contentUrl\":\"https:\\\/\\\/secure.gravatar.com\\\/avatar\\\/30b83965911ef1108bb893c00bdd65c885f9890e1265ee04b02c3d5adc785d37?s=96&d=identicon&r=g\",\"caption\":\"anachain\"},\"url\":\"https:\\\/\\\/pre.efe.com\\\/pt-br\\\/autor\\\/anachain\\\/\"}]}<\/script>\n<!-- \/ Yoast SEO Premium plugin. -->","yoast_head_json":{"title":"Premi\u00ea ucraniano comenta contato com a China e postura de Lula sobre a guerra - EFE","robots":{"index":"noindex","follow":"follow"},"og_locale":"pt_BR","og_type":"article","og_title":"Premi\u00ea ucraniano comenta contato com a China e postura de Lula sobre a guerra - EFE","og_description":"Roma (EFE).- O primeiro-ministro da Ucr\u00e2nia, Denys Shmygal, que est\u00e1 em visita oficial \u00e0 It\u00e1lia, falou com a imprensa nesta quinta-feira sobre conversa entre os presidentes da Ucr\u00e2nia, Volodymyr Zelensky, e da China, Xi Jinping, a primeira desde o in\u00edcio da invas\u00e3o russa, e comentou tamb\u00e9m a posi\u00e7\u00e3o do presidente Luiz In\u00e1cio Lula da Silva ... Leia mais","og_url":"https:\/\/pre.efe.com\/pt-br\/nao-categorizado\/2023-04-27\/premie-ucraniano-comenta-contato-com-a-china-e-postura-de-lula-sobre-a-guerra\/","og_site_name":"EFE Noticias","article_publisher":"https:\/\/www.facebook.com\/AgenciaEFEnoticias\/","article_published_time":"2023-04-27T13:02:00+00:00","article_modified_time":"2023-04-27T14:05:10+00:00","og_image":[{"width":900,"height":599,"url":"https:\/\/i0.wp.com\/efe.com\/\/srv\/htdocs\/wp-content\/uploads\/2022\/11\/UCRANIA.jpg?fit=900%2C599&ssl=1","type":"image\/jpeg"}],"author":"anachain","twitter_card":"summary_large_image","twitter_creator":"@efenoticias","twitter_site":"@efenoticias","schema":{"@context":"https:\/\/schema.org","@graph":[{"@type":"NewsArticle","@id":"https:\/\/pre.efe.com\/pt-br\/nao-categorizado\/2023-04-27\/premie-ucraniano-comenta-contato-com-a-china-e-postura-de-lula-sobre-a-guerra\/#article","isPartOf":{"@id":"https:\/\/pre.efe.com\/pt-br\/nao-categorizado\/2023-04-27\/premie-ucraniano-comenta-contato-com-a-china-e-postura-de-lula-sobre-a-guerra\/"},"author":{"name":"anachain","@id":"https:\/\/pre.efe.com\/pt-br\/#\/schema\/person\/b19f23f210db552768f68a4b552b004f"},"headline":"Premi\u00ea ucraniano comenta contato com a China e postura de Lula sobre a guerra","datePublished":"2023-04-27T13:02:00+00:00","dateModified":"2023-04-27T14:05:10+00:00","mainEntityOfPage":{"@id":"https:\/\/pre.efe.com\/pt-br\/nao-categorizado\/2023-04-27\/premie-ucraniano-comenta-contato-com-a-china-e-postura-de-lula-sobre-a-guerra\/"},"wordCount":405,"publisher":{"@id":"https:\/\/pre.efe.com\/pt-br\/#organization"},"image":{"@id":"https:\/\/pre.efe.com\/pt-br\/nao-categorizado\/2023-04-27\/premie-ucraniano-comenta-contato-com-a-china-e-postura-de-lula-sobre-a-guerra\/#primaryimage"},"thumbnailUrl":"https:\/\/pre.efe.com\/wp-content\/uploads\/2022\/11\/UCRANIA.jpg","keywords":["Guerra","Russia","Ucrania"],"articleSection":["Mundo","Portada"],"inLanguage":"pt-BR","copyrightYear":"2023","copyrightHolder":{"@id":"https:\/\/pre.efe.com\/#organization"}},{"@type":["WebPage","ItemPage"],"@id":"https:\/\/pre.efe.com\/pt-br\/nao-categorizado\/2023-04-27\/premie-ucraniano-comenta-contato-com-a-china-e-postura-de-lula-sobre-a-guerra\/","url":"https:\/\/pre.efe.com\/pt-br\/nao-categorizado\/2023-04-27\/premie-ucraniano-comenta-contato-com-a-china-e-postura-de-lula-sobre-a-guerra\/","name":"Premi\u00ea ucraniano comenta contato com a China e postura de Lula sobre a guerra - EFE","isPartOf":{"@id":"https:\/\/pre.efe.com\/pt-br\/#website"},"primaryImageOfPage":{"@id":"https:\/\/pre.efe.com\/pt-br\/nao-categorizado\/2023-04-27\/premie-ucraniano-comenta-contato-com-a-china-e-postura-de-lula-sobre-a-guerra\/#primaryimage"},"image":{"@id":"https:\/\/pre.efe.com\/pt-br\/nao-categorizado\/2023-04-27\/premie-ucraniano-comenta-contato-com-a-china-e-postura-de-lula-sobre-a-guerra\/#primaryimage"},"thumbnailUrl":"https:\/\/pre.efe.com\/wp-content\/uploads\/2022\/11\/UCRANIA.jpg","datePublished":"2023-04-27T13:02:00+00:00","dateModified":"2023-04-27T14:05:10+00:00","breadcrumb":{"@id":"https:\/\/pre.efe.com\/pt-br\/nao-categorizado\/2023-04-27\/premie-ucraniano-comenta-contato-com-a-china-e-postura-de-lula-sobre-a-guerra\/#breadcrumb"},"inLanguage":"pt-BR","potentialAction":[{"@type":"ReadAction","target":["https:\/\/pre.efe.com\/pt-br\/nao-categorizado\/2023-04-27\/premie-ucraniano-comenta-contato-com-a-china-e-postura-de-lula-sobre-a-guerra\/"]}]},{"@type":"ImageObject","inLanguage":"pt-BR","@id":"https:\/\/pre.efe.com\/pt-br\/nao-categorizado\/2023-04-27\/premie-ucraniano-comenta-contato-com-a-china-e-postura-de-lula-sobre-a-guerra\/#primaryimage","url":"https:\/\/pre.efe.com\/wp-content\/uploads\/2022\/11\/UCRANIA.jpg","contentUrl":"https:\/\/pre.efe.com\/wp-content\/uploads\/2022\/11\/UCRANIA.jpg","width":900,"height":599,"caption":"O primeiro-ministro da Ucr\u00e2nia, Denys Shmygal. EFE\/Arquivo\/Marcin Obara"},{"@type":"BreadcrumbList","@id":"https:\/\/pre.efe.com\/pt-br\/nao-categorizado\/2023-04-27\/premie-ucraniano-comenta-contato-com-a-china-e-postura-de-lula-sobre-a-guerra\/#breadcrumb","itemListElement":[{"@type":"ListItem","position":1,"name":"Portada","item":"https:\/\/pre.efe.com\/pt-br\/"},{"@type":"ListItem","position":2,"name":"Premi\u00ea ucraniano comenta contato com a China e postura de Lula sobre a guerra"}]},{"@type":"WebSite","@id":"https:\/\/pre.efe.com\/pt-br\/#website","url":"https:\/\/pre.efe.com\/pt-br\/","name":"EFE Noticias","description":"","publisher":{"@id":"https:\/\/pre.efe.com\/pt-br\/#organization"},"potentialAction":[{"@type":"SearchAction","target":{"@type":"EntryPoint","urlTemplate":"https:\/\/pre.efe.com\/pt-br\/?s={search_term_string}"},"query-input":{"@type":"PropertyValueSpecification","valueRequired":true,"valueName":"search_term_string"}}],"inLanguage":"pt-BR"},{"@type":"Organization","@id":"https:\/\/pre.efe.com\/pt-br\/#organization","name":"Agencia EFE","url":"https:\/\/pre.efe.com\/pt-br\/","logo":{"@type":"ImageObject","inLanguage":"pt-BR","@id":"https:\/\/pre.efe.com\/pt-br\/#\/schema\/logo\/image\/","url":"https:\/\/pre.efe.com\/wp-content\/uploads\/2023\/06\/logo-efe-467.png","contentUrl":"https:\/\/pre.efe.com\/wp-content\/uploads\/2023\/06\/logo-efe-467.png","width":467,"height":467,"caption":"Agencia EFE"},"image":{"@id":"https:\/\/pre.efe.com\/pt-br\/#\/schema\/logo\/image\/"},"sameAs":["https:\/\/www.facebook.com\/AgenciaEFEnoticias\/","https:\/\/x.com\/efenoticias","https:\/\/www.instagram.com\/efe_noticias\/","http:\/\/www.youtube.com\/efe"]},{"@type":"Person","@id":"https:\/\/pre.efe.com\/pt-br\/#\/schema\/person\/b19f23f210db552768f68a4b552b004f","name":"anachain","image":{"@type":"ImageObject","inLanguage":"pt-BR","@id":"https:\/\/secure.gravatar.com\/avatar\/30b83965911ef1108bb893c00bdd65c885f9890e1265ee04b02c3d5adc785d37?s=96&d=identicon&r=g","url":"https:\/\/secure.gravatar.com\/avatar\/30b83965911ef1108bb893c00bdd65c885f9890e1265ee04b02c3d5adc785d37?s=96&d=identicon&r=g","contentUrl":"https:\/\/secure.gravatar.com\/avatar\/30b83965911ef1108bb893c00bdd65c885f9890e1265ee04b02c3d5adc785d37?s=96&d=identicon&r=g","caption":"anachain"},"url":"https:\/\/pre.efe.com\/pt-br\/autor\/anachain\/"}]}},"jetpack_featured_media_url":"https:\/\/pre.efe.com\/wp-content\/uploads\/2022\/11\/UCRANIA.jpg","jetpack_shortlink":"https:\/\/wp.me\/peJvHm-1KGk","jetpack_sharing_enabled":true,"_links":{"self":[{"href":"https:\/\/pre.efe.com\/pt-br\/wp-json\/wp\/v2\/posts\/417776","targetHints":{"allow":["GET"]}}],"collection":[{"href":"https:\/\/pre.efe.com\/pt-br\/wp-json\/wp\/v2\/posts"}],"about":[{"href":"https:\/\/pre.efe.com\/pt-br\/wp-json\/wp\/v2\/types\/post"}],"author":[{"embeddable":true,"href":"https:\/\/pre.efe.com\/pt-br\/wp-json\/wp\/v2\/users\/198164106"}],"replies":[{"embeddable":true,"href":"https:\/\/pre.efe.com\/pt-br\/wp-json\/wp\/v2\/comments?post=417776"}],"version-history":[{"count":2,"href":"https:\/\/pre.efe.com\/pt-br\/wp-json\/wp\/v2\/posts\/417776\/revisions"}],"predecessor-version":[{"id":417778,"href":"https:\/\/pre.efe.com\/pt-br\/wp-json\/wp\/v2\/posts\/417776\/revisions\/417778"}],"wp:featuredmedia":[{"embeddable":true,"href":"https:\/\/pre.efe.com\/pt-br\/wp-json\/wp\/v2\/media\/176514"}],"wp:attachment":[{"href":"https:\/\/pre.efe.com\/pt-br\/wp-json\/wp\/v2\/media?parent=417776"}],"wp:term":[{"taxonomy":"category","embeddable":true,"href":"https:\/\/pre.efe.com\/pt-br\/wp-json\/wp\/v2\/categories?post=417776"},{"taxonomy":"post_tag","embeddable":true,"href":"https:\/\/pre.efe.com\/pt-br\/wp-json\/wp\/v2\/tags?post=417776"}],"curies":[{"name":"wp","href":"https:\/\/api.w.org\/{rel}","templated":true}]}}