{"id":431866,"date":"2023-05-05T22:53:01","date_gmt":"2023-05-05T20:53:01","guid":{"rendered":"https:\/\/pre.efe.com\/?p=431866"},"modified":"2023-05-05T23:10:22","modified_gmt":"2023-05-05T21:10:22","slug":"empregos-terao-copiloto-de-inteligencia-artificial-diz-microsoft","status":"publish","type":"post","link":"https:\/\/pre.efe.com\/pt-br\/ciencia-e-tecnologia\/2023-05-05\/empregos-terao-copiloto-de-inteligencia-artificial-diz-microsoft\/","title":{"rendered":"Empregos ter\u00e3o copiloto de intelig\u00eancia artificial, diz Microsoft"},"content":{"rendered":"\n<p>La Coru\u00f1a (EFE) &#8211; O vice-presidente da Microsoft, Jason Wild, disse nesta sexta-feira que em poucos anos um em cada quatro empregos ser\u00e1 automatizado e adiantou que na empresa americana est\u00e1 previsto que todos os trabalhos tenham um copiloto de intelig\u00eancia artificial (IA).<\/p>\n\n\n\n<p>Durante sua participa\u00e7\u00e3o no segundo dia da terceira edi\u00e7\u00e3o da c\u00fapula sobre tecnologia e inova\u00e7\u00e3o Ecosystems2030, realizada pela segunda vez em La Coru\u00f1a, na Espanha, Wild enfatizou que &#8220;a IA \u00e9 real&#8221; e muda, a&nbsp; partir de agora, as regras do jogo, j\u00e1 que tudo estar\u00e1 relacionado a &#8220;intera\u00e7\u00f5es&#8221;.<\/p>\n\n\n\n<p>O executivo tamb\u00e9m citou Bill Gates, fundador da Microsoft, que defendeu publicamente que com essas mudan\u00e7as, o diferencial das empresas passar\u00e1 a ser sua capacidade de usar bem a intelig\u00eancia artificial.<\/p>\n\n\n\n<p>Por isso, segundo ele, a miss\u00e3o da companhia americana \u00e9 usar todas as ferramentas \u00e0 sua disposi\u00e7\u00e3o &#8220;para que as pessoas tenham sucesso&#8221; e para que os clientes &#8220;cres\u00e7am&#8221;.<\/p>\n\n\n\n<p>Segundo, Wild, &#8220;\u00e9 poss\u00edvel&#8221; que a IA substitua empregos, j\u00e1 que &#8220;estima-se que um em cada quatro empregos ser\u00e1 automatizado&#8221;.<\/p>\n\n\n\n<blockquote class=\"wp-block-quote is-layout-flow wp-block-quote-is-layout-flow\">\n<p>&#8220;No entanto, o que muitos de n\u00f3s n\u00e3o vemos, \u00e9 que nossas habilidades ser\u00e3o amplamente aprimoradas. Na Microsoft, cada trabalho ter\u00e1 um copiloto de IA&#8221;, destacou ao p\u00fablico na palestra &#8220;Como a Intelig\u00eancia Artificial humanizar\u00e1 todas as jornadas&#8221;.<\/p>\n<\/blockquote>\n\n\n\n<p>Wild acrescentou que os resultados emp\u00edricos dos \u00faltimos avan\u00e7os, &#8220;v\u00e3o al\u00e9m das expectativas te\u00f3ricas&#8221; e que &#8220;foi alcan\u00e7ado um n\u00edvel incr\u00edvel no mundo da tecnologia&#8221;, que &#8220;vai se acelerar cada vez mais&#8221;, e descreveu como caracter\u00edsticas da IA ideal, empatia, criatividade e familiaridade, aspectos em que j\u00e1 h\u00e1 um progresso significativo.<\/p>\n\n\n\n<blockquote class=\"wp-block-quote is-layout-flow wp-block-quote-is-layout-flow\">\n<p>&#8220;A IA pode nos ajudar a ser mais humanos e a gerar melhores relacionamentos com nossos clientes&#8221;, afirmou.<\/p>\n<\/blockquote>\n\n\n\n<p>Por outro lado, Wild argumentou que &#8220;s\u00e3o as pessoas que precisam tomar as decis\u00f5es&#8221; e&nbsp; que o importante \u00e9 chegar &#8220;ao mecanismo que nos permita tomar as decis\u00f5es dif\u00edceis&#8221; com dados suficientes.<\/p>\n\n\n\n<p>&#8220;Tudo \u00e9 baseado na confian\u00e7a (&#8230;) Primeiro \u00e9 preciso saber quais s\u00e3o os dados exatos para obter a resposta \u00e0 sua pergunta&#8221;, concluiu. EFE<\/p>\n","protected":false},"excerpt":{"rendered":"<p>La Coru\u00f1a (EFE) &#8211; O vice-presidente da Microsoft, Jason Wild, disse nesta sexta-feira que em poucos anos um em cada quatro empregos ser\u00e1 automatizado e adiantou que na empresa americana est\u00e1 previsto que todos os trabalhos tenham um copiloto de intelig\u00eancia artificial (IA). Durante sua participa\u00e7\u00e3o no segundo dia da terceira edi\u00e7\u00e3o da c\u00fapula sobre &#8230; <a title=\"Empregos ter\u00e3o copiloto de intelig\u00eancia artificial, diz Microsoft\" class=\"read-more\" href=\"https:\/\/pre.efe.com\/pt-br\/ciencia-e-tecnologia\/2023-05-05\/empregos-terao-copiloto-de-inteligencia-artificial-diz-microsoft\/\" aria-label=\"Read more about Empregos ter\u00e3o copiloto de intelig\u00eancia artificial, diz Microsoft\">Leia mais<\/a><\/p>\n","protected":false},"author":198164106,"featured_media":431880,"comment_status":"closed","ping_status":"closed","sticky":false,"template":"","format":"standard","meta":{"_acf_changed":false,"_jetpack_memberships_contains_paid_content":false,"footnotes":""},"categories":[121969],"tags":[122393],"class_list":["post-431866","post","type-post","status-publish","format-standard","has-post-thumbnail","hentry","category-ciencia-e-tecnologia","tag-tecnologia","generate-columns","tablet-grid-50","mobile-grid-100","grid-parent","grid-50"],"acf":[],"yoast_head":"<!-- This site is optimized with the Yoast SEO Premium plugin v26.0 (Yoast SEO v27.5) - https:\/\/yoast.com\/product\/yoast-seo-premium-wordpress\/ -->\n<title>Empregos ter\u00e3o copiloto de intelig\u00eancia artificial, diz Microsoft - EFE<\/title>\n<meta name=\"robots\" content=\"noindex, follow\" \/>\n<meta property=\"og:locale\" content=\"pt_BR\" \/>\n<meta property=\"og:type\" content=\"article\" \/>\n<meta property=\"og:title\" content=\"Empregos ter\u00e3o copiloto de intelig\u00eancia artificial, diz Microsoft - EFE\" \/>\n<meta property=\"og:description\" content=\"La Coru\u00f1a (EFE) &#8211; O vice-presidente da Microsoft, Jason Wild, disse nesta sexta-feira que em poucos anos um em cada quatro empregos ser\u00e1 automatizado e adiantou que na empresa americana est\u00e1 previsto que todos os trabalhos tenham um copiloto de intelig\u00eancia artificial (IA). Durante sua participa\u00e7\u00e3o no segundo dia da terceira edi\u00e7\u00e3o da c\u00fapula sobre ... Leia mais\" \/>\n<meta property=\"og:url\" content=\"https:\/\/pre.efe.com\/pt-br\/ciencia-e-tecnologia\/2023-05-05\/empregos-terao-copiloto-de-inteligencia-artificial-diz-microsoft\/\" \/>\n<meta property=\"og:site_name\" content=\"EFE Noticias\" \/>\n<meta property=\"article:publisher\" content=\"https:\/\/www.facebook.com\/AgenciaEFEnoticias\/\" \/>\n<meta property=\"article:published_time\" content=\"2023-05-05T20:53:01+00:00\" \/>\n<meta property=\"article:modified_time\" content=\"2023-05-05T21:10:22+00:00\" \/>\n<meta property=\"og:image\" content=\"https:\/\/i0.wp.com\/efe.com\/\/srv\/htdocs\/wp-content\/uploads\/2023\/05\/MICROSOFT.jpg?fit=900%2C600&ssl=1\" \/>\n\t<meta property=\"og:image:width\" content=\"900\" \/>\n\t<meta property=\"og:image:height\" content=\"600\" \/>\n\t<meta property=\"og:image:type\" content=\"image\/jpeg\" \/>\n<meta name=\"author\" content=\"anachain\" \/>\n<meta name=\"twitter:card\" content=\"summary_large_image\" \/>\n<meta name=\"twitter:creator\" content=\"@efenoticias\" \/>\n<meta name=\"twitter:site\" content=\"@efenoticias\" \/>\n<script type=\"application\/ld+json\" class=\"yoast-schema-graph\">{\"@context\":\"https:\\\/\\\/schema.org\",\"@graph\":[{\"@type\":\"NewsArticle\",\"@id\":\"https:\\\/\\\/pre.efe.com\\\/pt-br\\\/ciencia-e-tecnologia\\\/2023-05-05\\\/empregos-terao-copiloto-de-inteligencia-artificial-diz-microsoft\\\/#article\",\"isPartOf\":{\"@id\":\"https:\\\/\\\/pre.efe.com\\\/pt-br\\\/ciencia-e-tecnologia\\\/2023-05-05\\\/empregos-terao-copiloto-de-inteligencia-artificial-diz-microsoft\\\/\"},\"author\":{\"name\":\"anachain\",\"@id\":\"https:\\\/\\\/pre.efe.com\\\/pt-br\\\/#\\\/schema\\\/person\\\/b19f23f210db552768f68a4b552b004f\"},\"headline\":\"Empregos ter\u00e3o copiloto de intelig\u00eancia artificial, diz Microsoft\",\"datePublished\":\"2023-05-05T20:53:01+00:00\",\"dateModified\":\"2023-05-05T21:10:22+00:00\",\"mainEntityOfPage\":{\"@id\":\"https:\\\/\\\/pre.efe.com\\\/pt-br\\\/ciencia-e-tecnologia\\\/2023-05-05\\\/empregos-terao-copiloto-de-inteligencia-artificial-diz-microsoft\\\/\"},\"wordCount\":372,\"publisher\":{\"@id\":\"https:\\\/\\\/pre.efe.com\\\/pt-br\\\/#organization\"},\"image\":{\"@id\":\"https:\\\/\\\/pre.efe.com\\\/pt-br\\\/ciencia-e-tecnologia\\\/2023-05-05\\\/empregos-terao-copiloto-de-inteligencia-artificial-diz-microsoft\\\/#primaryimage\"},\"thumbnailUrl\":\"https:\\\/\\\/pre.efe.com\\\/wp-content\\\/uploads\\\/2023\\\/05\\\/MICROSOFT.jpg\",\"keywords\":[\"Tecnologia\"],\"articleSection\":[\"Ci\u00eancia e Tecnologia\"],\"inLanguage\":\"pt-BR\",\"copyrightYear\":\"2023\",\"copyrightHolder\":{\"@id\":\"https:\\\/\\\/pre.efe.com\\\/#organization\"}},{\"@type\":[\"WebPage\",\"ItemPage\"],\"@id\":\"https:\\\/\\\/pre.efe.com\\\/pt-br\\\/ciencia-e-tecnologia\\\/2023-05-05\\\/empregos-terao-copiloto-de-inteligencia-artificial-diz-microsoft\\\/\",\"url\":\"https:\\\/\\\/pre.efe.com\\\/pt-br\\\/ciencia-e-tecnologia\\\/2023-05-05\\\/empregos-terao-copiloto-de-inteligencia-artificial-diz-microsoft\\\/\",\"name\":\"Empregos ter\u00e3o copiloto de intelig\u00eancia artificial, diz Microsoft - EFE\",\"isPartOf\":{\"@id\":\"https:\\\/\\\/pre.efe.com\\\/pt-br\\\/#website\"},\"primaryImageOfPage\":{\"@id\":\"https:\\\/\\\/pre.efe.com\\\/pt-br\\\/ciencia-e-tecnologia\\\/2023-05-05\\\/empregos-terao-copiloto-de-inteligencia-artificial-diz-microsoft\\\/#primaryimage\"},\"image\":{\"@id\":\"https:\\\/\\\/pre.efe.com\\\/pt-br\\\/ciencia-e-tecnologia\\\/2023-05-05\\\/empregos-terao-copiloto-de-inteligencia-artificial-diz-microsoft\\\/#primaryimage\"},\"thumbnailUrl\":\"https:\\\/\\\/pre.efe.com\\\/wp-content\\\/uploads\\\/2023\\\/05\\\/MICROSOFT.jpg\",\"datePublished\":\"2023-05-05T20:53:01+00:00\",\"dateModified\":\"2023-05-05T21:10:22+00:00\",\"breadcrumb\":{\"@id\":\"https:\\\/\\\/pre.efe.com\\\/pt-br\\\/ciencia-e-tecnologia\\\/2023-05-05\\\/empregos-terao-copiloto-de-inteligencia-artificial-diz-microsoft\\\/#breadcrumb\"},\"inLanguage\":\"pt-BR\",\"potentialAction\":[{\"@type\":\"ReadAction\",\"target\":[\"https:\\\/\\\/pre.efe.com\\\/pt-br\\\/ciencia-e-tecnologia\\\/2023-05-05\\\/empregos-terao-copiloto-de-inteligencia-artificial-diz-microsoft\\\/\"]}]},{\"@type\":\"ImageObject\",\"inLanguage\":\"pt-BR\",\"@id\":\"https:\\\/\\\/pre.efe.com\\\/pt-br\\\/ciencia-e-tecnologia\\\/2023-05-05\\\/empregos-terao-copiloto-de-inteligencia-artificial-diz-microsoft\\\/#primaryimage\",\"url\":\"https:\\\/\\\/pre.efe.com\\\/wp-content\\\/uploads\\\/2023\\\/05\\\/MICROSOFT.jpg\",\"contentUrl\":\"https:\\\/\\\/pre.efe.com\\\/wp-content\\\/uploads\\\/2023\\\/05\\\/MICROSOFT.jpg\",\"width\":900,\"height\":600,\"caption\":\"O vice-presidente da Microsoft, Jason Wild, durante a palestra nesta sexta-feira. EFE\\\/Calabar\"},{\"@type\":\"BreadcrumbList\",\"@id\":\"https:\\\/\\\/pre.efe.com\\\/pt-br\\\/ciencia-e-tecnologia\\\/2023-05-05\\\/empregos-terao-copiloto-de-inteligencia-artificial-diz-microsoft\\\/#breadcrumb\",\"itemListElement\":[{\"@type\":\"ListItem\",\"position\":1,\"name\":\"Portada\",\"item\":\"https:\\\/\\\/pre.efe.com\\\/pt-br\\\/\"},{\"@type\":\"ListItem\",\"position\":2,\"name\":\"Empregos ter\u00e3o copiloto de intelig\u00eancia artificial, diz Microsoft\"}]},{\"@type\":\"WebSite\",\"@id\":\"https:\\\/\\\/pre.efe.com\\\/pt-br\\\/#website\",\"url\":\"https:\\\/\\\/pre.efe.com\\\/pt-br\\\/\",\"name\":\"EFE Noticias\",\"description\":\"\",\"publisher\":{\"@id\":\"https:\\\/\\\/pre.efe.com\\\/pt-br\\\/#organization\"},\"potentialAction\":[{\"@type\":\"SearchAction\",\"target\":{\"@type\":\"EntryPoint\",\"urlTemplate\":\"https:\\\/\\\/pre.efe.com\\\/pt-br\\\/?s={search_term_string}\"},\"query-input\":{\"@type\":\"PropertyValueSpecification\",\"valueRequired\":true,\"valueName\":\"search_term_string\"}}],\"inLanguage\":\"pt-BR\"},{\"@type\":\"Organization\",\"@id\":\"https:\\\/\\\/pre.efe.com\\\/pt-br\\\/#organization\",\"name\":\"Agencia EFE\",\"url\":\"https:\\\/\\\/pre.efe.com\\\/pt-br\\\/\",\"logo\":{\"@type\":\"ImageObject\",\"inLanguage\":\"pt-BR\",\"@id\":\"https:\\\/\\\/pre.efe.com\\\/pt-br\\\/#\\\/schema\\\/logo\\\/image\\\/\",\"url\":\"https:\\\/\\\/pre.efe.com\\\/wp-content\\\/uploads\\\/2023\\\/06\\\/logo-efe-467.png\",\"contentUrl\":\"https:\\\/\\\/pre.efe.com\\\/wp-content\\\/uploads\\\/2023\\\/06\\\/logo-efe-467.png\",\"width\":467,\"height\":467,\"caption\":\"Agencia EFE\"},\"image\":{\"@id\":\"https:\\\/\\\/pre.efe.com\\\/pt-br\\\/#\\\/schema\\\/logo\\\/image\\\/\"},\"sameAs\":[\"https:\\\/\\\/www.facebook.com\\\/AgenciaEFEnoticias\\\/\",\"https:\\\/\\\/x.com\\\/efenoticias\",\"https:\\\/\\\/www.instagram.com\\\/efe_noticias\\\/\",\"http:\\\/\\\/www.youtube.com\\\/efe\"]},{\"@type\":\"Person\",\"@id\":\"https:\\\/\\\/pre.efe.com\\\/pt-br\\\/#\\\/schema\\\/person\\\/b19f23f210db552768f68a4b552b004f\",\"name\":\"anachain\",\"image\":{\"@type\":\"ImageObject\",\"inLanguage\":\"pt-BR\",\"@id\":\"https:\\\/\\\/secure.gravatar.com\\\/avatar\\\/30b83965911ef1108bb893c00bdd65c885f9890e1265ee04b02c3d5adc785d37?s=96&d=identicon&r=g\",\"url\":\"https:\\\/\\\/secure.gravatar.com\\\/avatar\\\/30b83965911ef1108bb893c00bdd65c885f9890e1265ee04b02c3d5adc785d37?s=96&d=identicon&r=g\",\"contentUrl\":\"https:\\\/\\\/secure.gravatar.com\\\/avatar\\\/30b83965911ef1108bb893c00bdd65c885f9890e1265ee04b02c3d5adc785d37?s=96&d=identicon&r=g\",\"caption\":\"anachain\"},\"url\":\"https:\\\/\\\/pre.efe.com\\\/pt-br\\\/autor\\\/anachain\\\/\"}]}<\/script>\n<!-- \/ Yoast SEO Premium plugin. -->","yoast_head_json":{"title":"Empregos ter\u00e3o copiloto de intelig\u00eancia artificial, diz Microsoft - EFE","robots":{"index":"noindex","follow":"follow"},"og_locale":"pt_BR","og_type":"article","og_title":"Empregos ter\u00e3o copiloto de intelig\u00eancia artificial, diz Microsoft - EFE","og_description":"La Coru\u00f1a (EFE) &#8211; O vice-presidente da Microsoft, Jason Wild, disse nesta sexta-feira que em poucos anos um em cada quatro empregos ser\u00e1 automatizado e adiantou que na empresa americana est\u00e1 previsto que todos os trabalhos tenham um copiloto de intelig\u00eancia artificial (IA). Durante sua participa\u00e7\u00e3o no segundo dia da terceira edi\u00e7\u00e3o da c\u00fapula sobre ... Leia mais","og_url":"https:\/\/pre.efe.com\/pt-br\/ciencia-e-tecnologia\/2023-05-05\/empregos-terao-copiloto-de-inteligencia-artificial-diz-microsoft\/","og_site_name":"EFE Noticias","article_publisher":"https:\/\/www.facebook.com\/AgenciaEFEnoticias\/","article_published_time":"2023-05-05T20:53:01+00:00","article_modified_time":"2023-05-05T21:10:22+00:00","og_image":[{"width":900,"height":600,"url":"https:\/\/i0.wp.com\/efe.com\/\/srv\/htdocs\/wp-content\/uploads\/2023\/05\/MICROSOFT.jpg?fit=900%2C600&ssl=1","type":"image\/jpeg"}],"author":"anachain","twitter_card":"summary_large_image","twitter_creator":"@efenoticias","twitter_site":"@efenoticias","schema":{"@context":"https:\/\/schema.org","@graph":[{"@type":"NewsArticle","@id":"https:\/\/pre.efe.com\/pt-br\/ciencia-e-tecnologia\/2023-05-05\/empregos-terao-copiloto-de-inteligencia-artificial-diz-microsoft\/#article","isPartOf":{"@id":"https:\/\/pre.efe.com\/pt-br\/ciencia-e-tecnologia\/2023-05-05\/empregos-terao-copiloto-de-inteligencia-artificial-diz-microsoft\/"},"author":{"name":"anachain","@id":"https:\/\/pre.efe.com\/pt-br\/#\/schema\/person\/b19f23f210db552768f68a4b552b004f"},"headline":"Empregos ter\u00e3o copiloto de intelig\u00eancia artificial, diz Microsoft","datePublished":"2023-05-05T20:53:01+00:00","dateModified":"2023-05-05T21:10:22+00:00","mainEntityOfPage":{"@id":"https:\/\/pre.efe.com\/pt-br\/ciencia-e-tecnologia\/2023-05-05\/empregos-terao-copiloto-de-inteligencia-artificial-diz-microsoft\/"},"wordCount":372,"publisher":{"@id":"https:\/\/pre.efe.com\/pt-br\/#organization"},"image":{"@id":"https:\/\/pre.efe.com\/pt-br\/ciencia-e-tecnologia\/2023-05-05\/empregos-terao-copiloto-de-inteligencia-artificial-diz-microsoft\/#primaryimage"},"thumbnailUrl":"https:\/\/pre.efe.com\/wp-content\/uploads\/2023\/05\/MICROSOFT.jpg","keywords":["Tecnologia"],"articleSection":["Ci\u00eancia e Tecnologia"],"inLanguage":"pt-BR","copyrightYear":"2023","copyrightHolder":{"@id":"https:\/\/pre.efe.com\/#organization"}},{"@type":["WebPage","ItemPage"],"@id":"https:\/\/pre.efe.com\/pt-br\/ciencia-e-tecnologia\/2023-05-05\/empregos-terao-copiloto-de-inteligencia-artificial-diz-microsoft\/","url":"https:\/\/pre.efe.com\/pt-br\/ciencia-e-tecnologia\/2023-05-05\/empregos-terao-copiloto-de-inteligencia-artificial-diz-microsoft\/","name":"Empregos ter\u00e3o copiloto de intelig\u00eancia artificial, diz Microsoft - EFE","isPartOf":{"@id":"https:\/\/pre.efe.com\/pt-br\/#website"},"primaryImageOfPage":{"@id":"https:\/\/pre.efe.com\/pt-br\/ciencia-e-tecnologia\/2023-05-05\/empregos-terao-copiloto-de-inteligencia-artificial-diz-microsoft\/#primaryimage"},"image":{"@id":"https:\/\/pre.efe.com\/pt-br\/ciencia-e-tecnologia\/2023-05-05\/empregos-terao-copiloto-de-inteligencia-artificial-diz-microsoft\/#primaryimage"},"thumbnailUrl":"https:\/\/pre.efe.com\/wp-content\/uploads\/2023\/05\/MICROSOFT.jpg","datePublished":"2023-05-05T20:53:01+00:00","dateModified":"2023-05-05T21:10:22+00:00","breadcrumb":{"@id":"https:\/\/pre.efe.com\/pt-br\/ciencia-e-tecnologia\/2023-05-05\/empregos-terao-copiloto-de-inteligencia-artificial-diz-microsoft\/#breadcrumb"},"inLanguage":"pt-BR","potentialAction":[{"@type":"ReadAction","target":["https:\/\/pre.efe.com\/pt-br\/ciencia-e-tecnologia\/2023-05-05\/empregos-terao-copiloto-de-inteligencia-artificial-diz-microsoft\/"]}]},{"@type":"ImageObject","inLanguage":"pt-BR","@id":"https:\/\/pre.efe.com\/pt-br\/ciencia-e-tecnologia\/2023-05-05\/empregos-terao-copiloto-de-inteligencia-artificial-diz-microsoft\/#primaryimage","url":"https:\/\/pre.efe.com\/wp-content\/uploads\/2023\/05\/MICROSOFT.jpg","contentUrl":"https:\/\/pre.efe.com\/wp-content\/uploads\/2023\/05\/MICROSOFT.jpg","width":900,"height":600,"caption":"O vice-presidente da Microsoft, Jason Wild, durante a palestra nesta sexta-feira. EFE\/Calabar"},{"@type":"BreadcrumbList","@id":"https:\/\/pre.efe.com\/pt-br\/ciencia-e-tecnologia\/2023-05-05\/empregos-terao-copiloto-de-inteligencia-artificial-diz-microsoft\/#breadcrumb","itemListElement":[{"@type":"ListItem","position":1,"name":"Portada","item":"https:\/\/pre.efe.com\/pt-br\/"},{"@type":"ListItem","position":2,"name":"Empregos ter\u00e3o copiloto de intelig\u00eancia artificial, diz Microsoft"}]},{"@type":"WebSite","@id":"https:\/\/pre.efe.com\/pt-br\/#website","url":"https:\/\/pre.efe.com\/pt-br\/","name":"EFE Noticias","description":"","publisher":{"@id":"https:\/\/pre.efe.com\/pt-br\/#organization"},"potentialAction":[{"@type":"SearchAction","target":{"@type":"EntryPoint","urlTemplate":"https:\/\/pre.efe.com\/pt-br\/?s={search_term_string}"},"query-input":{"@type":"PropertyValueSpecification","valueRequired":true,"valueName":"search_term_string"}}],"inLanguage":"pt-BR"},{"@type":"Organization","@id":"https:\/\/pre.efe.com\/pt-br\/#organization","name":"Agencia EFE","url":"https:\/\/pre.efe.com\/pt-br\/","logo":{"@type":"ImageObject","inLanguage":"pt-BR","@id":"https:\/\/pre.efe.com\/pt-br\/#\/schema\/logo\/image\/","url":"https:\/\/pre.efe.com\/wp-content\/uploads\/2023\/06\/logo-efe-467.png","contentUrl":"https:\/\/pre.efe.com\/wp-content\/uploads\/2023\/06\/logo-efe-467.png","width":467,"height":467,"caption":"Agencia EFE"},"image":{"@id":"https:\/\/pre.efe.com\/pt-br\/#\/schema\/logo\/image\/"},"sameAs":["https:\/\/www.facebook.com\/AgenciaEFEnoticias\/","https:\/\/x.com\/efenoticias","https:\/\/www.instagram.com\/efe_noticias\/","http:\/\/www.youtube.com\/efe"]},{"@type":"Person","@id":"https:\/\/pre.efe.com\/pt-br\/#\/schema\/person\/b19f23f210db552768f68a4b552b004f","name":"anachain","image":{"@type":"ImageObject","inLanguage":"pt-BR","@id":"https:\/\/secure.gravatar.com\/avatar\/30b83965911ef1108bb893c00bdd65c885f9890e1265ee04b02c3d5adc785d37?s=96&d=identicon&r=g","url":"https:\/\/secure.gravatar.com\/avatar\/30b83965911ef1108bb893c00bdd65c885f9890e1265ee04b02c3d5adc785d37?s=96&d=identicon&r=g","contentUrl":"https:\/\/secure.gravatar.com\/avatar\/30b83965911ef1108bb893c00bdd65c885f9890e1265ee04b02c3d5adc785d37?s=96&d=identicon&r=g","caption":"anachain"},"url":"https:\/\/pre.efe.com\/pt-br\/autor\/anachain\/"}]}},"jetpack_featured_media_url":"https:\/\/pre.efe.com\/wp-content\/uploads\/2023\/05\/MICROSOFT.jpg","jetpack_shortlink":"https:\/\/wp.me\/peJvHm-1OlA","jetpack_sharing_enabled":true,"_links":{"self":[{"href":"https:\/\/pre.efe.com\/pt-br\/wp-json\/wp\/v2\/posts\/431866","targetHints":{"allow":["GET"]}}],"collection":[{"href":"https:\/\/pre.efe.com\/pt-br\/wp-json\/wp\/v2\/posts"}],"about":[{"href":"https:\/\/pre.efe.com\/pt-br\/wp-json\/wp\/v2\/types\/post"}],"author":[{"embeddable":true,"href":"https:\/\/pre.efe.com\/pt-br\/wp-json\/wp\/v2\/users\/198164106"}],"replies":[{"embeddable":true,"href":"https:\/\/pre.efe.com\/pt-br\/wp-json\/wp\/v2\/comments?post=431866"}],"version-history":[{"count":3,"href":"https:\/\/pre.efe.com\/pt-br\/wp-json\/wp\/v2\/posts\/431866\/revisions"}],"predecessor-version":[{"id":431884,"href":"https:\/\/pre.efe.com\/pt-br\/wp-json\/wp\/v2\/posts\/431866\/revisions\/431884"}],"wp:featuredmedia":[{"embeddable":true,"href":"https:\/\/pre.efe.com\/pt-br\/wp-json\/wp\/v2\/media\/431880"}],"wp:attachment":[{"href":"https:\/\/pre.efe.com\/pt-br\/wp-json\/wp\/v2\/media?parent=431866"}],"wp:term":[{"taxonomy":"category","embeddable":true,"href":"https:\/\/pre.efe.com\/pt-br\/wp-json\/wp\/v2\/categories?post=431866"},{"taxonomy":"post_tag","embeddable":true,"href":"https:\/\/pre.efe.com\/pt-br\/wp-json\/wp\/v2\/tags?post=431866"}],"curies":[{"name":"wp","href":"https:\/\/api.w.org\/{rel}","templated":true}]}}