{"id":508977,"date":"2023-06-19T23:13:00","date_gmt":"2023-06-19T21:13:00","guid":{"rendered":"https:\/\/pre.efe.com\/?p=508977"},"modified":"2023-06-19T23:13:08","modified_gmt":"2023-06-19T21:13:08","slug":"borrador-automaticosao-joao-de-caruaru-leva-multidao-a-capital-do-forro","status":"publish","type":"post","link":"https:\/\/pre.efe.com\/pt-br\/brasil\/2023-06-19\/borrador-automaticosao-joao-de-caruaru-leva-multidao-a-capital-do-forro\/","title":{"rendered":"Uma das maiores festas do mundo, S\u00e3o Jo\u00e3o de Caruaru leva multid\u00e3o \u00e0 Capital do Forr\u00f3"},"content":{"rendered":"\n<p>Caruaru (EFE).- O tri\u00e2ngulo, a zabumba e a sanfona que d\u00e3o ritmo ao forr\u00f3 s\u00e3o ouvidos em cada esquina de Caruaru, e as ruas da cidade pernambucana s\u00e3o tomadas pelo cheiro de churrasco e milho assado que sai de centenas de barracas de comida t\u00edpica: bem-vindos \u00e0 maior festa de S\u00e3o Jo\u00e3o do mundo.<\/p>\n\n\n\n<p><br>O S\u00e3o Jo\u00e3o de Caruaru tem uma dimens\u00e3o t\u00e3o grande que pode-se dizer que a cidade se tornou a capital mundial dos festejos juninos.<br><\/p>\n\n\n\n<p>Para este ano s\u00e3o esperados 4 milh\u00f5es de visitantes de todo o Brasil, de acordo com a prefeitura local, uma multid\u00e3o que se soma aos 400 mil habitantes ao longo de dez finais de semana consecutivos, um per\u00edodo que come\u00e7ou em 28 de abril e vai at\u00e9 1\u00ba de julho.<\/p>\n\n\n\n<figure class=\"wp-block-image size-large\"><img fetchpriority=\"high\" decoding=\"async\" width=\"1024\" height=\"677\" src=\"https:\/\/pre.efe.com\/wp-content\/uploads\/2023\/06\/5130cd89c2dc7666af4dc3dab5011f3c633c03f8-1024x677.jpg\" alt=\"\" class=\"wp-image-508983\" srcset=\"https:\/\/pre.efe.com\/wp-content\/uploads\/2023\/06\/5130cd89c2dc7666af4dc3dab5011f3c633c03f8-1024x677.jpg 1024w, https:\/\/pre.efe.com\/wp-content\/uploads\/2023\/06\/5130cd89c2dc7666af4dc3dab5011f3c633c03f8-300x198.jpg 300w, https:\/\/pre.efe.com\/wp-content\/uploads\/2023\/06\/5130cd89c2dc7666af4dc3dab5011f3c633c03f8-768x508.jpg 768w, https:\/\/pre.efe.com\/wp-content\/uploads\/2023\/06\/5130cd89c2dc7666af4dc3dab5011f3c633c03f8-1536x1015.jpg 1536w, https:\/\/pre.efe.com\/wp-content\/uploads\/2023\/06\/5130cd89c2dc7666af4dc3dab5011f3c633c03f8-430x284.jpg 430w, https:\/\/pre.efe.com\/wp-content\/uploads\/2023\/06\/5130cd89c2dc7666af4dc3dab5011f3c633c03f8-1200x793.jpg 1200w, https:\/\/pre.efe.com\/wp-content\/uploads\/2023\/06\/5130cd89c2dc7666af4dc3dab5011f3c633c03f8.jpg 1920w\" sizes=\"(max-width: 1024px) 100vw, 1024px\" \/><\/figure>\n\n\n\n<p><br><\/p>\n\n\n\n<p>Conhecida como Capital do Forr\u00f3, Caruaru \u00e9 embalada por esse ritmo especialmente durante a festa. E o Alto do Moura, bairro de oficinas de cer\u00e2mica, bares e restaurantes, \u00e9 uma das \u00e1reas mais animadas da cidade, onde a m\u00fasica ganha ruas e restaurantes desde a manh\u00e3 at\u00e9 a noite.<br><\/p>\n\n\n\n<p>H\u00e1 palcos por toda a cidade onde os forrozeiros se apresentam, e a prefeitura at\u00e9 criou um polo itinerante, que possibilitou levar a festa a 13 comunidades rurais, incluindo o povoado de Ju\u00e1, que fica a meia hora do centro, em uma \u00e1rea onde n\u00e3o h\u00e1 sequer cobertura de telefonia celular.<br><\/p>\n\n\n\n<p>Mas os festejos, em pleno crescimento e expans\u00e3o, n\u00e3o se limitam ao ritmo do forr\u00f3 e re\u00fanem este ano cerca de 1,2 mil artistas dos mais variados g\u00eaneros musicais, do sertanejo ao rock.<br><\/p>\n\n\n\n<p>O palco principal recebe 80 mil pessoas todos os finais de semana, com uma estrutura semelhante \u00e0 dos grandes festivais internacionais de m\u00fasica, mas com entrada franca. O line-up deste ano inclui artistas renomados como Ivete Sangalo e Gusttavo Lima.<br><\/p>\n\n\n\n<figure class=\"wp-block-gallery has-nested-images columns-default is-cropped wp-block-gallery-1 is-layout-flex wp-block-gallery-is-layout-flex\">\n<figure class=\"wp-block-image size-large\"><img decoding=\"async\" width=\"1024\" height=\"636\" data-id=\"509033\" src=\"https:\/\/pre.efe.com\/wp-content\/uploads\/2023\/06\/1-6-1024x636.jpg\" alt=\"\" class=\"wp-image-509033\" srcset=\"https:\/\/pre.efe.com\/wp-content\/uploads\/2023\/06\/1-6-1024x636.jpg 1024w, https:\/\/pre.efe.com\/wp-content\/uploads\/2023\/06\/1-6-300x186.jpg 300w, https:\/\/pre.efe.com\/wp-content\/uploads\/2023\/06\/1-6-768x477.jpg 768w, https:\/\/pre.efe.com\/wp-content\/uploads\/2023\/06\/1-6-1536x954.jpg 1536w, https:\/\/pre.efe.com\/wp-content\/uploads\/2023\/06\/1-6-430x267.jpg 430w, https:\/\/pre.efe.com\/wp-content\/uploads\/2023\/06\/1-6-1200x746.jpg 1200w, https:\/\/pre.efe.com\/wp-content\/uploads\/2023\/06\/1-6.jpg 1920w\" sizes=\"(max-width: 1024px) 100vw, 1024px\" \/><\/figure>\n\n\n\n<figure class=\"wp-block-image size-large\"><img decoding=\"async\" width=\"1024\" height=\"666\" data-id=\"509051\" src=\"https:\/\/pre.efe.com\/wp-content\/uploads\/2023\/06\/2-3-1024x666.jpg\" alt=\"\" class=\"wp-image-509051\" srcset=\"https:\/\/pre.efe.com\/wp-content\/uploads\/2023\/06\/2-3-1024x666.jpg 1024w, https:\/\/pre.efe.com\/wp-content\/uploads\/2023\/06\/2-3-300x195.jpg 300w, https:\/\/pre.efe.com\/wp-content\/uploads\/2023\/06\/2-3-768x500.jpg 768w, https:\/\/pre.efe.com\/wp-content\/uploads\/2023\/06\/2-3-1536x999.jpg 1536w, https:\/\/pre.efe.com\/wp-content\/uploads\/2023\/06\/2-3-430x280.jpg 430w, https:\/\/pre.efe.com\/wp-content\/uploads\/2023\/06\/2-3-1200x781.jpg 1200w, https:\/\/pre.efe.com\/wp-content\/uploads\/2023\/06\/2-3.jpg 1920w\" sizes=\"(max-width: 1024px) 100vw, 1024px\" \/><\/figure>\n\n\n\n<figure class=\"wp-block-image size-large\"><img loading=\"lazy\" decoding=\"async\" width=\"1024\" height=\"576\" data-id=\"509042\" src=\"https:\/\/pre.efe.com\/wp-content\/uploads\/2023\/06\/3-1-1024x576.jpg\" alt=\"\" class=\"wp-image-509042\" srcset=\"https:\/\/pre.efe.com\/wp-content\/uploads\/2023\/06\/3-1-1024x576.jpg 1024w, https:\/\/pre.efe.com\/wp-content\/uploads\/2023\/06\/3-1-300x169.jpg 300w, https:\/\/pre.efe.com\/wp-content\/uploads\/2023\/06\/3-1-768x432.jpg 768w, https:\/\/pre.efe.com\/wp-content\/uploads\/2023\/06\/3-1-1536x864.jpg 1536w, https:\/\/pre.efe.com\/wp-content\/uploads\/2023\/06\/3-1-430x242.jpg 430w, https:\/\/pre.efe.com\/wp-content\/uploads\/2023\/06\/3-1-1200x675.jpg 1200w, https:\/\/pre.efe.com\/wp-content\/uploads\/2023\/06\/3-1.jpg 1920w\" sizes=\"(max-width: 1024px) 100vw, 1024px\" \/><\/figure>\n\n\n\n<figure class=\"wp-block-image size-large\"><img loading=\"lazy\" decoding=\"async\" width=\"1024\" height=\"683\" data-id=\"509048\" src=\"https:\/\/pre.efe.com\/wp-content\/uploads\/2023\/06\/6b2c800de43ccdc9d0a720456502a34bda8d6558-1-1024x683.jpg\" alt=\"\" class=\"wp-image-509048\" srcset=\"https:\/\/pre.efe.com\/wp-content\/uploads\/2023\/06\/6b2c800de43ccdc9d0a720456502a34bda8d6558-1-1024x683.jpg 1024w, https:\/\/pre.efe.com\/wp-content\/uploads\/2023\/06\/6b2c800de43ccdc9d0a720456502a34bda8d6558-1-300x200.jpg 300w, https:\/\/pre.efe.com\/wp-content\/uploads\/2023\/06\/6b2c800de43ccdc9d0a720456502a34bda8d6558-1-768x512.jpg 768w, https:\/\/pre.efe.com\/wp-content\/uploads\/2023\/06\/6b2c800de43ccdc9d0a720456502a34bda8d6558-1-1536x1024.jpg 1536w, https:\/\/pre.efe.com\/wp-content\/uploads\/2023\/06\/6b2c800de43ccdc9d0a720456502a34bda8d6558-1-430x286.jpg 430w, https:\/\/pre.efe.com\/wp-content\/uploads\/2023\/06\/6b2c800de43ccdc9d0a720456502a34bda8d6558-1-1200x800.jpg 1200w, https:\/\/pre.efe.com\/wp-content\/uploads\/2023\/06\/6b2c800de43ccdc9d0a720456502a34bda8d6558-1.jpg 1920w\" sizes=\"(max-width: 1024px) 100vw, 1024px\" \/><\/figure>\n\n\n\n<figure class=\"wp-block-image size-large\"><img loading=\"lazy\" decoding=\"async\" width=\"1024\" height=\"683\" data-id=\"509054\" src=\"https:\/\/pre.efe.com\/wp-content\/uploads\/2023\/06\/048c293b10f8323b44f57a590aa194470c8db9ab-1-1024x683.jpg\" alt=\"\" class=\"wp-image-509054\" srcset=\"https:\/\/pre.efe.com\/wp-content\/uploads\/2023\/06\/048c293b10f8323b44f57a590aa194470c8db9ab-1-1024x683.jpg 1024w, https:\/\/pre.efe.com\/wp-content\/uploads\/2023\/06\/048c293b10f8323b44f57a590aa194470c8db9ab-1-300x200.jpg 300w, https:\/\/pre.efe.com\/wp-content\/uploads\/2023\/06\/048c293b10f8323b44f57a590aa194470c8db9ab-1-768x512.jpg 768w, https:\/\/pre.efe.com\/wp-content\/uploads\/2023\/06\/048c293b10f8323b44f57a590aa194470c8db9ab-1-1536x1024.jpg 1536w, https:\/\/pre.efe.com\/wp-content\/uploads\/2023\/06\/048c293b10f8323b44f57a590aa194470c8db9ab-1-430x286.jpg 430w, https:\/\/pre.efe.com\/wp-content\/uploads\/2023\/06\/048c293b10f8323b44f57a590aa194470c8db9ab-1-1200x800.jpg 1200w, https:\/\/pre.efe.com\/wp-content\/uploads\/2023\/06\/048c293b10f8323b44f57a590aa194470c8db9ab-1.jpg 1920w\" sizes=\"(max-width: 1024px) 100vw, 1024px\" \/><\/figure>\n\n\n\n<figure class=\"wp-block-image size-large\"><img loading=\"lazy\" decoding=\"async\" width=\"1024\" height=\"683\" data-id=\"509039\" src=\"https:\/\/pre.efe.com\/wp-content\/uploads\/2023\/06\/240cdf0f57d4a8b2de1d13d7faf70775d484863b-1-1024x683.jpg\" alt=\"\" class=\"wp-image-509039\" srcset=\"https:\/\/pre.efe.com\/wp-content\/uploads\/2023\/06\/240cdf0f57d4a8b2de1d13d7faf70775d484863b-1-1024x683.jpg 1024w, https:\/\/pre.efe.com\/wp-content\/uploads\/2023\/06\/240cdf0f57d4a8b2de1d13d7faf70775d484863b-1-300x200.jpg 300w, https:\/\/pre.efe.com\/wp-content\/uploads\/2023\/06\/240cdf0f57d4a8b2de1d13d7faf70775d484863b-1-768x512.jpg 768w, https:\/\/pre.efe.com\/wp-content\/uploads\/2023\/06\/240cdf0f57d4a8b2de1d13d7faf70775d484863b-1-1536x1024.jpg 1536w, https:\/\/pre.efe.com\/wp-content\/uploads\/2023\/06\/240cdf0f57d4a8b2de1d13d7faf70775d484863b-1-430x286.jpg 430w, https:\/\/pre.efe.com\/wp-content\/uploads\/2023\/06\/240cdf0f57d4a8b2de1d13d7faf70775d484863b-1-1200x800.jpg 1200w, https:\/\/pre.efe.com\/wp-content\/uploads\/2023\/06\/240cdf0f57d4a8b2de1d13d7faf70775d484863b-1.jpg 1920w\" sizes=\"(max-width: 1024px) 100vw, 1024px\" \/><\/figure>\n\n\n\n<figure class=\"wp-block-image size-large\"><img loading=\"lazy\" decoding=\"async\" width=\"1024\" height=\"576\" data-id=\"509036\" src=\"https:\/\/pre.efe.com\/wp-content\/uploads\/2023\/06\/757ca755fff7e93b1773040183dc04378f47b6a1-1-1024x576.jpg\" alt=\"\" class=\"wp-image-509036\" srcset=\"https:\/\/pre.efe.com\/wp-content\/uploads\/2023\/06\/757ca755fff7e93b1773040183dc04378f47b6a1-1-1024x576.jpg 1024w, https:\/\/pre.efe.com\/wp-content\/uploads\/2023\/06\/757ca755fff7e93b1773040183dc04378f47b6a1-1-300x169.jpg 300w, https:\/\/pre.efe.com\/wp-content\/uploads\/2023\/06\/757ca755fff7e93b1773040183dc04378f47b6a1-1-768x432.jpg 768w, https:\/\/pre.efe.com\/wp-content\/uploads\/2023\/06\/757ca755fff7e93b1773040183dc04378f47b6a1-1-1536x864.jpg 1536w, https:\/\/pre.efe.com\/wp-content\/uploads\/2023\/06\/757ca755fff7e93b1773040183dc04378f47b6a1-1-430x242.jpg 430w, https:\/\/pre.efe.com\/wp-content\/uploads\/2023\/06\/757ca755fff7e93b1773040183dc04378f47b6a1-1-1200x675.jpg 1200w, https:\/\/pre.efe.com\/wp-content\/uploads\/2023\/06\/757ca755fff7e93b1773040183dc04378f47b6a1-1.jpg 1920w\" sizes=\"(max-width: 1024px) 100vw, 1024px\" \/><\/figure>\n\n\n\n<figure class=\"wp-block-image size-large\"><img loading=\"lazy\" decoding=\"async\" width=\"1024\" height=\"683\" data-id=\"509057\" src=\"https:\/\/pre.efe.com\/wp-content\/uploads\/2023\/06\/08785ec706413e74aee7f219667eb568cac7b804-1-1024x683.jpg\" alt=\"\" class=\"wp-image-509057\" srcset=\"https:\/\/pre.efe.com\/wp-content\/uploads\/2023\/06\/08785ec706413e74aee7f219667eb568cac7b804-1-1024x683.jpg 1024w, https:\/\/pre.efe.com\/wp-content\/uploads\/2023\/06\/08785ec706413e74aee7f219667eb568cac7b804-1-300x200.jpg 300w, https:\/\/pre.efe.com\/wp-content\/uploads\/2023\/06\/08785ec706413e74aee7f219667eb568cac7b804-1-768x512.jpg 768w, https:\/\/pre.efe.com\/wp-content\/uploads\/2023\/06\/08785ec706413e74aee7f219667eb568cac7b804-1-1536x1024.jpg 1536w, https:\/\/pre.efe.com\/wp-content\/uploads\/2023\/06\/08785ec706413e74aee7f219667eb568cac7b804-1-430x286.jpg 430w, https:\/\/pre.efe.com\/wp-content\/uploads\/2023\/06\/08785ec706413e74aee7f219667eb568cac7b804-1-1200x800.jpg 1200w, https:\/\/pre.efe.com\/wp-content\/uploads\/2023\/06\/08785ec706413e74aee7f219667eb568cac7b804-1.jpg 1920w\" sizes=\"(max-width: 1024px) 100vw, 1024px\" \/><\/figure>\n\n\n\n<figure class=\"wp-block-image size-large\"><img loading=\"lazy\" decoding=\"async\" width=\"1024\" height=\"637\" data-id=\"509045\" src=\"https:\/\/pre.efe.com\/wp-content\/uploads\/2023\/06\/c7defe0d953b438400fa4b1717abd29e15f7e174-1-1024x637.jpg\" alt=\"\" class=\"wp-image-509045\" srcset=\"https:\/\/pre.efe.com\/wp-content\/uploads\/2023\/06\/c7defe0d953b438400fa4b1717abd29e15f7e174-1-1024x637.jpg 1024w, https:\/\/pre.efe.com\/wp-content\/uploads\/2023\/06\/c7defe0d953b438400fa4b1717abd29e15f7e174-1-300x187.jpg 300w, https:\/\/pre.efe.com\/wp-content\/uploads\/2023\/06\/c7defe0d953b438400fa4b1717abd29e15f7e174-1-768x478.jpg 768w, https:\/\/pre.efe.com\/wp-content\/uploads\/2023\/06\/c7defe0d953b438400fa4b1717abd29e15f7e174-1-1536x956.jpg 1536w, https:\/\/pre.efe.com\/wp-content\/uploads\/2023\/06\/c7defe0d953b438400fa4b1717abd29e15f7e174-1-430x268.jpg 430w, https:\/\/pre.efe.com\/wp-content\/uploads\/2023\/06\/c7defe0d953b438400fa4b1717abd29e15f7e174-1-1200x747.jpg 1200w, https:\/\/pre.efe.com\/wp-content\/uploads\/2023\/06\/c7defe0d953b438400fa4b1717abd29e15f7e174-1.jpg 1920w\" sizes=\"(max-width: 1024px) 100vw, 1024px\" \/><\/figure>\n<\/figure>\n\n\n\n<p>Ao redor do P\u00e1tio de Eventos Luiz Gonzaga, tudo lembra o colorido das festas juninas: chap\u00e9us de palha, lanternas de papel, fogueiras, brincadeiras tradicionais, apresenta\u00e7\u00f5es de quadrilhas e artistas.<br><\/p>\n\n\n\n<p>As quadrilhas s\u00e3o uma atra\u00e7\u00e3o \u00e0 parte no S\u00e3o Jo\u00e3o de Caruaru, tanto que existe um espa\u00e7o especial para elas, o Polo das Quadrilhas, onde a cada dia da festa um grupo diferente se apresenta, fechando a noite ap\u00f3s outras apresenta\u00e7\u00f5es culturais.<br><\/p>\n\n\n\n<p>Outra tradi\u00e7\u00e3o secular e heredit\u00e1ria \u00e9 a dos &#8220;bacamarteiros&#8221;, homens vestidos \u00e0 moda da Guerra do Paraguai (1864-1870) que disparam suas armas munidas com p\u00f3lvora seca &#8211; os bacamartes &#8211; todas as noites da festa.<br><\/p>\n\n\n\n<p>As barracas de comida vendem espetos de carne bovina ou frango, al\u00e9m de doces \u00e0 base de milho, como pamonha, canjica e cural. Para beber, dois cl\u00e1ssicos das festas juninas: vinho quente e quent\u00e3o, al\u00e9m de cerveja bem gelada e caipirinha.<br><\/p>\n\n\n\n<p>A gastronomia ocupa um lugar de destaque. Durante os 65 dias do S\u00e3o Jo\u00e3o de Caruaru, cerca de 50 pratos t\u00edpicos s\u00e3o servidos em por\u00e7\u00f5es gigantescas. No \u00faltimo final de semana, por exemplo, a estrela foi um cuscuz de milho que pesou 600 quilos.<\/p>\n\n\n\n<figure class=\"wp-block-image size-large\"><img loading=\"lazy\" decoding=\"async\" width=\"1024\" height=\"636\" src=\"https:\/\/pre.efe.com\/wp-content\/uploads\/2023\/06\/1-4-1024x636.jpg\" alt=\"\" class=\"wp-image-508988\" srcset=\"https:\/\/pre.efe.com\/wp-content\/uploads\/2023\/06\/1-4-1024x636.jpg 1024w, https:\/\/pre.efe.com\/wp-content\/uploads\/2023\/06\/1-4-300x186.jpg 300w, https:\/\/pre.efe.com\/wp-content\/uploads\/2023\/06\/1-4-768x477.jpg 768w, https:\/\/pre.efe.com\/wp-content\/uploads\/2023\/06\/1-4-1536x954.jpg 1536w, https:\/\/pre.efe.com\/wp-content\/uploads\/2023\/06\/1-4-430x267.jpg 430w, https:\/\/pre.efe.com\/wp-content\/uploads\/2023\/06\/1-4-1200x746.jpg 1200w, https:\/\/pre.efe.com\/wp-content\/uploads\/2023\/06\/1-4.jpg 1920w\" sizes=\"(max-width: 1024px) 100vw, 1024px\" \/><\/figure>\n\n\n\n<p><br><\/p>\n\n\n\n<p>Os n\u00fameros para a economia local festival s\u00e3o igualmente grandes. A inje\u00e7\u00e3o de dinheiro na cidade este ano chegar\u00e1 a R$ 600 milh\u00f5es, de acordo com as proje\u00e7\u00f5es mais conservadoras da prefeitura.<br><\/p>\n\n\n\n<p>Isso \u00e9 essencial para sustentar os bares e restaurantes, hot\u00e9is, transporte e artes\u00e3os de cer\u00e2mica, que s\u00e3o uma das atra\u00e7\u00f5es de Caruaru, e indiretamente beneficia a economia de toda a regi\u00e3o?, disse o prefeito da cidade, Rodrigo Pinheiro, \u00e0 Ag\u00eancia EFE.<br><\/p>\n\n\n\n<blockquote class=\"wp-block-quote is-layout-flow wp-block-quote-is-layout-flow\">\n<p>&#8220;S\u00e3o 65 dias de eventos, mais de 1,2 mil apresenta\u00e7\u00f5es diferentes. O S\u00e3o Jo\u00e3o de Caruaru \u00e9 um dos principais festivais culturais do pa\u00eds. Projetamos que quatro milh\u00f5es de pessoas passar\u00e3o pela cidade, dez vezes a sua popula\u00e7\u00e3o, e a programa\u00e7\u00e3o est\u00e1 sendo cumprida em um clima de tranquilidade e seguran\u00e7a&#8221;, concluiu o prefeito. <\/p>\n\n\n\n<figure class=\"wp-block-video wp-block-embed is-type-video is-provider-videopress\"><div class=\"wp-block-embed__wrapper\">\n<iframe title=\"VideoPress Video Player\" aria-label='VideoPress Video Player' width='1200' height='675' src='https:\/\/videopress.com\/embed\/AyZCNXF0?cover=1&amp;preloadContent=metadata&amp;useAverageColor=1&amp;hd=1' frameborder='0' allowfullscreen data-resize-to-parent=\"true\" allow='clipboard-write'><\/iframe><script src='https:\/\/v0.wordpress.com\/js\/next\/videopress-iframe.js?m=1674852142'><\/script>\n<\/div><\/figure>\n<cite>Rodrigo Pinheiro, prefeito de Caruaru<\/cite><\/blockquote>\n","protected":false},"excerpt":{"rendered":"<p>Caruaru (EFE).- O tri\u00e2ngulo, a zabumba e a sanfona que d\u00e3o ritmo ao forr\u00f3 s\u00e3o ouvidos em cada esquina de Caruaru, e as ruas da cidade pernambucana s\u00e3o tomadas pelo cheiro de churrasco e milho assado que sai de centenas de barracas de comida t\u00edpica: bem-vindos \u00e0 maior festa de S\u00e3o Jo\u00e3o do mundo. O &#8230; <a title=\"Uma das maiores festas do mundo, S\u00e3o Jo\u00e3o de Caruaru leva multid\u00e3o \u00e0 Capital do Forr\u00f3\" class=\"read-more\" href=\"https:\/\/pre.efe.com\/pt-br\/brasil\/2023-06-19\/borrador-automaticosao-joao-de-caruaru-leva-multidao-a-capital-do-forro\/\" aria-label=\"Read more about Uma das maiores festas do mundo, S\u00e3o Jo\u00e3o de Caruaru leva multid\u00e3o \u00e0 Capital do Forr\u00f3\">Leia mais<\/a><\/p>\n","protected":false},"author":198164108,"featured_media":508980,"comment_status":"closed","ping_status":"closed","sticky":false,"template":"","format":"standard","meta":{"_acf_changed":false,"_jetpack_memberships_contains_paid_content":false,"footnotes":""},"categories":[123513,121971],"tags":[125591],"class_list":["post-508977","post","type-post","status-publish","format-standard","has-post-thumbnail","hentry","category-brasil","category-cultura-pt","tag-brasil-2","generate-columns","tablet-grid-50","mobile-grid-100","grid-parent","grid-50"],"acf":[],"yoast_head":"<!-- This site is optimized with the Yoast SEO Premium plugin v26.0 (Yoast SEO v27.5) - https:\/\/yoast.com\/product\/yoast-seo-premium-wordpress\/ -->\n<title>Uma das maiores festas do mundo, S\u00e3o Jo\u00e3o de Caruaru leva multid\u00e3o \u00e0 Capital do Forr\u00f3 - EFE<\/title>\n<meta name=\"description\" content=\"O tri\u00e2ngulo, a zabumba e a sanfona que d\u00e3o ritmo ao forr\u00f3 s\u00e3o ouvidos em cada esquina de Caruaru, e as ruas da cidade pernambucana s\u00e3o tomadas pelo cheiro de churrasco e milho assado que sai de centenas de barracas de comida t\u00edpica: bem-vindos \u00e0 maior festa de S\u00e3o Jo\u00e3o do mundo.\" \/>\n<meta name=\"robots\" content=\"noindex, follow\" \/>\n<meta property=\"og:locale\" content=\"pt_BR\" \/>\n<meta property=\"og:type\" content=\"article\" \/>\n<meta property=\"og:title\" content=\"Uma das maiores festas do mundo, S\u00e3o Jo\u00e3o de Caruaru leva multid\u00e3o \u00e0 Capital do Forr\u00f3 - EFE\" \/>\n<meta property=\"og:description\" content=\"O tri\u00e2ngulo, a zabumba e a sanfona que d\u00e3o ritmo ao forr\u00f3 s\u00e3o ouvidos em cada esquina de Caruaru, e as ruas da cidade pernambucana s\u00e3o tomadas pelo cheiro de churrasco e milho assado que sai de centenas de barracas de comida t\u00edpica: bem-vindos \u00e0 maior festa de S\u00e3o Jo\u00e3o do mundo.\" \/>\n<meta property=\"og:url\" content=\"https:\/\/pre.efe.com\/pt-br\/brasil\/2023-06-19\/borrador-automaticosao-joao-de-caruaru-leva-multidao-a-capital-do-forro\/\" \/>\n<meta property=\"og:site_name\" content=\"EFE Noticias\" \/>\n<meta property=\"article:publisher\" content=\"https:\/\/www.facebook.com\/AgenciaEFEnoticias\/\" \/>\n<meta property=\"article:published_time\" content=\"2023-06-19T21:13:00+00:00\" \/>\n<meta property=\"article:modified_time\" content=\"2023-06-19T21:13:08+00:00\" \/>\n<meta property=\"og:image\" content=\"https:\/\/i0.wp.com\/efe.com\/\/srv\/htdocs\/wp-content\/uploads\/2023\/06\/0c66d6d896ca5840f40163a59b4bbc0edc6eae20.jpg?fit=1920%2C1280&ssl=1\" \/>\n\t<meta property=\"og:image:width\" content=\"1920\" \/>\n\t<meta property=\"og:image:height\" content=\"1280\" \/>\n\t<meta property=\"og:image:type\" content=\"image\/jpeg\" \/>\n<meta name=\"author\" content=\"manuelperezefe\" \/>\n<meta name=\"twitter:card\" content=\"summary_large_image\" \/>\n<meta name=\"twitter:creator\" content=\"@efenoticias\" \/>\n<meta name=\"twitter:site\" content=\"@efenoticias\" \/>\n<script type=\"application\/ld+json\" class=\"yoast-schema-graph\">{\"@context\":\"https:\\\/\\\/schema.org\",\"@graph\":[{\"@type\":\"NewsArticle\",\"@id\":\"https:\\\/\\\/pre.efe.com\\\/pt-br\\\/brasil\\\/2023-06-19\\\/borrador-automaticosao-joao-de-caruaru-leva-multidao-a-capital-do-forro\\\/#article\",\"isPartOf\":{\"@id\":\"https:\\\/\\\/pre.efe.com\\\/pt-br\\\/brasil\\\/2023-06-19\\\/borrador-automaticosao-joao-de-caruaru-leva-multidao-a-capital-do-forro\\\/\"},\"author\":{\"name\":\"manuelperezefe\",\"@id\":\"https:\\\/\\\/pre.efe.com\\\/pt-br\\\/#\\\/schema\\\/person\\\/c8c047900fe822135c5dfe18a69664f4\"},\"headline\":\"Uma das maiores festas do mundo, S\u00e3o Jo\u00e3o de Caruaru leva multid\u00e3o \u00e0 Capital do Forr\u00f3\",\"datePublished\":\"2023-06-19T21:13:00+00:00\",\"dateModified\":\"2023-06-19T21:13:08+00:00\",\"mainEntityOfPage\":{\"@id\":\"https:\\\/\\\/pre.efe.com\\\/pt-br\\\/brasil\\\/2023-06-19\\\/borrador-automaticosao-joao-de-caruaru-leva-multidao-a-capital-do-forro\\\/\"},\"wordCount\":703,\"publisher\":{\"@id\":\"https:\\\/\\\/pre.efe.com\\\/pt-br\\\/#organization\"},\"image\":{\"@id\":\"https:\\\/\\\/pre.efe.com\\\/pt-br\\\/brasil\\\/2023-06-19\\\/borrador-automaticosao-joao-de-caruaru-leva-multidao-a-capital-do-forro\\\/#primaryimage\"},\"thumbnailUrl\":\"https:\\\/\\\/pre.efe.com\\\/wp-content\\\/uploads\\\/2023\\\/06\\\/0c66d6d896ca5840f40163a59b4bbc0edc6eae20.jpg\",\"keywords\":[\"Brasil\"],\"articleSection\":[\"Brasil\",\"Cultura\"],\"inLanguage\":\"pt-BR\",\"copyrightYear\":\"2023\",\"copyrightHolder\":{\"@id\":\"https:\\\/\\\/pre.efe.com\\\/#organization\"}},{\"@type\":[\"WebPage\",\"ItemPage\"],\"@id\":\"https:\\\/\\\/pre.efe.com\\\/pt-br\\\/brasil\\\/2023-06-19\\\/borrador-automaticosao-joao-de-caruaru-leva-multidao-a-capital-do-forro\\\/\",\"url\":\"https:\\\/\\\/pre.efe.com\\\/pt-br\\\/brasil\\\/2023-06-19\\\/borrador-automaticosao-joao-de-caruaru-leva-multidao-a-capital-do-forro\\\/\",\"name\":\"Uma das maiores festas do mundo, S\u00e3o Jo\u00e3o de Caruaru leva multid\u00e3o \u00e0 Capital do Forr\u00f3 - EFE\",\"isPartOf\":{\"@id\":\"https:\\\/\\\/pre.efe.com\\\/pt-br\\\/#website\"},\"primaryImageOfPage\":{\"@id\":\"https:\\\/\\\/pre.efe.com\\\/pt-br\\\/brasil\\\/2023-06-19\\\/borrador-automaticosao-joao-de-caruaru-leva-multidao-a-capital-do-forro\\\/#primaryimage\"},\"image\":{\"@id\":\"https:\\\/\\\/pre.efe.com\\\/pt-br\\\/brasil\\\/2023-06-19\\\/borrador-automaticosao-joao-de-caruaru-leva-multidao-a-capital-do-forro\\\/#primaryimage\"},\"thumbnailUrl\":\"https:\\\/\\\/pre.efe.com\\\/wp-content\\\/uploads\\\/2023\\\/06\\\/0c66d6d896ca5840f40163a59b4bbc0edc6eae20.jpg\",\"datePublished\":\"2023-06-19T21:13:00+00:00\",\"dateModified\":\"2023-06-19T21:13:08+00:00\",\"description\":\"O tri\u00e2ngulo, a zabumba e a sanfona que d\u00e3o ritmo ao forr\u00f3 s\u00e3o ouvidos em cada esquina de Caruaru, e as ruas da cidade pernambucana s\u00e3o tomadas pelo cheiro de churrasco e milho assado que sai de centenas de barracas de comida t\u00edpica: bem-vindos \u00e0 maior festa de S\u00e3o Jo\u00e3o do mundo.\",\"breadcrumb\":{\"@id\":\"https:\\\/\\\/pre.efe.com\\\/pt-br\\\/brasil\\\/2023-06-19\\\/borrador-automaticosao-joao-de-caruaru-leva-multidao-a-capital-do-forro\\\/#breadcrumb\"},\"inLanguage\":\"pt-BR\",\"potentialAction\":[{\"@type\":\"ReadAction\",\"target\":[\"https:\\\/\\\/pre.efe.com\\\/pt-br\\\/brasil\\\/2023-06-19\\\/borrador-automaticosao-joao-de-caruaru-leva-multidao-a-capital-do-forro\\\/\"]}]},{\"@type\":\"ImageObject\",\"inLanguage\":\"pt-BR\",\"@id\":\"https:\\\/\\\/pre.efe.com\\\/pt-br\\\/brasil\\\/2023-06-19\\\/borrador-automaticosao-joao-de-caruaru-leva-multidao-a-capital-do-forro\\\/#primaryimage\",\"url\":\"https:\\\/\\\/pre.efe.com\\\/wp-content\\\/uploads\\\/2023\\\/06\\\/0c66d6d896ca5840f40163a59b4bbc0edc6eae20.jpg\",\"contentUrl\":\"https:\\\/\\\/pre.efe.com\\\/wp-content\\\/uploads\\\/2023\\\/06\\\/0c66d6d896ca5840f40163a59b4bbc0edc6eae20.jpg\",\"width\":1920,\"height\":1280},{\"@type\":\"BreadcrumbList\",\"@id\":\"https:\\\/\\\/pre.efe.com\\\/pt-br\\\/brasil\\\/2023-06-19\\\/borrador-automaticosao-joao-de-caruaru-leva-multidao-a-capital-do-forro\\\/#breadcrumb\",\"itemListElement\":[{\"@type\":\"ListItem\",\"position\":1,\"name\":\"Portada\",\"item\":\"https:\\\/\\\/pre.efe.com\\\/pt-br\\\/\"},{\"@type\":\"ListItem\",\"position\":2,\"name\":\"Uma das maiores festas do mundo, S\u00e3o Jo\u00e3o de Caruaru leva multid\u00e3o \u00e0 Capital do Forr\u00f3\"}]},{\"@type\":\"WebSite\",\"@id\":\"https:\\\/\\\/pre.efe.com\\\/pt-br\\\/#website\",\"url\":\"https:\\\/\\\/pre.efe.com\\\/pt-br\\\/\",\"name\":\"EFE Noticias\",\"description\":\"\",\"publisher\":{\"@id\":\"https:\\\/\\\/pre.efe.com\\\/pt-br\\\/#organization\"},\"potentialAction\":[{\"@type\":\"SearchAction\",\"target\":{\"@type\":\"EntryPoint\",\"urlTemplate\":\"https:\\\/\\\/pre.efe.com\\\/pt-br\\\/?s={search_term_string}\"},\"query-input\":{\"@type\":\"PropertyValueSpecification\",\"valueRequired\":true,\"valueName\":\"search_term_string\"}}],\"inLanguage\":\"pt-BR\"},{\"@type\":\"Organization\",\"@id\":\"https:\\\/\\\/pre.efe.com\\\/pt-br\\\/#organization\",\"name\":\"Agencia EFE\",\"url\":\"https:\\\/\\\/pre.efe.com\\\/pt-br\\\/\",\"logo\":{\"@type\":\"ImageObject\",\"inLanguage\":\"pt-BR\",\"@id\":\"https:\\\/\\\/pre.efe.com\\\/pt-br\\\/#\\\/schema\\\/logo\\\/image\\\/\",\"url\":\"https:\\\/\\\/pre.efe.com\\\/wp-content\\\/uploads\\\/2023\\\/06\\\/logo-efe-467.png\",\"contentUrl\":\"https:\\\/\\\/pre.efe.com\\\/wp-content\\\/uploads\\\/2023\\\/06\\\/logo-efe-467.png\",\"width\":467,\"height\":467,\"caption\":\"Agencia EFE\"},\"image\":{\"@id\":\"https:\\\/\\\/pre.efe.com\\\/pt-br\\\/#\\\/schema\\\/logo\\\/image\\\/\"},\"sameAs\":[\"https:\\\/\\\/www.facebook.com\\\/AgenciaEFEnoticias\\\/\",\"https:\\\/\\\/x.com\\\/efenoticias\",\"https:\\\/\\\/www.instagram.com\\\/efe_noticias\\\/\",\"http:\\\/\\\/www.youtube.com\\\/efe\"]},{\"@type\":\"Person\",\"@id\":\"https:\\\/\\\/pre.efe.com\\\/pt-br\\\/#\\\/schema\\\/person\\\/c8c047900fe822135c5dfe18a69664f4\",\"name\":\"manuelperezefe\",\"image\":{\"@type\":\"ImageObject\",\"inLanguage\":\"pt-BR\",\"@id\":\"https:\\\/\\\/secure.gravatar.com\\\/avatar\\\/a6fd18d9072b150b9ba2a1672f7376f89fea0722b25bef234c1ed8d93c9af0d5?s=96&d=identicon&r=g\",\"url\":\"https:\\\/\\\/secure.gravatar.com\\\/avatar\\\/a6fd18d9072b150b9ba2a1672f7376f89fea0722b25bef234c1ed8d93c9af0d5?s=96&d=identicon&r=g\",\"contentUrl\":\"https:\\\/\\\/secure.gravatar.com\\\/avatar\\\/a6fd18d9072b150b9ba2a1672f7376f89fea0722b25bef234c1ed8d93c9af0d5?s=96&d=identicon&r=g\",\"caption\":\"manuelperezefe\"},\"url\":\"https:\\\/\\\/pre.efe.com\\\/pt-br\\\/autor\\\/manuelperezefe\\\/\"}]}<\/script>\n<!-- \/ Yoast SEO Premium plugin. -->","yoast_head_json":{"title":"Uma das maiores festas do mundo, S\u00e3o Jo\u00e3o de Caruaru leva multid\u00e3o \u00e0 Capital do Forr\u00f3 - EFE","description":"O tri\u00e2ngulo, a zabumba e a sanfona que d\u00e3o ritmo ao forr\u00f3 s\u00e3o ouvidos em cada esquina de Caruaru, e as ruas da cidade pernambucana s\u00e3o tomadas pelo cheiro de churrasco e milho assado que sai de centenas de barracas de comida t\u00edpica: bem-vindos \u00e0 maior festa de S\u00e3o Jo\u00e3o do mundo.","robots":{"index":"noindex","follow":"follow"},"og_locale":"pt_BR","og_type":"article","og_title":"Uma das maiores festas do mundo, S\u00e3o Jo\u00e3o de Caruaru leva multid\u00e3o \u00e0 Capital do Forr\u00f3 - EFE","og_description":"O tri\u00e2ngulo, a zabumba e a sanfona que d\u00e3o ritmo ao forr\u00f3 s\u00e3o ouvidos em cada esquina de Caruaru, e as ruas da cidade pernambucana s\u00e3o tomadas pelo cheiro de churrasco e milho assado que sai de centenas de barracas de comida t\u00edpica: bem-vindos \u00e0 maior festa de S\u00e3o Jo\u00e3o do mundo.","og_url":"https:\/\/pre.efe.com\/pt-br\/brasil\/2023-06-19\/borrador-automaticosao-joao-de-caruaru-leva-multidao-a-capital-do-forro\/","og_site_name":"EFE Noticias","article_publisher":"https:\/\/www.facebook.com\/AgenciaEFEnoticias\/","article_published_time":"2023-06-19T21:13:00+00:00","article_modified_time":"2023-06-19T21:13:08+00:00","og_image":[{"width":1920,"height":1280,"url":"https:\/\/i0.wp.com\/efe.com\/\/srv\/htdocs\/wp-content\/uploads\/2023\/06\/0c66d6d896ca5840f40163a59b4bbc0edc6eae20.jpg?fit=1920%2C1280&ssl=1","type":"image\/jpeg"}],"author":"manuelperezefe","twitter_card":"summary_large_image","twitter_creator":"@efenoticias","twitter_site":"@efenoticias","schema":{"@context":"https:\/\/schema.org","@graph":[{"@type":"NewsArticle","@id":"https:\/\/pre.efe.com\/pt-br\/brasil\/2023-06-19\/borrador-automaticosao-joao-de-caruaru-leva-multidao-a-capital-do-forro\/#article","isPartOf":{"@id":"https:\/\/pre.efe.com\/pt-br\/brasil\/2023-06-19\/borrador-automaticosao-joao-de-caruaru-leva-multidao-a-capital-do-forro\/"},"author":{"name":"manuelperezefe","@id":"https:\/\/pre.efe.com\/pt-br\/#\/schema\/person\/c8c047900fe822135c5dfe18a69664f4"},"headline":"Uma das maiores festas do mundo, S\u00e3o Jo\u00e3o de Caruaru leva multid\u00e3o \u00e0 Capital do Forr\u00f3","datePublished":"2023-06-19T21:13:00+00:00","dateModified":"2023-06-19T21:13:08+00:00","mainEntityOfPage":{"@id":"https:\/\/pre.efe.com\/pt-br\/brasil\/2023-06-19\/borrador-automaticosao-joao-de-caruaru-leva-multidao-a-capital-do-forro\/"},"wordCount":703,"publisher":{"@id":"https:\/\/pre.efe.com\/pt-br\/#organization"},"image":{"@id":"https:\/\/pre.efe.com\/pt-br\/brasil\/2023-06-19\/borrador-automaticosao-joao-de-caruaru-leva-multidao-a-capital-do-forro\/#primaryimage"},"thumbnailUrl":"https:\/\/pre.efe.com\/wp-content\/uploads\/2023\/06\/0c66d6d896ca5840f40163a59b4bbc0edc6eae20.jpg","keywords":["Brasil"],"articleSection":["Brasil","Cultura"],"inLanguage":"pt-BR","copyrightYear":"2023","copyrightHolder":{"@id":"https:\/\/pre.efe.com\/#organization"}},{"@type":["WebPage","ItemPage"],"@id":"https:\/\/pre.efe.com\/pt-br\/brasil\/2023-06-19\/borrador-automaticosao-joao-de-caruaru-leva-multidao-a-capital-do-forro\/","url":"https:\/\/pre.efe.com\/pt-br\/brasil\/2023-06-19\/borrador-automaticosao-joao-de-caruaru-leva-multidao-a-capital-do-forro\/","name":"Uma das maiores festas do mundo, S\u00e3o Jo\u00e3o de Caruaru leva multid\u00e3o \u00e0 Capital do Forr\u00f3 - EFE","isPartOf":{"@id":"https:\/\/pre.efe.com\/pt-br\/#website"},"primaryImageOfPage":{"@id":"https:\/\/pre.efe.com\/pt-br\/brasil\/2023-06-19\/borrador-automaticosao-joao-de-caruaru-leva-multidao-a-capital-do-forro\/#primaryimage"},"image":{"@id":"https:\/\/pre.efe.com\/pt-br\/brasil\/2023-06-19\/borrador-automaticosao-joao-de-caruaru-leva-multidao-a-capital-do-forro\/#primaryimage"},"thumbnailUrl":"https:\/\/pre.efe.com\/wp-content\/uploads\/2023\/06\/0c66d6d896ca5840f40163a59b4bbc0edc6eae20.jpg","datePublished":"2023-06-19T21:13:00+00:00","dateModified":"2023-06-19T21:13:08+00:00","description":"O tri\u00e2ngulo, a zabumba e a sanfona que d\u00e3o ritmo ao forr\u00f3 s\u00e3o ouvidos em cada esquina de Caruaru, e as ruas da cidade pernambucana s\u00e3o tomadas pelo cheiro de churrasco e milho assado que sai de centenas de barracas de comida t\u00edpica: bem-vindos \u00e0 maior festa de S\u00e3o Jo\u00e3o do mundo.","breadcrumb":{"@id":"https:\/\/pre.efe.com\/pt-br\/brasil\/2023-06-19\/borrador-automaticosao-joao-de-caruaru-leva-multidao-a-capital-do-forro\/#breadcrumb"},"inLanguage":"pt-BR","potentialAction":[{"@type":"ReadAction","target":["https:\/\/pre.efe.com\/pt-br\/brasil\/2023-06-19\/borrador-automaticosao-joao-de-caruaru-leva-multidao-a-capital-do-forro\/"]}]},{"@type":"ImageObject","inLanguage":"pt-BR","@id":"https:\/\/pre.efe.com\/pt-br\/brasil\/2023-06-19\/borrador-automaticosao-joao-de-caruaru-leva-multidao-a-capital-do-forro\/#primaryimage","url":"https:\/\/pre.efe.com\/wp-content\/uploads\/2023\/06\/0c66d6d896ca5840f40163a59b4bbc0edc6eae20.jpg","contentUrl":"https:\/\/pre.efe.com\/wp-content\/uploads\/2023\/06\/0c66d6d896ca5840f40163a59b4bbc0edc6eae20.jpg","width":1920,"height":1280},{"@type":"BreadcrumbList","@id":"https:\/\/pre.efe.com\/pt-br\/brasil\/2023-06-19\/borrador-automaticosao-joao-de-caruaru-leva-multidao-a-capital-do-forro\/#breadcrumb","itemListElement":[{"@type":"ListItem","position":1,"name":"Portada","item":"https:\/\/pre.efe.com\/pt-br\/"},{"@type":"ListItem","position":2,"name":"Uma das maiores festas do mundo, S\u00e3o Jo\u00e3o de Caruaru leva multid\u00e3o \u00e0 Capital do Forr\u00f3"}]},{"@type":"WebSite","@id":"https:\/\/pre.efe.com\/pt-br\/#website","url":"https:\/\/pre.efe.com\/pt-br\/","name":"EFE Noticias","description":"","publisher":{"@id":"https:\/\/pre.efe.com\/pt-br\/#organization"},"potentialAction":[{"@type":"SearchAction","target":{"@type":"EntryPoint","urlTemplate":"https:\/\/pre.efe.com\/pt-br\/?s={search_term_string}"},"query-input":{"@type":"PropertyValueSpecification","valueRequired":true,"valueName":"search_term_string"}}],"inLanguage":"pt-BR"},{"@type":"Organization","@id":"https:\/\/pre.efe.com\/pt-br\/#organization","name":"Agencia EFE","url":"https:\/\/pre.efe.com\/pt-br\/","logo":{"@type":"ImageObject","inLanguage":"pt-BR","@id":"https:\/\/pre.efe.com\/pt-br\/#\/schema\/logo\/image\/","url":"https:\/\/pre.efe.com\/wp-content\/uploads\/2023\/06\/logo-efe-467.png","contentUrl":"https:\/\/pre.efe.com\/wp-content\/uploads\/2023\/06\/logo-efe-467.png","width":467,"height":467,"caption":"Agencia EFE"},"image":{"@id":"https:\/\/pre.efe.com\/pt-br\/#\/schema\/logo\/image\/"},"sameAs":["https:\/\/www.facebook.com\/AgenciaEFEnoticias\/","https:\/\/x.com\/efenoticias","https:\/\/www.instagram.com\/efe_noticias\/","http:\/\/www.youtube.com\/efe"]},{"@type":"Person","@id":"https:\/\/pre.efe.com\/pt-br\/#\/schema\/person\/c8c047900fe822135c5dfe18a69664f4","name":"manuelperezefe","image":{"@type":"ImageObject","inLanguage":"pt-BR","@id":"https:\/\/secure.gravatar.com\/avatar\/a6fd18d9072b150b9ba2a1672f7376f89fea0722b25bef234c1ed8d93c9af0d5?s=96&d=identicon&r=g","url":"https:\/\/secure.gravatar.com\/avatar\/a6fd18d9072b150b9ba2a1672f7376f89fea0722b25bef234c1ed8d93c9af0d5?s=96&d=identicon&r=g","contentUrl":"https:\/\/secure.gravatar.com\/avatar\/a6fd18d9072b150b9ba2a1672f7376f89fea0722b25bef234c1ed8d93c9af0d5?s=96&d=identicon&r=g","caption":"manuelperezefe"},"url":"https:\/\/pre.efe.com\/pt-br\/autor\/manuelperezefe\/"}]}},"jetpack_featured_media_url":"https:\/\/pre.efe.com\/wp-content\/uploads\/2023\/06\/0c66d6d896ca5840f40163a59b4bbc0edc6eae20.jpg","jetpack_shortlink":"https:\/\/wp.me\/peJvHm-28pj","jetpack_sharing_enabled":true,"_links":{"self":[{"href":"https:\/\/pre.efe.com\/pt-br\/wp-json\/wp\/v2\/posts\/508977","targetHints":{"allow":["GET"]}}],"collection":[{"href":"https:\/\/pre.efe.com\/pt-br\/wp-json\/wp\/v2\/posts"}],"about":[{"href":"https:\/\/pre.efe.com\/pt-br\/wp-json\/wp\/v2\/types\/post"}],"author":[{"embeddable":true,"href":"https:\/\/pre.efe.com\/pt-br\/wp-json\/wp\/v2\/users\/198164108"}],"replies":[{"embeddable":true,"href":"https:\/\/pre.efe.com\/pt-br\/wp-json\/wp\/v2\/comments?post=508977"}],"version-history":[{"count":8,"href":"https:\/\/pre.efe.com\/pt-br\/wp-json\/wp\/v2\/posts\/508977\/revisions"}],"predecessor-version":[{"id":509079,"href":"https:\/\/pre.efe.com\/pt-br\/wp-json\/wp\/v2\/posts\/508977\/revisions\/509079"}],"wp:featuredmedia":[{"embeddable":true,"href":"https:\/\/pre.efe.com\/pt-br\/wp-json\/wp\/v2\/media\/508980"}],"wp:attachment":[{"href":"https:\/\/pre.efe.com\/pt-br\/wp-json\/wp\/v2\/media?parent=508977"}],"wp:term":[{"taxonomy":"category","embeddable":true,"href":"https:\/\/pre.efe.com\/pt-br\/wp-json\/wp\/v2\/categories?post=508977"},{"taxonomy":"post_tag","embeddable":true,"href":"https:\/\/pre.efe.com\/pt-br\/wp-json\/wp\/v2\/tags?post=508977"}],"curies":[{"name":"wp","href":"https:\/\/api.w.org\/{rel}","templated":true}]}}