{"id":590036,"date":"2023-08-07T23:27:54","date_gmt":"2023-08-07T21:27:54","guid":{"rendered":"https:\/\/pre.efe.com\/?p=590036"},"modified":"2023-08-07T23:27:54","modified_gmt":"2023-08-07T21:27:54","slug":"lula-sanciona-lei-que-autoriza-polemica-terapia-com-ozonio","status":"publish","type":"post","link":"https:\/\/pre.efe.com\/pt-br\/saude\/lula-sanciona-lei-que-autoriza-polemica-terapia-com-ozonio\/","title":{"rendered":"Lula sanciona lei que autoriza pol\u00eamica terapia com oz\u00f4nio"},"content":{"rendered":"\n<p>S\u00e3o Paulo (EFE).- O presidente Luiz In\u00e1cio Lula da Silva sancionou nesta segunda-feira uma lei que permite a aplica\u00e7\u00e3o em todo o territ\u00f3rio nacional do pol\u00eamico tratamento m\u00e9dico com oz\u00f4nio, que \u00e9 contestado por entidades m\u00e9dicas por seu car\u00e1ter experimental.<\/p>\n\n\n\n<p>A lei, previamente aprovada pelo Senado em julho, permite que os tratamentos com oz\u00f4nio sejam fornecidos aos pacientes em car\u00e1ter &#8220;complementar&#8221; por qualquer profissional de sa\u00fade com n\u00edvel superior e inscrito no conselho de fiscaliza\u00e7\u00e3o.<\/p>\n\n\n\n<p>A Academia Nacional de Medicina (ANM)&nbsp; pediu a Lula o veto ao projeto de lei e alegou que n\u00e3o tem conhecimento de trabalho cient\u00edfico que comprove a efic\u00e1cia da terapia com oz\u00f4nio em nenhuma circunst\u00e2ncia e que a pr\u00e1tica \u00e9 nociva e traz risco \u00e0 sa\u00fade.<\/p>\n\n\n\n<p>J\u00e1 o Conselho Federal de Medicina (CFM) se manifesta contra esse tipo de terapia desde 2020, quando come\u00e7aram a ser usadas experimentalmente em pacientes com covid-19.<\/p>\n\n\n\n<p>Naquela \u00e9poca, o \u00f3rg\u00e3o afirmou que a ozonioterapia &#8220;n\u00e3o oferece aos m\u00e9dicos e pacientes a certeza de que \u00e9 um procedimento eficaz e seguro&#8221;.<\/p>\n\n\n\n<p>Em 2017, o Minist\u00e9rio da Sa\u00fade incluiu a ozonioterapia entre as terapias alternativas que podem ser oferecidas gratuitamente em hospitais e postos de sa\u00fade p\u00fablicos, al\u00e9m de outros procedimentos n\u00e3o convencionais como hipnose, aromaterapia e cromoterapia. EFE<\/p>\n","protected":false},"excerpt":{"rendered":"<p>S\u00e3o Paulo (EFE).- O presidente Luiz In\u00e1cio Lula da Silva sancionou nesta segunda-feira uma lei que permite a aplica\u00e7\u00e3o em todo o territ\u00f3rio nacional do pol\u00eamico tratamento m\u00e9dico com oz\u00f4nio, que \u00e9 contestado por entidades m\u00e9dicas por seu car\u00e1ter experimental. A lei, previamente aprovada pelo Senado em julho, permite que os tratamentos com oz\u00f4nio sejam &#8230; <a title=\"Lula sanciona lei que autoriza pol\u00eamica terapia com oz\u00f4nio\" class=\"read-more\" href=\"https:\/\/pre.efe.com\/pt-br\/saude\/lula-sanciona-lei-que-autoriza-polemica-terapia-com-ozonio\/\" aria-label=\"Read more about Lula sanciona lei que autoriza pol\u00eamica terapia com oz\u00f4nio\">Leia mais<\/a><\/p>\n","protected":false},"author":198164106,"featured_media":538750,"comment_status":"closed","ping_status":"closed","sticky":false,"template":"","format":"standard","meta":{"_acf_changed":false,"_jetpack_memberships_contains_paid_content":false,"footnotes":""},"categories":[123513,122141,122040],"tags":[125591,124845],"class_list":["post-590036","post","type-post","status-publish","format-standard","has-post-thumbnail","hentry","category-brasil","category-portada","category-saude","tag-brasil-2","tag-governo","generate-columns","tablet-grid-50","mobile-grid-100","grid-parent","grid-50"],"acf":[],"yoast_head":"<!-- This site is optimized with the Yoast SEO Premium plugin v26.0 (Yoast SEO v27.4) - https:\/\/yoast.com\/product\/yoast-seo-premium-wordpress\/ -->\n<title>Lula sanciona lei que autoriza pol\u00eamica terapia com oz\u00f4nio - EFE<\/title>\n<meta name=\"robots\" content=\"noindex, follow\" \/>\n<meta property=\"og:locale\" content=\"pt_BR\" \/>\n<meta property=\"og:type\" content=\"article\" \/>\n<meta property=\"og:title\" content=\"Lula sanciona lei que autoriza pol\u00eamica terapia com oz\u00f4nio - EFE\" \/>\n<meta property=\"og:description\" content=\"S\u00e3o Paulo (EFE).- O presidente Luiz In\u00e1cio Lula da Silva sancionou nesta segunda-feira uma lei que permite a aplica\u00e7\u00e3o em todo o territ\u00f3rio nacional do pol\u00eamico tratamento m\u00e9dico com oz\u00f4nio, que \u00e9 contestado por entidades m\u00e9dicas por seu car\u00e1ter experimental. A lei, previamente aprovada pelo Senado em julho, permite que os tratamentos com oz\u00f4nio sejam ... Leia mais\" \/>\n<meta property=\"og:url\" content=\"https:\/\/pre.efe.com\/pt-br\/saude\/lula-sanciona-lei-que-autoriza-polemica-terapia-com-ozonio\/\" \/>\n<meta property=\"og:site_name\" content=\"EFE Noticias\" \/>\n<meta property=\"article:publisher\" content=\"https:\/\/www.facebook.com\/AgenciaEFEnoticias\/\" \/>\n<meta property=\"article:published_time\" content=\"2023-08-07T21:27:54+00:00\" \/>\n<meta property=\"og:image\" content=\"https:\/\/i0.wp.com\/efe.com\/\/srv\/htdocs\/wp-content\/uploads\/2023\/07\/AME9272-BRASIL-AGRICULTURA.jpg?fit=900%2C598&ssl=1\" \/>\n\t<meta property=\"og:image:width\" content=\"900\" \/>\n\t<meta property=\"og:image:height\" content=\"598\" \/>\n\t<meta property=\"og:image:type\" content=\"image\/jpeg\" \/>\n<meta name=\"author\" content=\"anachain\" \/>\n<meta name=\"twitter:card\" content=\"summary_large_image\" \/>\n<meta name=\"twitter:creator\" content=\"@efenoticias\" \/>\n<meta name=\"twitter:site\" content=\"@efenoticias\" \/>\n<script type=\"application\/ld+json\" class=\"yoast-schema-graph\">{\"@context\":\"https:\\\/\\\/schema.org\",\"@graph\":[{\"@type\":\"NewsArticle\",\"@id\":\"https:\\\/\\\/pre.efe.com\\\/pt-br\\\/saude\\\/lula-sanciona-lei-que-autoriza-polemica-terapia-com-ozonio\\\/#article\",\"isPartOf\":{\"@id\":\"https:\\\/\\\/pre.efe.com\\\/pt-br\\\/saude\\\/lula-sanciona-lei-que-autoriza-polemica-terapia-com-ozonio\\\/\"},\"author\":{\"name\":\"anachain\",\"@id\":\"https:\\\/\\\/pre.efe.com\\\/pt-br\\\/#\\\/schema\\\/person\\\/b19f23f210db552768f68a4b552b004f\"},\"headline\":\"Lula sanciona lei que autoriza pol\u00eamica terapia com oz\u00f4nio\",\"datePublished\":\"2023-08-07T21:27:54+00:00\",\"mainEntityOfPage\":{\"@id\":\"https:\\\/\\\/pre.efe.com\\\/pt-br\\\/saude\\\/lula-sanciona-lei-que-autoriza-polemica-terapia-com-ozonio\\\/\"},\"wordCount\":246,\"publisher\":{\"@id\":\"https:\\\/\\\/pre.efe.com\\\/pt-br\\\/#organization\"},\"image\":{\"@id\":\"https:\\\/\\\/pre.efe.com\\\/pt-br\\\/saude\\\/lula-sanciona-lei-que-autoriza-polemica-terapia-com-ozonio\\\/#primaryimage\"},\"thumbnailUrl\":\"https:\\\/\\\/pre.efe.com\\\/wp-content\\\/uploads\\\/2023\\\/07\\\/AME9272-BRASIL-AGRICULTURA.jpg\",\"keywords\":[\"Brasil\",\"Governo\"],\"articleSection\":[\"Brasil\",\"Portada\",\"Sa\u00fade\"],\"inLanguage\":\"pt-BR\",\"copyrightYear\":\"2023\",\"copyrightHolder\":{\"@id\":\"https:\\\/\\\/pre.efe.com\\\/#organization\"}},{\"@type\":[\"WebPage\",\"ItemPage\"],\"@id\":\"https:\\\/\\\/pre.efe.com\\\/pt-br\\\/saude\\\/lula-sanciona-lei-que-autoriza-polemica-terapia-com-ozonio\\\/\",\"url\":\"https:\\\/\\\/pre.efe.com\\\/pt-br\\\/saude\\\/lula-sanciona-lei-que-autoriza-polemica-terapia-com-ozonio\\\/\",\"name\":\"Lula sanciona lei que autoriza pol\u00eamica terapia com oz\u00f4nio - EFE\",\"isPartOf\":{\"@id\":\"https:\\\/\\\/pre.efe.com\\\/pt-br\\\/#website\"},\"primaryImageOfPage\":{\"@id\":\"https:\\\/\\\/pre.efe.com\\\/pt-br\\\/saude\\\/lula-sanciona-lei-que-autoriza-polemica-terapia-com-ozonio\\\/#primaryimage\"},\"image\":{\"@id\":\"https:\\\/\\\/pre.efe.com\\\/pt-br\\\/saude\\\/lula-sanciona-lei-que-autoriza-polemica-terapia-com-ozonio\\\/#primaryimage\"},\"thumbnailUrl\":\"https:\\\/\\\/pre.efe.com\\\/wp-content\\\/uploads\\\/2023\\\/07\\\/AME9272-BRASIL-AGRICULTURA.jpg\",\"datePublished\":\"2023-08-07T21:27:54+00:00\",\"breadcrumb\":{\"@id\":\"https:\\\/\\\/pre.efe.com\\\/pt-br\\\/saude\\\/lula-sanciona-lei-que-autoriza-polemica-terapia-com-ozonio\\\/#breadcrumb\"},\"inLanguage\":\"pt-BR\",\"potentialAction\":[{\"@type\":\"ReadAction\",\"target\":[\"https:\\\/\\\/pre.efe.com\\\/pt-br\\\/saude\\\/lula-sanciona-lei-que-autoriza-polemica-terapia-com-ozonio\\\/\"]}]},{\"@type\":\"ImageObject\",\"inLanguage\":\"pt-BR\",\"@id\":\"https:\\\/\\\/pre.efe.com\\\/pt-br\\\/saude\\\/lula-sanciona-lei-que-autoriza-polemica-terapia-com-ozonio\\\/#primaryimage\",\"url\":\"https:\\\/\\\/pre.efe.com\\\/wp-content\\\/uploads\\\/2023\\\/07\\\/AME9272-BRASIL-AGRICULTURA.jpg\",\"contentUrl\":\"https:\\\/\\\/pre.efe.com\\\/wp-content\\\/uploads\\\/2023\\\/07\\\/AME9272-BRASIL-AGRICULTURA.jpg\",\"width\":900,\"height\":598,\"caption\":\"Luiz In\u00e1cio Lula da Silva. EFE\\\/AArquivo\\\/ndr\u00e9 Borges\"},{\"@type\":\"BreadcrumbList\",\"@id\":\"https:\\\/\\\/pre.efe.com\\\/pt-br\\\/saude\\\/lula-sanciona-lei-que-autoriza-polemica-terapia-com-ozonio\\\/#breadcrumb\",\"itemListElement\":[{\"@type\":\"ListItem\",\"position\":1,\"name\":\"Portada\",\"item\":\"https:\\\/\\\/pre.efe.com\\\/pt-br\\\/\"},{\"@type\":\"ListItem\",\"position\":2,\"name\":\"Lula sanciona lei que autoriza pol\u00eamica terapia com oz\u00f4nio\"}]},{\"@type\":\"WebSite\",\"@id\":\"https:\\\/\\\/pre.efe.com\\\/pt-br\\\/#website\",\"url\":\"https:\\\/\\\/pre.efe.com\\\/pt-br\\\/\",\"name\":\"EFE Noticias\",\"description\":\"\",\"publisher\":{\"@id\":\"https:\\\/\\\/pre.efe.com\\\/pt-br\\\/#organization\"},\"potentialAction\":[{\"@type\":\"SearchAction\",\"target\":{\"@type\":\"EntryPoint\",\"urlTemplate\":\"https:\\\/\\\/pre.efe.com\\\/pt-br\\\/?s={search_term_string}\"},\"query-input\":{\"@type\":\"PropertyValueSpecification\",\"valueRequired\":true,\"valueName\":\"search_term_string\"}}],\"inLanguage\":\"pt-BR\"},{\"@type\":\"Organization\",\"@id\":\"https:\\\/\\\/pre.efe.com\\\/pt-br\\\/#organization\",\"name\":\"Agencia EFE\",\"url\":\"https:\\\/\\\/pre.efe.com\\\/pt-br\\\/\",\"logo\":{\"@type\":\"ImageObject\",\"inLanguage\":\"pt-BR\",\"@id\":\"https:\\\/\\\/pre.efe.com\\\/pt-br\\\/#\\\/schema\\\/logo\\\/image\\\/\",\"url\":\"https:\\\/\\\/pre.efe.com\\\/wp-content\\\/uploads\\\/2023\\\/06\\\/logo-efe-467.png\",\"contentUrl\":\"https:\\\/\\\/pre.efe.com\\\/wp-content\\\/uploads\\\/2023\\\/06\\\/logo-efe-467.png\",\"width\":467,\"height\":467,\"caption\":\"Agencia EFE\"},\"image\":{\"@id\":\"https:\\\/\\\/pre.efe.com\\\/pt-br\\\/#\\\/schema\\\/logo\\\/image\\\/\"},\"sameAs\":[\"https:\\\/\\\/www.facebook.com\\\/AgenciaEFEnoticias\\\/\",\"https:\\\/\\\/x.com\\\/efenoticias\",\"https:\\\/\\\/www.instagram.com\\\/efe_noticias\\\/\",\"http:\\\/\\\/www.youtube.com\\\/efe\"]},{\"@type\":\"Person\",\"@id\":\"https:\\\/\\\/pre.efe.com\\\/pt-br\\\/#\\\/schema\\\/person\\\/b19f23f210db552768f68a4b552b004f\",\"name\":\"anachain\",\"image\":{\"@type\":\"ImageObject\",\"inLanguage\":\"pt-BR\",\"@id\":\"https:\\\/\\\/secure.gravatar.com\\\/avatar\\\/30b83965911ef1108bb893c00bdd65c885f9890e1265ee04b02c3d5adc785d37?s=96&d=identicon&r=g\",\"url\":\"https:\\\/\\\/secure.gravatar.com\\\/avatar\\\/30b83965911ef1108bb893c00bdd65c885f9890e1265ee04b02c3d5adc785d37?s=96&d=identicon&r=g\",\"contentUrl\":\"https:\\\/\\\/secure.gravatar.com\\\/avatar\\\/30b83965911ef1108bb893c00bdd65c885f9890e1265ee04b02c3d5adc785d37?s=96&d=identicon&r=g\",\"caption\":\"anachain\"},\"url\":\"https:\\\/\\\/pre.efe.com\\\/pt-br\\\/autor\\\/anachain\\\/\"}]}<\/script>\n<!-- \/ Yoast SEO Premium plugin. -->","yoast_head_json":{"title":"Lula sanciona lei que autoriza pol\u00eamica terapia com oz\u00f4nio - EFE","robots":{"index":"noindex","follow":"follow"},"og_locale":"pt_BR","og_type":"article","og_title":"Lula sanciona lei que autoriza pol\u00eamica terapia com oz\u00f4nio - EFE","og_description":"S\u00e3o Paulo (EFE).- O presidente Luiz In\u00e1cio Lula da Silva sancionou nesta segunda-feira uma lei que permite a aplica\u00e7\u00e3o em todo o territ\u00f3rio nacional do pol\u00eamico tratamento m\u00e9dico com oz\u00f4nio, que \u00e9 contestado por entidades m\u00e9dicas por seu car\u00e1ter experimental. A lei, previamente aprovada pelo Senado em julho, permite que os tratamentos com oz\u00f4nio sejam ... Leia mais","og_url":"https:\/\/pre.efe.com\/pt-br\/saude\/lula-sanciona-lei-que-autoriza-polemica-terapia-com-ozonio\/","og_site_name":"EFE Noticias","article_publisher":"https:\/\/www.facebook.com\/AgenciaEFEnoticias\/","article_published_time":"2023-08-07T21:27:54+00:00","og_image":[{"width":900,"height":598,"url":"https:\/\/i0.wp.com\/efe.com\/\/srv\/htdocs\/wp-content\/uploads\/2023\/07\/AME9272-BRASIL-AGRICULTURA.jpg?fit=900%2C598&ssl=1","type":"image\/jpeg"}],"author":"anachain","twitter_card":"summary_large_image","twitter_creator":"@efenoticias","twitter_site":"@efenoticias","schema":{"@context":"https:\/\/schema.org","@graph":[{"@type":"NewsArticle","@id":"https:\/\/pre.efe.com\/pt-br\/saude\/lula-sanciona-lei-que-autoriza-polemica-terapia-com-ozonio\/#article","isPartOf":{"@id":"https:\/\/pre.efe.com\/pt-br\/saude\/lula-sanciona-lei-que-autoriza-polemica-terapia-com-ozonio\/"},"author":{"name":"anachain","@id":"https:\/\/pre.efe.com\/pt-br\/#\/schema\/person\/b19f23f210db552768f68a4b552b004f"},"headline":"Lula sanciona lei que autoriza pol\u00eamica terapia com oz\u00f4nio","datePublished":"2023-08-07T21:27:54+00:00","mainEntityOfPage":{"@id":"https:\/\/pre.efe.com\/pt-br\/saude\/lula-sanciona-lei-que-autoriza-polemica-terapia-com-ozonio\/"},"wordCount":246,"publisher":{"@id":"https:\/\/pre.efe.com\/pt-br\/#organization"},"image":{"@id":"https:\/\/pre.efe.com\/pt-br\/saude\/lula-sanciona-lei-que-autoriza-polemica-terapia-com-ozonio\/#primaryimage"},"thumbnailUrl":"https:\/\/pre.efe.com\/wp-content\/uploads\/2023\/07\/AME9272-BRASIL-AGRICULTURA.jpg","keywords":["Brasil","Governo"],"articleSection":["Brasil","Portada","Sa\u00fade"],"inLanguage":"pt-BR","copyrightYear":"2023","copyrightHolder":{"@id":"https:\/\/pre.efe.com\/#organization"}},{"@type":["WebPage","ItemPage"],"@id":"https:\/\/pre.efe.com\/pt-br\/saude\/lula-sanciona-lei-que-autoriza-polemica-terapia-com-ozonio\/","url":"https:\/\/pre.efe.com\/pt-br\/saude\/lula-sanciona-lei-que-autoriza-polemica-terapia-com-ozonio\/","name":"Lula sanciona lei que autoriza pol\u00eamica terapia com oz\u00f4nio - EFE","isPartOf":{"@id":"https:\/\/pre.efe.com\/pt-br\/#website"},"primaryImageOfPage":{"@id":"https:\/\/pre.efe.com\/pt-br\/saude\/lula-sanciona-lei-que-autoriza-polemica-terapia-com-ozonio\/#primaryimage"},"image":{"@id":"https:\/\/pre.efe.com\/pt-br\/saude\/lula-sanciona-lei-que-autoriza-polemica-terapia-com-ozonio\/#primaryimage"},"thumbnailUrl":"https:\/\/pre.efe.com\/wp-content\/uploads\/2023\/07\/AME9272-BRASIL-AGRICULTURA.jpg","datePublished":"2023-08-07T21:27:54+00:00","breadcrumb":{"@id":"https:\/\/pre.efe.com\/pt-br\/saude\/lula-sanciona-lei-que-autoriza-polemica-terapia-com-ozonio\/#breadcrumb"},"inLanguage":"pt-BR","potentialAction":[{"@type":"ReadAction","target":["https:\/\/pre.efe.com\/pt-br\/saude\/lula-sanciona-lei-que-autoriza-polemica-terapia-com-ozonio\/"]}]},{"@type":"ImageObject","inLanguage":"pt-BR","@id":"https:\/\/pre.efe.com\/pt-br\/saude\/lula-sanciona-lei-que-autoriza-polemica-terapia-com-ozonio\/#primaryimage","url":"https:\/\/pre.efe.com\/wp-content\/uploads\/2023\/07\/AME9272-BRASIL-AGRICULTURA.jpg","contentUrl":"https:\/\/pre.efe.com\/wp-content\/uploads\/2023\/07\/AME9272-BRASIL-AGRICULTURA.jpg","width":900,"height":598,"caption":"Luiz In\u00e1cio Lula da Silva. EFE\/AArquivo\/ndr\u00e9 Borges"},{"@type":"BreadcrumbList","@id":"https:\/\/pre.efe.com\/pt-br\/saude\/lula-sanciona-lei-que-autoriza-polemica-terapia-com-ozonio\/#breadcrumb","itemListElement":[{"@type":"ListItem","position":1,"name":"Portada","item":"https:\/\/pre.efe.com\/pt-br\/"},{"@type":"ListItem","position":2,"name":"Lula sanciona lei que autoriza pol\u00eamica terapia com oz\u00f4nio"}]},{"@type":"WebSite","@id":"https:\/\/pre.efe.com\/pt-br\/#website","url":"https:\/\/pre.efe.com\/pt-br\/","name":"EFE Noticias","description":"","publisher":{"@id":"https:\/\/pre.efe.com\/pt-br\/#organization"},"potentialAction":[{"@type":"SearchAction","target":{"@type":"EntryPoint","urlTemplate":"https:\/\/pre.efe.com\/pt-br\/?s={search_term_string}"},"query-input":{"@type":"PropertyValueSpecification","valueRequired":true,"valueName":"search_term_string"}}],"inLanguage":"pt-BR"},{"@type":"Organization","@id":"https:\/\/pre.efe.com\/pt-br\/#organization","name":"Agencia EFE","url":"https:\/\/pre.efe.com\/pt-br\/","logo":{"@type":"ImageObject","inLanguage":"pt-BR","@id":"https:\/\/pre.efe.com\/pt-br\/#\/schema\/logo\/image\/","url":"https:\/\/pre.efe.com\/wp-content\/uploads\/2023\/06\/logo-efe-467.png","contentUrl":"https:\/\/pre.efe.com\/wp-content\/uploads\/2023\/06\/logo-efe-467.png","width":467,"height":467,"caption":"Agencia EFE"},"image":{"@id":"https:\/\/pre.efe.com\/pt-br\/#\/schema\/logo\/image\/"},"sameAs":["https:\/\/www.facebook.com\/AgenciaEFEnoticias\/","https:\/\/x.com\/efenoticias","https:\/\/www.instagram.com\/efe_noticias\/","http:\/\/www.youtube.com\/efe"]},{"@type":"Person","@id":"https:\/\/pre.efe.com\/pt-br\/#\/schema\/person\/b19f23f210db552768f68a4b552b004f","name":"anachain","image":{"@type":"ImageObject","inLanguage":"pt-BR","@id":"https:\/\/secure.gravatar.com\/avatar\/30b83965911ef1108bb893c00bdd65c885f9890e1265ee04b02c3d5adc785d37?s=96&d=identicon&r=g","url":"https:\/\/secure.gravatar.com\/avatar\/30b83965911ef1108bb893c00bdd65c885f9890e1265ee04b02c3d5adc785d37?s=96&d=identicon&r=g","contentUrl":"https:\/\/secure.gravatar.com\/avatar\/30b83965911ef1108bb893c00bdd65c885f9890e1265ee04b02c3d5adc785d37?s=96&d=identicon&r=g","caption":"anachain"},"url":"https:\/\/pre.efe.com\/pt-br\/autor\/anachain\/"}]}},"jetpack_featured_media_url":"https:\/\/pre.efe.com\/wp-content\/uploads\/2023\/07\/AME9272-BRASIL-AGRICULTURA.jpg","jetpack_shortlink":"https:\/\/wp.me\/peJvHm-2tuI","jetpack_sharing_enabled":true,"_links":{"self":[{"href":"https:\/\/pre.efe.com\/pt-br\/wp-json\/wp\/v2\/posts\/590036","targetHints":{"allow":["GET"]}}],"collection":[{"href":"https:\/\/pre.efe.com\/pt-br\/wp-json\/wp\/v2\/posts"}],"about":[{"href":"https:\/\/pre.efe.com\/pt-br\/wp-json\/wp\/v2\/types\/post"}],"author":[{"embeddable":true,"href":"https:\/\/pre.efe.com\/pt-br\/wp-json\/wp\/v2\/users\/198164106"}],"replies":[{"embeddable":true,"href":"https:\/\/pre.efe.com\/pt-br\/wp-json\/wp\/v2\/comments?post=590036"}],"version-history":[{"count":2,"href":"https:\/\/pre.efe.com\/pt-br\/wp-json\/wp\/v2\/posts\/590036\/revisions"}],"predecessor-version":[{"id":590038,"href":"https:\/\/pre.efe.com\/pt-br\/wp-json\/wp\/v2\/posts\/590036\/revisions\/590038"}],"wp:featuredmedia":[{"embeddable":true,"href":"https:\/\/pre.efe.com\/pt-br\/wp-json\/wp\/v2\/media\/538750"}],"wp:attachment":[{"href":"https:\/\/pre.efe.com\/pt-br\/wp-json\/wp\/v2\/media?parent=590036"}],"wp:term":[{"taxonomy":"category","embeddable":true,"href":"https:\/\/pre.efe.com\/pt-br\/wp-json\/wp\/v2\/categories?post=590036"},{"taxonomy":"post_tag","embeddable":true,"href":"https:\/\/pre.efe.com\/pt-br\/wp-json\/wp\/v2\/tags?post=590036"}],"curies":[{"name":"wp","href":"https:\/\/api.w.org\/{rel}","templated":true}]}}