{"id":652825,"date":"2023-09-16T21:13:00","date_gmt":"2023-09-16T19:13:00","guid":{"rendered":"https:\/\/pre.efe.com\/?p=652825"},"modified":"2023-09-19T21:15:31","modified_gmt":"2023-09-19T19:15:31","slug":"exploracao-de-petroleo-em-reserva-na-amazonia-peruana-preocupa-ambientalistas-e-indigenas","status":"publish","type":"post","link":"https:\/\/pre.efe.com\/pt-br\/mundo-2\/2023-09-16\/exploracao-de-petroleo-em-reserva-na-amazonia-peruana-preocupa-ambientalistas-e-indigenas\/","title":{"rendered":"Explora\u00e7\u00e3o de petr\u00f3leo em reserva na Amaz\u00f4nia peruana preocupa ambientalistas e ind\u00edgenas"},"content":{"rendered":"\n<p>Lima (EFE).- Organiza\u00e7\u00f5es ambientais e l\u00edderes ind\u00edgenas alertaram sobre as amea\u00e7as \u00e0 biodiversidade e \u00e0s comunidades nativas relacionadas \u00e0 poss\u00edvel explora\u00e7\u00e3o e extra\u00e7\u00e3o de petr\u00f3leo no campo MD-XP-001, localizado no cora\u00e7\u00e3o da Amaz\u00f4nia peruana.<\/p>\n\n\n\n<p>O lote, de acordo com a organiza\u00e7\u00e3o Direito, Ambiente e Recursos Naturais (DAR), est\u00e1 entre as 31 \u00e1reas que a Perupetro &#8211; empresa estatal respons\u00e1vel por promover, negociar e supervisionar as atividades relacionadas \u00e0 explora\u00e7\u00e3o de hidrocarbonetos no pa\u00eds -, incluiu em sua lista de \u201coportunidades&#8221;.<\/p>\n\n\n\n<p>O MD-XP-001 est\u00e1 localizado entre a Reserva Comunal Amarakaeri e a zona de amortecimento dos Parques Nacionais Manu e Bahuaja Sonene, raz\u00e3o pela qual a DAR advertiu &#8220;sobre os riscos envolvidos na prospec\u00e7\u00e3o e explora\u00e7\u00e3o de hidrocarbonetos nessa \u00e1rea.<\/p>\n\n\n\n<p>Em entrevista \u00e0 Ag\u00eancia EFE, a coordenadora do programa de sustentabilidade da DAR, Vanessa Cueto, disse que o lote atualmente faz parte das &#8220;\u00e1reas divulgadas&#8221; e est\u00e1 em &#8220;fase de promo\u00e7\u00e3o&#8221;.<\/p>\n\n\n\n<blockquote class=\"wp-block-quote is-layout-flow wp-block-quote-is-layout-flow\">\n<p>&#8220;O que nos preocupa \u00e9 todo o processo de promo\u00e7\u00e3o dessas novas \u00e1reas no Peru, especialmente as \u00e1reas amaz\u00f4nicas&#8221;, acrescentou.<\/p>\n<\/blockquote>\n\n\n\n<p>Com rela\u00e7\u00e3o ao lote MD-XP-001, ela explicou que ele se sobrep\u00f5e a uma reserva comunal muito importante no Peru, a Amarakaeri, criada em 2003 e com uma vasta extens\u00e3o de mais de 400.000 hectares.<\/p>\n\n\n\n<p>Essa \u00e1rea foi criada como uma reserva com &#8220;o objetivo de conservar um centro de grande diversidade biol\u00f3gica&#8221;, pois \u00e9 &#8220;um ref\u00fagio para muitas esp\u00e9cies de flora e fauna e tem valores culturais muito importantes para as comunidades ind\u00edgenas dessa regi\u00e3o&#8221;.<\/p>\n\n\n\n<h2 class=\"wp-block-heading\" id=\"h-novas-palavras-velhas-promessas\">Novas palavras, velhas promessas<\/h2>\n\n\n\n<p>Para o membro do Conselho de Administra\u00e7\u00e3o da Associa\u00e7\u00e3o Inter\u00e9tnica para o Desenvolvimento da Floresta Tropical Peruana (Aidesep) Julio Cusurichi, o pior \u00e9 que &#8220;o governo sempre vem com novas palavras&#8221;, mas n\u00e3o d\u00e1 prioridade ao desenvolvimento.<\/p>\n\n\n\n<p>Seu grande temor \u00e9 que essa oportunidade de explora\u00e7\u00e3o signifique destrui\u00e7\u00e3o, &#8220;priva\u00e7\u00e3o&#8221; e contamina\u00e7\u00e3o e um grande preju\u00edzo para as comunidades locais.<\/p>\n\n\n\n<p>Para ele, a licita\u00e7\u00e3o desse lote mostra que as autoridades &#8220;atendem aos interesses econ\u00f4micos&#8221; e n\u00e3o \u00e0queles que deveriam ter voz e contar com assist\u00eancia mediante um projeto dessa magnitude.<\/p>\n\n\n\n<p>Caso a explora\u00e7\u00e3o do local venha a se tornar realidade, ele chamou aten\u00e7\u00e3o para o fato de que &#8220;uma comunidade sem territ\u00f3rio&#8221; ou com um rio contaminado, est\u00e1 &#8220;a caminho de desaparecer gradualmente&#8221;.<\/p>\n\n\n\n<p>Al\u00e9m disso, Cusurichi lembrou que a \u00e1gua \u00e9 &#8220;parte da cosmovis\u00e3o&#8221; das comunidades ind\u00edgenas do Peru e de sua espiritualidade.<\/p>\n\n\n\n<p>Com rela\u00e7\u00e3o \u00e0 quest\u00e3o meio ambiental, ele garantiu que a Aidesep n\u00e3o se posiciona &#8220;contra o desenvolvimento&#8221;, mas afirmou que consideram que ele deve andar de m\u00e3os dadas com o &#8220;fortalecimento da iniciativa dos povos ind\u00edgenas&#8221;.<\/p>\n\n\n\n<p>Por esse motivo, prop\u00f4s projetos relacionados ao &#8220;turismo, ao ecoturismo ou \u00e0 piscicultura&#8221;, para que possam agregar &#8220;valor aos recursos naturais das florestas&#8221;. EFE<\/p>\n","protected":false},"excerpt":{"rendered":"<p>Lima (EFE).- Organiza\u00e7\u00f5es ambientais e l\u00edderes ind\u00edgenas alertaram sobre as amea\u00e7as \u00e0 biodiversidade e \u00e0s comunidades nativas relacionadas \u00e0 poss\u00edvel explora\u00e7\u00e3o e extra\u00e7\u00e3o de petr\u00f3leo no campo MD-XP-001, localizado no cora\u00e7\u00e3o da Amaz\u00f4nia peruana. O lote, de acordo com a organiza\u00e7\u00e3o Direito, Ambiente e Recursos Naturais (DAR), est\u00e1 entre as 31 \u00e1reas que a Perupetro &#8230; <a title=\"Explora\u00e7\u00e3o de petr\u00f3leo em reserva na Amaz\u00f4nia peruana preocupa ambientalistas e ind\u00edgenas\" class=\"read-more\" href=\"https:\/\/pre.efe.com\/pt-br\/mundo-2\/2023-09-16\/exploracao-de-petroleo-em-reserva-na-amazonia-peruana-preocupa-ambientalistas-e-indigenas\/\" aria-label=\"Read more about Explora\u00e7\u00e3o de petr\u00f3leo em reserva na Amaz\u00f4nia peruana preocupa ambientalistas e ind\u00edgenas\">Leia mais<\/a><\/p>\n","protected":false},"author":198164106,"featured_media":652830,"comment_status":"closed","ping_status":"closed","sticky":false,"template":"","format":"standard","meta":{"_acf_changed":false,"_jetpack_memberships_contains_paid_content":false,"footnotes":""},"categories":[123208,122144],"tags":[125411,123239,125964,124206],"class_list":["post-652825","post","type-post","status-publish","format-standard","has-post-thumbnail","hentry","category-mundo-2","category-outras-noticias","tag-amazonia-2","tag-economia-2","tag-peru-3","tag-petroleo","generate-columns","tablet-grid-50","mobile-grid-100","grid-parent","grid-50"],"acf":[],"yoast_head":"<!-- This site is optimized with the Yoast SEO Premium plugin v26.0 (Yoast SEO v27.4) - https:\/\/yoast.com\/product\/yoast-seo-premium-wordpress\/ -->\n<title>Explora\u00e7\u00e3o de petr\u00f3leo em reserva na Amaz\u00f4nia peruana preocupa ambientalistas e ind\u00edgenas - EFE<\/title>\n<meta name=\"robots\" content=\"noindex, follow\" \/>\n<meta property=\"og:locale\" content=\"pt_BR\" \/>\n<meta property=\"og:type\" content=\"article\" \/>\n<meta property=\"og:title\" content=\"Explora\u00e7\u00e3o de petr\u00f3leo em reserva na Amaz\u00f4nia peruana preocupa ambientalistas e ind\u00edgenas - EFE\" \/>\n<meta property=\"og:description\" content=\"Lima (EFE).- Organiza\u00e7\u00f5es ambientais e l\u00edderes ind\u00edgenas alertaram sobre as amea\u00e7as \u00e0 biodiversidade e \u00e0s comunidades nativas relacionadas \u00e0 poss\u00edvel explora\u00e7\u00e3o e extra\u00e7\u00e3o de petr\u00f3leo no campo MD-XP-001, localizado no cora\u00e7\u00e3o da Amaz\u00f4nia peruana. O lote, de acordo com a organiza\u00e7\u00e3o Direito, Ambiente e Recursos Naturais (DAR), est\u00e1 entre as 31 \u00e1reas que a Perupetro ... Leia mais\" \/>\n<meta property=\"og:url\" content=\"https:\/\/pre.efe.com\/pt-br\/mundo-2\/2023-09-16\/exploracao-de-petroleo-em-reserva-na-amazonia-peruana-preocupa-ambientalistas-e-indigenas\/\" \/>\n<meta property=\"og:site_name\" content=\"EFE Noticias\" \/>\n<meta property=\"article:publisher\" content=\"https:\/\/www.facebook.com\/AgenciaEFEnoticias\/\" \/>\n<meta property=\"article:published_time\" content=\"2023-09-16T19:13:00+00:00\" \/>\n<meta property=\"article:modified_time\" content=\"2023-09-19T19:15:31+00:00\" \/>\n<meta property=\"og:image\" content=\"https:\/\/i0.wp.com\/efe.com\/\/srv\/htdocs\/wp-content\/uploads\/2023\/09\/rss-efe78995d1231224ad9f41d5f7354631977b0ddab40w-1536x1024-1.webp?fit=1536%2C1024&ssl=1\" \/>\n\t<meta property=\"og:image:width\" content=\"1536\" \/>\n\t<meta property=\"og:image:height\" content=\"1024\" \/>\n\t<meta property=\"og:image:type\" content=\"image\/webp\" \/>\n<meta name=\"author\" content=\"anachain\" \/>\n<meta name=\"twitter:card\" content=\"summary_large_image\" \/>\n<meta name=\"twitter:creator\" content=\"@efenoticias\" \/>\n<meta name=\"twitter:site\" content=\"@efenoticias\" \/>\n<script type=\"application\/ld+json\" class=\"yoast-schema-graph\">{\"@context\":\"https:\\\/\\\/schema.org\",\"@graph\":[{\"@type\":\"NewsArticle\",\"@id\":\"https:\\\/\\\/pre.efe.com\\\/pt-br\\\/mundo-2\\\/2023-09-16\\\/exploracao-de-petroleo-em-reserva-na-amazonia-peruana-preocupa-ambientalistas-e-indigenas\\\/#article\",\"isPartOf\":{\"@id\":\"https:\\\/\\\/pre.efe.com\\\/pt-br\\\/mundo-2\\\/2023-09-16\\\/exploracao-de-petroleo-em-reserva-na-amazonia-peruana-preocupa-ambientalistas-e-indigenas\\\/\"},\"author\":{\"name\":\"anachain\",\"@id\":\"https:\\\/\\\/pre.efe.com\\\/pt-br\\\/#\\\/schema\\\/person\\\/b19f23f210db552768f68a4b552b004f\"},\"headline\":\"Explora\u00e7\u00e3o de petr\u00f3leo em reserva na Amaz\u00f4nia peruana preocupa ambientalistas e ind\u00edgenas\",\"datePublished\":\"2023-09-16T19:13:00+00:00\",\"dateModified\":\"2023-09-19T19:15:31+00:00\",\"mainEntityOfPage\":{\"@id\":\"https:\\\/\\\/pre.efe.com\\\/pt-br\\\/mundo-2\\\/2023-09-16\\\/exploracao-de-petroleo-em-reserva-na-amazonia-peruana-preocupa-ambientalistas-e-indigenas\\\/\"},\"wordCount\":508,\"publisher\":{\"@id\":\"https:\\\/\\\/pre.efe.com\\\/pt-br\\\/#organization\"},\"image\":{\"@id\":\"https:\\\/\\\/pre.efe.com\\\/pt-br\\\/mundo-2\\\/2023-09-16\\\/exploracao-de-petroleo-em-reserva-na-amazonia-peruana-preocupa-ambientalistas-e-indigenas\\\/#primaryimage\"},\"thumbnailUrl\":\"https:\\\/\\\/pre.efe.com\\\/wp-content\\\/uploads\\\/2023\\\/09\\\/rss-efe78995d1231224ad9f41d5f7354631977b0ddab40w-1536x1024-1.webp\",\"keywords\":[\"Amazonia\",\"Economia\",\"Peru\",\"Petroleo\"],\"articleSection\":[\"Mundo\",\"Outras not\u00edcias\"],\"inLanguage\":\"pt-BR\",\"copyrightYear\":\"2023\",\"copyrightHolder\":{\"@id\":\"https:\\\/\\\/pre.efe.com\\\/#organization\"}},{\"@type\":[\"WebPage\",\"ItemPage\"],\"@id\":\"https:\\\/\\\/pre.efe.com\\\/pt-br\\\/mundo-2\\\/2023-09-16\\\/exploracao-de-petroleo-em-reserva-na-amazonia-peruana-preocupa-ambientalistas-e-indigenas\\\/\",\"url\":\"https:\\\/\\\/pre.efe.com\\\/pt-br\\\/mundo-2\\\/2023-09-16\\\/exploracao-de-petroleo-em-reserva-na-amazonia-peruana-preocupa-ambientalistas-e-indigenas\\\/\",\"name\":\"Explora\u00e7\u00e3o de petr\u00f3leo em reserva na Amaz\u00f4nia peruana preocupa ambientalistas e ind\u00edgenas - EFE\",\"isPartOf\":{\"@id\":\"https:\\\/\\\/pre.efe.com\\\/pt-br\\\/#website\"},\"primaryImageOfPage\":{\"@id\":\"https:\\\/\\\/pre.efe.com\\\/pt-br\\\/mundo-2\\\/2023-09-16\\\/exploracao-de-petroleo-em-reserva-na-amazonia-peruana-preocupa-ambientalistas-e-indigenas\\\/#primaryimage\"},\"image\":{\"@id\":\"https:\\\/\\\/pre.efe.com\\\/pt-br\\\/mundo-2\\\/2023-09-16\\\/exploracao-de-petroleo-em-reserva-na-amazonia-peruana-preocupa-ambientalistas-e-indigenas\\\/#primaryimage\"},\"thumbnailUrl\":\"https:\\\/\\\/pre.efe.com\\\/wp-content\\\/uploads\\\/2023\\\/09\\\/rss-efe78995d1231224ad9f41d5f7354631977b0ddab40w-1536x1024-1.webp\",\"datePublished\":\"2023-09-16T19:13:00+00:00\",\"dateModified\":\"2023-09-19T19:15:31+00:00\",\"breadcrumb\":{\"@id\":\"https:\\\/\\\/pre.efe.com\\\/pt-br\\\/mundo-2\\\/2023-09-16\\\/exploracao-de-petroleo-em-reserva-na-amazonia-peruana-preocupa-ambientalistas-e-indigenas\\\/#breadcrumb\"},\"inLanguage\":\"pt-BR\",\"potentialAction\":[{\"@type\":\"ReadAction\",\"target\":[\"https:\\\/\\\/pre.efe.com\\\/pt-br\\\/mundo-2\\\/2023-09-16\\\/exploracao-de-petroleo-em-reserva-na-amazonia-peruana-preocupa-ambientalistas-e-indigenas\\\/\"]}]},{\"@type\":\"ImageObject\",\"inLanguage\":\"pt-BR\",\"@id\":\"https:\\\/\\\/pre.efe.com\\\/pt-br\\\/mundo-2\\\/2023-09-16\\\/exploracao-de-petroleo-em-reserva-na-amazonia-peruana-preocupa-ambientalistas-e-indigenas\\\/#primaryimage\",\"url\":\"https:\\\/\\\/pre.efe.com\\\/wp-content\\\/uploads\\\/2023\\\/09\\\/rss-efe78995d1231224ad9f41d5f7354631977b0ddab40w-1536x1024-1.webp\",\"contentUrl\":\"https:\\\/\\\/pre.efe.com\\\/wp-content\\\/uploads\\\/2023\\\/09\\\/rss-efe78995d1231224ad9f41d5f7354631977b0ddab40w-1536x1024-1.webp\",\"width\":1536,\"height\":1024},{\"@type\":\"BreadcrumbList\",\"@id\":\"https:\\\/\\\/pre.efe.com\\\/pt-br\\\/mundo-2\\\/2023-09-16\\\/exploracao-de-petroleo-em-reserva-na-amazonia-peruana-preocupa-ambientalistas-e-indigenas\\\/#breadcrumb\",\"itemListElement\":[{\"@type\":\"ListItem\",\"position\":1,\"name\":\"Portada\",\"item\":\"https:\\\/\\\/pre.efe.com\\\/pt-br\\\/\"},{\"@type\":\"ListItem\",\"position\":2,\"name\":\"Explora\u00e7\u00e3o de petr\u00f3leo em reserva na Amaz\u00f4nia peruana preocupa ambientalistas e ind\u00edgenas\"}]},{\"@type\":\"WebSite\",\"@id\":\"https:\\\/\\\/pre.efe.com\\\/pt-br\\\/#website\",\"url\":\"https:\\\/\\\/pre.efe.com\\\/pt-br\\\/\",\"name\":\"EFE Noticias\",\"description\":\"\",\"publisher\":{\"@id\":\"https:\\\/\\\/pre.efe.com\\\/pt-br\\\/#organization\"},\"potentialAction\":[{\"@type\":\"SearchAction\",\"target\":{\"@type\":\"EntryPoint\",\"urlTemplate\":\"https:\\\/\\\/pre.efe.com\\\/pt-br\\\/?s={search_term_string}\"},\"query-input\":{\"@type\":\"PropertyValueSpecification\",\"valueRequired\":true,\"valueName\":\"search_term_string\"}}],\"inLanguage\":\"pt-BR\"},{\"@type\":\"Organization\",\"@id\":\"https:\\\/\\\/pre.efe.com\\\/pt-br\\\/#organization\",\"name\":\"Agencia EFE\",\"url\":\"https:\\\/\\\/pre.efe.com\\\/pt-br\\\/\",\"logo\":{\"@type\":\"ImageObject\",\"inLanguage\":\"pt-BR\",\"@id\":\"https:\\\/\\\/pre.efe.com\\\/pt-br\\\/#\\\/schema\\\/logo\\\/image\\\/\",\"url\":\"https:\\\/\\\/pre.efe.com\\\/wp-content\\\/uploads\\\/2023\\\/06\\\/logo-efe-467.png\",\"contentUrl\":\"https:\\\/\\\/pre.efe.com\\\/wp-content\\\/uploads\\\/2023\\\/06\\\/logo-efe-467.png\",\"width\":467,\"height\":467,\"caption\":\"Agencia EFE\"},\"image\":{\"@id\":\"https:\\\/\\\/pre.efe.com\\\/pt-br\\\/#\\\/schema\\\/logo\\\/image\\\/\"},\"sameAs\":[\"https:\\\/\\\/www.facebook.com\\\/AgenciaEFEnoticias\\\/\",\"https:\\\/\\\/x.com\\\/efenoticias\",\"https:\\\/\\\/www.instagram.com\\\/efe_noticias\\\/\",\"http:\\\/\\\/www.youtube.com\\\/efe\"]},{\"@type\":\"Person\",\"@id\":\"https:\\\/\\\/pre.efe.com\\\/pt-br\\\/#\\\/schema\\\/person\\\/b19f23f210db552768f68a4b552b004f\",\"name\":\"anachain\",\"image\":{\"@type\":\"ImageObject\",\"inLanguage\":\"pt-BR\",\"@id\":\"https:\\\/\\\/secure.gravatar.com\\\/avatar\\\/30b83965911ef1108bb893c00bdd65c885f9890e1265ee04b02c3d5adc785d37?s=96&d=identicon&r=g\",\"url\":\"https:\\\/\\\/secure.gravatar.com\\\/avatar\\\/30b83965911ef1108bb893c00bdd65c885f9890e1265ee04b02c3d5adc785d37?s=96&d=identicon&r=g\",\"contentUrl\":\"https:\\\/\\\/secure.gravatar.com\\\/avatar\\\/30b83965911ef1108bb893c00bdd65c885f9890e1265ee04b02c3d5adc785d37?s=96&d=identicon&r=g\",\"caption\":\"anachain\"},\"url\":\"https:\\\/\\\/pre.efe.com\\\/pt-br\\\/autor\\\/anachain\\\/\"}]}<\/script>\n<!-- \/ Yoast SEO Premium plugin. -->","yoast_head_json":{"title":"Explora\u00e7\u00e3o de petr\u00f3leo em reserva na Amaz\u00f4nia peruana preocupa ambientalistas e ind\u00edgenas - EFE","robots":{"index":"noindex","follow":"follow"},"og_locale":"pt_BR","og_type":"article","og_title":"Explora\u00e7\u00e3o de petr\u00f3leo em reserva na Amaz\u00f4nia peruana preocupa ambientalistas e ind\u00edgenas - EFE","og_description":"Lima (EFE).- Organiza\u00e7\u00f5es ambientais e l\u00edderes ind\u00edgenas alertaram sobre as amea\u00e7as \u00e0 biodiversidade e \u00e0s comunidades nativas relacionadas \u00e0 poss\u00edvel explora\u00e7\u00e3o e extra\u00e7\u00e3o de petr\u00f3leo no campo MD-XP-001, localizado no cora\u00e7\u00e3o da Amaz\u00f4nia peruana. O lote, de acordo com a organiza\u00e7\u00e3o Direito, Ambiente e Recursos Naturais (DAR), est\u00e1 entre as 31 \u00e1reas que a Perupetro ... Leia mais","og_url":"https:\/\/pre.efe.com\/pt-br\/mundo-2\/2023-09-16\/exploracao-de-petroleo-em-reserva-na-amazonia-peruana-preocupa-ambientalistas-e-indigenas\/","og_site_name":"EFE Noticias","article_publisher":"https:\/\/www.facebook.com\/AgenciaEFEnoticias\/","article_published_time":"2023-09-16T19:13:00+00:00","article_modified_time":"2023-09-19T19:15:31+00:00","og_image":[{"width":1536,"height":1024,"url":"https:\/\/i0.wp.com\/efe.com\/\/srv\/htdocs\/wp-content\/uploads\/2023\/09\/rss-efe78995d1231224ad9f41d5f7354631977b0ddab40w-1536x1024-1.webp?fit=1536%2C1024&ssl=1","type":"image\/webp"}],"author":"anachain","twitter_card":"summary_large_image","twitter_creator":"@efenoticias","twitter_site":"@efenoticias","schema":{"@context":"https:\/\/schema.org","@graph":[{"@type":"NewsArticle","@id":"https:\/\/pre.efe.com\/pt-br\/mundo-2\/2023-09-16\/exploracao-de-petroleo-em-reserva-na-amazonia-peruana-preocupa-ambientalistas-e-indigenas\/#article","isPartOf":{"@id":"https:\/\/pre.efe.com\/pt-br\/mundo-2\/2023-09-16\/exploracao-de-petroleo-em-reserva-na-amazonia-peruana-preocupa-ambientalistas-e-indigenas\/"},"author":{"name":"anachain","@id":"https:\/\/pre.efe.com\/pt-br\/#\/schema\/person\/b19f23f210db552768f68a4b552b004f"},"headline":"Explora\u00e7\u00e3o de petr\u00f3leo em reserva na Amaz\u00f4nia peruana preocupa ambientalistas e ind\u00edgenas","datePublished":"2023-09-16T19:13:00+00:00","dateModified":"2023-09-19T19:15:31+00:00","mainEntityOfPage":{"@id":"https:\/\/pre.efe.com\/pt-br\/mundo-2\/2023-09-16\/exploracao-de-petroleo-em-reserva-na-amazonia-peruana-preocupa-ambientalistas-e-indigenas\/"},"wordCount":508,"publisher":{"@id":"https:\/\/pre.efe.com\/pt-br\/#organization"},"image":{"@id":"https:\/\/pre.efe.com\/pt-br\/mundo-2\/2023-09-16\/exploracao-de-petroleo-em-reserva-na-amazonia-peruana-preocupa-ambientalistas-e-indigenas\/#primaryimage"},"thumbnailUrl":"https:\/\/pre.efe.com\/wp-content\/uploads\/2023\/09\/rss-efe78995d1231224ad9f41d5f7354631977b0ddab40w-1536x1024-1.webp","keywords":["Amazonia","Economia","Peru","Petroleo"],"articleSection":["Mundo","Outras not\u00edcias"],"inLanguage":"pt-BR","copyrightYear":"2023","copyrightHolder":{"@id":"https:\/\/pre.efe.com\/#organization"}},{"@type":["WebPage","ItemPage"],"@id":"https:\/\/pre.efe.com\/pt-br\/mundo-2\/2023-09-16\/exploracao-de-petroleo-em-reserva-na-amazonia-peruana-preocupa-ambientalistas-e-indigenas\/","url":"https:\/\/pre.efe.com\/pt-br\/mundo-2\/2023-09-16\/exploracao-de-petroleo-em-reserva-na-amazonia-peruana-preocupa-ambientalistas-e-indigenas\/","name":"Explora\u00e7\u00e3o de petr\u00f3leo em reserva na Amaz\u00f4nia peruana preocupa ambientalistas e ind\u00edgenas - EFE","isPartOf":{"@id":"https:\/\/pre.efe.com\/pt-br\/#website"},"primaryImageOfPage":{"@id":"https:\/\/pre.efe.com\/pt-br\/mundo-2\/2023-09-16\/exploracao-de-petroleo-em-reserva-na-amazonia-peruana-preocupa-ambientalistas-e-indigenas\/#primaryimage"},"image":{"@id":"https:\/\/pre.efe.com\/pt-br\/mundo-2\/2023-09-16\/exploracao-de-petroleo-em-reserva-na-amazonia-peruana-preocupa-ambientalistas-e-indigenas\/#primaryimage"},"thumbnailUrl":"https:\/\/pre.efe.com\/wp-content\/uploads\/2023\/09\/rss-efe78995d1231224ad9f41d5f7354631977b0ddab40w-1536x1024-1.webp","datePublished":"2023-09-16T19:13:00+00:00","dateModified":"2023-09-19T19:15:31+00:00","breadcrumb":{"@id":"https:\/\/pre.efe.com\/pt-br\/mundo-2\/2023-09-16\/exploracao-de-petroleo-em-reserva-na-amazonia-peruana-preocupa-ambientalistas-e-indigenas\/#breadcrumb"},"inLanguage":"pt-BR","potentialAction":[{"@type":"ReadAction","target":["https:\/\/pre.efe.com\/pt-br\/mundo-2\/2023-09-16\/exploracao-de-petroleo-em-reserva-na-amazonia-peruana-preocupa-ambientalistas-e-indigenas\/"]}]},{"@type":"ImageObject","inLanguage":"pt-BR","@id":"https:\/\/pre.efe.com\/pt-br\/mundo-2\/2023-09-16\/exploracao-de-petroleo-em-reserva-na-amazonia-peruana-preocupa-ambientalistas-e-indigenas\/#primaryimage","url":"https:\/\/pre.efe.com\/wp-content\/uploads\/2023\/09\/rss-efe78995d1231224ad9f41d5f7354631977b0ddab40w-1536x1024-1.webp","contentUrl":"https:\/\/pre.efe.com\/wp-content\/uploads\/2023\/09\/rss-efe78995d1231224ad9f41d5f7354631977b0ddab40w-1536x1024-1.webp","width":1536,"height":1024},{"@type":"BreadcrumbList","@id":"https:\/\/pre.efe.com\/pt-br\/mundo-2\/2023-09-16\/exploracao-de-petroleo-em-reserva-na-amazonia-peruana-preocupa-ambientalistas-e-indigenas\/#breadcrumb","itemListElement":[{"@type":"ListItem","position":1,"name":"Portada","item":"https:\/\/pre.efe.com\/pt-br\/"},{"@type":"ListItem","position":2,"name":"Explora\u00e7\u00e3o de petr\u00f3leo em reserva na Amaz\u00f4nia peruana preocupa ambientalistas e ind\u00edgenas"}]},{"@type":"WebSite","@id":"https:\/\/pre.efe.com\/pt-br\/#website","url":"https:\/\/pre.efe.com\/pt-br\/","name":"EFE Noticias","description":"","publisher":{"@id":"https:\/\/pre.efe.com\/pt-br\/#organization"},"potentialAction":[{"@type":"SearchAction","target":{"@type":"EntryPoint","urlTemplate":"https:\/\/pre.efe.com\/pt-br\/?s={search_term_string}"},"query-input":{"@type":"PropertyValueSpecification","valueRequired":true,"valueName":"search_term_string"}}],"inLanguage":"pt-BR"},{"@type":"Organization","@id":"https:\/\/pre.efe.com\/pt-br\/#organization","name":"Agencia EFE","url":"https:\/\/pre.efe.com\/pt-br\/","logo":{"@type":"ImageObject","inLanguage":"pt-BR","@id":"https:\/\/pre.efe.com\/pt-br\/#\/schema\/logo\/image\/","url":"https:\/\/pre.efe.com\/wp-content\/uploads\/2023\/06\/logo-efe-467.png","contentUrl":"https:\/\/pre.efe.com\/wp-content\/uploads\/2023\/06\/logo-efe-467.png","width":467,"height":467,"caption":"Agencia EFE"},"image":{"@id":"https:\/\/pre.efe.com\/pt-br\/#\/schema\/logo\/image\/"},"sameAs":["https:\/\/www.facebook.com\/AgenciaEFEnoticias\/","https:\/\/x.com\/efenoticias","https:\/\/www.instagram.com\/efe_noticias\/","http:\/\/www.youtube.com\/efe"]},{"@type":"Person","@id":"https:\/\/pre.efe.com\/pt-br\/#\/schema\/person\/b19f23f210db552768f68a4b552b004f","name":"anachain","image":{"@type":"ImageObject","inLanguage":"pt-BR","@id":"https:\/\/secure.gravatar.com\/avatar\/30b83965911ef1108bb893c00bdd65c885f9890e1265ee04b02c3d5adc785d37?s=96&d=identicon&r=g","url":"https:\/\/secure.gravatar.com\/avatar\/30b83965911ef1108bb893c00bdd65c885f9890e1265ee04b02c3d5adc785d37?s=96&d=identicon&r=g","contentUrl":"https:\/\/secure.gravatar.com\/avatar\/30b83965911ef1108bb893c00bdd65c885f9890e1265ee04b02c3d5adc785d37?s=96&d=identicon&r=g","caption":"anachain"},"url":"https:\/\/pre.efe.com\/pt-br\/autor\/anachain\/"}]}},"jetpack_featured_media_url":"https:\/\/pre.efe.com\/wp-content\/uploads\/2023\/09\/rss-efe78995d1231224ad9f41d5f7354631977b0ddab40w-1536x1024-1.webp","jetpack_shortlink":"https:\/\/wp.me\/peJvHm-2JPr","jetpack_sharing_enabled":true,"_links":{"self":[{"href":"https:\/\/pre.efe.com\/pt-br\/wp-json\/wp\/v2\/posts\/652825","targetHints":{"allow":["GET"]}}],"collection":[{"href":"https:\/\/pre.efe.com\/pt-br\/wp-json\/wp\/v2\/posts"}],"about":[{"href":"https:\/\/pre.efe.com\/pt-br\/wp-json\/wp\/v2\/types\/post"}],"author":[{"embeddable":true,"href":"https:\/\/pre.efe.com\/pt-br\/wp-json\/wp\/v2\/users\/198164106"}],"replies":[{"embeddable":true,"href":"https:\/\/pre.efe.com\/pt-br\/wp-json\/wp\/v2\/comments?post=652825"}],"version-history":[{"count":2,"href":"https:\/\/pre.efe.com\/pt-br\/wp-json\/wp\/v2\/posts\/652825\/revisions"}],"predecessor-version":[{"id":652833,"href":"https:\/\/pre.efe.com\/pt-br\/wp-json\/wp\/v2\/posts\/652825\/revisions\/652833"}],"wp:featuredmedia":[{"embeddable":true,"href":"https:\/\/pre.efe.com\/pt-br\/wp-json\/wp\/v2\/media\/652830"}],"wp:attachment":[{"href":"https:\/\/pre.efe.com\/pt-br\/wp-json\/wp\/v2\/media?parent=652825"}],"wp:term":[{"taxonomy":"category","embeddable":true,"href":"https:\/\/pre.efe.com\/pt-br\/wp-json\/wp\/v2\/categories?post=652825"},{"taxonomy":"post_tag","embeddable":true,"href":"https:\/\/pre.efe.com\/pt-br\/wp-json\/wp\/v2\/tags?post=652825"}],"curies":[{"name":"wp","href":"https:\/\/api.w.org\/{rel}","templated":true}]}}