{"id":713527,"date":"2023-10-21T00:56:17","date_gmt":"2023-10-20T22:56:17","guid":{"rendered":"https:\/\/pre.efe.com\/?p=713527"},"modified":"2023-10-21T00:56:20","modified_gmt":"2023-10-20T22:56:20","slug":"lula-classifica-hamas-como-terrorista-e-afirma-que-reacao-de-israel-e-insana","status":"publish","type":"post","link":"https:\/\/pre.efe.com\/pt-br\/portada\/2023-10-21\/lula-classifica-hamas-como-terrorista-e-afirma-que-reacao-de-israel-e-insana\/","title":{"rendered":"Lula classifica Hamas como terrorista e afirma que rea\u00e7\u00e3o de Israel \u00e9 &#8220;insana&#8221;"},"content":{"rendered":"\n<p>Bras\u00edlia, (EFE).- O presidente Luiz In\u00e1cio Lula da Silva classificou nesta sexta-feira como \u201cterrorismo\u201d os ataques do grupo fundamentalista isl\u00e2mico Hamas contra Israel, mas tamb\u00e9m teceu cr\u00edticas \u00e0 rea\u00e7\u00e3o \u201cinsana\u201d do governo de Benjamin Netanyahu, que desde ent\u00e3o responde com incessantes bombardeios contra a Faixa de Gaza.<\/p>\n\n\n\n<p>Lula, que segue se recuperando de uma cirurgia no quadril, falou por videoconfer\u00eancia em um evento comemorativo dos 20 anos do Bolsa Fam\u00edlia.<\/p>\n\n\n\n<p>Neste contexto, expressou sua \u201csolidariedade \u00e0s crian\u00e7as que j\u00e1 morreram na guerra entre R\u00fassia e Ucr\u00e2nia e que est\u00e3o morrendo agora nessa luta&nbsp; insana entre o Hamas e o Estado de Israel\u201d.<\/p>\n\n\n\n<p>Lula comentou ainda que \u201cn\u00e3o \u00e9 poss\u00edvel tanta irracionalidade\u201d e que \u201cas pessoas fa\u00e7am uma guerra tendo em conta que as pessoas que est\u00e3o morrendo s\u00e3o mulheres, s\u00e3o pessoas idosas, s\u00e3o crian\u00e7as\u201d.<\/p>\n\n\n\n<p>\u201cFico lembrando que 1,5 mil crian\u00e7as j\u00e1 morreram na Faixa de Gaza, 1,5 mil crian\u00e7as que n\u00e3o pediram para o Hamas fazer um ato de loucura que fez, de terrorismo, atacando Israel. Mas tamb\u00e9m n\u00e3o pediram que Israel reagisse de forma insana e matasse eles\u201d, lamentou.<\/p>\n\n\n\n<p>O governo brasileiro condenou desde o in\u00edcio a agress\u00e3o contra Israel no dia 7, mas tamb\u00e9m desde ent\u00e3o vem instando o Estado judeu a parar com os bombardeios contra a Faixa de Gaza.<\/p>\n\n\n\n<p>Al\u00e9m disso, o Brasil exige a abertura de um corredor humanit\u00e1rio para que os civis possam ser evacuados da zona de conflito e, ao mesmo tempo, a ajuda humanit\u00e1ria possa entrar nos territ\u00f3rios palestinos.<\/p>\n","protected":false},"excerpt":{"rendered":"<p>Bras\u00edlia, (EFE).- O presidente Luiz In\u00e1cio Lula da Silva classificou nesta sexta-feira como \u201cterrorismo\u201d os ataques do grupo fundamentalista isl\u00e2mico Hamas contra Israel, mas tamb\u00e9m teceu cr\u00edticas \u00e0 rea\u00e7\u00e3o \u201cinsana\u201d do governo de Benjamin Netanyahu, que desde ent\u00e3o responde com incessantes bombardeios contra a Faixa de Gaza. Lula, que segue se recuperando de uma cirurgia &#8230; <a title=\"Lula classifica Hamas como terrorista e afirma que rea\u00e7\u00e3o de Israel \u00e9 &#8220;insana&#8221;\" class=\"read-more\" href=\"https:\/\/pre.efe.com\/pt-br\/portada\/2023-10-21\/lula-classifica-hamas-como-terrorista-e-afirma-que-reacao-de-israel-e-insana\/\" aria-label=\"Read more about Lula classifica Hamas como terrorista e afirma que rea\u00e7\u00e3o de Israel \u00e9 &#8220;insana&#8221;\">Leia mais<\/a><\/p>\n","protected":false},"author":198164106,"featured_media":713534,"comment_status":"closed","ping_status":"closed","sticky":false,"template":"","format":"standard","meta":{"_acf_changed":false,"_jetpack_memberships_contains_paid_content":false,"footnotes":""},"categories":[123513,122141],"tags":[],"class_list":["post-713527","post","type-post","status-publish","format-standard","has-post-thumbnail","hentry","category-brasil","category-portada","generate-columns","tablet-grid-50","mobile-grid-100","grid-parent","grid-50"],"acf":[],"yoast_head":"<!-- This site is optimized with the Yoast SEO Premium plugin v26.0 (Yoast SEO v27.5) - https:\/\/yoast.com\/product\/yoast-seo-premium-wordpress\/ -->\n<title>Lula classifica Hamas como terrorista e afirma que rea\u00e7\u00e3o de Israel \u00e9 &quot;insana&quot; - EFE<\/title>\n<meta name=\"robots\" content=\"noindex, follow\" \/>\n<meta property=\"og:locale\" content=\"pt_BR\" \/>\n<meta property=\"og:type\" content=\"article\" \/>\n<meta property=\"og:title\" content=\"Lula classifica Hamas como terrorista e afirma que rea\u00e7\u00e3o de Israel \u00e9 &quot;insana&quot; - EFE\" \/>\n<meta property=\"og:description\" content=\"Bras\u00edlia, (EFE).- O presidente Luiz In\u00e1cio Lula da Silva classificou nesta sexta-feira como \u201cterrorismo\u201d os ataques do grupo fundamentalista isl\u00e2mico Hamas contra Israel, mas tamb\u00e9m teceu cr\u00edticas \u00e0 rea\u00e7\u00e3o \u201cinsana\u201d do governo de Benjamin Netanyahu, que desde ent\u00e3o responde com incessantes bombardeios contra a Faixa de Gaza. Lula, que segue se recuperando de uma cirurgia ... Leia mais\" \/>\n<meta property=\"og:url\" content=\"https:\/\/pre.efe.com\/pt-br\/portada\/2023-10-21\/lula-classifica-hamas-como-terrorista-e-afirma-que-reacao-de-israel-e-insana\/\" \/>\n<meta property=\"og:site_name\" content=\"EFE Noticias\" \/>\n<meta property=\"article:publisher\" content=\"https:\/\/www.facebook.com\/AgenciaEFEnoticias\/\" \/>\n<meta property=\"article:published_time\" content=\"2023-10-20T22:56:17+00:00\" \/>\n<meta property=\"article:modified_time\" content=\"2023-10-20T22:56:20+00:00\" \/>\n<meta property=\"og:image\" content=\"https:\/\/i0.wp.com\/efe.com\/\/srv\/htdocs\/wp-content\/uploads\/2023\/10\/f514d40a62b423e1cf042e50ebef8b39cd78ee39w.jpg?fit=1920%2C1280&ssl=1\" \/>\n\t<meta property=\"og:image:width\" content=\"1920\" \/>\n\t<meta property=\"og:image:height\" content=\"1280\" \/>\n\t<meta property=\"og:image:type\" content=\"image\/jpeg\" \/>\n<meta name=\"author\" content=\"anachain\" \/>\n<meta name=\"twitter:card\" content=\"summary_large_image\" \/>\n<meta name=\"twitter:creator\" content=\"@efenoticias\" \/>\n<meta name=\"twitter:site\" content=\"@efenoticias\" \/>\n<script type=\"application\/ld+json\" class=\"yoast-schema-graph\">{\"@context\":\"https:\\\/\\\/schema.org\",\"@graph\":[{\"@type\":\"NewsArticle\",\"@id\":\"https:\\\/\\\/pre.efe.com\\\/pt-br\\\/portada\\\/2023-10-21\\\/lula-classifica-hamas-como-terrorista-e-afirma-que-reacao-de-israel-e-insana\\\/#article\",\"isPartOf\":{\"@id\":\"https:\\\/\\\/pre.efe.com\\\/pt-br\\\/portada\\\/2023-10-21\\\/lula-classifica-hamas-como-terrorista-e-afirma-que-reacao-de-israel-e-insana\\\/\"},\"author\":{\"name\":\"anachain\",\"@id\":\"https:\\\/\\\/pre.efe.com\\\/pt-br\\\/#\\\/schema\\\/person\\\/b19f23f210db552768f68a4b552b004f\"},\"headline\":\"Lula classifica Hamas como terrorista e afirma que rea\u00e7\u00e3o de Israel \u00e9 &#8220;insana&#8221;\",\"datePublished\":\"2023-10-20T22:56:17+00:00\",\"dateModified\":\"2023-10-20T22:56:20+00:00\",\"mainEntityOfPage\":{\"@id\":\"https:\\\/\\\/pre.efe.com\\\/pt-br\\\/portada\\\/2023-10-21\\\/lula-classifica-hamas-como-terrorista-e-afirma-que-reacao-de-israel-e-insana\\\/\"},\"wordCount\":290,\"publisher\":{\"@id\":\"https:\\\/\\\/pre.efe.com\\\/pt-br\\\/#organization\"},\"image\":{\"@id\":\"https:\\\/\\\/pre.efe.com\\\/pt-br\\\/portada\\\/2023-10-21\\\/lula-classifica-hamas-como-terrorista-e-afirma-que-reacao-de-israel-e-insana\\\/#primaryimage\"},\"thumbnailUrl\":\"https:\\\/\\\/pre.efe.com\\\/wp-content\\\/uploads\\\/2023\\\/10\\\/f514d40a62b423e1cf042e50ebef8b39cd78ee39w.jpg\",\"articleSection\":[\"Brasil\",\"Portada\"],\"inLanguage\":\"pt-BR\",\"copyrightYear\":\"2023\",\"copyrightHolder\":{\"@id\":\"https:\\\/\\\/pre.efe.com\\\/#organization\"}},{\"@type\":[\"WebPage\",\"ItemPage\"],\"@id\":\"https:\\\/\\\/pre.efe.com\\\/pt-br\\\/portada\\\/2023-10-21\\\/lula-classifica-hamas-como-terrorista-e-afirma-que-reacao-de-israel-e-insana\\\/\",\"url\":\"https:\\\/\\\/pre.efe.com\\\/pt-br\\\/portada\\\/2023-10-21\\\/lula-classifica-hamas-como-terrorista-e-afirma-que-reacao-de-israel-e-insana\\\/\",\"name\":\"Lula classifica Hamas como terrorista e afirma que rea\u00e7\u00e3o de Israel \u00e9 \\\"insana\\\" - EFE\",\"isPartOf\":{\"@id\":\"https:\\\/\\\/pre.efe.com\\\/pt-br\\\/#website\"},\"primaryImageOfPage\":{\"@id\":\"https:\\\/\\\/pre.efe.com\\\/pt-br\\\/portada\\\/2023-10-21\\\/lula-classifica-hamas-como-terrorista-e-afirma-que-reacao-de-israel-e-insana\\\/#primaryimage\"},\"image\":{\"@id\":\"https:\\\/\\\/pre.efe.com\\\/pt-br\\\/portada\\\/2023-10-21\\\/lula-classifica-hamas-como-terrorista-e-afirma-que-reacao-de-israel-e-insana\\\/#primaryimage\"},\"thumbnailUrl\":\"https:\\\/\\\/pre.efe.com\\\/wp-content\\\/uploads\\\/2023\\\/10\\\/f514d40a62b423e1cf042e50ebef8b39cd78ee39w.jpg\",\"datePublished\":\"2023-10-20T22:56:17+00:00\",\"dateModified\":\"2023-10-20T22:56:20+00:00\",\"breadcrumb\":{\"@id\":\"https:\\\/\\\/pre.efe.com\\\/pt-br\\\/portada\\\/2023-10-21\\\/lula-classifica-hamas-como-terrorista-e-afirma-que-reacao-de-israel-e-insana\\\/#breadcrumb\"},\"inLanguage\":\"pt-BR\",\"potentialAction\":[{\"@type\":\"ReadAction\",\"target\":[\"https:\\\/\\\/pre.efe.com\\\/pt-br\\\/portada\\\/2023-10-21\\\/lula-classifica-hamas-como-terrorista-e-afirma-que-reacao-de-israel-e-insana\\\/\"]}]},{\"@type\":\"ImageObject\",\"inLanguage\":\"pt-BR\",\"@id\":\"https:\\\/\\\/pre.efe.com\\\/pt-br\\\/portada\\\/2023-10-21\\\/lula-classifica-hamas-como-terrorista-e-afirma-que-reacao-de-israel-e-insana\\\/#primaryimage\",\"url\":\"https:\\\/\\\/pre.efe.com\\\/wp-content\\\/uploads\\\/2023\\\/10\\\/f514d40a62b423e1cf042e50ebef8b39cd78ee39w.jpg\",\"contentUrl\":\"https:\\\/\\\/pre.efe.com\\\/wp-content\\\/uploads\\\/2023\\\/10\\\/f514d40a62b423e1cf042e50ebef8b39cd78ee39w.jpg\",\"width\":1920,\"height\":1280,\"caption\":\"O presidente do Brasil, Luiz In\u00e1cio Lula da Silva, durante entrevista coletiva. EFE\\\/Arquivo\\\/Gast\u00e3o Britos\"},{\"@type\":\"BreadcrumbList\",\"@id\":\"https:\\\/\\\/pre.efe.com\\\/pt-br\\\/portada\\\/2023-10-21\\\/lula-classifica-hamas-como-terrorista-e-afirma-que-reacao-de-israel-e-insana\\\/#breadcrumb\",\"itemListElement\":[{\"@type\":\"ListItem\",\"position\":1,\"name\":\"Portada\",\"item\":\"https:\\\/\\\/pre.efe.com\\\/pt-br\\\/\"},{\"@type\":\"ListItem\",\"position\":2,\"name\":\"Lula classifica Hamas como terrorista e afirma que rea\u00e7\u00e3o de Israel \u00e9 &#8220;insana&#8221;\"}]},{\"@type\":\"WebSite\",\"@id\":\"https:\\\/\\\/pre.efe.com\\\/pt-br\\\/#website\",\"url\":\"https:\\\/\\\/pre.efe.com\\\/pt-br\\\/\",\"name\":\"EFE Noticias\",\"description\":\"\",\"publisher\":{\"@id\":\"https:\\\/\\\/pre.efe.com\\\/pt-br\\\/#organization\"},\"potentialAction\":[{\"@type\":\"SearchAction\",\"target\":{\"@type\":\"EntryPoint\",\"urlTemplate\":\"https:\\\/\\\/pre.efe.com\\\/pt-br\\\/?s={search_term_string}\"},\"query-input\":{\"@type\":\"PropertyValueSpecification\",\"valueRequired\":true,\"valueName\":\"search_term_string\"}}],\"inLanguage\":\"pt-BR\"},{\"@type\":\"Organization\",\"@id\":\"https:\\\/\\\/pre.efe.com\\\/pt-br\\\/#organization\",\"name\":\"Agencia EFE\",\"url\":\"https:\\\/\\\/pre.efe.com\\\/pt-br\\\/\",\"logo\":{\"@type\":\"ImageObject\",\"inLanguage\":\"pt-BR\",\"@id\":\"https:\\\/\\\/pre.efe.com\\\/pt-br\\\/#\\\/schema\\\/logo\\\/image\\\/\",\"url\":\"https:\\\/\\\/pre.efe.com\\\/wp-content\\\/uploads\\\/2023\\\/06\\\/logo-efe-467.png\",\"contentUrl\":\"https:\\\/\\\/pre.efe.com\\\/wp-content\\\/uploads\\\/2023\\\/06\\\/logo-efe-467.png\",\"width\":467,\"height\":467,\"caption\":\"Agencia EFE\"},\"image\":{\"@id\":\"https:\\\/\\\/pre.efe.com\\\/pt-br\\\/#\\\/schema\\\/logo\\\/image\\\/\"},\"sameAs\":[\"https:\\\/\\\/www.facebook.com\\\/AgenciaEFEnoticias\\\/\",\"https:\\\/\\\/x.com\\\/efenoticias\",\"https:\\\/\\\/www.instagram.com\\\/efe_noticias\\\/\",\"http:\\\/\\\/www.youtube.com\\\/efe\"]},{\"@type\":\"Person\",\"@id\":\"https:\\\/\\\/pre.efe.com\\\/pt-br\\\/#\\\/schema\\\/person\\\/b19f23f210db552768f68a4b552b004f\",\"name\":\"anachain\",\"image\":{\"@type\":\"ImageObject\",\"inLanguage\":\"pt-BR\",\"@id\":\"https:\\\/\\\/secure.gravatar.com\\\/avatar\\\/30b83965911ef1108bb893c00bdd65c885f9890e1265ee04b02c3d5adc785d37?s=96&d=identicon&r=g\",\"url\":\"https:\\\/\\\/secure.gravatar.com\\\/avatar\\\/30b83965911ef1108bb893c00bdd65c885f9890e1265ee04b02c3d5adc785d37?s=96&d=identicon&r=g\",\"contentUrl\":\"https:\\\/\\\/secure.gravatar.com\\\/avatar\\\/30b83965911ef1108bb893c00bdd65c885f9890e1265ee04b02c3d5adc785d37?s=96&d=identicon&r=g\",\"caption\":\"anachain\"},\"url\":\"https:\\\/\\\/pre.efe.com\\\/pt-br\\\/autor\\\/anachain\\\/\"}]}<\/script>\n<!-- \/ Yoast SEO Premium plugin. -->","yoast_head_json":{"title":"Lula classifica Hamas como terrorista e afirma que rea\u00e7\u00e3o de Israel \u00e9 \"insana\" - EFE","robots":{"index":"noindex","follow":"follow"},"og_locale":"pt_BR","og_type":"article","og_title":"Lula classifica Hamas como terrorista e afirma que rea\u00e7\u00e3o de Israel \u00e9 \"insana\" - EFE","og_description":"Bras\u00edlia, (EFE).- O presidente Luiz In\u00e1cio Lula da Silva classificou nesta sexta-feira como \u201cterrorismo\u201d os ataques do grupo fundamentalista isl\u00e2mico Hamas contra Israel, mas tamb\u00e9m teceu cr\u00edticas \u00e0 rea\u00e7\u00e3o \u201cinsana\u201d do governo de Benjamin Netanyahu, que desde ent\u00e3o responde com incessantes bombardeios contra a Faixa de Gaza. Lula, que segue se recuperando de uma cirurgia ... Leia mais","og_url":"https:\/\/pre.efe.com\/pt-br\/portada\/2023-10-21\/lula-classifica-hamas-como-terrorista-e-afirma-que-reacao-de-israel-e-insana\/","og_site_name":"EFE Noticias","article_publisher":"https:\/\/www.facebook.com\/AgenciaEFEnoticias\/","article_published_time":"2023-10-20T22:56:17+00:00","article_modified_time":"2023-10-20T22:56:20+00:00","og_image":[{"width":1920,"height":1280,"url":"https:\/\/i0.wp.com\/efe.com\/\/srv\/htdocs\/wp-content\/uploads\/2023\/10\/f514d40a62b423e1cf042e50ebef8b39cd78ee39w.jpg?fit=1920%2C1280&ssl=1","type":"image\/jpeg"}],"author":"anachain","twitter_card":"summary_large_image","twitter_creator":"@efenoticias","twitter_site":"@efenoticias","schema":{"@context":"https:\/\/schema.org","@graph":[{"@type":"NewsArticle","@id":"https:\/\/pre.efe.com\/pt-br\/portada\/2023-10-21\/lula-classifica-hamas-como-terrorista-e-afirma-que-reacao-de-israel-e-insana\/#article","isPartOf":{"@id":"https:\/\/pre.efe.com\/pt-br\/portada\/2023-10-21\/lula-classifica-hamas-como-terrorista-e-afirma-que-reacao-de-israel-e-insana\/"},"author":{"name":"anachain","@id":"https:\/\/pre.efe.com\/pt-br\/#\/schema\/person\/b19f23f210db552768f68a4b552b004f"},"headline":"Lula classifica Hamas como terrorista e afirma que rea\u00e7\u00e3o de Israel \u00e9 &#8220;insana&#8221;","datePublished":"2023-10-20T22:56:17+00:00","dateModified":"2023-10-20T22:56:20+00:00","mainEntityOfPage":{"@id":"https:\/\/pre.efe.com\/pt-br\/portada\/2023-10-21\/lula-classifica-hamas-como-terrorista-e-afirma-que-reacao-de-israel-e-insana\/"},"wordCount":290,"publisher":{"@id":"https:\/\/pre.efe.com\/pt-br\/#organization"},"image":{"@id":"https:\/\/pre.efe.com\/pt-br\/portada\/2023-10-21\/lula-classifica-hamas-como-terrorista-e-afirma-que-reacao-de-israel-e-insana\/#primaryimage"},"thumbnailUrl":"https:\/\/pre.efe.com\/wp-content\/uploads\/2023\/10\/f514d40a62b423e1cf042e50ebef8b39cd78ee39w.jpg","articleSection":["Brasil","Portada"],"inLanguage":"pt-BR","copyrightYear":"2023","copyrightHolder":{"@id":"https:\/\/pre.efe.com\/#organization"}},{"@type":["WebPage","ItemPage"],"@id":"https:\/\/pre.efe.com\/pt-br\/portada\/2023-10-21\/lula-classifica-hamas-como-terrorista-e-afirma-que-reacao-de-israel-e-insana\/","url":"https:\/\/pre.efe.com\/pt-br\/portada\/2023-10-21\/lula-classifica-hamas-como-terrorista-e-afirma-que-reacao-de-israel-e-insana\/","name":"Lula classifica Hamas como terrorista e afirma que rea\u00e7\u00e3o de Israel \u00e9 \"insana\" - EFE","isPartOf":{"@id":"https:\/\/pre.efe.com\/pt-br\/#website"},"primaryImageOfPage":{"@id":"https:\/\/pre.efe.com\/pt-br\/portada\/2023-10-21\/lula-classifica-hamas-como-terrorista-e-afirma-que-reacao-de-israel-e-insana\/#primaryimage"},"image":{"@id":"https:\/\/pre.efe.com\/pt-br\/portada\/2023-10-21\/lula-classifica-hamas-como-terrorista-e-afirma-que-reacao-de-israel-e-insana\/#primaryimage"},"thumbnailUrl":"https:\/\/pre.efe.com\/wp-content\/uploads\/2023\/10\/f514d40a62b423e1cf042e50ebef8b39cd78ee39w.jpg","datePublished":"2023-10-20T22:56:17+00:00","dateModified":"2023-10-20T22:56:20+00:00","breadcrumb":{"@id":"https:\/\/pre.efe.com\/pt-br\/portada\/2023-10-21\/lula-classifica-hamas-como-terrorista-e-afirma-que-reacao-de-israel-e-insana\/#breadcrumb"},"inLanguage":"pt-BR","potentialAction":[{"@type":"ReadAction","target":["https:\/\/pre.efe.com\/pt-br\/portada\/2023-10-21\/lula-classifica-hamas-como-terrorista-e-afirma-que-reacao-de-israel-e-insana\/"]}]},{"@type":"ImageObject","inLanguage":"pt-BR","@id":"https:\/\/pre.efe.com\/pt-br\/portada\/2023-10-21\/lula-classifica-hamas-como-terrorista-e-afirma-que-reacao-de-israel-e-insana\/#primaryimage","url":"https:\/\/pre.efe.com\/wp-content\/uploads\/2023\/10\/f514d40a62b423e1cf042e50ebef8b39cd78ee39w.jpg","contentUrl":"https:\/\/pre.efe.com\/wp-content\/uploads\/2023\/10\/f514d40a62b423e1cf042e50ebef8b39cd78ee39w.jpg","width":1920,"height":1280,"caption":"O presidente do Brasil, Luiz In\u00e1cio Lula da Silva, durante entrevista coletiva. EFE\/Arquivo\/Gast\u00e3o Britos"},{"@type":"BreadcrumbList","@id":"https:\/\/pre.efe.com\/pt-br\/portada\/2023-10-21\/lula-classifica-hamas-como-terrorista-e-afirma-que-reacao-de-israel-e-insana\/#breadcrumb","itemListElement":[{"@type":"ListItem","position":1,"name":"Portada","item":"https:\/\/pre.efe.com\/pt-br\/"},{"@type":"ListItem","position":2,"name":"Lula classifica Hamas como terrorista e afirma que rea\u00e7\u00e3o de Israel \u00e9 &#8220;insana&#8221;"}]},{"@type":"WebSite","@id":"https:\/\/pre.efe.com\/pt-br\/#website","url":"https:\/\/pre.efe.com\/pt-br\/","name":"EFE Noticias","description":"","publisher":{"@id":"https:\/\/pre.efe.com\/pt-br\/#organization"},"potentialAction":[{"@type":"SearchAction","target":{"@type":"EntryPoint","urlTemplate":"https:\/\/pre.efe.com\/pt-br\/?s={search_term_string}"},"query-input":{"@type":"PropertyValueSpecification","valueRequired":true,"valueName":"search_term_string"}}],"inLanguage":"pt-BR"},{"@type":"Organization","@id":"https:\/\/pre.efe.com\/pt-br\/#organization","name":"Agencia EFE","url":"https:\/\/pre.efe.com\/pt-br\/","logo":{"@type":"ImageObject","inLanguage":"pt-BR","@id":"https:\/\/pre.efe.com\/pt-br\/#\/schema\/logo\/image\/","url":"https:\/\/pre.efe.com\/wp-content\/uploads\/2023\/06\/logo-efe-467.png","contentUrl":"https:\/\/pre.efe.com\/wp-content\/uploads\/2023\/06\/logo-efe-467.png","width":467,"height":467,"caption":"Agencia EFE"},"image":{"@id":"https:\/\/pre.efe.com\/pt-br\/#\/schema\/logo\/image\/"},"sameAs":["https:\/\/www.facebook.com\/AgenciaEFEnoticias\/","https:\/\/x.com\/efenoticias","https:\/\/www.instagram.com\/efe_noticias\/","http:\/\/www.youtube.com\/efe"]},{"@type":"Person","@id":"https:\/\/pre.efe.com\/pt-br\/#\/schema\/person\/b19f23f210db552768f68a4b552b004f","name":"anachain","image":{"@type":"ImageObject","inLanguage":"pt-BR","@id":"https:\/\/secure.gravatar.com\/avatar\/30b83965911ef1108bb893c00bdd65c885f9890e1265ee04b02c3d5adc785d37?s=96&d=identicon&r=g","url":"https:\/\/secure.gravatar.com\/avatar\/30b83965911ef1108bb893c00bdd65c885f9890e1265ee04b02c3d5adc785d37?s=96&d=identicon&r=g","contentUrl":"https:\/\/secure.gravatar.com\/avatar\/30b83965911ef1108bb893c00bdd65c885f9890e1265ee04b02c3d5adc785d37?s=96&d=identicon&r=g","caption":"anachain"},"url":"https:\/\/pre.efe.com\/pt-br\/autor\/anachain\/"}]}},"jetpack_featured_media_url":"https:\/\/pre.efe.com\/wp-content\/uploads\/2023\/10\/f514d40a62b423e1cf042e50ebef8b39cd78ee39w.jpg","jetpack_shortlink":"https:\/\/wp.me\/peJvHm-2ZCv","jetpack_sharing_enabled":true,"_links":{"self":[{"href":"https:\/\/pre.efe.com\/pt-br\/wp-json\/wp\/v2\/posts\/713527","targetHints":{"allow":["GET"]}}],"collection":[{"href":"https:\/\/pre.efe.com\/pt-br\/wp-json\/wp\/v2\/posts"}],"about":[{"href":"https:\/\/pre.efe.com\/pt-br\/wp-json\/wp\/v2\/types\/post"}],"author":[{"embeddable":true,"href":"https:\/\/pre.efe.com\/pt-br\/wp-json\/wp\/v2\/users\/198164106"}],"replies":[{"embeddable":true,"href":"https:\/\/pre.efe.com\/pt-br\/wp-json\/wp\/v2\/comments?post=713527"}],"version-history":[{"count":2,"href":"https:\/\/pre.efe.com\/pt-br\/wp-json\/wp\/v2\/posts\/713527\/revisions"}],"predecessor-version":[{"id":713537,"href":"https:\/\/pre.efe.com\/pt-br\/wp-json\/wp\/v2\/posts\/713527\/revisions\/713537"}],"wp:featuredmedia":[{"embeddable":true,"href":"https:\/\/pre.efe.com\/pt-br\/wp-json\/wp\/v2\/media\/713534"}],"wp:attachment":[{"href":"https:\/\/pre.efe.com\/pt-br\/wp-json\/wp\/v2\/media?parent=713527"}],"wp:term":[{"taxonomy":"category","embeddable":true,"href":"https:\/\/pre.efe.com\/pt-br\/wp-json\/wp\/v2\/categories?post=713527"},{"taxonomy":"post_tag","embeddable":true,"href":"https:\/\/pre.efe.com\/pt-br\/wp-json\/wp\/v2\/tags?post=713527"}],"curies":[{"name":"wp","href":"https:\/\/api.w.org\/{rel}","templated":true}]}}