{"id":719980,"date":"2023-10-24T17:48:00","date_gmt":"2023-10-24T15:48:00","guid":{"rendered":"https:\/\/pre.efe.com\/?p=719980"},"modified":"2023-10-25T00:52:53","modified_gmt":"2023-10-24T22:52:53","slug":"mineracao-ameaca-33-da-mata-virgem-da-bacia-do-amazonas-alertam-ongs-internacionais","status":"publish","type":"post","link":"https:\/\/pre.efe.com\/pt-br\/mundo-2\/2023-10-24\/mineracao-ameaca-33-da-mata-virgem-da-bacia-do-amazonas-alertam-ongs-internacionais\/","title":{"rendered":"Minera\u00e7\u00e3o amea\u00e7a 33% da mata virgem da Bacia do Amazonas, alertam ONGs internacionais"},"content":{"rendered":"\n<p>S\u00e3o Paulo (EFE).- A expans\u00e3o das atividades ligadas ao setor da minera\u00e7\u00e3o na bacia do rio Amazonas, a maior do mundo, amea\u00e7a mais de 33% das florestas tropicais intocadas da regi\u00e3o, que se estende por oito pa\u00edses, de acordo com um relat\u00f3rio divulgado nesta ter\u00e7a-feira por uma ONG americana.<\/p>\n\n\n\n<p>O documento, preparado pela ONG Earth Insight com a colabora\u00e7\u00e3o de outras organiza\u00e7\u00f5es internacionais, detalha que mais de 170 milh\u00f5es de hectares de mata virgem &#8220;se sobrep\u00f5em a concess\u00f5es de minera\u00e7\u00e3o ativas (cerca de 71 milh\u00f5es de hectares) e potenciais (cerca de 99 milh\u00f5es de hectares)&#8221;.<\/p>\n\n\n\n<p>Al\u00e9m disso, mais de 70 milh\u00f5es de hectares de territ\u00f3rios ind\u00edgenas se sobrep\u00f5em a concess\u00f5es de minera\u00e7\u00e3o ativas (cerca de 10 milh\u00f5es de hectares) e potenciais (aproximadamente 60 milh\u00f5es de hectares).<\/p>\n\n\n\n<blockquote class=\"wp-block-quote is-layout-flow wp-block-quote-is-layout-flow\">\n<p>&#8220;\u00c9 um cen\u00e1rio de amea\u00e7a extrema, 27 milh\u00f5es de pessoas se encontram em \u00e1reas de concess\u00f5es de minera\u00e7\u00e3o ativas e inativas&#8221;, acrescenta o documento, apresentado em uma coletiva de imprensa virtual pelo diretor executivo da organiza\u00e7\u00e3o, Tyson Miller.<\/p>\n<\/blockquote>\n\n\n\n<h2 class=\"wp-block-heading\" id=\"h-expansao-do-setor-de-petroleo-e-gas\">Expans\u00e3o do setor de petr\u00f3leo e g\u00e1s<\/h2>\n\n\n\n<p>Outra grande amea\u00e7a \u00e9 a expans\u00e3o do setor de petr\u00f3leo e g\u00e1s, que, segundo o documento, coloca em risco quase 13% das florestas intactas da bacia amaz\u00f4nica.<\/p>\n\n\n\n<p>Isso inclui 65 milh\u00f5es de hectares de mata virgem e mais de 31 milh\u00f5es de hectares de territ\u00f3rios ind\u00edgenas.<\/p>\n\n\n\n<blockquote class=\"wp-block-quote is-layout-flow wp-block-quote-is-layout-flow\">\n<p>&#8220;Mais de 13.000 lugares povoados, representando cerca de 14 milh\u00f5es de pessoas, ou seja, mais de 23% dos lugares povoados da Amaz\u00f4nia, agora vivem em blocos de produ\u00e7\u00e3o e explora\u00e7\u00e3o de petr\u00f3leo e g\u00e1s&#8221;, destaca o relat\u00f3rio.<\/p>\n<\/blockquote>\n\n\n\n<h2 class=\"wp-block-heading\" id=\"h-riscos-para-os-povos-indigenas\">Riscos para os povos ind\u00edgenas<\/h2>\n\n\n\n<p>De acordo com o estudo, devido \u00e0s a\u00e7\u00f5es humanas, cerca de 26% da regi\u00e3o amaz\u00f4nica apresenta sinais de desmatamento e alta degrada\u00e7\u00e3o, 6% est\u00e1 altamente degradada e, em 20% da \u00e1rea, as mudan\u00e7as s\u00e3o irrevers\u00edveis.<\/p>\n\n\n\n<p>Este cen\u00e1rio preocupa a Coordenadora das Organiza\u00e7\u00f5es Ind\u00edgenas da Bacia Amaz\u00f4nica (Coica), organiza\u00e7\u00e3o que colaborou com o estudo, e que chama a aten\u00e7\u00e3o n\u00e3o s\u00f3 para os impactos sobre o meio ambiente, mas tamb\u00e9m para as comunidades locais e os mais de 500 povos ind\u00edgenas que habitam a regi\u00e3o.<\/p>\n\n\n\n<p>Na coletiva de imprensa, a coordenadora geral da Coica, Fany Kuiru Castro, referiu-se \u00e0 pior seca que a Amaz\u00f4nia brasileira j\u00e1 enfrentou desde que h\u00e1 registros.<\/p>\n\n\n\n<blockquote class=\"wp-block-quote is-layout-flow wp-block-quote-is-layout-flow\">\n<p>&#8220;N\u00f3s, povos ind\u00edgenas, al\u00e9m de vivermos o flagelo da polui\u00e7\u00e3o e da degrada\u00e7\u00e3o de nossos territ\u00f3rios ancestrais, tamb\u00e9m sofremos os estragos da natureza. Hoje a nossa Amaz\u00f4nia est\u00e1 morrendo, est\u00e1 seca. O maior rio se tornou um fio d&#8217;\u00e1gua, por isso o desmatamento precisa acabar. A degrada\u00e7\u00e3o precisa acabar. Os combust\u00edveis f\u00f3sseis precisam acabar&#8221;, insistiu Castro.<\/p>\n<\/blockquote>\n\n\n\n<p>Ele tamb\u00e9m defendeu a demarca\u00e7\u00e3o de territ\u00f3rios ind\u00edgenas para garantir a prote\u00e7\u00e3o ambiental na regi\u00e3o e enfatizou a import\u00e2ncia dos sistemas de conhecimento ind\u00edgena para manter o equil\u00edbrio dos ecossistemas.<\/p>\n\n\n\n<blockquote class=\"wp-block-quote is-layout-flow wp-block-quote-is-layout-flow\">\n<p>&#8220;N\u00e3o temos que esperar, temos que avan\u00e7ar, temos que parar o desmatamento, a explora\u00e7\u00e3o de combust\u00edveis f\u00f3sseis e evitar a degrada\u00e7\u00e3o das florestas e dos territ\u00f3rios amaz\u00f4nicos&#8221;, acrescentou ela.<\/p>\n<\/blockquote>\n\n\n\n<h2 class=\"wp-block-heading\" id=\"h-tres-bacias-fundamentais-para-a-estabilidade-climatica\">Tr\u00eas bacias fundamentais para a estabilidade clim\u00e1tica<\/h2>\n\n\n\n<p>O relat\u00f3rio tamb\u00e9m fornece informa\u00e7\u00f5es sobre duas outras bacias consideradas fundamentais para a estabilidade clim\u00e1tica do planeta e para a manuten\u00e7\u00e3o da biodiversidade, a Bacia do Congo, na \u00c1frica, e a Bacia Born\u00e9u-Mekong, no sudeste asi\u00e1tico, que sofrem com problemas muito semelhantes aos enfrentados na Amaz\u00f4nia.<\/p>\n\n\n\n<p>Intitulado &#8220;Relat\u00f3rio das Tr\u00eas Bacias: As Amea\u00e7as dos Combust\u00edveis F\u00f3sseis, da Minera\u00e7\u00e3o e da Expans\u00e3o Industrial para as Florestas e as Comunidades&#8221;, o documento revelou tamb\u00e9m que quase 20% da mata virgem nessas tr\u00eas regi\u00f5es est\u00e3o em \u00e1reas de concess\u00f5es ativas ou potenciais de petr\u00f3leo e g\u00e1s.<\/p>\n\n\n\n<p>O estudo tamb\u00e9m destacou que mais de 200 milh\u00f5es de pessoas, 20% de toda a popula\u00e7\u00e3o das tr\u00eas bacias, vivem em blocos de petr\u00f3leo e g\u00e1s, e que as reservas de n\u00edquel da Indon\u00e9sia cobrem mais de 3 milh\u00f5es de hectares, 2,5 milh\u00f5es deles localizados em florestas naturais, o que representa um risco enorme de desmatamento.<\/p>\n\n\n\n<blockquote class=\"wp-block-quote is-layout-flow wp-block-quote-is-layout-flow\">\n<p>&#8220;As descobertas enfatizam a necessidade cr\u00edtica de uma morat\u00f3ria sobre a expans\u00e3o das atividades industriais em florestas prim\u00e1rias e priorit\u00e1rias nessas regi\u00f5es e em todo o mundo&#8221;, reafirma o documento, que prop\u00f5e a cria\u00e7\u00e3o de um espa\u00e7o para solu\u00e7\u00f5es financeiras, como o al\u00edvio da d\u00edvida ou o redirecionamento de subs\u00eddios, e outras inova\u00e7\u00f5es &#8220;para preservar esses tesouros globais e atender \u00e0s necessidades de desenvolvimento&#8221;.&nbsp;<\/p>\n<\/blockquote>\n","protected":false},"excerpt":{"rendered":"<p>S\u00e3o Paulo (EFE).- A expans\u00e3o das atividades ligadas ao setor da minera\u00e7\u00e3o na bacia do rio Amazonas, a maior do mundo, amea\u00e7a mais de 33% das florestas tropicais intocadas da regi\u00e3o, que se estende por oito pa\u00edses, de acordo com um relat\u00f3rio divulgado nesta ter\u00e7a-feira por uma ONG americana. O documento, preparado pela ONG Earth &#8230; <a title=\"Minera\u00e7\u00e3o amea\u00e7a 33% da mata virgem da Bacia do Amazonas, alertam ONGs internacionais\" class=\"read-more\" href=\"https:\/\/pre.efe.com\/pt-br\/mundo-2\/2023-10-24\/mineracao-ameaca-33-da-mata-virgem-da-bacia-do-amazonas-alertam-ongs-internacionais\/\" aria-label=\"Read more about Minera\u00e7\u00e3o amea\u00e7a 33% da mata virgem da Bacia do Amazonas, alertam ONGs internacionais\">Leia mais<\/a><\/p>\n","protected":false},"author":198164106,"featured_media":720000,"comment_status":"closed","ping_status":"closed","sticky":false,"template":"","format":"standard","meta":{"_acf_changed":false,"_jetpack_memberships_contains_paid_content":false,"footnotes":""},"categories":[123208,122144],"tags":[125411,124952],"class_list":["post-719980","post","type-post","status-publish","format-standard","has-post-thumbnail","hentry","category-mundo-2","category-outras-noticias","tag-amazonia-2","tag-meio-ambiente","generate-columns","tablet-grid-50","mobile-grid-100","grid-parent","grid-50"],"acf":[],"yoast_head":"<!-- This site is optimized with the Yoast SEO Premium plugin v26.0 (Yoast SEO v27.5) - https:\/\/yoast.com\/product\/yoast-seo-premium-wordpress\/ -->\n<title>Minera\u00e7\u00e3o amea\u00e7a 33% da mata virgem da Bacia do Amazonas, alertam ONGs internacionais - EFE<\/title>\n<meta name=\"robots\" content=\"noindex, follow\" \/>\n<meta property=\"og:locale\" content=\"pt_BR\" \/>\n<meta property=\"og:type\" content=\"article\" \/>\n<meta property=\"og:title\" content=\"Minera\u00e7\u00e3o amea\u00e7a 33% da mata virgem da Bacia do Amazonas, alertam ONGs internacionais - EFE\" \/>\n<meta property=\"og:description\" content=\"S\u00e3o Paulo (EFE).- A expans\u00e3o das atividades ligadas ao setor da minera\u00e7\u00e3o na bacia do rio Amazonas, a maior do mundo, amea\u00e7a mais de 33% das florestas tropicais intocadas da regi\u00e3o, que se estende por oito pa\u00edses, de acordo com um relat\u00f3rio divulgado nesta ter\u00e7a-feira por uma ONG americana. O documento, preparado pela ONG Earth ... Leia mais\" \/>\n<meta property=\"og:url\" content=\"https:\/\/pre.efe.com\/pt-br\/mundo-2\/2023-10-24\/mineracao-ameaca-33-da-mata-virgem-da-bacia-do-amazonas-alertam-ongs-internacionais\/\" \/>\n<meta property=\"og:site_name\" content=\"EFE Noticias\" \/>\n<meta property=\"article:publisher\" content=\"https:\/\/www.facebook.com\/AgenciaEFEnoticias\/\" \/>\n<meta property=\"article:published_time\" content=\"2023-10-24T15:48:00+00:00\" \/>\n<meta property=\"article:modified_time\" content=\"2023-10-24T22:52:53+00:00\" \/>\n<meta property=\"og:image\" content=\"https:\/\/i0.wp.com\/efe.com\/\/srv\/htdocs\/wp-content\/uploads\/2023\/10\/ImagenPorRuta-1.jpg?fit=900%2C600&ssl=1\" \/>\n\t<meta property=\"og:image:width\" content=\"900\" \/>\n\t<meta property=\"og:image:height\" content=\"600\" \/>\n\t<meta property=\"og:image:type\" content=\"image\/jpeg\" \/>\n<meta name=\"author\" content=\"anachain\" \/>\n<meta name=\"twitter:card\" content=\"summary_large_image\" \/>\n<meta name=\"twitter:creator\" content=\"@efenoticias\" \/>\n<meta name=\"twitter:site\" content=\"@efenoticias\" \/>\n<script type=\"application\/ld+json\" class=\"yoast-schema-graph\">{\"@context\":\"https:\\\/\\\/schema.org\",\"@graph\":[{\"@type\":\"NewsArticle\",\"@id\":\"https:\\\/\\\/pre.efe.com\\\/pt-br\\\/mundo-2\\\/2023-10-24\\\/mineracao-ameaca-33-da-mata-virgem-da-bacia-do-amazonas-alertam-ongs-internacionais\\\/#article\",\"isPartOf\":{\"@id\":\"https:\\\/\\\/pre.efe.com\\\/pt-br\\\/mundo-2\\\/2023-10-24\\\/mineracao-ameaca-33-da-mata-virgem-da-bacia-do-amazonas-alertam-ongs-internacionais\\\/\"},\"author\":{\"name\":\"anachain\",\"@id\":\"https:\\\/\\\/pre.efe.com\\\/pt-br\\\/#\\\/schema\\\/person\\\/b19f23f210db552768f68a4b552b004f\"},\"headline\":\"Minera\u00e7\u00e3o amea\u00e7a 33% da mata virgem da Bacia do Amazonas, alertam ONGs internacionais\",\"datePublished\":\"2023-10-24T15:48:00+00:00\",\"dateModified\":\"2023-10-24T22:52:53+00:00\",\"mainEntityOfPage\":{\"@id\":\"https:\\\/\\\/pre.efe.com\\\/pt-br\\\/mundo-2\\\/2023-10-24\\\/mineracao-ameaca-33-da-mata-virgem-da-bacia-do-amazonas-alertam-ongs-internacionais\\\/\"},\"wordCount\":840,\"publisher\":{\"@id\":\"https:\\\/\\\/pre.efe.com\\\/pt-br\\\/#organization\"},\"image\":{\"@id\":\"https:\\\/\\\/pre.efe.com\\\/pt-br\\\/mundo-2\\\/2023-10-24\\\/mineracao-ameaca-33-da-mata-virgem-da-bacia-do-amazonas-alertam-ongs-internacionais\\\/#primaryimage\"},\"thumbnailUrl\":\"https:\\\/\\\/pre.efe.com\\\/wp-content\\\/uploads\\\/2023\\\/10\\\/ImagenPorRuta-1.jpg\",\"keywords\":[\"Amazonia\",\"Meio ambiente\"],\"articleSection\":[\"Mundo\",\"Outras not\u00edcias\"],\"inLanguage\":\"pt-BR\",\"copyrightYear\":\"2023\",\"copyrightHolder\":{\"@id\":\"https:\\\/\\\/pre.efe.com\\\/#organization\"}},{\"@type\":[\"WebPage\",\"ItemPage\"],\"@id\":\"https:\\\/\\\/pre.efe.com\\\/pt-br\\\/mundo-2\\\/2023-10-24\\\/mineracao-ameaca-33-da-mata-virgem-da-bacia-do-amazonas-alertam-ongs-internacionais\\\/\",\"url\":\"https:\\\/\\\/pre.efe.com\\\/pt-br\\\/mundo-2\\\/2023-10-24\\\/mineracao-ameaca-33-da-mata-virgem-da-bacia-do-amazonas-alertam-ongs-internacionais\\\/\",\"name\":\"Minera\u00e7\u00e3o amea\u00e7a 33% da mata virgem da Bacia do Amazonas, alertam ONGs internacionais - EFE\",\"isPartOf\":{\"@id\":\"https:\\\/\\\/pre.efe.com\\\/pt-br\\\/#website\"},\"primaryImageOfPage\":{\"@id\":\"https:\\\/\\\/pre.efe.com\\\/pt-br\\\/mundo-2\\\/2023-10-24\\\/mineracao-ameaca-33-da-mata-virgem-da-bacia-do-amazonas-alertam-ongs-internacionais\\\/#primaryimage\"},\"image\":{\"@id\":\"https:\\\/\\\/pre.efe.com\\\/pt-br\\\/mundo-2\\\/2023-10-24\\\/mineracao-ameaca-33-da-mata-virgem-da-bacia-do-amazonas-alertam-ongs-internacionais\\\/#primaryimage\"},\"thumbnailUrl\":\"https:\\\/\\\/pre.efe.com\\\/wp-content\\\/uploads\\\/2023\\\/10\\\/ImagenPorRuta-1.jpg\",\"datePublished\":\"2023-10-24T15:48:00+00:00\",\"dateModified\":\"2023-10-24T22:52:53+00:00\",\"breadcrumb\":{\"@id\":\"https:\\\/\\\/pre.efe.com\\\/pt-br\\\/mundo-2\\\/2023-10-24\\\/mineracao-ameaca-33-da-mata-virgem-da-bacia-do-amazonas-alertam-ongs-internacionais\\\/#breadcrumb\"},\"inLanguage\":\"pt-BR\",\"potentialAction\":[{\"@type\":\"ReadAction\",\"target\":[\"https:\\\/\\\/pre.efe.com\\\/pt-br\\\/mundo-2\\\/2023-10-24\\\/mineracao-ameaca-33-da-mata-virgem-da-bacia-do-amazonas-alertam-ongs-internacionais\\\/\"]}]},{\"@type\":\"ImageObject\",\"inLanguage\":\"pt-BR\",\"@id\":\"https:\\\/\\\/pre.efe.com\\\/pt-br\\\/mundo-2\\\/2023-10-24\\\/mineracao-ameaca-33-da-mata-virgem-da-bacia-do-amazonas-alertam-ongs-internacionais\\\/#primaryimage\",\"url\":\"https:\\\/\\\/pre.efe.com\\\/wp-content\\\/uploads\\\/2023\\\/10\\\/ImagenPorRuta-1.jpg\",\"contentUrl\":\"https:\\\/\\\/pre.efe.com\\\/wp-content\\\/uploads\\\/2023\\\/10\\\/ImagenPorRuta-1.jpg\",\"width\":900,\"height\":600,\"caption\":\"Uma \u00e1rea de minera\u00e7\u00e3o ilegal ilegal na Floresta Ambiental Itaituba II, no Par\u00e1. EFE\\\/Arquivo\\\/Andr\u00e9 Borges\"},{\"@type\":\"BreadcrumbList\",\"@id\":\"https:\\\/\\\/pre.efe.com\\\/pt-br\\\/mundo-2\\\/2023-10-24\\\/mineracao-ameaca-33-da-mata-virgem-da-bacia-do-amazonas-alertam-ongs-internacionais\\\/#breadcrumb\",\"itemListElement\":[{\"@type\":\"ListItem\",\"position\":1,\"name\":\"Portada\",\"item\":\"https:\\\/\\\/pre.efe.com\\\/pt-br\\\/\"},{\"@type\":\"ListItem\",\"position\":2,\"name\":\"Minera\u00e7\u00e3o amea\u00e7a 33% da mata virgem da Bacia do Amazonas, alertam ONGs internacionais\"}]},{\"@type\":\"WebSite\",\"@id\":\"https:\\\/\\\/pre.efe.com\\\/pt-br\\\/#website\",\"url\":\"https:\\\/\\\/pre.efe.com\\\/pt-br\\\/\",\"name\":\"EFE Noticias\",\"description\":\"\",\"publisher\":{\"@id\":\"https:\\\/\\\/pre.efe.com\\\/pt-br\\\/#organization\"},\"potentialAction\":[{\"@type\":\"SearchAction\",\"target\":{\"@type\":\"EntryPoint\",\"urlTemplate\":\"https:\\\/\\\/pre.efe.com\\\/pt-br\\\/?s={search_term_string}\"},\"query-input\":{\"@type\":\"PropertyValueSpecification\",\"valueRequired\":true,\"valueName\":\"search_term_string\"}}],\"inLanguage\":\"pt-BR\"},{\"@type\":\"Organization\",\"@id\":\"https:\\\/\\\/pre.efe.com\\\/pt-br\\\/#organization\",\"name\":\"Agencia EFE\",\"url\":\"https:\\\/\\\/pre.efe.com\\\/pt-br\\\/\",\"logo\":{\"@type\":\"ImageObject\",\"inLanguage\":\"pt-BR\",\"@id\":\"https:\\\/\\\/pre.efe.com\\\/pt-br\\\/#\\\/schema\\\/logo\\\/image\\\/\",\"url\":\"https:\\\/\\\/pre.efe.com\\\/wp-content\\\/uploads\\\/2023\\\/06\\\/logo-efe-467.png\",\"contentUrl\":\"https:\\\/\\\/pre.efe.com\\\/wp-content\\\/uploads\\\/2023\\\/06\\\/logo-efe-467.png\",\"width\":467,\"height\":467,\"caption\":\"Agencia EFE\"},\"image\":{\"@id\":\"https:\\\/\\\/pre.efe.com\\\/pt-br\\\/#\\\/schema\\\/logo\\\/image\\\/\"},\"sameAs\":[\"https:\\\/\\\/www.facebook.com\\\/AgenciaEFEnoticias\\\/\",\"https:\\\/\\\/x.com\\\/efenoticias\",\"https:\\\/\\\/www.instagram.com\\\/efe_noticias\\\/\",\"http:\\\/\\\/www.youtube.com\\\/efe\"]},{\"@type\":\"Person\",\"@id\":\"https:\\\/\\\/pre.efe.com\\\/pt-br\\\/#\\\/schema\\\/person\\\/b19f23f210db552768f68a4b552b004f\",\"name\":\"anachain\",\"image\":{\"@type\":\"ImageObject\",\"inLanguage\":\"pt-BR\",\"@id\":\"https:\\\/\\\/secure.gravatar.com\\\/avatar\\\/30b83965911ef1108bb893c00bdd65c885f9890e1265ee04b02c3d5adc785d37?s=96&d=identicon&r=g\",\"url\":\"https:\\\/\\\/secure.gravatar.com\\\/avatar\\\/30b83965911ef1108bb893c00bdd65c885f9890e1265ee04b02c3d5adc785d37?s=96&d=identicon&r=g\",\"contentUrl\":\"https:\\\/\\\/secure.gravatar.com\\\/avatar\\\/30b83965911ef1108bb893c00bdd65c885f9890e1265ee04b02c3d5adc785d37?s=96&d=identicon&r=g\",\"caption\":\"anachain\"},\"url\":\"https:\\\/\\\/pre.efe.com\\\/pt-br\\\/autor\\\/anachain\\\/\"}]}<\/script>\n<!-- \/ Yoast SEO Premium plugin. -->","yoast_head_json":{"title":"Minera\u00e7\u00e3o amea\u00e7a 33% da mata virgem da Bacia do Amazonas, alertam ONGs internacionais - EFE","robots":{"index":"noindex","follow":"follow"},"og_locale":"pt_BR","og_type":"article","og_title":"Minera\u00e7\u00e3o amea\u00e7a 33% da mata virgem da Bacia do Amazonas, alertam ONGs internacionais - EFE","og_description":"S\u00e3o Paulo (EFE).- A expans\u00e3o das atividades ligadas ao setor da minera\u00e7\u00e3o na bacia do rio Amazonas, a maior do mundo, amea\u00e7a mais de 33% das florestas tropicais intocadas da regi\u00e3o, que se estende por oito pa\u00edses, de acordo com um relat\u00f3rio divulgado nesta ter\u00e7a-feira por uma ONG americana. O documento, preparado pela ONG Earth ... Leia mais","og_url":"https:\/\/pre.efe.com\/pt-br\/mundo-2\/2023-10-24\/mineracao-ameaca-33-da-mata-virgem-da-bacia-do-amazonas-alertam-ongs-internacionais\/","og_site_name":"EFE Noticias","article_publisher":"https:\/\/www.facebook.com\/AgenciaEFEnoticias\/","article_published_time":"2023-10-24T15:48:00+00:00","article_modified_time":"2023-10-24T22:52:53+00:00","og_image":[{"width":900,"height":600,"url":"https:\/\/i0.wp.com\/efe.com\/\/srv\/htdocs\/wp-content\/uploads\/2023\/10\/ImagenPorRuta-1.jpg?fit=900%2C600&ssl=1","type":"image\/jpeg"}],"author":"anachain","twitter_card":"summary_large_image","twitter_creator":"@efenoticias","twitter_site":"@efenoticias","schema":{"@context":"https:\/\/schema.org","@graph":[{"@type":"NewsArticle","@id":"https:\/\/pre.efe.com\/pt-br\/mundo-2\/2023-10-24\/mineracao-ameaca-33-da-mata-virgem-da-bacia-do-amazonas-alertam-ongs-internacionais\/#article","isPartOf":{"@id":"https:\/\/pre.efe.com\/pt-br\/mundo-2\/2023-10-24\/mineracao-ameaca-33-da-mata-virgem-da-bacia-do-amazonas-alertam-ongs-internacionais\/"},"author":{"name":"anachain","@id":"https:\/\/pre.efe.com\/pt-br\/#\/schema\/person\/b19f23f210db552768f68a4b552b004f"},"headline":"Minera\u00e7\u00e3o amea\u00e7a 33% da mata virgem da Bacia do Amazonas, alertam ONGs internacionais","datePublished":"2023-10-24T15:48:00+00:00","dateModified":"2023-10-24T22:52:53+00:00","mainEntityOfPage":{"@id":"https:\/\/pre.efe.com\/pt-br\/mundo-2\/2023-10-24\/mineracao-ameaca-33-da-mata-virgem-da-bacia-do-amazonas-alertam-ongs-internacionais\/"},"wordCount":840,"publisher":{"@id":"https:\/\/pre.efe.com\/pt-br\/#organization"},"image":{"@id":"https:\/\/pre.efe.com\/pt-br\/mundo-2\/2023-10-24\/mineracao-ameaca-33-da-mata-virgem-da-bacia-do-amazonas-alertam-ongs-internacionais\/#primaryimage"},"thumbnailUrl":"https:\/\/pre.efe.com\/wp-content\/uploads\/2023\/10\/ImagenPorRuta-1.jpg","keywords":["Amazonia","Meio ambiente"],"articleSection":["Mundo","Outras not\u00edcias"],"inLanguage":"pt-BR","copyrightYear":"2023","copyrightHolder":{"@id":"https:\/\/pre.efe.com\/#organization"}},{"@type":["WebPage","ItemPage"],"@id":"https:\/\/pre.efe.com\/pt-br\/mundo-2\/2023-10-24\/mineracao-ameaca-33-da-mata-virgem-da-bacia-do-amazonas-alertam-ongs-internacionais\/","url":"https:\/\/pre.efe.com\/pt-br\/mundo-2\/2023-10-24\/mineracao-ameaca-33-da-mata-virgem-da-bacia-do-amazonas-alertam-ongs-internacionais\/","name":"Minera\u00e7\u00e3o amea\u00e7a 33% da mata virgem da Bacia do Amazonas, alertam ONGs internacionais - EFE","isPartOf":{"@id":"https:\/\/pre.efe.com\/pt-br\/#website"},"primaryImageOfPage":{"@id":"https:\/\/pre.efe.com\/pt-br\/mundo-2\/2023-10-24\/mineracao-ameaca-33-da-mata-virgem-da-bacia-do-amazonas-alertam-ongs-internacionais\/#primaryimage"},"image":{"@id":"https:\/\/pre.efe.com\/pt-br\/mundo-2\/2023-10-24\/mineracao-ameaca-33-da-mata-virgem-da-bacia-do-amazonas-alertam-ongs-internacionais\/#primaryimage"},"thumbnailUrl":"https:\/\/pre.efe.com\/wp-content\/uploads\/2023\/10\/ImagenPorRuta-1.jpg","datePublished":"2023-10-24T15:48:00+00:00","dateModified":"2023-10-24T22:52:53+00:00","breadcrumb":{"@id":"https:\/\/pre.efe.com\/pt-br\/mundo-2\/2023-10-24\/mineracao-ameaca-33-da-mata-virgem-da-bacia-do-amazonas-alertam-ongs-internacionais\/#breadcrumb"},"inLanguage":"pt-BR","potentialAction":[{"@type":"ReadAction","target":["https:\/\/pre.efe.com\/pt-br\/mundo-2\/2023-10-24\/mineracao-ameaca-33-da-mata-virgem-da-bacia-do-amazonas-alertam-ongs-internacionais\/"]}]},{"@type":"ImageObject","inLanguage":"pt-BR","@id":"https:\/\/pre.efe.com\/pt-br\/mundo-2\/2023-10-24\/mineracao-ameaca-33-da-mata-virgem-da-bacia-do-amazonas-alertam-ongs-internacionais\/#primaryimage","url":"https:\/\/pre.efe.com\/wp-content\/uploads\/2023\/10\/ImagenPorRuta-1.jpg","contentUrl":"https:\/\/pre.efe.com\/wp-content\/uploads\/2023\/10\/ImagenPorRuta-1.jpg","width":900,"height":600,"caption":"Uma \u00e1rea de minera\u00e7\u00e3o ilegal ilegal na Floresta Ambiental Itaituba II, no Par\u00e1. EFE\/Arquivo\/Andr\u00e9 Borges"},{"@type":"BreadcrumbList","@id":"https:\/\/pre.efe.com\/pt-br\/mundo-2\/2023-10-24\/mineracao-ameaca-33-da-mata-virgem-da-bacia-do-amazonas-alertam-ongs-internacionais\/#breadcrumb","itemListElement":[{"@type":"ListItem","position":1,"name":"Portada","item":"https:\/\/pre.efe.com\/pt-br\/"},{"@type":"ListItem","position":2,"name":"Minera\u00e7\u00e3o amea\u00e7a 33% da mata virgem da Bacia do Amazonas, alertam ONGs internacionais"}]},{"@type":"WebSite","@id":"https:\/\/pre.efe.com\/pt-br\/#website","url":"https:\/\/pre.efe.com\/pt-br\/","name":"EFE Noticias","description":"","publisher":{"@id":"https:\/\/pre.efe.com\/pt-br\/#organization"},"potentialAction":[{"@type":"SearchAction","target":{"@type":"EntryPoint","urlTemplate":"https:\/\/pre.efe.com\/pt-br\/?s={search_term_string}"},"query-input":{"@type":"PropertyValueSpecification","valueRequired":true,"valueName":"search_term_string"}}],"inLanguage":"pt-BR"},{"@type":"Organization","@id":"https:\/\/pre.efe.com\/pt-br\/#organization","name":"Agencia EFE","url":"https:\/\/pre.efe.com\/pt-br\/","logo":{"@type":"ImageObject","inLanguage":"pt-BR","@id":"https:\/\/pre.efe.com\/pt-br\/#\/schema\/logo\/image\/","url":"https:\/\/pre.efe.com\/wp-content\/uploads\/2023\/06\/logo-efe-467.png","contentUrl":"https:\/\/pre.efe.com\/wp-content\/uploads\/2023\/06\/logo-efe-467.png","width":467,"height":467,"caption":"Agencia EFE"},"image":{"@id":"https:\/\/pre.efe.com\/pt-br\/#\/schema\/logo\/image\/"},"sameAs":["https:\/\/www.facebook.com\/AgenciaEFEnoticias\/","https:\/\/x.com\/efenoticias","https:\/\/www.instagram.com\/efe_noticias\/","http:\/\/www.youtube.com\/efe"]},{"@type":"Person","@id":"https:\/\/pre.efe.com\/pt-br\/#\/schema\/person\/b19f23f210db552768f68a4b552b004f","name":"anachain","image":{"@type":"ImageObject","inLanguage":"pt-BR","@id":"https:\/\/secure.gravatar.com\/avatar\/30b83965911ef1108bb893c00bdd65c885f9890e1265ee04b02c3d5adc785d37?s=96&d=identicon&r=g","url":"https:\/\/secure.gravatar.com\/avatar\/30b83965911ef1108bb893c00bdd65c885f9890e1265ee04b02c3d5adc785d37?s=96&d=identicon&r=g","contentUrl":"https:\/\/secure.gravatar.com\/avatar\/30b83965911ef1108bb893c00bdd65c885f9890e1265ee04b02c3d5adc785d37?s=96&d=identicon&r=g","caption":"anachain"},"url":"https:\/\/pre.efe.com\/pt-br\/autor\/anachain\/"}]}},"jetpack_featured_media_url":"https:\/\/pre.efe.com\/wp-content\/uploads\/2023\/10\/ImagenPorRuta-1.jpg","jetpack_shortlink":"https:\/\/wp.me\/peJvHm-31iA","jetpack_sharing_enabled":true,"_links":{"self":[{"href":"https:\/\/pre.efe.com\/pt-br\/wp-json\/wp\/v2\/posts\/719980","targetHints":{"allow":["GET"]}}],"collection":[{"href":"https:\/\/pre.efe.com\/pt-br\/wp-json\/wp\/v2\/posts"}],"about":[{"href":"https:\/\/pre.efe.com\/pt-br\/wp-json\/wp\/v2\/types\/post"}],"author":[{"embeddable":true,"href":"https:\/\/pre.efe.com\/pt-br\/wp-json\/wp\/v2\/users\/198164106"}],"replies":[{"embeddable":true,"href":"https:\/\/pre.efe.com\/pt-br\/wp-json\/wp\/v2\/comments?post=719980"}],"version-history":[{"count":2,"href":"https:\/\/pre.efe.com\/pt-br\/wp-json\/wp\/v2\/posts\/719980\/revisions"}],"predecessor-version":[{"id":720006,"href":"https:\/\/pre.efe.com\/pt-br\/wp-json\/wp\/v2\/posts\/719980\/revisions\/720006"}],"wp:featuredmedia":[{"embeddable":true,"href":"https:\/\/pre.efe.com\/pt-br\/wp-json\/wp\/v2\/media\/720000"}],"wp:attachment":[{"href":"https:\/\/pre.efe.com\/pt-br\/wp-json\/wp\/v2\/media?parent=719980"}],"wp:term":[{"taxonomy":"category","embeddable":true,"href":"https:\/\/pre.efe.com\/pt-br\/wp-json\/wp\/v2\/categories?post=719980"},{"taxonomy":"post_tag","embeddable":true,"href":"https:\/\/pre.efe.com\/pt-br\/wp-json\/wp\/v2\/tags?post=719980"}],"curies":[{"name":"wp","href":"https:\/\/api.w.org\/{rel}","templated":true}]}}