{"id":724085,"date":"2023-10-25T22:39:00","date_gmt":"2023-10-25T20:39:00","guid":{"rendered":"https:\/\/pre.efe.com\/?p=724085"},"modified":"2023-10-26T22:41:27","modified_gmt":"2023-10-26T20:41:27","slug":"brasil-apoia-startups-sustentaveis-a-promover-economia-verde","status":"publish","type":"post","link":"https:\/\/pre.efe.com\/pt-br\/mundo-2\/2023-10-25\/brasil-apoia-startups-sustentaveis-a-promover-economia-verde\/","title":{"rendered":"Brasil apoia startups sustent\u00e1veis a promover economia verde"},"content":{"rendered":"\n<p>S\u00e3o Paulo (EFE).- A ag\u00eancia brasileira de promo\u00e7\u00e3o de exporta\u00e7\u00f5es e investimentos, ApexBrasil, est\u00e1 apoiando a internacionaliza\u00e7\u00e3o de startups sustent\u00e1veis para promover o compromisso com um modelo de economia verde.<\/p>\n\n\n\n<p>A afirma\u00e7\u00e3o foi feita por dirigentes da ApexBrasil durante a primeira edi\u00e7\u00e3o do F\u00f3rum Latino-Americano de Economia Verde, realizado pela Ag\u00eancia EFE em S\u00e3o Paulo no dia 19 de outubro.<\/p>\n\n\n\n<p>A gerente de Competitividade da ApexBrasil, Clarissa Alves Furtado, disse que a institui\u00e7\u00e3o atende 14 mil empresas e 70% delas s\u00e3o micro e pequenas empresas, que \u201cconseguem exportar desde que tenham esse apoio\u201d e \u201cconseguem encontrar nichos de mercado\u201d.<br>Entre essas empresas, h\u00e1 muitas do setor da bioeconomia, trabalhando em produtos inovadores, ou mesmo em solu\u00e7\u00f5es para enfrentar a crise clim\u00e1tica.<\/p>\n\n\n\n<p>Especificamente, a ApexBrasil apoiar\u00e1 seis dessas startups verdes para participarem da pr\u00f3xima Confer\u00eancia do Clima da ONU (COP-28), que ser\u00e1 realizada em Dubai no pr\u00f3ximo m\u00eas de novembro para buscar parceiros e atrair investimentos.<\/p>\n\n\n\n<p>No mesmo f\u00f3rum, o diretor de Gest\u00e3o Corporativa da ApexBrasil, Floriano Pesaro, afirmou que \u201ca sociodiversidade ser\u00e1 o ponto de partida para a nova pol\u00edtica industrial\u201d do Brasil, promovendo especialmente setores como sa\u00fade, energias renov\u00e1veis, hidrog\u00eanio verde e mobilidade.<\/p>\n\n\n\n<blockquote class=\"wp-block-quote is-layout-flow wp-block-quote-is-layout-flow\">\n<p>\u201cO Brasil pode e ser\u00e1 o grande protagonista do processo de descarboniza\u00e7\u00e3o da economia global\u201d, disse Pesaro, destacando as vantagens competitivas do pa\u00eds sul-americano para promover a redu\u00e7\u00e3o das emiss\u00f5es poluentes da economia.<\/p>\n<\/blockquote>\n\n\n\n<p>O gestor da ApexBrasil destacou que 65% da matriz energ\u00e9tica brasileira \u00e9 limpa, o que abre in\u00fameras oportunidades de investimentos num panorama em que a crise clim\u00e1tica \u00e9 preocupante.<\/p>\n\n\n\n<blockquote class=\"wp-block-quote is-layout-flow wp-block-quote-is-layout-flow\">\n<p>\u201cA quest\u00e3o at\u00e9 agora era onde eu fabrico bem e barato. Agora \u00e9 onde eu fabrico bem, barato e onde posso compensar as emiss\u00f5es de carbono. O Brasil \u00e9 a grande alternativa\u201d, concluiu.<\/p>\n<\/blockquote>\n\n\n\n<p>A ApexBrasil foi uma das patrocinadoras do F\u00f3rum Latino-Americano de Economia Verde, cuja primeira edi\u00e7\u00e3o foi organizada pela Ag\u00eancia EFE em S\u00e3o Paulo.<\/p>\n\n\n\n<p>O evento contou com a presen\u00e7a de representantes de ag\u00eancias governamentais, institui\u00e7\u00f5es internacionais, empresas, centros de investiga\u00e7\u00e3o e sociedade civil, com o objetivo de aprofundar quest\u00f5es como a descarboniza\u00e7\u00e3o, a transi\u00e7\u00e3o energ\u00e9tica, a capacita\u00e7\u00e3o das comunidades rurais e a gest\u00e3o de res\u00edduos s\u00f3lidos e h\u00eddricos.<\/p>\n\n\n\n<figure class=\"wp-block-embed is-type-video is-provider-youtube wp-block-embed-youtube wp-embed-aspect-16-9 wp-has-aspect-ratio\"><div class=\"wp-block-embed__wrapper\">\n<iframe  id=\"_ytid_18525\"  width=\"1200\" height=\"675\"  data-origwidth=\"1200\" data-origheight=\"675\" src=\"https:\/\/www.youtube.com\/embed\/jveahUcorKM?enablejsapi=1&#038;autoplay=0&#038;cc_load_policy=0&#038;cc_lang_pref=&#038;iv_load_policy=1&#038;loop=0&#038;rel=1&#038;fs=1&#038;playsinline=0&#038;autohide=2&#038;theme=dark&#038;color=red&#038;controls=1&#038;disablekb=0&#038;\" class=\"__youtube_prefs__  epyt-is-override  no-lazyload\" title=\"YouTube player\"  allow=\"fullscreen; accelerometer; autoplay; clipboard-write; encrypted-media; gyroscope; picture-in-picture; web-share\" referrerpolicy=\"strict-origin-when-cross-origin\" allowfullscreen data-no-lazy=\"1\" data-skipgform_ajax_framebjll=\"\"><\/iframe>\n<\/div><\/figure>\n","protected":false},"excerpt":{"rendered":"<p>S\u00e3o Paulo (EFE).- A ag\u00eancia brasileira de promo\u00e7\u00e3o de exporta\u00e7\u00f5es e investimentos, ApexBrasil, est\u00e1 apoiando a internacionaliza\u00e7\u00e3o de startups sustent\u00e1veis para promover o compromisso com um modelo de economia verde. A afirma\u00e7\u00e3o foi feita por dirigentes da ApexBrasil durante a primeira edi\u00e7\u00e3o do F\u00f3rum Latino-Americano de Economia Verde, realizado pela Ag\u00eancia EFE em S\u00e3o Paulo &#8230; <a title=\"Brasil apoia startups sustent\u00e1veis a promover economia verde\" class=\"read-more\" href=\"https:\/\/pre.efe.com\/pt-br\/mundo-2\/2023-10-25\/brasil-apoia-startups-sustentaveis-a-promover-economia-verde\/\" aria-label=\"Read more about Brasil apoia startups sustent\u00e1veis a promover economia verde\">Leia mais<\/a><\/p>\n","protected":false},"author":198164106,"featured_media":724087,"comment_status":"closed","ping_status":"closed","sticky":false,"template":"","format":"standard","meta":{"_acf_changed":false,"_jetpack_memberships_contains_paid_content":false,"footnotes":""},"categories":[123208,122144],"tags":[125591,123239,124952],"class_list":["post-724085","post","type-post","status-publish","format-standard","has-post-thumbnail","hentry","category-mundo-2","category-outras-noticias","tag-brasil-2","tag-economia-2","tag-meio-ambiente","generate-columns","tablet-grid-50","mobile-grid-100","grid-parent","grid-50"],"acf":[],"yoast_head":"<!-- This site is optimized with the Yoast SEO Premium plugin v26.0 (Yoast SEO v27.5) - https:\/\/yoast.com\/product\/yoast-seo-premium-wordpress\/ -->\n<title>Brasil apoia startups sustent\u00e1veis a promover economia verde - EFE<\/title>\n<meta name=\"robots\" content=\"noindex, follow\" \/>\n<meta property=\"og:locale\" content=\"pt_BR\" \/>\n<meta property=\"og:type\" content=\"article\" \/>\n<meta property=\"og:title\" content=\"Brasil apoia startups sustent\u00e1veis a promover economia verde - EFE\" \/>\n<meta property=\"og:description\" content=\"S\u00e3o Paulo (EFE).- A ag\u00eancia brasileira de promo\u00e7\u00e3o de exporta\u00e7\u00f5es e investimentos, ApexBrasil, est\u00e1 apoiando a internacionaliza\u00e7\u00e3o de startups sustent\u00e1veis para promover o compromisso com um modelo de economia verde. A afirma\u00e7\u00e3o foi feita por dirigentes da ApexBrasil durante a primeira edi\u00e7\u00e3o do F\u00f3rum Latino-Americano de Economia Verde, realizado pela Ag\u00eancia EFE em S\u00e3o Paulo ... Leia mais\" \/>\n<meta property=\"og:url\" content=\"https:\/\/pre.efe.com\/pt-br\/mundo-2\/2023-10-25\/brasil-apoia-startups-sustentaveis-a-promover-economia-verde\/\" \/>\n<meta property=\"og:site_name\" content=\"EFE Noticias\" \/>\n<meta property=\"article:publisher\" content=\"https:\/\/www.facebook.com\/AgenciaEFEnoticias\/\" \/>\n<meta property=\"article:published_time\" content=\"2023-10-25T20:39:00+00:00\" \/>\n<meta property=\"article:modified_time\" content=\"2023-10-26T20:41:27+00:00\" \/>\n<meta property=\"og:image\" content=\"https:\/\/i0.wp.com\/efe.com\/\/srv\/htdocs\/wp-content\/uploads\/2023\/10\/ImagenPorRuta-2-2.jpg?fit=900%2C600&ssl=1\" \/>\n\t<meta property=\"og:image:width\" content=\"900\" \/>\n\t<meta property=\"og:image:height\" content=\"600\" \/>\n\t<meta property=\"og:image:type\" content=\"image\/jpeg\" \/>\n<meta name=\"author\" content=\"anachain\" \/>\n<meta name=\"twitter:card\" content=\"summary_large_image\" \/>\n<meta name=\"twitter:creator\" content=\"@efenoticias\" \/>\n<meta name=\"twitter:site\" content=\"@efenoticias\" \/>\n<script type=\"application\/ld+json\" class=\"yoast-schema-graph\">{\"@context\":\"https:\\\/\\\/schema.org\",\"@graph\":[{\"@type\":\"NewsArticle\",\"@id\":\"https:\\\/\\\/pre.efe.com\\\/pt-br\\\/mundo-2\\\/2023-10-25\\\/brasil-apoia-startups-sustentaveis-a-promover-economia-verde\\\/#article\",\"isPartOf\":{\"@id\":\"https:\\\/\\\/pre.efe.com\\\/pt-br\\\/mundo-2\\\/2023-10-25\\\/brasil-apoia-startups-sustentaveis-a-promover-economia-verde\\\/\"},\"author\":{\"name\":\"anachain\",\"@id\":\"https:\\\/\\\/pre.efe.com\\\/pt-br\\\/#\\\/schema\\\/person\\\/b19f23f210db552768f68a4b552b004f\"},\"headline\":\"Brasil apoia startups sustent\u00e1veis a promover economia verde\",\"datePublished\":\"2023-10-25T20:39:00+00:00\",\"dateModified\":\"2023-10-26T20:41:27+00:00\",\"mainEntityOfPage\":{\"@id\":\"https:\\\/\\\/pre.efe.com\\\/pt-br\\\/mundo-2\\\/2023-10-25\\\/brasil-apoia-startups-sustentaveis-a-promover-economia-verde\\\/\"},\"wordCount\":417,\"publisher\":{\"@id\":\"https:\\\/\\\/pre.efe.com\\\/pt-br\\\/#organization\"},\"image\":{\"@id\":\"https:\\\/\\\/pre.efe.com\\\/pt-br\\\/mundo-2\\\/2023-10-25\\\/brasil-apoia-startups-sustentaveis-a-promover-economia-verde\\\/#primaryimage\"},\"thumbnailUrl\":\"https:\\\/\\\/pre.efe.com\\\/wp-content\\\/uploads\\\/2023\\\/10\\\/ImagenPorRuta-2-2.jpg\",\"keywords\":[\"Brasil\",\"Economia\",\"Meio ambiente\"],\"articleSection\":[\"Mundo\",\"Outras not\u00edcias\"],\"inLanguage\":\"pt-BR\",\"copyrightYear\":\"2023\",\"copyrightHolder\":{\"@id\":\"https:\\\/\\\/pre.efe.com\\\/#organization\"}},{\"@type\":[\"WebPage\",\"ItemPage\"],\"@id\":\"https:\\\/\\\/pre.efe.com\\\/pt-br\\\/mundo-2\\\/2023-10-25\\\/brasil-apoia-startups-sustentaveis-a-promover-economia-verde\\\/\",\"url\":\"https:\\\/\\\/pre.efe.com\\\/pt-br\\\/mundo-2\\\/2023-10-25\\\/brasil-apoia-startups-sustentaveis-a-promover-economia-verde\\\/\",\"name\":\"Brasil apoia startups sustent\u00e1veis a promover economia verde - EFE\",\"isPartOf\":{\"@id\":\"https:\\\/\\\/pre.efe.com\\\/pt-br\\\/#website\"},\"primaryImageOfPage\":{\"@id\":\"https:\\\/\\\/pre.efe.com\\\/pt-br\\\/mundo-2\\\/2023-10-25\\\/brasil-apoia-startups-sustentaveis-a-promover-economia-verde\\\/#primaryimage\"},\"image\":{\"@id\":\"https:\\\/\\\/pre.efe.com\\\/pt-br\\\/mundo-2\\\/2023-10-25\\\/brasil-apoia-startups-sustentaveis-a-promover-economia-verde\\\/#primaryimage\"},\"thumbnailUrl\":\"https:\\\/\\\/pre.efe.com\\\/wp-content\\\/uploads\\\/2023\\\/10\\\/ImagenPorRuta-2-2.jpg\",\"datePublished\":\"2023-10-25T20:39:00+00:00\",\"dateModified\":\"2023-10-26T20:41:27+00:00\",\"breadcrumb\":{\"@id\":\"https:\\\/\\\/pre.efe.com\\\/pt-br\\\/mundo-2\\\/2023-10-25\\\/brasil-apoia-startups-sustentaveis-a-promover-economia-verde\\\/#breadcrumb\"},\"inLanguage\":\"pt-BR\",\"potentialAction\":[{\"@type\":\"ReadAction\",\"target\":[\"https:\\\/\\\/pre.efe.com\\\/pt-br\\\/mundo-2\\\/2023-10-25\\\/brasil-apoia-startups-sustentaveis-a-promover-economia-verde\\\/\"]}]},{\"@type\":\"ImageObject\",\"inLanguage\":\"pt-BR\",\"@id\":\"https:\\\/\\\/pre.efe.com\\\/pt-br\\\/mundo-2\\\/2023-10-25\\\/brasil-apoia-startups-sustentaveis-a-promover-economia-verde\\\/#primaryimage\",\"url\":\"https:\\\/\\\/pre.efe.com\\\/wp-content\\\/uploads\\\/2023\\\/10\\\/ImagenPorRuta-2-2.jpg\",\"contentUrl\":\"https:\\\/\\\/pre.efe.com\\\/wp-content\\\/uploads\\\/2023\\\/10\\\/ImagenPorRuta-2-2.jpg\",\"width\":900,\"height\":600},{\"@type\":\"BreadcrumbList\",\"@id\":\"https:\\\/\\\/pre.efe.com\\\/pt-br\\\/mundo-2\\\/2023-10-25\\\/brasil-apoia-startups-sustentaveis-a-promover-economia-verde\\\/#breadcrumb\",\"itemListElement\":[{\"@type\":\"ListItem\",\"position\":1,\"name\":\"Portada\",\"item\":\"https:\\\/\\\/pre.efe.com\\\/pt-br\\\/\"},{\"@type\":\"ListItem\",\"position\":2,\"name\":\"Brasil apoia startups sustent\u00e1veis a promover economia verde\"}]},{\"@type\":\"WebSite\",\"@id\":\"https:\\\/\\\/pre.efe.com\\\/pt-br\\\/#website\",\"url\":\"https:\\\/\\\/pre.efe.com\\\/pt-br\\\/\",\"name\":\"EFE Noticias\",\"description\":\"\",\"publisher\":{\"@id\":\"https:\\\/\\\/pre.efe.com\\\/pt-br\\\/#organization\"},\"potentialAction\":[{\"@type\":\"SearchAction\",\"target\":{\"@type\":\"EntryPoint\",\"urlTemplate\":\"https:\\\/\\\/pre.efe.com\\\/pt-br\\\/?s={search_term_string}\"},\"query-input\":{\"@type\":\"PropertyValueSpecification\",\"valueRequired\":true,\"valueName\":\"search_term_string\"}}],\"inLanguage\":\"pt-BR\"},{\"@type\":\"Organization\",\"@id\":\"https:\\\/\\\/pre.efe.com\\\/pt-br\\\/#organization\",\"name\":\"Agencia EFE\",\"url\":\"https:\\\/\\\/pre.efe.com\\\/pt-br\\\/\",\"logo\":{\"@type\":\"ImageObject\",\"inLanguage\":\"pt-BR\",\"@id\":\"https:\\\/\\\/pre.efe.com\\\/pt-br\\\/#\\\/schema\\\/logo\\\/image\\\/\",\"url\":\"https:\\\/\\\/pre.efe.com\\\/wp-content\\\/uploads\\\/2023\\\/06\\\/logo-efe-467.png\",\"contentUrl\":\"https:\\\/\\\/pre.efe.com\\\/wp-content\\\/uploads\\\/2023\\\/06\\\/logo-efe-467.png\",\"width\":467,\"height\":467,\"caption\":\"Agencia EFE\"},\"image\":{\"@id\":\"https:\\\/\\\/pre.efe.com\\\/pt-br\\\/#\\\/schema\\\/logo\\\/image\\\/\"},\"sameAs\":[\"https:\\\/\\\/www.facebook.com\\\/AgenciaEFEnoticias\\\/\",\"https:\\\/\\\/x.com\\\/efenoticias\",\"https:\\\/\\\/www.instagram.com\\\/efe_noticias\\\/\",\"http:\\\/\\\/www.youtube.com\\\/efe\"]},{\"@type\":\"Person\",\"@id\":\"https:\\\/\\\/pre.efe.com\\\/pt-br\\\/#\\\/schema\\\/person\\\/b19f23f210db552768f68a4b552b004f\",\"name\":\"anachain\",\"image\":{\"@type\":\"ImageObject\",\"inLanguage\":\"pt-BR\",\"@id\":\"https:\\\/\\\/secure.gravatar.com\\\/avatar\\\/30b83965911ef1108bb893c00bdd65c885f9890e1265ee04b02c3d5adc785d37?s=96&d=identicon&r=g\",\"url\":\"https:\\\/\\\/secure.gravatar.com\\\/avatar\\\/30b83965911ef1108bb893c00bdd65c885f9890e1265ee04b02c3d5adc785d37?s=96&d=identicon&r=g\",\"contentUrl\":\"https:\\\/\\\/secure.gravatar.com\\\/avatar\\\/30b83965911ef1108bb893c00bdd65c885f9890e1265ee04b02c3d5adc785d37?s=96&d=identicon&r=g\",\"caption\":\"anachain\"},\"url\":\"https:\\\/\\\/pre.efe.com\\\/pt-br\\\/autor\\\/anachain\\\/\"}]}<\/script>\n<!-- \/ Yoast SEO Premium plugin. -->","yoast_head_json":{"title":"Brasil apoia startups sustent\u00e1veis a promover economia verde - EFE","robots":{"index":"noindex","follow":"follow"},"og_locale":"pt_BR","og_type":"article","og_title":"Brasil apoia startups sustent\u00e1veis a promover economia verde - EFE","og_description":"S\u00e3o Paulo (EFE).- A ag\u00eancia brasileira de promo\u00e7\u00e3o de exporta\u00e7\u00f5es e investimentos, ApexBrasil, est\u00e1 apoiando a internacionaliza\u00e7\u00e3o de startups sustent\u00e1veis para promover o compromisso com um modelo de economia verde. A afirma\u00e7\u00e3o foi feita por dirigentes da ApexBrasil durante a primeira edi\u00e7\u00e3o do F\u00f3rum Latino-Americano de Economia Verde, realizado pela Ag\u00eancia EFE em S\u00e3o Paulo ... Leia mais","og_url":"https:\/\/pre.efe.com\/pt-br\/mundo-2\/2023-10-25\/brasil-apoia-startups-sustentaveis-a-promover-economia-verde\/","og_site_name":"EFE Noticias","article_publisher":"https:\/\/www.facebook.com\/AgenciaEFEnoticias\/","article_published_time":"2023-10-25T20:39:00+00:00","article_modified_time":"2023-10-26T20:41:27+00:00","og_image":[{"width":900,"height":600,"url":"https:\/\/i0.wp.com\/efe.com\/\/srv\/htdocs\/wp-content\/uploads\/2023\/10\/ImagenPorRuta-2-2.jpg?fit=900%2C600&ssl=1","type":"image\/jpeg"}],"author":"anachain","twitter_card":"summary_large_image","twitter_creator":"@efenoticias","twitter_site":"@efenoticias","schema":{"@context":"https:\/\/schema.org","@graph":[{"@type":"NewsArticle","@id":"https:\/\/pre.efe.com\/pt-br\/mundo-2\/2023-10-25\/brasil-apoia-startups-sustentaveis-a-promover-economia-verde\/#article","isPartOf":{"@id":"https:\/\/pre.efe.com\/pt-br\/mundo-2\/2023-10-25\/brasil-apoia-startups-sustentaveis-a-promover-economia-verde\/"},"author":{"name":"anachain","@id":"https:\/\/pre.efe.com\/pt-br\/#\/schema\/person\/b19f23f210db552768f68a4b552b004f"},"headline":"Brasil apoia startups sustent\u00e1veis a promover economia verde","datePublished":"2023-10-25T20:39:00+00:00","dateModified":"2023-10-26T20:41:27+00:00","mainEntityOfPage":{"@id":"https:\/\/pre.efe.com\/pt-br\/mundo-2\/2023-10-25\/brasil-apoia-startups-sustentaveis-a-promover-economia-verde\/"},"wordCount":417,"publisher":{"@id":"https:\/\/pre.efe.com\/pt-br\/#organization"},"image":{"@id":"https:\/\/pre.efe.com\/pt-br\/mundo-2\/2023-10-25\/brasil-apoia-startups-sustentaveis-a-promover-economia-verde\/#primaryimage"},"thumbnailUrl":"https:\/\/pre.efe.com\/wp-content\/uploads\/2023\/10\/ImagenPorRuta-2-2.jpg","keywords":["Brasil","Economia","Meio ambiente"],"articleSection":["Mundo","Outras not\u00edcias"],"inLanguage":"pt-BR","copyrightYear":"2023","copyrightHolder":{"@id":"https:\/\/pre.efe.com\/#organization"}},{"@type":["WebPage","ItemPage"],"@id":"https:\/\/pre.efe.com\/pt-br\/mundo-2\/2023-10-25\/brasil-apoia-startups-sustentaveis-a-promover-economia-verde\/","url":"https:\/\/pre.efe.com\/pt-br\/mundo-2\/2023-10-25\/brasil-apoia-startups-sustentaveis-a-promover-economia-verde\/","name":"Brasil apoia startups sustent\u00e1veis a promover economia verde - EFE","isPartOf":{"@id":"https:\/\/pre.efe.com\/pt-br\/#website"},"primaryImageOfPage":{"@id":"https:\/\/pre.efe.com\/pt-br\/mundo-2\/2023-10-25\/brasil-apoia-startups-sustentaveis-a-promover-economia-verde\/#primaryimage"},"image":{"@id":"https:\/\/pre.efe.com\/pt-br\/mundo-2\/2023-10-25\/brasil-apoia-startups-sustentaveis-a-promover-economia-verde\/#primaryimage"},"thumbnailUrl":"https:\/\/pre.efe.com\/wp-content\/uploads\/2023\/10\/ImagenPorRuta-2-2.jpg","datePublished":"2023-10-25T20:39:00+00:00","dateModified":"2023-10-26T20:41:27+00:00","breadcrumb":{"@id":"https:\/\/pre.efe.com\/pt-br\/mundo-2\/2023-10-25\/brasil-apoia-startups-sustentaveis-a-promover-economia-verde\/#breadcrumb"},"inLanguage":"pt-BR","potentialAction":[{"@type":"ReadAction","target":["https:\/\/pre.efe.com\/pt-br\/mundo-2\/2023-10-25\/brasil-apoia-startups-sustentaveis-a-promover-economia-verde\/"]}]},{"@type":"ImageObject","inLanguage":"pt-BR","@id":"https:\/\/pre.efe.com\/pt-br\/mundo-2\/2023-10-25\/brasil-apoia-startups-sustentaveis-a-promover-economia-verde\/#primaryimage","url":"https:\/\/pre.efe.com\/wp-content\/uploads\/2023\/10\/ImagenPorRuta-2-2.jpg","contentUrl":"https:\/\/pre.efe.com\/wp-content\/uploads\/2023\/10\/ImagenPorRuta-2-2.jpg","width":900,"height":600},{"@type":"BreadcrumbList","@id":"https:\/\/pre.efe.com\/pt-br\/mundo-2\/2023-10-25\/brasil-apoia-startups-sustentaveis-a-promover-economia-verde\/#breadcrumb","itemListElement":[{"@type":"ListItem","position":1,"name":"Portada","item":"https:\/\/pre.efe.com\/pt-br\/"},{"@type":"ListItem","position":2,"name":"Brasil apoia startups sustent\u00e1veis a promover economia verde"}]},{"@type":"WebSite","@id":"https:\/\/pre.efe.com\/pt-br\/#website","url":"https:\/\/pre.efe.com\/pt-br\/","name":"EFE Noticias","description":"","publisher":{"@id":"https:\/\/pre.efe.com\/pt-br\/#organization"},"potentialAction":[{"@type":"SearchAction","target":{"@type":"EntryPoint","urlTemplate":"https:\/\/pre.efe.com\/pt-br\/?s={search_term_string}"},"query-input":{"@type":"PropertyValueSpecification","valueRequired":true,"valueName":"search_term_string"}}],"inLanguage":"pt-BR"},{"@type":"Organization","@id":"https:\/\/pre.efe.com\/pt-br\/#organization","name":"Agencia EFE","url":"https:\/\/pre.efe.com\/pt-br\/","logo":{"@type":"ImageObject","inLanguage":"pt-BR","@id":"https:\/\/pre.efe.com\/pt-br\/#\/schema\/logo\/image\/","url":"https:\/\/pre.efe.com\/wp-content\/uploads\/2023\/06\/logo-efe-467.png","contentUrl":"https:\/\/pre.efe.com\/wp-content\/uploads\/2023\/06\/logo-efe-467.png","width":467,"height":467,"caption":"Agencia EFE"},"image":{"@id":"https:\/\/pre.efe.com\/pt-br\/#\/schema\/logo\/image\/"},"sameAs":["https:\/\/www.facebook.com\/AgenciaEFEnoticias\/","https:\/\/x.com\/efenoticias","https:\/\/www.instagram.com\/efe_noticias\/","http:\/\/www.youtube.com\/efe"]},{"@type":"Person","@id":"https:\/\/pre.efe.com\/pt-br\/#\/schema\/person\/b19f23f210db552768f68a4b552b004f","name":"anachain","image":{"@type":"ImageObject","inLanguage":"pt-BR","@id":"https:\/\/secure.gravatar.com\/avatar\/30b83965911ef1108bb893c00bdd65c885f9890e1265ee04b02c3d5adc785d37?s=96&d=identicon&r=g","url":"https:\/\/secure.gravatar.com\/avatar\/30b83965911ef1108bb893c00bdd65c885f9890e1265ee04b02c3d5adc785d37?s=96&d=identicon&r=g","contentUrl":"https:\/\/secure.gravatar.com\/avatar\/30b83965911ef1108bb893c00bdd65c885f9890e1265ee04b02c3d5adc785d37?s=96&d=identicon&r=g","caption":"anachain"},"url":"https:\/\/pre.efe.com\/pt-br\/autor\/anachain\/"}]}},"jetpack_featured_media_url":"https:\/\/pre.efe.com\/wp-content\/uploads\/2023\/10\/ImagenPorRuta-2-2.jpg","jetpack_shortlink":"https:\/\/wp.me\/peJvHm-32mN","jetpack_sharing_enabled":true,"_links":{"self":[{"href":"https:\/\/pre.efe.com\/pt-br\/wp-json\/wp\/v2\/posts\/724085","targetHints":{"allow":["GET"]}}],"collection":[{"href":"https:\/\/pre.efe.com\/pt-br\/wp-json\/wp\/v2\/posts"}],"about":[{"href":"https:\/\/pre.efe.com\/pt-br\/wp-json\/wp\/v2\/types\/post"}],"author":[{"embeddable":true,"href":"https:\/\/pre.efe.com\/pt-br\/wp-json\/wp\/v2\/users\/198164106"}],"replies":[{"embeddable":true,"href":"https:\/\/pre.efe.com\/pt-br\/wp-json\/wp\/v2\/comments?post=724085"}],"version-history":[{"count":3,"href":"https:\/\/pre.efe.com\/pt-br\/wp-json\/wp\/v2\/posts\/724085\/revisions"}],"predecessor-version":[{"id":724091,"href":"https:\/\/pre.efe.com\/pt-br\/wp-json\/wp\/v2\/posts\/724085\/revisions\/724091"}],"wp:featuredmedia":[{"embeddable":true,"href":"https:\/\/pre.efe.com\/pt-br\/wp-json\/wp\/v2\/media\/724087"}],"wp:attachment":[{"href":"https:\/\/pre.efe.com\/pt-br\/wp-json\/wp\/v2\/media?parent=724085"}],"wp:term":[{"taxonomy":"category","embeddable":true,"href":"https:\/\/pre.efe.com\/pt-br\/wp-json\/wp\/v2\/categories?post=724085"},{"taxonomy":"post_tag","embeddable":true,"href":"https:\/\/pre.efe.com\/pt-br\/wp-json\/wp\/v2\/tags?post=724085"}],"curies":[{"name":"wp","href":"https:\/\/api.w.org\/{rel}","templated":true}]}}