{"id":737907,"date":"2023-11-03T15:52:49","date_gmt":"2023-11-03T14:52:49","guid":{"rendered":"https:\/\/pre.efe.com\/?p=737907"},"modified":"2023-11-03T15:52:52","modified_gmt":"2023-11-03T14:52:52","slug":"em-israel-blinken-defende-o-resgate-de-refens-do-hamas-e-a-protecao-de-civis-em-gaza","status":"publish","type":"post","link":"https:\/\/pre.efe.com\/pt-br\/mundo-2\/em-israel-blinken-defende-o-resgate-de-refens-do-hamas-e-a-protecao-de-civis-em-gaza\/","title":{"rendered":"Em Israel, Blinken defende o resgate de ref\u00e9ns do Hamas e a prote\u00e7\u00e3o de civis em Gaza"},"content":{"rendered":"\n<p>Jerusal\u00e9m (EFE).- O secret\u00e1rio de Estado dos Estados Unidos, Antony Blinken, disse nesta sexta-feira em Tel Aviv que seu pa\u00eds far\u00e1 &#8220;todo o poss\u00edvel&#8221; para resgatar os ref\u00e9ns capturados pelo grupo isl\u00e2mico Hamas no seu ataque contra Israel, ao mesmo tempo em que defendeu a prote\u00e7\u00e3o dos civis na Faixa de Gaza que est\u00e3o presos no &#8220;fogo cruzado&#8221;.<\/p>\n\n\n\n<blockquote class=\"wp-block-quote is-layout-flow wp-block-quote-is-layout-flow\">\n<p>&#8220;Estamos pensando a todo o momento em nossos ref\u00e9ns. Tantos israelenses, americanos e outros cidad\u00e3os, e estamos determinados a fazer tudo o que pudermos para traz\u00ea-los de volta, s\u00e3os e salvos&#8221;, disse Blinken durante uma reuni\u00e3o com o presidente israelense, Isaac Herzog, segundo um comunicado da presid\u00eancia de Israel.<\/p>\n<\/blockquote>\n\n\n\n<p>Enquanto isso, as fam\u00edlias dos ref\u00e9ns realizaram um protesto em frente \u00e0 base militar de Kirya, em Tel Aviv, onde aconteceu a reuni\u00e3o, para exigir que n\u00e3o haja um cessar-fogo sem o regresso pr\u00e9vio de todos os ref\u00e9ns.<\/p>\n\n\n\n<blockquote class=\"wp-block-quote is-layout-flow wp-block-quote-is-layout-flow\">\n<p>&#8220;Estamos ouvindo a manifesta\u00e7\u00e3o das fam\u00edlias l\u00e1 fora. Nossos cora\u00e7\u00f5es est\u00e3o com eles. N\u00f3s entendemos, queremos sua liberta\u00e7\u00e3o imediata&#8221;, comentou Herzog.<\/p>\n<\/blockquote>\n\n\n\n<p>Esta \u00e9 a terceira visita oficial de Blinken a Israel desde que eclodiu a guerra entre o Hamas e o Estado judeu, na qual tentar\u00e1 mediar para conseguir um cessar-fogo tempor\u00e1rio que permita a entrada de mais ajuda humanit\u00e1ria em Gaza.<\/p>\n\n\n\n<p>Antes de se reunir com Herzog, o diplomata americano reuniu-se com o primeiro-ministro israelense, Benjamin Netanyahu, que projetou imagens preparadas pelo Ex\u00e9rcito israelense que mostram \u201cos horrores e massacres perpetrados pelo Hamas\u201d, segundo informou a assessoria de imprensa do governo.<\/p>\n\n\n\n<p>Herzog defendeu o \u201cdireito \u00e0 autodefesa\u201d de Israel e garantiu que a intensa ofensiva das for\u00e7as a\u00e9reas, terrestres e navais israelenses, que deixou mais de 9.200 mortos na Faixa de Gaza, \u00e9 realizada com base no \u201cdireito humanit\u00e1rio e internacional\u201d.<\/p>\n\n\n\n<h2 class=\"wp-block-heading\" id=\"h-direito-de-defesa\">Direito de defesa<\/h2>\n\n\n\n<p>Blinken reconheceu o direito de Israel de se defender, mas salientou a import\u00e2ncia de que &#8220;quando se trata da prote\u00e7\u00e3o dos civis, que s\u00e3o apanhados no fogo cruzado criado pelo Hamas, seja feito todo o poss\u00edvel para proteg\u00ea-los e levar assist\u00eancia \u00e0queles que t\u00e3o desesperadamente precisam e que n\u00e3o s\u00e3o de forma alguma respons\u00e1veis \u200b\u200bpelo que aconteceu no dia 7 de outubro&#8221;.<\/p>\n\n\n\n<p>Nesse dia, Israel declarou guerra ao Hamas depois que o grupo isl\u00e2mico realizou um ataque massivo contra o territ\u00f3rio israelense, que terminou com mais de 1.400 mortos, 5.400 feridos e pelo menos 242 ref\u00e9ns levados para Gaza.<\/p>\n\n\n\n<p>Desde ent\u00e3o, o Ex\u00e9rcito israelense bombardeia incessantemente o enclave e, na \u00faltima sexta-feira \u00e0 noite, iniciou uma incurs\u00e3o terrestre que custou a vida de pelo menos 24 soldados e que ontem chegou ao interior da Cidade de Gaza, a principal da Faixa.<\/p>\n\n\n\n<p>Por sua vez, as mil\u00edcias palestinas n\u00e3o pararam de lan\u00e7ar foguetes contra Israel, a maioria deles interceptados pelo sistema de defesa a\u00e9rea israelense.<\/p>\n\n\n\n<p>A ofensiva militar de Israel na Faixa de Gaza deixou mais de 9.100 palestinos mortos e mais de 30.000 feridos, a grande maioria civis.<\/p>\n\n\n\n<p>Nesse contexto, o desespero espalha-se entre a popula\u00e7\u00e3o de Gaza, onde muitos hospitais e cemit\u00e9rios colapsaram devido ao crescente n\u00famero de v\u00edtimas e \u00e0 escassez de \u00e1gua pot\u00e1vel, alimentos, eletricidade e combust\u00edvel.<\/p>\n\n\n\n<p>Quase 1,5 milh\u00e3o de pessoas foram deslocadas na Faixa, mais de metade da popula\u00e7\u00e3o, e muitas delas procuram desesperadamente deixar o enclave atrav\u00e9s da passagem de Rafah, na fronteira com o Egito, a \u00fanica no enclave que foi aberta em raras ocasi\u00f5es para permitir a entrada de ajuda humanit\u00e1ria ou evacuar feridos e estrangeiros. EFE<\/p>\n","protected":false},"excerpt":{"rendered":"<p>Jerusal\u00e9m (EFE).- O secret\u00e1rio de Estado dos Estados Unidos, Antony Blinken, disse nesta sexta-feira em Tel Aviv que seu pa\u00eds far\u00e1 &#8220;todo o poss\u00edvel&#8221; para resgatar os ref\u00e9ns capturados pelo grupo isl\u00e2mico Hamas no seu ataque contra Israel, ao mesmo tempo em que defendeu a prote\u00e7\u00e3o dos civis na Faixa de Gaza que est\u00e3o presos &#8230; <a title=\"Em Israel, Blinken defende o resgate de ref\u00e9ns do Hamas e a prote\u00e7\u00e3o de civis em Gaza\" class=\"read-more\" href=\"https:\/\/pre.efe.com\/pt-br\/mundo-2\/em-israel-blinken-defende-o-resgate-de-refens-do-hamas-e-a-protecao-de-civis-em-gaza\/\" aria-label=\"Read more about Em Israel, Blinken defende o resgate de ref\u00e9ns do Hamas e a prote\u00e7\u00e3o de civis em Gaza\">Leia mais<\/a><\/p>\n","protected":false},"author":198164106,"featured_media":737202,"comment_status":"closed","ping_status":"closed","sticky":false,"template":"","format":"standard","meta":{"_acf_changed":false,"_jetpack_memberships_contains_paid_content":false,"footnotes":""},"categories":[123208,122141],"tags":[122371,122791,128097],"class_list":["post-737907","post","type-post","status-publish","format-standard","has-post-thumbnail","hentry","category-mundo-2","category-portada","tag-eua","tag-guerra-2","tag-palestina","generate-columns","tablet-grid-50","mobile-grid-100","grid-parent","grid-50"],"acf":[],"yoast_head":"<!-- This site is optimized with the Yoast SEO Premium plugin v26.0 (Yoast SEO v27.5) - https:\/\/yoast.com\/product\/yoast-seo-premium-wordpress\/ -->\n<title>Em Israel, Blinken defende o resgate de ref\u00e9ns do Hamas e a prote\u00e7\u00e3o de civis em Gaza - EFE<\/title>\n<meta name=\"robots\" content=\"noindex, follow\" \/>\n<meta property=\"og:locale\" content=\"pt_BR\" \/>\n<meta property=\"og:type\" content=\"article\" \/>\n<meta property=\"og:title\" content=\"Em Israel, Blinken defende o resgate de ref\u00e9ns do Hamas e a prote\u00e7\u00e3o de civis em Gaza - EFE\" \/>\n<meta property=\"og:description\" content=\"Jerusal\u00e9m (EFE).- O secret\u00e1rio de Estado dos Estados Unidos, Antony Blinken, disse nesta sexta-feira em Tel Aviv que seu pa\u00eds far\u00e1 &#8220;todo o poss\u00edvel&#8221; para resgatar os ref\u00e9ns capturados pelo grupo isl\u00e2mico Hamas no seu ataque contra Israel, ao mesmo tempo em que defendeu a prote\u00e7\u00e3o dos civis na Faixa de Gaza que est\u00e3o presos ... Leia mais\" \/>\n<meta property=\"og:url\" content=\"https:\/\/pre.efe.com\/pt-br\/mundo-2\/em-israel-blinken-defende-o-resgate-de-refens-do-hamas-e-a-protecao-de-civis-em-gaza\/\" \/>\n<meta property=\"og:site_name\" content=\"EFE Noticias\" \/>\n<meta property=\"article:publisher\" content=\"https:\/\/www.facebook.com\/AgenciaEFEnoticias\/\" \/>\n<meta property=\"article:published_time\" content=\"2023-11-03T14:52:49+00:00\" \/>\n<meta property=\"article:modified_time\" content=\"2023-11-03T14:52:52+00:00\" \/>\n<meta property=\"og:image\" content=\"https:\/\/i0.wp.com\/efe.com\/\/srv\/htdocs\/wp-content\/uploads\/2023\/11\/BLINKEN-ISRAEL-2.jpg?fit=900%2C599&ssl=1\" \/>\n\t<meta property=\"og:image:width\" content=\"900\" \/>\n\t<meta property=\"og:image:height\" content=\"599\" \/>\n\t<meta property=\"og:image:type\" content=\"image\/jpeg\" \/>\n<meta name=\"author\" content=\"anachain\" \/>\n<meta name=\"twitter:card\" content=\"summary_large_image\" \/>\n<meta name=\"twitter:creator\" content=\"@efenoticias\" \/>\n<meta name=\"twitter:site\" content=\"@efenoticias\" \/>\n<script type=\"application\/ld+json\" class=\"yoast-schema-graph\">{\"@context\":\"https:\\\/\\\/schema.org\",\"@graph\":[{\"@type\":\"NewsArticle\",\"@id\":\"https:\\\/\\\/pre.efe.com\\\/pt-br\\\/mundo-2\\\/em-israel-blinken-defende-o-resgate-de-refens-do-hamas-e-a-protecao-de-civis-em-gaza\\\/#article\",\"isPartOf\":{\"@id\":\"https:\\\/\\\/pre.efe.com\\\/pt-br\\\/mundo-2\\\/em-israel-blinken-defende-o-resgate-de-refens-do-hamas-e-a-protecao-de-civis-em-gaza\\\/\"},\"author\":{\"name\":\"anachain\",\"@id\":\"https:\\\/\\\/pre.efe.com\\\/pt-br\\\/#\\\/schema\\\/person\\\/b19f23f210db552768f68a4b552b004f\"},\"headline\":\"Em Israel, Blinken defende o resgate de ref\u00e9ns do Hamas e a prote\u00e7\u00e3o de civis em Gaza\",\"datePublished\":\"2023-11-03T14:52:49+00:00\",\"dateModified\":\"2023-11-03T14:52:52+00:00\",\"mainEntityOfPage\":{\"@id\":\"https:\\\/\\\/pre.efe.com\\\/pt-br\\\/mundo-2\\\/em-israel-blinken-defende-o-resgate-de-refens-do-hamas-e-a-protecao-de-civis-em-gaza\\\/\"},\"wordCount\":633,\"publisher\":{\"@id\":\"https:\\\/\\\/pre.efe.com\\\/pt-br\\\/#organization\"},\"image\":{\"@id\":\"https:\\\/\\\/pre.efe.com\\\/pt-br\\\/mundo-2\\\/em-israel-blinken-defende-o-resgate-de-refens-do-hamas-e-a-protecao-de-civis-em-gaza\\\/#primaryimage\"},\"thumbnailUrl\":\"https:\\\/\\\/pre.efe.com\\\/wp-content\\\/uploads\\\/2023\\\/11\\\/BLINKEN-ISRAEL-2.jpg\",\"keywords\":[\"EUA\",\"Guerra\",\"Palestina\"],\"articleSection\":[\"Mundo\",\"Portada\"],\"inLanguage\":\"pt-BR\",\"copyrightYear\":\"2023\",\"copyrightHolder\":{\"@id\":\"https:\\\/\\\/pre.efe.com\\\/#organization\"}},{\"@type\":[\"WebPage\",\"ItemPage\"],\"@id\":\"https:\\\/\\\/pre.efe.com\\\/pt-br\\\/mundo-2\\\/em-israel-blinken-defende-o-resgate-de-refens-do-hamas-e-a-protecao-de-civis-em-gaza\\\/\",\"url\":\"https:\\\/\\\/pre.efe.com\\\/pt-br\\\/mundo-2\\\/em-israel-blinken-defende-o-resgate-de-refens-do-hamas-e-a-protecao-de-civis-em-gaza\\\/\",\"name\":\"Em Israel, Blinken defende o resgate de ref\u00e9ns do Hamas e a prote\u00e7\u00e3o de civis em Gaza - EFE\",\"isPartOf\":{\"@id\":\"https:\\\/\\\/pre.efe.com\\\/pt-br\\\/#website\"},\"primaryImageOfPage\":{\"@id\":\"https:\\\/\\\/pre.efe.com\\\/pt-br\\\/mundo-2\\\/em-israel-blinken-defende-o-resgate-de-refens-do-hamas-e-a-protecao-de-civis-em-gaza\\\/#primaryimage\"},\"image\":{\"@id\":\"https:\\\/\\\/pre.efe.com\\\/pt-br\\\/mundo-2\\\/em-israel-blinken-defende-o-resgate-de-refens-do-hamas-e-a-protecao-de-civis-em-gaza\\\/#primaryimage\"},\"thumbnailUrl\":\"https:\\\/\\\/pre.efe.com\\\/wp-content\\\/uploads\\\/2023\\\/11\\\/BLINKEN-ISRAEL-2.jpg\",\"datePublished\":\"2023-11-03T14:52:49+00:00\",\"dateModified\":\"2023-11-03T14:52:52+00:00\",\"breadcrumb\":{\"@id\":\"https:\\\/\\\/pre.efe.com\\\/pt-br\\\/mundo-2\\\/em-israel-blinken-defende-o-resgate-de-refens-do-hamas-e-a-protecao-de-civis-em-gaza\\\/#breadcrumb\"},\"inLanguage\":\"pt-BR\",\"potentialAction\":[{\"@type\":\"ReadAction\",\"target\":[\"https:\\\/\\\/pre.efe.com\\\/pt-br\\\/mundo-2\\\/em-israel-blinken-defende-o-resgate-de-refens-do-hamas-e-a-protecao-de-civis-em-gaza\\\/\"]}]},{\"@type\":\"ImageObject\",\"inLanguage\":\"pt-BR\",\"@id\":\"https:\\\/\\\/pre.efe.com\\\/pt-br\\\/mundo-2\\\/em-israel-blinken-defende-o-resgate-de-refens-do-hamas-e-a-protecao-de-civis-em-gaza\\\/#primaryimage\",\"url\":\"https:\\\/\\\/pre.efe.com\\\/wp-content\\\/uploads\\\/2023\\\/11\\\/BLINKEN-ISRAEL-2.jpg\",\"contentUrl\":\"https:\\\/\\\/pre.efe.com\\\/wp-content\\\/uploads\\\/2023\\\/11\\\/BLINKEN-ISRAEL-2.jpg\",\"width\":900,\"height\":599,\"caption\":\"Benjamin Netanyahu (d) e Antony Blinken nesta sexta-feira, em Tel Aviv. EFE\\\/\\\/GPO\\\/AMOS BEN GERSHOM HANDOUT\"},{\"@type\":\"BreadcrumbList\",\"@id\":\"https:\\\/\\\/pre.efe.com\\\/pt-br\\\/mundo-2\\\/em-israel-blinken-defende-o-resgate-de-refens-do-hamas-e-a-protecao-de-civis-em-gaza\\\/#breadcrumb\",\"itemListElement\":[{\"@type\":\"ListItem\",\"position\":1,\"name\":\"Portada\",\"item\":\"https:\\\/\\\/pre.efe.com\\\/pt-br\\\/\"},{\"@type\":\"ListItem\",\"position\":2,\"name\":\"Em Israel, Blinken defende o resgate de ref\u00e9ns do Hamas e a prote\u00e7\u00e3o de civis em Gaza\"}]},{\"@type\":\"WebSite\",\"@id\":\"https:\\\/\\\/pre.efe.com\\\/pt-br\\\/#website\",\"url\":\"https:\\\/\\\/pre.efe.com\\\/pt-br\\\/\",\"name\":\"EFE Noticias\",\"description\":\"\",\"publisher\":{\"@id\":\"https:\\\/\\\/pre.efe.com\\\/pt-br\\\/#organization\"},\"potentialAction\":[{\"@type\":\"SearchAction\",\"target\":{\"@type\":\"EntryPoint\",\"urlTemplate\":\"https:\\\/\\\/pre.efe.com\\\/pt-br\\\/?s={search_term_string}\"},\"query-input\":{\"@type\":\"PropertyValueSpecification\",\"valueRequired\":true,\"valueName\":\"search_term_string\"}}],\"inLanguage\":\"pt-BR\"},{\"@type\":\"Organization\",\"@id\":\"https:\\\/\\\/pre.efe.com\\\/pt-br\\\/#organization\",\"name\":\"Agencia EFE\",\"url\":\"https:\\\/\\\/pre.efe.com\\\/pt-br\\\/\",\"logo\":{\"@type\":\"ImageObject\",\"inLanguage\":\"pt-BR\",\"@id\":\"https:\\\/\\\/pre.efe.com\\\/pt-br\\\/#\\\/schema\\\/logo\\\/image\\\/\",\"url\":\"https:\\\/\\\/pre.efe.com\\\/wp-content\\\/uploads\\\/2023\\\/06\\\/logo-efe-467.png\",\"contentUrl\":\"https:\\\/\\\/pre.efe.com\\\/wp-content\\\/uploads\\\/2023\\\/06\\\/logo-efe-467.png\",\"width\":467,\"height\":467,\"caption\":\"Agencia EFE\"},\"image\":{\"@id\":\"https:\\\/\\\/pre.efe.com\\\/pt-br\\\/#\\\/schema\\\/logo\\\/image\\\/\"},\"sameAs\":[\"https:\\\/\\\/www.facebook.com\\\/AgenciaEFEnoticias\\\/\",\"https:\\\/\\\/x.com\\\/efenoticias\",\"https:\\\/\\\/www.instagram.com\\\/efe_noticias\\\/\",\"http:\\\/\\\/www.youtube.com\\\/efe\"]},{\"@type\":\"Person\",\"@id\":\"https:\\\/\\\/pre.efe.com\\\/pt-br\\\/#\\\/schema\\\/person\\\/b19f23f210db552768f68a4b552b004f\",\"name\":\"anachain\",\"image\":{\"@type\":\"ImageObject\",\"inLanguage\":\"pt-BR\",\"@id\":\"https:\\\/\\\/secure.gravatar.com\\\/avatar\\\/30b83965911ef1108bb893c00bdd65c885f9890e1265ee04b02c3d5adc785d37?s=96&d=identicon&r=g\",\"url\":\"https:\\\/\\\/secure.gravatar.com\\\/avatar\\\/30b83965911ef1108bb893c00bdd65c885f9890e1265ee04b02c3d5adc785d37?s=96&d=identicon&r=g\",\"contentUrl\":\"https:\\\/\\\/secure.gravatar.com\\\/avatar\\\/30b83965911ef1108bb893c00bdd65c885f9890e1265ee04b02c3d5adc785d37?s=96&d=identicon&r=g\",\"caption\":\"anachain\"},\"url\":\"https:\\\/\\\/pre.efe.com\\\/pt-br\\\/autor\\\/anachain\\\/\"}]}<\/script>\n<!-- \/ Yoast SEO Premium plugin. -->","yoast_head_json":{"title":"Em Israel, Blinken defende o resgate de ref\u00e9ns do Hamas e a prote\u00e7\u00e3o de civis em Gaza - EFE","robots":{"index":"noindex","follow":"follow"},"og_locale":"pt_BR","og_type":"article","og_title":"Em Israel, Blinken defende o resgate de ref\u00e9ns do Hamas e a prote\u00e7\u00e3o de civis em Gaza - EFE","og_description":"Jerusal\u00e9m (EFE).- O secret\u00e1rio de Estado dos Estados Unidos, Antony Blinken, disse nesta sexta-feira em Tel Aviv que seu pa\u00eds far\u00e1 &#8220;todo o poss\u00edvel&#8221; para resgatar os ref\u00e9ns capturados pelo grupo isl\u00e2mico Hamas no seu ataque contra Israel, ao mesmo tempo em que defendeu a prote\u00e7\u00e3o dos civis na Faixa de Gaza que est\u00e3o presos ... Leia mais","og_url":"https:\/\/pre.efe.com\/pt-br\/mundo-2\/em-israel-blinken-defende-o-resgate-de-refens-do-hamas-e-a-protecao-de-civis-em-gaza\/","og_site_name":"EFE Noticias","article_publisher":"https:\/\/www.facebook.com\/AgenciaEFEnoticias\/","article_published_time":"2023-11-03T14:52:49+00:00","article_modified_time":"2023-11-03T14:52:52+00:00","og_image":[{"width":900,"height":599,"url":"https:\/\/i0.wp.com\/efe.com\/\/srv\/htdocs\/wp-content\/uploads\/2023\/11\/BLINKEN-ISRAEL-2.jpg?fit=900%2C599&ssl=1","type":"image\/jpeg"}],"author":"anachain","twitter_card":"summary_large_image","twitter_creator":"@efenoticias","twitter_site":"@efenoticias","schema":{"@context":"https:\/\/schema.org","@graph":[{"@type":"NewsArticle","@id":"https:\/\/pre.efe.com\/pt-br\/mundo-2\/em-israel-blinken-defende-o-resgate-de-refens-do-hamas-e-a-protecao-de-civis-em-gaza\/#article","isPartOf":{"@id":"https:\/\/pre.efe.com\/pt-br\/mundo-2\/em-israel-blinken-defende-o-resgate-de-refens-do-hamas-e-a-protecao-de-civis-em-gaza\/"},"author":{"name":"anachain","@id":"https:\/\/pre.efe.com\/pt-br\/#\/schema\/person\/b19f23f210db552768f68a4b552b004f"},"headline":"Em Israel, Blinken defende o resgate de ref\u00e9ns do Hamas e a prote\u00e7\u00e3o de civis em Gaza","datePublished":"2023-11-03T14:52:49+00:00","dateModified":"2023-11-03T14:52:52+00:00","mainEntityOfPage":{"@id":"https:\/\/pre.efe.com\/pt-br\/mundo-2\/em-israel-blinken-defende-o-resgate-de-refens-do-hamas-e-a-protecao-de-civis-em-gaza\/"},"wordCount":633,"publisher":{"@id":"https:\/\/pre.efe.com\/pt-br\/#organization"},"image":{"@id":"https:\/\/pre.efe.com\/pt-br\/mundo-2\/em-israel-blinken-defende-o-resgate-de-refens-do-hamas-e-a-protecao-de-civis-em-gaza\/#primaryimage"},"thumbnailUrl":"https:\/\/pre.efe.com\/wp-content\/uploads\/2023\/11\/BLINKEN-ISRAEL-2.jpg","keywords":["EUA","Guerra","Palestina"],"articleSection":["Mundo","Portada"],"inLanguage":"pt-BR","copyrightYear":"2023","copyrightHolder":{"@id":"https:\/\/pre.efe.com\/#organization"}},{"@type":["WebPage","ItemPage"],"@id":"https:\/\/pre.efe.com\/pt-br\/mundo-2\/em-israel-blinken-defende-o-resgate-de-refens-do-hamas-e-a-protecao-de-civis-em-gaza\/","url":"https:\/\/pre.efe.com\/pt-br\/mundo-2\/em-israel-blinken-defende-o-resgate-de-refens-do-hamas-e-a-protecao-de-civis-em-gaza\/","name":"Em Israel, Blinken defende o resgate de ref\u00e9ns do Hamas e a prote\u00e7\u00e3o de civis em Gaza - EFE","isPartOf":{"@id":"https:\/\/pre.efe.com\/pt-br\/#website"},"primaryImageOfPage":{"@id":"https:\/\/pre.efe.com\/pt-br\/mundo-2\/em-israel-blinken-defende-o-resgate-de-refens-do-hamas-e-a-protecao-de-civis-em-gaza\/#primaryimage"},"image":{"@id":"https:\/\/pre.efe.com\/pt-br\/mundo-2\/em-israel-blinken-defende-o-resgate-de-refens-do-hamas-e-a-protecao-de-civis-em-gaza\/#primaryimage"},"thumbnailUrl":"https:\/\/pre.efe.com\/wp-content\/uploads\/2023\/11\/BLINKEN-ISRAEL-2.jpg","datePublished":"2023-11-03T14:52:49+00:00","dateModified":"2023-11-03T14:52:52+00:00","breadcrumb":{"@id":"https:\/\/pre.efe.com\/pt-br\/mundo-2\/em-israel-blinken-defende-o-resgate-de-refens-do-hamas-e-a-protecao-de-civis-em-gaza\/#breadcrumb"},"inLanguage":"pt-BR","potentialAction":[{"@type":"ReadAction","target":["https:\/\/pre.efe.com\/pt-br\/mundo-2\/em-israel-blinken-defende-o-resgate-de-refens-do-hamas-e-a-protecao-de-civis-em-gaza\/"]}]},{"@type":"ImageObject","inLanguage":"pt-BR","@id":"https:\/\/pre.efe.com\/pt-br\/mundo-2\/em-israel-blinken-defende-o-resgate-de-refens-do-hamas-e-a-protecao-de-civis-em-gaza\/#primaryimage","url":"https:\/\/pre.efe.com\/wp-content\/uploads\/2023\/11\/BLINKEN-ISRAEL-2.jpg","contentUrl":"https:\/\/pre.efe.com\/wp-content\/uploads\/2023\/11\/BLINKEN-ISRAEL-2.jpg","width":900,"height":599,"caption":"Benjamin Netanyahu (d) e Antony Blinken nesta sexta-feira, em Tel Aviv. EFE\/\/GPO\/AMOS BEN GERSHOM HANDOUT"},{"@type":"BreadcrumbList","@id":"https:\/\/pre.efe.com\/pt-br\/mundo-2\/em-israel-blinken-defende-o-resgate-de-refens-do-hamas-e-a-protecao-de-civis-em-gaza\/#breadcrumb","itemListElement":[{"@type":"ListItem","position":1,"name":"Portada","item":"https:\/\/pre.efe.com\/pt-br\/"},{"@type":"ListItem","position":2,"name":"Em Israel, Blinken defende o resgate de ref\u00e9ns do Hamas e a prote\u00e7\u00e3o de civis em Gaza"}]},{"@type":"WebSite","@id":"https:\/\/pre.efe.com\/pt-br\/#website","url":"https:\/\/pre.efe.com\/pt-br\/","name":"EFE Noticias","description":"","publisher":{"@id":"https:\/\/pre.efe.com\/pt-br\/#organization"},"potentialAction":[{"@type":"SearchAction","target":{"@type":"EntryPoint","urlTemplate":"https:\/\/pre.efe.com\/pt-br\/?s={search_term_string}"},"query-input":{"@type":"PropertyValueSpecification","valueRequired":true,"valueName":"search_term_string"}}],"inLanguage":"pt-BR"},{"@type":"Organization","@id":"https:\/\/pre.efe.com\/pt-br\/#organization","name":"Agencia EFE","url":"https:\/\/pre.efe.com\/pt-br\/","logo":{"@type":"ImageObject","inLanguage":"pt-BR","@id":"https:\/\/pre.efe.com\/pt-br\/#\/schema\/logo\/image\/","url":"https:\/\/pre.efe.com\/wp-content\/uploads\/2023\/06\/logo-efe-467.png","contentUrl":"https:\/\/pre.efe.com\/wp-content\/uploads\/2023\/06\/logo-efe-467.png","width":467,"height":467,"caption":"Agencia EFE"},"image":{"@id":"https:\/\/pre.efe.com\/pt-br\/#\/schema\/logo\/image\/"},"sameAs":["https:\/\/www.facebook.com\/AgenciaEFEnoticias\/","https:\/\/x.com\/efenoticias","https:\/\/www.instagram.com\/efe_noticias\/","http:\/\/www.youtube.com\/efe"]},{"@type":"Person","@id":"https:\/\/pre.efe.com\/pt-br\/#\/schema\/person\/b19f23f210db552768f68a4b552b004f","name":"anachain","image":{"@type":"ImageObject","inLanguage":"pt-BR","@id":"https:\/\/secure.gravatar.com\/avatar\/30b83965911ef1108bb893c00bdd65c885f9890e1265ee04b02c3d5adc785d37?s=96&d=identicon&r=g","url":"https:\/\/secure.gravatar.com\/avatar\/30b83965911ef1108bb893c00bdd65c885f9890e1265ee04b02c3d5adc785d37?s=96&d=identicon&r=g","contentUrl":"https:\/\/secure.gravatar.com\/avatar\/30b83965911ef1108bb893c00bdd65c885f9890e1265ee04b02c3d5adc785d37?s=96&d=identicon&r=g","caption":"anachain"},"url":"https:\/\/pre.efe.com\/pt-br\/autor\/anachain\/"}]}},"jetpack_featured_media_url":"https:\/\/pre.efe.com\/wp-content\/uploads\/2023\/11\/BLINKEN-ISRAEL-2.jpg","jetpack_shortlink":"https:\/\/wp.me\/peJvHm-35XJ","jetpack_sharing_enabled":true,"_links":{"self":[{"href":"https:\/\/pre.efe.com\/pt-br\/wp-json\/wp\/v2\/posts\/737907","targetHints":{"allow":["GET"]}}],"collection":[{"href":"https:\/\/pre.efe.com\/pt-br\/wp-json\/wp\/v2\/posts"}],"about":[{"href":"https:\/\/pre.efe.com\/pt-br\/wp-json\/wp\/v2\/types\/post"}],"author":[{"embeddable":true,"href":"https:\/\/pre.efe.com\/pt-br\/wp-json\/wp\/v2\/users\/198164106"}],"replies":[{"embeddable":true,"href":"https:\/\/pre.efe.com\/pt-br\/wp-json\/wp\/v2\/comments?post=737907"}],"version-history":[{"count":2,"href":"https:\/\/pre.efe.com\/pt-br\/wp-json\/wp\/v2\/posts\/737907\/revisions"}],"predecessor-version":[{"id":737930,"href":"https:\/\/pre.efe.com\/pt-br\/wp-json\/wp\/v2\/posts\/737907\/revisions\/737930"}],"wp:featuredmedia":[{"embeddable":true,"href":"https:\/\/pre.efe.com\/pt-br\/wp-json\/wp\/v2\/media\/737202"}],"wp:attachment":[{"href":"https:\/\/pre.efe.com\/pt-br\/wp-json\/wp\/v2\/media?parent=737907"}],"wp:term":[{"taxonomy":"category","embeddable":true,"href":"https:\/\/pre.efe.com\/pt-br\/wp-json\/wp\/v2\/categories?post=737907"},{"taxonomy":"post_tag","embeddable":true,"href":"https:\/\/pre.efe.com\/pt-br\/wp-json\/wp\/v2\/tags?post=737907"}],"curies":[{"name":"wp","href":"https:\/\/api.w.org\/{rel}","templated":true}]}}