{"id":737932,"date":"2023-11-03T14:52:00","date_gmt":"2023-11-03T13:52:00","guid":{"rendered":"https:\/\/pre.efe.com\/?p=737932"},"modified":"2023-11-03T16:16:21","modified_gmt":"2023-11-03T15:16:21","slug":"vaticano-confirma-participacao-de-papa-francisco-na-cop28-em-dubai","status":"publish","type":"post","link":"https:\/\/pre.efe.com\/pt-br\/mundo-2\/vaticano-confirma-participacao-de-papa-francisco-na-cop28-em-dubai\/","title":{"rendered":"Vaticano confirma participa\u00e7\u00e3o de papa Francisco na COP28 em Dubai"},"content":{"rendered":"\n<p>Roma (EFE).- O Vaticano confirmou, nesta sexta-feira, que o papa Francisco viajar\u00e1 a Dubai de 1\u00ba a 3 de dezembro para participar da 28\u00aa Confer\u00eancia das Na\u00e7\u00f5es Unidas sobre Mudan\u00e7as Clim\u00e1ticas (COP28), ap\u00f3s o pont\u00edfice o ter anunciado em uma entrevista.<\/p>\n\n\n\n<blockquote class=\"wp-block-quote is-layout-flow wp-block-quote-is-layout-flow\">\n<p>\u201cAceitando o convite de sua alteza sheik Mohammed bin Zayed Al Nahyan, presidente dos Emirados \u00c1rabes Unidos, Sua Santidade o papa Francisco viajar\u00e1, como anunciado, para Dubai, de 1\u00ba a 3 de dezembro de 2023, por ocasi\u00e3o da pr\u00f3xima Confer\u00eancia Quadro das Na\u00e7\u00f5es Unidas sobre Mudan\u00e7as do Clima (COP28)&#8221;, anunciou o porta-voz do Vaticano, Matteo Bruni.<\/p>\n<\/blockquote>\n\n\n\n<p>Ser\u00e1 a primeira vez que um pont\u00edfice participa neste tipo de reuni\u00f5es sobre o clima, que come\u00e7aram em 1995.<\/p>\n\n\n\n<p>Francisco j\u00e1 tinha anunciado a sua inten\u00e7\u00e3o de viajar a Dubai em uma entrevista transmitida na \u00faltima quarta-feira pela emissora de TV estatal italiana &#8220;RAI&#8221;, mas neste momento n\u00e3o se sabe se o programa incluir\u00e1 outros encontros.<\/p>\n\n\n\n<blockquote class=\"wp-block-quote is-layout-flow wp-block-quote-is-layout-flow\">\n<p>\u201cO nosso futuro est\u00e1 em jogo, o futuro de nossos filhos e nossos netos. \u00c9 preciso um pouco de responsabilidade\u201d e \u201cainda temos tempo para travar isso\u201d, disse Francisco na entrevista, falando das mudan\u00e7as clim\u00e1ticas.<\/p>\n<\/blockquote>\n\n\n\n<p>Francisco, de 86 anos, defendeu a prote\u00e7\u00e3o ambiental em diversas ocasi\u00f5es durante seu pontificado e em seu \u00faltimo documento, a exorta\u00e7\u00e3o intitulada \u201cLaudate Deum\u201d (Louvado seja Deus), e uma continua\u00e7\u00e3o da enc\u00edclica de 2015 sobre o meio ambiente \u201cLaudato Si\u201d (Louvado seja), falou-se dos fracassos destas confer\u00eancias ao longo dos anos.<\/p>\n\n\n\n<p>\u201cOs acordos tiveram um baixo n\u00edvel de implementa\u00e7\u00e3o porque n\u00e3o foram estabelecidos mecanismos adequados de controle e verifica\u00e7\u00e3o peri\u00f3dica e de san\u00e7\u00e3o de incumprimento. Os princ\u00edpios estabelecidos continuam exigindo formas efetivas e \u00e1geis de implementa\u00e7\u00e3o pr\u00e1tica\u201d, escreve o papa em \u201cLaudate Deum&#8221;.<\/p>\n\n\n\n<p>J\u00e1 sobre a c\u00fapula de Dubai escreveu que \u201cpode ser um ponto de inflex\u00e3o, demonstrando que tudo o que foi feito desde 1992 foi s\u00e9rio e apropriado; caso contr\u00e1rio, ser\u00e1 uma grande desilus\u00e3o e colocar\u00e1 em risco todo o bem que foi alcan\u00e7ado at\u00e9 agora&#8221;. EFE<\/p>\n","protected":false},"excerpt":{"rendered":"<p>Roma (EFE).- O Vaticano confirmou, nesta sexta-feira, que o papa Francisco viajar\u00e1 a Dubai de 1\u00ba a 3 de dezembro para participar da 28\u00aa Confer\u00eancia das Na\u00e7\u00f5es Unidas sobre Mudan\u00e7as Clim\u00e1ticas (COP28), ap\u00f3s o pont\u00edfice o ter anunciado em uma entrevista. \u201cAceitando o convite de sua alteza sheik Mohammed bin Zayed Al Nahyan, presidente dos &#8230; <a title=\"Vaticano confirma participa\u00e7\u00e3o de papa Francisco na COP28 em Dubai\" class=\"read-more\" href=\"https:\/\/pre.efe.com\/pt-br\/mundo-2\/vaticano-confirma-participacao-de-papa-francisco-na-cop28-em-dubai\/\" aria-label=\"Read more about Vaticano confirma participa\u00e7\u00e3o de papa Francisco na COP28 em Dubai\">Leia mais<\/a><\/p>\n","protected":false},"author":198164106,"featured_media":706535,"comment_status":"closed","ping_status":"closed","sticky":false,"template":"","format":"standard","meta":{"_acf_changed":false,"_jetpack_memberships_contains_paid_content":false,"footnotes":""},"categories":[123208,122141],"tags":[124952,128478],"class_list":["post-737932","post","type-post","status-publish","format-standard","has-post-thumbnail","hentry","category-mundo-2","category-portada","tag-meio-ambiente","tag-vaticano","generate-columns","tablet-grid-50","mobile-grid-100","grid-parent","grid-50"],"acf":[],"yoast_head":"<!-- This site is optimized with the Yoast SEO Premium plugin v26.0 (Yoast SEO v27.4) - https:\/\/yoast.com\/product\/yoast-seo-premium-wordpress\/ -->\n<title>Vaticano confirma participa\u00e7\u00e3o de papa Francisco na COP28 em Dubai - EFE<\/title>\n<meta name=\"robots\" content=\"noindex, follow\" \/>\n<meta property=\"og:locale\" content=\"pt_BR\" \/>\n<meta property=\"og:type\" content=\"article\" \/>\n<meta property=\"og:title\" content=\"Vaticano confirma participa\u00e7\u00e3o de papa Francisco na COP28 em Dubai - EFE\" \/>\n<meta property=\"og:description\" content=\"Roma (EFE).- O Vaticano confirmou, nesta sexta-feira, que o papa Francisco viajar\u00e1 a Dubai de 1\u00ba a 3 de dezembro para participar da 28\u00aa Confer\u00eancia das Na\u00e7\u00f5es Unidas sobre Mudan\u00e7as Clim\u00e1ticas (COP28), ap\u00f3s o pont\u00edfice o ter anunciado em uma entrevista. \u201cAceitando o convite de sua alteza sheik Mohammed bin Zayed Al Nahyan, presidente dos ... Leia mais\" \/>\n<meta property=\"og:url\" content=\"https:\/\/pre.efe.com\/pt-br\/mundo-2\/vaticano-confirma-participacao-de-papa-francisco-na-cop28-em-dubai\/\" \/>\n<meta property=\"og:site_name\" content=\"EFE Noticias\" \/>\n<meta property=\"article:publisher\" content=\"https:\/\/www.facebook.com\/AgenciaEFEnoticias\/\" \/>\n<meta property=\"article:published_time\" content=\"2023-11-03T13:52:00+00:00\" \/>\n<meta property=\"article:modified_time\" content=\"2023-11-03T15:16:21+00:00\" \/>\n<meta property=\"og:image\" content=\"https:\/\/i0.wp.com\/efe.com\/\/srv\/htdocs\/wp-content\/uploads\/2023\/10\/rss-efe315af4faf676a9cf003c82d6189e98451a1d0451w.jpg?fit=1920%2C1407&ssl=1\" \/>\n\t<meta property=\"og:image:width\" content=\"1920\" \/>\n\t<meta property=\"og:image:height\" content=\"1407\" \/>\n\t<meta property=\"og:image:type\" content=\"image\/jpeg\" \/>\n<meta name=\"author\" content=\"anachain\" \/>\n<meta name=\"twitter:card\" content=\"summary_large_image\" \/>\n<meta name=\"twitter:creator\" content=\"@efenoticias\" \/>\n<meta name=\"twitter:site\" content=\"@efenoticias\" \/>\n<script type=\"application\/ld+json\" class=\"yoast-schema-graph\">{\"@context\":\"https:\\\/\\\/schema.org\",\"@graph\":[{\"@type\":\"NewsArticle\",\"@id\":\"https:\\\/\\\/pre.efe.com\\\/pt-br\\\/mundo-2\\\/vaticano-confirma-participacao-de-papa-francisco-na-cop28-em-dubai\\\/#article\",\"isPartOf\":{\"@id\":\"https:\\\/\\\/pre.efe.com\\\/pt-br\\\/mundo-2\\\/vaticano-confirma-participacao-de-papa-francisco-na-cop28-em-dubai\\\/\"},\"author\":{\"name\":\"anachain\",\"@id\":\"https:\\\/\\\/pre.efe.com\\\/pt-br\\\/#\\\/schema\\\/person\\\/b19f23f210db552768f68a4b552b004f\"},\"headline\":\"Vaticano confirma participa\u00e7\u00e3o de papa Francisco na COP28 em Dubai\",\"datePublished\":\"2023-11-03T13:52:00+00:00\",\"dateModified\":\"2023-11-03T15:16:21+00:00\",\"mainEntityOfPage\":{\"@id\":\"https:\\\/\\\/pre.efe.com\\\/pt-br\\\/mundo-2\\\/vaticano-confirma-participacao-de-papa-francisco-na-cop28-em-dubai\\\/\"},\"wordCount\":367,\"publisher\":{\"@id\":\"https:\\\/\\\/pre.efe.com\\\/pt-br\\\/#organization\"},\"image\":{\"@id\":\"https:\\\/\\\/pre.efe.com\\\/pt-br\\\/mundo-2\\\/vaticano-confirma-participacao-de-papa-francisco-na-cop28-em-dubai\\\/#primaryimage\"},\"thumbnailUrl\":\"https:\\\/\\\/pre.efe.com\\\/wp-content\\\/uploads\\\/2023\\\/10\\\/rss-efe315af4faf676a9cf003c82d6189e98451a1d0451w.jpg\",\"keywords\":[\"Meio ambiente\",\"Vaticano\"],\"articleSection\":[\"Mundo\",\"Portada\"],\"inLanguage\":\"pt-BR\",\"copyrightYear\":\"2023\",\"copyrightHolder\":{\"@id\":\"https:\\\/\\\/pre.efe.com\\\/#organization\"}},{\"@type\":[\"WebPage\",\"ItemPage\"],\"@id\":\"https:\\\/\\\/pre.efe.com\\\/pt-br\\\/mundo-2\\\/vaticano-confirma-participacao-de-papa-francisco-na-cop28-em-dubai\\\/\",\"url\":\"https:\\\/\\\/pre.efe.com\\\/pt-br\\\/mundo-2\\\/vaticano-confirma-participacao-de-papa-francisco-na-cop28-em-dubai\\\/\",\"name\":\"Vaticano confirma participa\u00e7\u00e3o de papa Francisco na COP28 em Dubai - EFE\",\"isPartOf\":{\"@id\":\"https:\\\/\\\/pre.efe.com\\\/pt-br\\\/#website\"},\"primaryImageOfPage\":{\"@id\":\"https:\\\/\\\/pre.efe.com\\\/pt-br\\\/mundo-2\\\/vaticano-confirma-participacao-de-papa-francisco-na-cop28-em-dubai\\\/#primaryimage\"},\"image\":{\"@id\":\"https:\\\/\\\/pre.efe.com\\\/pt-br\\\/mundo-2\\\/vaticano-confirma-participacao-de-papa-francisco-na-cop28-em-dubai\\\/#primaryimage\"},\"thumbnailUrl\":\"https:\\\/\\\/pre.efe.com\\\/wp-content\\\/uploads\\\/2023\\\/10\\\/rss-efe315af4faf676a9cf003c82d6189e98451a1d0451w.jpg\",\"datePublished\":\"2023-11-03T13:52:00+00:00\",\"dateModified\":\"2023-11-03T15:16:21+00:00\",\"breadcrumb\":{\"@id\":\"https:\\\/\\\/pre.efe.com\\\/pt-br\\\/mundo-2\\\/vaticano-confirma-participacao-de-papa-francisco-na-cop28-em-dubai\\\/#breadcrumb\"},\"inLanguage\":\"pt-BR\",\"potentialAction\":[{\"@type\":\"ReadAction\",\"target\":[\"https:\\\/\\\/pre.efe.com\\\/pt-br\\\/mundo-2\\\/vaticano-confirma-participacao-de-papa-francisco-na-cop28-em-dubai\\\/\"]}]},{\"@type\":\"ImageObject\",\"inLanguage\":\"pt-BR\",\"@id\":\"https:\\\/\\\/pre.efe.com\\\/pt-br\\\/mundo-2\\\/vaticano-confirma-participacao-de-papa-francisco-na-cop28-em-dubai\\\/#primaryimage\",\"url\":\"https:\\\/\\\/pre.efe.com\\\/wp-content\\\/uploads\\\/2023\\\/10\\\/rss-efe315af4faf676a9cf003c82d6189e98451a1d0451w.jpg\",\"contentUrl\":\"https:\\\/\\\/pre.efe.com\\\/wp-content\\\/uploads\\\/2023\\\/10\\\/rss-efe315af4faf676a9cf003c82d6189e98451a1d0451w.jpg\",\"width\":1920,\"height\":1407,\"caption\":\"O papa Francisco. EFE\\\/Arquivo\\\/Maurizio Brambatti\"},{\"@type\":\"BreadcrumbList\",\"@id\":\"https:\\\/\\\/pre.efe.com\\\/pt-br\\\/mundo-2\\\/vaticano-confirma-participacao-de-papa-francisco-na-cop28-em-dubai\\\/#breadcrumb\",\"itemListElement\":[{\"@type\":\"ListItem\",\"position\":1,\"name\":\"Portada\",\"item\":\"https:\\\/\\\/pre.efe.com\\\/pt-br\\\/\"},{\"@type\":\"ListItem\",\"position\":2,\"name\":\"Vaticano confirma participa\u00e7\u00e3o de papa Francisco na COP28 em Dubai\"}]},{\"@type\":\"WebSite\",\"@id\":\"https:\\\/\\\/pre.efe.com\\\/pt-br\\\/#website\",\"url\":\"https:\\\/\\\/pre.efe.com\\\/pt-br\\\/\",\"name\":\"EFE Noticias\",\"description\":\"\",\"publisher\":{\"@id\":\"https:\\\/\\\/pre.efe.com\\\/pt-br\\\/#organization\"},\"potentialAction\":[{\"@type\":\"SearchAction\",\"target\":{\"@type\":\"EntryPoint\",\"urlTemplate\":\"https:\\\/\\\/pre.efe.com\\\/pt-br\\\/?s={search_term_string}\"},\"query-input\":{\"@type\":\"PropertyValueSpecification\",\"valueRequired\":true,\"valueName\":\"search_term_string\"}}],\"inLanguage\":\"pt-BR\"},{\"@type\":\"Organization\",\"@id\":\"https:\\\/\\\/pre.efe.com\\\/pt-br\\\/#organization\",\"name\":\"Agencia EFE\",\"url\":\"https:\\\/\\\/pre.efe.com\\\/pt-br\\\/\",\"logo\":{\"@type\":\"ImageObject\",\"inLanguage\":\"pt-BR\",\"@id\":\"https:\\\/\\\/pre.efe.com\\\/pt-br\\\/#\\\/schema\\\/logo\\\/image\\\/\",\"url\":\"https:\\\/\\\/pre.efe.com\\\/wp-content\\\/uploads\\\/2023\\\/06\\\/logo-efe-467.png\",\"contentUrl\":\"https:\\\/\\\/pre.efe.com\\\/wp-content\\\/uploads\\\/2023\\\/06\\\/logo-efe-467.png\",\"width\":467,\"height\":467,\"caption\":\"Agencia EFE\"},\"image\":{\"@id\":\"https:\\\/\\\/pre.efe.com\\\/pt-br\\\/#\\\/schema\\\/logo\\\/image\\\/\"},\"sameAs\":[\"https:\\\/\\\/www.facebook.com\\\/AgenciaEFEnoticias\\\/\",\"https:\\\/\\\/x.com\\\/efenoticias\",\"https:\\\/\\\/www.instagram.com\\\/efe_noticias\\\/\",\"http:\\\/\\\/www.youtube.com\\\/efe\"]},{\"@type\":\"Person\",\"@id\":\"https:\\\/\\\/pre.efe.com\\\/pt-br\\\/#\\\/schema\\\/person\\\/b19f23f210db552768f68a4b552b004f\",\"name\":\"anachain\",\"image\":{\"@type\":\"ImageObject\",\"inLanguage\":\"pt-BR\",\"@id\":\"https:\\\/\\\/secure.gravatar.com\\\/avatar\\\/30b83965911ef1108bb893c00bdd65c885f9890e1265ee04b02c3d5adc785d37?s=96&d=identicon&r=g\",\"url\":\"https:\\\/\\\/secure.gravatar.com\\\/avatar\\\/30b83965911ef1108bb893c00bdd65c885f9890e1265ee04b02c3d5adc785d37?s=96&d=identicon&r=g\",\"contentUrl\":\"https:\\\/\\\/secure.gravatar.com\\\/avatar\\\/30b83965911ef1108bb893c00bdd65c885f9890e1265ee04b02c3d5adc785d37?s=96&d=identicon&r=g\",\"caption\":\"anachain\"},\"url\":\"https:\\\/\\\/pre.efe.com\\\/pt-br\\\/autor\\\/anachain\\\/\"}]}<\/script>\n<!-- \/ Yoast SEO Premium plugin. -->","yoast_head_json":{"title":"Vaticano confirma participa\u00e7\u00e3o de papa Francisco na COP28 em Dubai - EFE","robots":{"index":"noindex","follow":"follow"},"og_locale":"pt_BR","og_type":"article","og_title":"Vaticano confirma participa\u00e7\u00e3o de papa Francisco na COP28 em Dubai - EFE","og_description":"Roma (EFE).- O Vaticano confirmou, nesta sexta-feira, que o papa Francisco viajar\u00e1 a Dubai de 1\u00ba a 3 de dezembro para participar da 28\u00aa Confer\u00eancia das Na\u00e7\u00f5es Unidas sobre Mudan\u00e7as Clim\u00e1ticas (COP28), ap\u00f3s o pont\u00edfice o ter anunciado em uma entrevista. \u201cAceitando o convite de sua alteza sheik Mohammed bin Zayed Al Nahyan, presidente dos ... Leia mais","og_url":"https:\/\/pre.efe.com\/pt-br\/mundo-2\/vaticano-confirma-participacao-de-papa-francisco-na-cop28-em-dubai\/","og_site_name":"EFE Noticias","article_publisher":"https:\/\/www.facebook.com\/AgenciaEFEnoticias\/","article_published_time":"2023-11-03T13:52:00+00:00","article_modified_time":"2023-11-03T15:16:21+00:00","og_image":[{"width":1920,"height":1407,"url":"https:\/\/i0.wp.com\/efe.com\/\/srv\/htdocs\/wp-content\/uploads\/2023\/10\/rss-efe315af4faf676a9cf003c82d6189e98451a1d0451w.jpg?fit=1920%2C1407&ssl=1","type":"image\/jpeg"}],"author":"anachain","twitter_card":"summary_large_image","twitter_creator":"@efenoticias","twitter_site":"@efenoticias","schema":{"@context":"https:\/\/schema.org","@graph":[{"@type":"NewsArticle","@id":"https:\/\/pre.efe.com\/pt-br\/mundo-2\/vaticano-confirma-participacao-de-papa-francisco-na-cop28-em-dubai\/#article","isPartOf":{"@id":"https:\/\/pre.efe.com\/pt-br\/mundo-2\/vaticano-confirma-participacao-de-papa-francisco-na-cop28-em-dubai\/"},"author":{"name":"anachain","@id":"https:\/\/pre.efe.com\/pt-br\/#\/schema\/person\/b19f23f210db552768f68a4b552b004f"},"headline":"Vaticano confirma participa\u00e7\u00e3o de papa Francisco na COP28 em Dubai","datePublished":"2023-11-03T13:52:00+00:00","dateModified":"2023-11-03T15:16:21+00:00","mainEntityOfPage":{"@id":"https:\/\/pre.efe.com\/pt-br\/mundo-2\/vaticano-confirma-participacao-de-papa-francisco-na-cop28-em-dubai\/"},"wordCount":367,"publisher":{"@id":"https:\/\/pre.efe.com\/pt-br\/#organization"},"image":{"@id":"https:\/\/pre.efe.com\/pt-br\/mundo-2\/vaticano-confirma-participacao-de-papa-francisco-na-cop28-em-dubai\/#primaryimage"},"thumbnailUrl":"https:\/\/pre.efe.com\/wp-content\/uploads\/2023\/10\/rss-efe315af4faf676a9cf003c82d6189e98451a1d0451w.jpg","keywords":["Meio ambiente","Vaticano"],"articleSection":["Mundo","Portada"],"inLanguage":"pt-BR","copyrightYear":"2023","copyrightHolder":{"@id":"https:\/\/pre.efe.com\/#organization"}},{"@type":["WebPage","ItemPage"],"@id":"https:\/\/pre.efe.com\/pt-br\/mundo-2\/vaticano-confirma-participacao-de-papa-francisco-na-cop28-em-dubai\/","url":"https:\/\/pre.efe.com\/pt-br\/mundo-2\/vaticano-confirma-participacao-de-papa-francisco-na-cop28-em-dubai\/","name":"Vaticano confirma participa\u00e7\u00e3o de papa Francisco na COP28 em Dubai - EFE","isPartOf":{"@id":"https:\/\/pre.efe.com\/pt-br\/#website"},"primaryImageOfPage":{"@id":"https:\/\/pre.efe.com\/pt-br\/mundo-2\/vaticano-confirma-participacao-de-papa-francisco-na-cop28-em-dubai\/#primaryimage"},"image":{"@id":"https:\/\/pre.efe.com\/pt-br\/mundo-2\/vaticano-confirma-participacao-de-papa-francisco-na-cop28-em-dubai\/#primaryimage"},"thumbnailUrl":"https:\/\/pre.efe.com\/wp-content\/uploads\/2023\/10\/rss-efe315af4faf676a9cf003c82d6189e98451a1d0451w.jpg","datePublished":"2023-11-03T13:52:00+00:00","dateModified":"2023-11-03T15:16:21+00:00","breadcrumb":{"@id":"https:\/\/pre.efe.com\/pt-br\/mundo-2\/vaticano-confirma-participacao-de-papa-francisco-na-cop28-em-dubai\/#breadcrumb"},"inLanguage":"pt-BR","potentialAction":[{"@type":"ReadAction","target":["https:\/\/pre.efe.com\/pt-br\/mundo-2\/vaticano-confirma-participacao-de-papa-francisco-na-cop28-em-dubai\/"]}]},{"@type":"ImageObject","inLanguage":"pt-BR","@id":"https:\/\/pre.efe.com\/pt-br\/mundo-2\/vaticano-confirma-participacao-de-papa-francisco-na-cop28-em-dubai\/#primaryimage","url":"https:\/\/pre.efe.com\/wp-content\/uploads\/2023\/10\/rss-efe315af4faf676a9cf003c82d6189e98451a1d0451w.jpg","contentUrl":"https:\/\/pre.efe.com\/wp-content\/uploads\/2023\/10\/rss-efe315af4faf676a9cf003c82d6189e98451a1d0451w.jpg","width":1920,"height":1407,"caption":"O papa Francisco. EFE\/Arquivo\/Maurizio Brambatti"},{"@type":"BreadcrumbList","@id":"https:\/\/pre.efe.com\/pt-br\/mundo-2\/vaticano-confirma-participacao-de-papa-francisco-na-cop28-em-dubai\/#breadcrumb","itemListElement":[{"@type":"ListItem","position":1,"name":"Portada","item":"https:\/\/pre.efe.com\/pt-br\/"},{"@type":"ListItem","position":2,"name":"Vaticano confirma participa\u00e7\u00e3o de papa Francisco na COP28 em Dubai"}]},{"@type":"WebSite","@id":"https:\/\/pre.efe.com\/pt-br\/#website","url":"https:\/\/pre.efe.com\/pt-br\/","name":"EFE Noticias","description":"","publisher":{"@id":"https:\/\/pre.efe.com\/pt-br\/#organization"},"potentialAction":[{"@type":"SearchAction","target":{"@type":"EntryPoint","urlTemplate":"https:\/\/pre.efe.com\/pt-br\/?s={search_term_string}"},"query-input":{"@type":"PropertyValueSpecification","valueRequired":true,"valueName":"search_term_string"}}],"inLanguage":"pt-BR"},{"@type":"Organization","@id":"https:\/\/pre.efe.com\/pt-br\/#organization","name":"Agencia EFE","url":"https:\/\/pre.efe.com\/pt-br\/","logo":{"@type":"ImageObject","inLanguage":"pt-BR","@id":"https:\/\/pre.efe.com\/pt-br\/#\/schema\/logo\/image\/","url":"https:\/\/pre.efe.com\/wp-content\/uploads\/2023\/06\/logo-efe-467.png","contentUrl":"https:\/\/pre.efe.com\/wp-content\/uploads\/2023\/06\/logo-efe-467.png","width":467,"height":467,"caption":"Agencia EFE"},"image":{"@id":"https:\/\/pre.efe.com\/pt-br\/#\/schema\/logo\/image\/"},"sameAs":["https:\/\/www.facebook.com\/AgenciaEFEnoticias\/","https:\/\/x.com\/efenoticias","https:\/\/www.instagram.com\/efe_noticias\/","http:\/\/www.youtube.com\/efe"]},{"@type":"Person","@id":"https:\/\/pre.efe.com\/pt-br\/#\/schema\/person\/b19f23f210db552768f68a4b552b004f","name":"anachain","image":{"@type":"ImageObject","inLanguage":"pt-BR","@id":"https:\/\/secure.gravatar.com\/avatar\/30b83965911ef1108bb893c00bdd65c885f9890e1265ee04b02c3d5adc785d37?s=96&d=identicon&r=g","url":"https:\/\/secure.gravatar.com\/avatar\/30b83965911ef1108bb893c00bdd65c885f9890e1265ee04b02c3d5adc785d37?s=96&d=identicon&r=g","contentUrl":"https:\/\/secure.gravatar.com\/avatar\/30b83965911ef1108bb893c00bdd65c885f9890e1265ee04b02c3d5adc785d37?s=96&d=identicon&r=g","caption":"anachain"},"url":"https:\/\/pre.efe.com\/pt-br\/autor\/anachain\/"}]}},"jetpack_featured_media_url":"https:\/\/pre.efe.com\/wp-content\/uploads\/2023\/10\/rss-efe315af4faf676a9cf003c82d6189e98451a1d0451w.jpg","jetpack_shortlink":"https:\/\/wp.me\/peJvHm-35Y8","jetpack_sharing_enabled":true,"_links":{"self":[{"href":"https:\/\/pre.efe.com\/pt-br\/wp-json\/wp\/v2\/posts\/737932","targetHints":{"allow":["GET"]}}],"collection":[{"href":"https:\/\/pre.efe.com\/pt-br\/wp-json\/wp\/v2\/posts"}],"about":[{"href":"https:\/\/pre.efe.com\/pt-br\/wp-json\/wp\/v2\/types\/post"}],"author":[{"embeddable":true,"href":"https:\/\/pre.efe.com\/pt-br\/wp-json\/wp\/v2\/users\/198164106"}],"replies":[{"embeddable":true,"href":"https:\/\/pre.efe.com\/pt-br\/wp-json\/wp\/v2\/comments?post=737932"}],"version-history":[{"count":2,"href":"https:\/\/pre.efe.com\/pt-br\/wp-json\/wp\/v2\/posts\/737932\/revisions"}],"predecessor-version":[{"id":737981,"href":"https:\/\/pre.efe.com\/pt-br\/wp-json\/wp\/v2\/posts\/737932\/revisions\/737981"}],"wp:featuredmedia":[{"embeddable":true,"href":"https:\/\/pre.efe.com\/pt-br\/wp-json\/wp\/v2\/media\/706535"}],"wp:attachment":[{"href":"https:\/\/pre.efe.com\/pt-br\/wp-json\/wp\/v2\/media?parent=737932"}],"wp:term":[{"taxonomy":"category","embeddable":true,"href":"https:\/\/pre.efe.com\/pt-br\/wp-json\/wp\/v2\/categories?post=737932"},{"taxonomy":"post_tag","embeddable":true,"href":"https:\/\/pre.efe.com\/pt-br\/wp-json\/wp\/v2\/tags?post=737932"}],"curies":[{"name":"wp","href":"https:\/\/api.w.org\/{rel}","templated":true}]}}