{"id":74972,"date":"2022-09-15T20:34:18","date_gmt":"2022-09-15T18:34:18","guid":{"rendered":"https:\/\/pre.efe.com\/?p=74972"},"modified":"2022-09-17T20:01:33","modified_gmt":"2022-09-17T18:01:33","slug":"roger-federer-anuncia-que-se-aposentara-do-tenis","status":"publish","type":"post","link":"https:\/\/pre.efe.com\/pt-br\/esportes\/2022-09-15\/roger-federer-anuncia-que-se-aposentara-do-tenis\/","title":{"rendered":"Roger Federer anuncia que se aposentar\u00e1 do t\u00eanis"},"content":{"rendered":"\n<p>Reda\u00e7\u00e3o Central, 15 set (EFE).- O tenista su\u00ed\u00e7o Roger Federer, ex-n\u00famero 1 do mundo e vencedor de 20 t\u00edtulos de Grand Slam, anunciou nesta quinta-feira a aposentadoria, que ocorrer\u00e1 ap\u00f3s o fim da Copa Laver, que ser\u00e1 disputada em Londres, entre os pr\u00f3ximos dias 23 e 25.<br>O jogador, de 41 anos, se despedir\u00e1 ap\u00f3s o que classificou como &#8220;uma aventura maravilhosa&#8221;, que nos \u00faltimos anos ficou marcado por uma s\u00e9rie de les\u00f5es e cirurgias&#8221;, como ele pr\u00f3prio lembrou em comunicado.<br>O su\u00ed\u00e7o admitiu na nota oficial que fez tudo o que era poss\u00edvel para &#8220;retornar de forma competitiva&#8221;, mas que se corpo tem &#8220;capacidades e limites\u201d e o enviou &#8220;uma mensagem muito clara&#8221;.<br>&#8220;Tenho 41 anos. Joguei mais de 1.500 jogos durante mais de 24 anos. O t\u00eanis me tratou mais generosamente do que nunca poderia ter sonhado, e agora devo reconhecer que \u00e9 o momento de encerrar minha carreira&#8221;, disse.<\/p>\n\n\n\n<figure class=\"wp-block-image size-large\"><img decoding=\"async\" src=\"https:\/\/pre.efe.com\/wp-content\/uploads\/2022\/09\/OBJ_20220915T181200T0001D_1_1-1024x1002.jpg\" alt=\"\" class=\"wp-image-74974\"\/><figcaption>Roger Federer. EFE\/Arquivo<\/figcaption><\/figure>\n\n\n\n<h2 class=\"wp-block-heading\">Despedida de Roger Federer na Copa Laver<\/h2>\n\n\n\n<blockquote class=\"wp-block-quote is-layout-flow wp-block-quote-is-layout-flow\"><p>&#8220;A Copa Laver, na semana que vem, em Londres, ser\u00e1 meu \u00faltimo torneio ATP (o circuito profissional masculino). Jogarei mais t\u00eanis no futuro, \u00e9 claro, mas n\u00e3o em Grand Slams ou no circuito&#8221;, completou.<br><\/p><\/blockquote>\n\n\n\n<p><a href=\"https:\/\/pre.efe.com\/wp-content\/uploads\/2022\/09\/d56e430f69a52dc578f87693fc68d8794c6e4af7.jpg\">No comunicado<\/a>, Roger Federer admite que recebeu &#8220;um talento especial para jogar t\u00eanis&#8221; e que o fez em um n\u00edvel que jamais imaginou &#8220;e durante muito mais tempo&#8221; do que pensou.<br>Em um longo agradecimento, o su\u00ed\u00e7o citou a mulher, Mirka, os filhos, os pais e a irm\u00e3, al\u00e9m dos t\u00e9cnicos, patrocinadores, f\u00e3s, advers\u00e1rios, entre outros.<br>&#8220;Tive a sorte de jogar muitas partidas \u00e9picas de que n\u00e3o me esquecerei. Nos enfrentamos com &#8216;fair play&#8217;, paix\u00e3o e intensidade. Nos motivamos uns aos outros e juntos levamos o t\u00eanis a outro n\u00edvel&#8221;, avaliou.<\/p>\n\n\n\n<h2 class=\"wp-block-heading\">24 anos no circuito<\/h2>\n\n\n\n<p><br>&#8220;Os \u00faltimos 24 anos no circuito foram uma aventura invr\u00edvel. Tive a sorte de jogar em 40 pa\u00edses, ri, chorei, senti alegria e dor. Mas, sobretudo, me senti incrivelmente vivo&#8221;, completou.<br>O su\u00ed\u00e7o conquistou, ao longo da carreira, oito edi\u00e7\u00f5es de Wimbledon, seis do Aberto da Austr\u00e1lia, cinco do US Open e uma de Roland Garros.<br>Federer, que chegou pela primeira vez ao posto de n\u00famero 1 do mundo em 2 de fevereiro de 2004, se aposentar\u00e1 com 103 t\u00edtulos, 1.251 partidas vencidas e US$ 130,5 milh\u00f5es em pr\u00eamios, segundo a ATP.<\/p>\n\n\n\n<p>O tenista espanhol <a href=\"https:\/\/pre.efe.com\/wp-content\/uploads\/2022\/09\/rss-efe85b732ff76f1e3c5b6bed501553f6307d3f4f794w.jpg\">Rafael Nadal lamentou a not\u00edcia<\/a>, ressaltando a amizade e rivalidade com o sui\u00e7o.<\/p>\n","protected":false},"excerpt":{"rendered":"<p>O tenista su\u00ed\u00e7o Roger Federer, ex-n\u00famero 1 do mundo e vencedor de 20 t\u00edtulos de Grand Slam, anunciou nesta quinta-feira a aposentadoria.<\/p>\n","protected":false},"author":198164108,"featured_media":74826,"comment_status":"closed","ping_status":"closed","sticky":false,"template":"","format":"standard","meta":{"_acf_changed":false,"_jetpack_memberships_contains_paid_content":false,"footnotes":""},"categories":[121968,122141],"tags":[],"class_list":["post-74972","post","type-post","status-publish","format-standard","has-post-thumbnail","hentry","category-esportes","category-portada","generate-columns","tablet-grid-50","mobile-grid-100","grid-parent","grid-50"],"acf":[],"yoast_head":"<!-- This site is optimized with the Yoast SEO Premium plugin v26.0 (Yoast SEO v27.5) - https:\/\/yoast.com\/product\/yoast-seo-premium-wordpress\/ -->\n<title>Roger Federer tenista sui\u00e7o aposenta<\/title>\n<meta name=\"description\" content=\"O tenista su\u00ed\u00e7o Roger Federer, ex-n\u00famero 1 do mundo e vencedor de Grand Slam, anunciou a aposentadoria, que ocorrer\u00e1 na Copa Laver.\" \/>\n<meta name=\"robots\" content=\"noindex, follow\" \/>\n<meta property=\"og:locale\" content=\"pt_BR\" \/>\n<meta property=\"og:type\" content=\"article\" \/>\n<meta property=\"og:title\" content=\"Roger Federer anuncia que se aposentar\u00e1 do t\u00eanis - EFE\" \/>\n<meta property=\"og:description\" content=\"O tenista su\u00ed\u00e7o Roger Federer, ex-n\u00famero 1 do mundo e vencedor de Grand Slam, anunciou a aposentadoria, que ocorrer\u00e1 na Copa Laver.\" \/>\n<meta property=\"og:url\" content=\"https:\/\/pre.efe.com\/pt-br\/esportes\/2022-09-15\/roger-federer-anuncia-que-se-aposentara-do-tenis\/\" \/>\n<meta property=\"og:site_name\" content=\"EFE Noticias\" \/>\n<meta property=\"article:publisher\" content=\"https:\/\/www.facebook.com\/AgenciaEFEnoticias\/\" \/>\n<meta property=\"article:published_time\" content=\"2022-09-15T18:34:18+00:00\" \/>\n<meta property=\"article:modified_time\" content=\"2022-09-17T18:01:33+00:00\" \/>\n<meta property=\"og:image\" content=\"https:\/\/i0.wp.com\/efe.com\/\/srv\/htdocs\/wp-content\/uploads\/2022\/09\/7302d697d42ed2bae3c4cae628b011eb47611731.jpg?fit=4632%2C3420&ssl=1\" \/>\n\t<meta property=\"og:image:width\" content=\"4632\" \/>\n\t<meta property=\"og:image:height\" content=\"3420\" \/>\n\t<meta property=\"og:image:type\" content=\"image\/jpeg\" \/>\n<meta name=\"author\" content=\"manuelperezefe\" \/>\n<meta name=\"twitter:card\" content=\"summary_large_image\" \/>\n<meta name=\"twitter:creator\" content=\"@efenoticias\" \/>\n<meta name=\"twitter:site\" content=\"@efenoticias\" \/>\n<script type=\"application\/ld+json\" class=\"yoast-schema-graph\">{\"@context\":\"https:\\\/\\\/schema.org\",\"@graph\":[{\"@type\":\"NewsArticle\",\"@id\":\"https:\\\/\\\/pre.efe.com\\\/pt-br\\\/esportes\\\/2022-09-15\\\/roger-federer-anuncia-que-se-aposentara-do-tenis\\\/#article\",\"isPartOf\":{\"@id\":\"https:\\\/\\\/pre.efe.com\\\/pt-br\\\/esportes\\\/2022-09-15\\\/roger-federer-anuncia-que-se-aposentara-do-tenis\\\/\"},\"author\":{\"name\":\"manuelperezefe\",\"@id\":\"https:\\\/\\\/pre.efe.com\\\/pt-br\\\/#\\\/schema\\\/person\\\/c8c047900fe822135c5dfe18a69664f4\"},\"headline\":\"Roger Federer anuncia que se aposentar\u00e1 do t\u00eanis\",\"datePublished\":\"2022-09-15T18:34:18+00:00\",\"dateModified\":\"2022-09-17T18:01:33+00:00\",\"mainEntityOfPage\":{\"@id\":\"https:\\\/\\\/pre.efe.com\\\/pt-br\\\/esportes\\\/2022-09-15\\\/roger-federer-anuncia-que-se-aposentara-do-tenis\\\/\"},\"wordCount\":427,\"publisher\":{\"@id\":\"https:\\\/\\\/pre.efe.com\\\/pt-br\\\/#organization\"},\"image\":{\"@id\":\"https:\\\/\\\/pre.efe.com\\\/pt-br\\\/esportes\\\/2022-09-15\\\/roger-federer-anuncia-que-se-aposentara-do-tenis\\\/#primaryimage\"},\"thumbnailUrl\":\"https:\\\/\\\/pre.efe.com\\\/wp-content\\\/uploads\\\/2022\\\/09\\\/7302d697d42ed2bae3c4cae628b011eb47611731.jpg\",\"articleSection\":[\"Esportes\",\"Portada\"],\"inLanguage\":\"pt-BR\",\"copyrightYear\":\"2022\",\"copyrightHolder\":{\"@id\":\"https:\\\/\\\/pre.efe.com\\\/#organization\"}},{\"@type\":[\"WebPage\",\"ItemPage\"],\"@id\":\"https:\\\/\\\/pre.efe.com\\\/pt-br\\\/esportes\\\/2022-09-15\\\/roger-federer-anuncia-que-se-aposentara-do-tenis\\\/\",\"url\":\"https:\\\/\\\/pre.efe.com\\\/pt-br\\\/esportes\\\/2022-09-15\\\/roger-federer-anuncia-que-se-aposentara-do-tenis\\\/\",\"name\":\"Roger Federer tenista sui\u00e7o aposenta\",\"isPartOf\":{\"@id\":\"https:\\\/\\\/pre.efe.com\\\/pt-br\\\/#website\"},\"primaryImageOfPage\":{\"@id\":\"https:\\\/\\\/pre.efe.com\\\/pt-br\\\/esportes\\\/2022-09-15\\\/roger-federer-anuncia-que-se-aposentara-do-tenis\\\/#primaryimage\"},\"image\":{\"@id\":\"https:\\\/\\\/pre.efe.com\\\/pt-br\\\/esportes\\\/2022-09-15\\\/roger-federer-anuncia-que-se-aposentara-do-tenis\\\/#primaryimage\"},\"thumbnailUrl\":\"https:\\\/\\\/pre.efe.com\\\/wp-content\\\/uploads\\\/2022\\\/09\\\/7302d697d42ed2bae3c4cae628b011eb47611731.jpg\",\"datePublished\":\"2022-09-15T18:34:18+00:00\",\"dateModified\":\"2022-09-17T18:01:33+00:00\",\"description\":\"O tenista su\u00ed\u00e7o Roger Federer, ex-n\u00famero 1 do mundo e vencedor de Grand Slam, anunciou a aposentadoria, que ocorrer\u00e1 na Copa Laver.\",\"breadcrumb\":{\"@id\":\"https:\\\/\\\/pre.efe.com\\\/pt-br\\\/esportes\\\/2022-09-15\\\/roger-federer-anuncia-que-se-aposentara-do-tenis\\\/#breadcrumb\"},\"inLanguage\":\"pt-BR\",\"potentialAction\":[{\"@type\":\"ReadAction\",\"target\":[\"https:\\\/\\\/pre.efe.com\\\/pt-br\\\/esportes\\\/2022-09-15\\\/roger-federer-anuncia-que-se-aposentara-do-tenis\\\/\"]}]},{\"@type\":\"ImageObject\",\"inLanguage\":\"pt-BR\",\"@id\":\"https:\\\/\\\/pre.efe.com\\\/pt-br\\\/esportes\\\/2022-09-15\\\/roger-federer-anuncia-que-se-aposentara-do-tenis\\\/#primaryimage\",\"url\":\"https:\\\/\\\/pre.efe.com\\\/wp-content\\\/uploads\\\/2022\\\/09\\\/7302d697d42ed2bae3c4cae628b011eb47611731.jpg\",\"contentUrl\":\"https:\\\/\\\/pre.efe.com\\\/wp-content\\\/uploads\\\/2022\\\/09\\\/7302d697d42ed2bae3c4cae628b011eb47611731.jpg\",\"width\":4632,\"height\":3420,\"caption\":\"Wimbledon (United Kingdom).- (FILE) - Roger Federer of Switzerland holds the championship trophy following his victory over Marin Cilic of Croatia in the men's final of the Wimbledon Championships at the All England Lawn Tennis Club, in London, Britain, 16 July 2017 (re-issued 15 September 2022). Federer on 15 September 2022 released a statement reading that the Laver Cup held on 23-25 September in London will be his final ATP event to compete in. (Tenis, Croacia, Suiza, Reino Unido, Londres) EFE\\\/EPA\\\/NIC BOTHMA EDITORIAL USE ONLY *** Local Caption *** 53651680\"},{\"@type\":\"BreadcrumbList\",\"@id\":\"https:\\\/\\\/pre.efe.com\\\/pt-br\\\/esportes\\\/2022-09-15\\\/roger-federer-anuncia-que-se-aposentara-do-tenis\\\/#breadcrumb\",\"itemListElement\":[{\"@type\":\"ListItem\",\"position\":1,\"name\":\"Portada\",\"item\":\"https:\\\/\\\/pre.efe.com\\\/pt-br\\\/\"},{\"@type\":\"ListItem\",\"position\":2,\"name\":\"Roger Federer anuncia que se aposentar\u00e1 do t\u00eanis\"}]},{\"@type\":\"WebSite\",\"@id\":\"https:\\\/\\\/pre.efe.com\\\/pt-br\\\/#website\",\"url\":\"https:\\\/\\\/pre.efe.com\\\/pt-br\\\/\",\"name\":\"EFE Noticias\",\"description\":\"\",\"publisher\":{\"@id\":\"https:\\\/\\\/pre.efe.com\\\/pt-br\\\/#organization\"},\"potentialAction\":[{\"@type\":\"SearchAction\",\"target\":{\"@type\":\"EntryPoint\",\"urlTemplate\":\"https:\\\/\\\/pre.efe.com\\\/pt-br\\\/?s={search_term_string}\"},\"query-input\":{\"@type\":\"PropertyValueSpecification\",\"valueRequired\":true,\"valueName\":\"search_term_string\"}}],\"inLanguage\":\"pt-BR\"},{\"@type\":\"Organization\",\"@id\":\"https:\\\/\\\/pre.efe.com\\\/pt-br\\\/#organization\",\"name\":\"Agencia EFE\",\"url\":\"https:\\\/\\\/pre.efe.com\\\/pt-br\\\/\",\"logo\":{\"@type\":\"ImageObject\",\"inLanguage\":\"pt-BR\",\"@id\":\"https:\\\/\\\/pre.efe.com\\\/pt-br\\\/#\\\/schema\\\/logo\\\/image\\\/\",\"url\":\"https:\\\/\\\/pre.efe.com\\\/wp-content\\\/uploads\\\/2023\\\/06\\\/logo-efe-467.png\",\"contentUrl\":\"https:\\\/\\\/pre.efe.com\\\/wp-content\\\/uploads\\\/2023\\\/06\\\/logo-efe-467.png\",\"width\":467,\"height\":467,\"caption\":\"Agencia EFE\"},\"image\":{\"@id\":\"https:\\\/\\\/pre.efe.com\\\/pt-br\\\/#\\\/schema\\\/logo\\\/image\\\/\"},\"sameAs\":[\"https:\\\/\\\/www.facebook.com\\\/AgenciaEFEnoticias\\\/\",\"https:\\\/\\\/x.com\\\/efenoticias\",\"https:\\\/\\\/www.instagram.com\\\/efe_noticias\\\/\",\"http:\\\/\\\/www.youtube.com\\\/efe\"]},{\"@type\":\"Person\",\"@id\":\"https:\\\/\\\/pre.efe.com\\\/pt-br\\\/#\\\/schema\\\/person\\\/c8c047900fe822135c5dfe18a69664f4\",\"name\":\"manuelperezefe\",\"image\":{\"@type\":\"ImageObject\",\"inLanguage\":\"pt-BR\",\"@id\":\"https:\\\/\\\/secure.gravatar.com\\\/avatar\\\/a6fd18d9072b150b9ba2a1672f7376f89fea0722b25bef234c1ed8d93c9af0d5?s=96&d=identicon&r=g\",\"url\":\"https:\\\/\\\/secure.gravatar.com\\\/avatar\\\/a6fd18d9072b150b9ba2a1672f7376f89fea0722b25bef234c1ed8d93c9af0d5?s=96&d=identicon&r=g\",\"contentUrl\":\"https:\\\/\\\/secure.gravatar.com\\\/avatar\\\/a6fd18d9072b150b9ba2a1672f7376f89fea0722b25bef234c1ed8d93c9af0d5?s=96&d=identicon&r=g\",\"caption\":\"manuelperezefe\"},\"url\":\"https:\\\/\\\/pre.efe.com\\\/pt-br\\\/autor\\\/manuelperezefe\\\/\"}]}<\/script>\n<!-- \/ Yoast SEO Premium plugin. -->","yoast_head_json":{"title":"Roger Federer tenista sui\u00e7o aposenta","description":"O tenista su\u00ed\u00e7o Roger Federer, ex-n\u00famero 1 do mundo e vencedor de Grand Slam, anunciou a aposentadoria, que ocorrer\u00e1 na Copa Laver.","robots":{"index":"noindex","follow":"follow"},"og_locale":"pt_BR","og_type":"article","og_title":"Roger Federer anuncia que se aposentar\u00e1 do t\u00eanis - EFE","og_description":"O tenista su\u00ed\u00e7o Roger Federer, ex-n\u00famero 1 do mundo e vencedor de Grand Slam, anunciou a aposentadoria, que ocorrer\u00e1 na Copa Laver.","og_url":"https:\/\/pre.efe.com\/pt-br\/esportes\/2022-09-15\/roger-federer-anuncia-que-se-aposentara-do-tenis\/","og_site_name":"EFE Noticias","article_publisher":"https:\/\/www.facebook.com\/AgenciaEFEnoticias\/","article_published_time":"2022-09-15T18:34:18+00:00","article_modified_time":"2022-09-17T18:01:33+00:00","og_image":[{"width":4632,"height":3420,"url":"https:\/\/i0.wp.com\/efe.com\/\/srv\/htdocs\/wp-content\/uploads\/2022\/09\/7302d697d42ed2bae3c4cae628b011eb47611731.jpg?fit=4632%2C3420&ssl=1","type":"image\/jpeg"}],"author":"manuelperezefe","twitter_card":"summary_large_image","twitter_creator":"@efenoticias","twitter_site":"@efenoticias","schema":{"@context":"https:\/\/schema.org","@graph":[{"@type":"NewsArticle","@id":"https:\/\/pre.efe.com\/pt-br\/esportes\/2022-09-15\/roger-federer-anuncia-que-se-aposentara-do-tenis\/#article","isPartOf":{"@id":"https:\/\/pre.efe.com\/pt-br\/esportes\/2022-09-15\/roger-federer-anuncia-que-se-aposentara-do-tenis\/"},"author":{"name":"manuelperezefe","@id":"https:\/\/pre.efe.com\/pt-br\/#\/schema\/person\/c8c047900fe822135c5dfe18a69664f4"},"headline":"Roger Federer anuncia que se aposentar\u00e1 do t\u00eanis","datePublished":"2022-09-15T18:34:18+00:00","dateModified":"2022-09-17T18:01:33+00:00","mainEntityOfPage":{"@id":"https:\/\/pre.efe.com\/pt-br\/esportes\/2022-09-15\/roger-federer-anuncia-que-se-aposentara-do-tenis\/"},"wordCount":427,"publisher":{"@id":"https:\/\/pre.efe.com\/pt-br\/#organization"},"image":{"@id":"https:\/\/pre.efe.com\/pt-br\/esportes\/2022-09-15\/roger-federer-anuncia-que-se-aposentara-do-tenis\/#primaryimage"},"thumbnailUrl":"https:\/\/pre.efe.com\/wp-content\/uploads\/2022\/09\/7302d697d42ed2bae3c4cae628b011eb47611731.jpg","articleSection":["Esportes","Portada"],"inLanguage":"pt-BR","copyrightYear":"2022","copyrightHolder":{"@id":"https:\/\/pre.efe.com\/#organization"}},{"@type":["WebPage","ItemPage"],"@id":"https:\/\/pre.efe.com\/pt-br\/esportes\/2022-09-15\/roger-federer-anuncia-que-se-aposentara-do-tenis\/","url":"https:\/\/pre.efe.com\/pt-br\/esportes\/2022-09-15\/roger-federer-anuncia-que-se-aposentara-do-tenis\/","name":"Roger Federer tenista sui\u00e7o aposenta","isPartOf":{"@id":"https:\/\/pre.efe.com\/pt-br\/#website"},"primaryImageOfPage":{"@id":"https:\/\/pre.efe.com\/pt-br\/esportes\/2022-09-15\/roger-federer-anuncia-que-se-aposentara-do-tenis\/#primaryimage"},"image":{"@id":"https:\/\/pre.efe.com\/pt-br\/esportes\/2022-09-15\/roger-federer-anuncia-que-se-aposentara-do-tenis\/#primaryimage"},"thumbnailUrl":"https:\/\/pre.efe.com\/wp-content\/uploads\/2022\/09\/7302d697d42ed2bae3c4cae628b011eb47611731.jpg","datePublished":"2022-09-15T18:34:18+00:00","dateModified":"2022-09-17T18:01:33+00:00","description":"O tenista su\u00ed\u00e7o Roger Federer, ex-n\u00famero 1 do mundo e vencedor de Grand Slam, anunciou a aposentadoria, que ocorrer\u00e1 na Copa Laver.","breadcrumb":{"@id":"https:\/\/pre.efe.com\/pt-br\/esportes\/2022-09-15\/roger-federer-anuncia-que-se-aposentara-do-tenis\/#breadcrumb"},"inLanguage":"pt-BR","potentialAction":[{"@type":"ReadAction","target":["https:\/\/pre.efe.com\/pt-br\/esportes\/2022-09-15\/roger-federer-anuncia-que-se-aposentara-do-tenis\/"]}]},{"@type":"ImageObject","inLanguage":"pt-BR","@id":"https:\/\/pre.efe.com\/pt-br\/esportes\/2022-09-15\/roger-federer-anuncia-que-se-aposentara-do-tenis\/#primaryimage","url":"https:\/\/pre.efe.com\/wp-content\/uploads\/2022\/09\/7302d697d42ed2bae3c4cae628b011eb47611731.jpg","contentUrl":"https:\/\/pre.efe.com\/wp-content\/uploads\/2022\/09\/7302d697d42ed2bae3c4cae628b011eb47611731.jpg","width":4632,"height":3420,"caption":"Wimbledon (United Kingdom).- (FILE) - Roger Federer of Switzerland holds the championship trophy following his victory over Marin Cilic of Croatia in the men's final of the Wimbledon Championships at the All England Lawn Tennis Club, in London, Britain, 16 July 2017 (re-issued 15 September 2022). Federer on 15 September 2022 released a statement reading that the Laver Cup held on 23-25 September in London will be his final ATP event to compete in. (Tenis, Croacia, Suiza, Reino Unido, Londres) EFE\/EPA\/NIC BOTHMA EDITORIAL USE ONLY *** Local Caption *** 53651680"},{"@type":"BreadcrumbList","@id":"https:\/\/pre.efe.com\/pt-br\/esportes\/2022-09-15\/roger-federer-anuncia-que-se-aposentara-do-tenis\/#breadcrumb","itemListElement":[{"@type":"ListItem","position":1,"name":"Portada","item":"https:\/\/pre.efe.com\/pt-br\/"},{"@type":"ListItem","position":2,"name":"Roger Federer anuncia que se aposentar\u00e1 do t\u00eanis"}]},{"@type":"WebSite","@id":"https:\/\/pre.efe.com\/pt-br\/#website","url":"https:\/\/pre.efe.com\/pt-br\/","name":"EFE Noticias","description":"","publisher":{"@id":"https:\/\/pre.efe.com\/pt-br\/#organization"},"potentialAction":[{"@type":"SearchAction","target":{"@type":"EntryPoint","urlTemplate":"https:\/\/pre.efe.com\/pt-br\/?s={search_term_string}"},"query-input":{"@type":"PropertyValueSpecification","valueRequired":true,"valueName":"search_term_string"}}],"inLanguage":"pt-BR"},{"@type":"Organization","@id":"https:\/\/pre.efe.com\/pt-br\/#organization","name":"Agencia EFE","url":"https:\/\/pre.efe.com\/pt-br\/","logo":{"@type":"ImageObject","inLanguage":"pt-BR","@id":"https:\/\/pre.efe.com\/pt-br\/#\/schema\/logo\/image\/","url":"https:\/\/pre.efe.com\/wp-content\/uploads\/2023\/06\/logo-efe-467.png","contentUrl":"https:\/\/pre.efe.com\/wp-content\/uploads\/2023\/06\/logo-efe-467.png","width":467,"height":467,"caption":"Agencia EFE"},"image":{"@id":"https:\/\/pre.efe.com\/pt-br\/#\/schema\/logo\/image\/"},"sameAs":["https:\/\/www.facebook.com\/AgenciaEFEnoticias\/","https:\/\/x.com\/efenoticias","https:\/\/www.instagram.com\/efe_noticias\/","http:\/\/www.youtube.com\/efe"]},{"@type":"Person","@id":"https:\/\/pre.efe.com\/pt-br\/#\/schema\/person\/c8c047900fe822135c5dfe18a69664f4","name":"manuelperezefe","image":{"@type":"ImageObject","inLanguage":"pt-BR","@id":"https:\/\/secure.gravatar.com\/avatar\/a6fd18d9072b150b9ba2a1672f7376f89fea0722b25bef234c1ed8d93c9af0d5?s=96&d=identicon&r=g","url":"https:\/\/secure.gravatar.com\/avatar\/a6fd18d9072b150b9ba2a1672f7376f89fea0722b25bef234c1ed8d93c9af0d5?s=96&d=identicon&r=g","contentUrl":"https:\/\/secure.gravatar.com\/avatar\/a6fd18d9072b150b9ba2a1672f7376f89fea0722b25bef234c1ed8d93c9af0d5?s=96&d=identicon&r=g","caption":"manuelperezefe"},"url":"https:\/\/pre.efe.com\/pt-br\/autor\/manuelperezefe\/"}]}},"jetpack_featured_media_url":"https:\/\/pre.efe.com\/wp-content\/uploads\/2022\/09\/7302d697d42ed2bae3c4cae628b011eb47611731.jpg","jetpack_shortlink":"https:\/\/wp.me\/peJvHm-jve","jetpack_sharing_enabled":true,"_links":{"self":[{"href":"https:\/\/pre.efe.com\/pt-br\/wp-json\/wp\/v2\/posts\/74972","targetHints":{"allow":["GET"]}}],"collection":[{"href":"https:\/\/pre.efe.com\/pt-br\/wp-json\/wp\/v2\/posts"}],"about":[{"href":"https:\/\/pre.efe.com\/pt-br\/wp-json\/wp\/v2\/types\/post"}],"author":[{"embeddable":true,"href":"https:\/\/pre.efe.com\/pt-br\/wp-json\/wp\/v2\/users\/198164108"}],"replies":[{"embeddable":true,"href":"https:\/\/pre.efe.com\/pt-br\/wp-json\/wp\/v2\/comments?post=74972"}],"version-history":[{"count":1,"href":"https:\/\/pre.efe.com\/pt-br\/wp-json\/wp\/v2\/posts\/74972\/revisions"}],"predecessor-version":[{"id":78134,"href":"https:\/\/pre.efe.com\/pt-br\/wp-json\/wp\/v2\/posts\/74972\/revisions\/78134"}],"wp:featuredmedia":[{"embeddable":true,"href":"https:\/\/pre.efe.com\/pt-br\/wp-json\/wp\/v2\/media\/74826"}],"wp:attachment":[{"href":"https:\/\/pre.efe.com\/pt-br\/wp-json\/wp\/v2\/media?parent=74972"}],"wp:term":[{"taxonomy":"category","embeddable":true,"href":"https:\/\/pre.efe.com\/pt-br\/wp-json\/wp\/v2\/categories?post=74972"},{"taxonomy":"post_tag","embeddable":true,"href":"https:\/\/pre.efe.com\/pt-br\/wp-json\/wp\/v2\/tags?post=74972"}],"curies":[{"name":"wp","href":"https:\/\/api.w.org\/{rel}","templated":true}]}}