{"id":796065,"date":"2023-12-07T23:29:58","date_gmt":"2023-12-07T22:29:58","guid":{"rendered":"https:\/\/pre.efe.com\/?p=796065"},"modified":"2023-12-07T23:30:01","modified_gmt":"2023-12-07T22:30:01","slug":"mercosul-oficializa-entrada-da-bolivia-como-quinto-membro-do-bloco","status":"publish","type":"post","link":"https:\/\/pre.efe.com\/pt-br\/mundo-2\/2023-12-07\/mercosul-oficializa-entrada-da-bolivia-como-quinto-membro-do-bloco\/","title":{"rendered":"Mercosul oficializa entrada da Bol\u00edvia como quinto membro do bloco"},"content":{"rendered":"\n<p>Rio de Janeiro (EFE) &#8211; A Bol\u00edvia tornou-se nesta quinta-feira o quinto membro pleno do Mercado Comum do Sul (Mercosul), ap\u00f3s sua ades\u00e3o ser oficializada na LXIII c\u00fapula presidencial do bloco, que est\u00e1 sendo realizada no Rio de Janeiro.<\/p>\n\n\n\n<blockquote class=\"wp-block-quote is-layout-flow wp-block-quote-is-layout-flow\">\n<p>&#8220;A Bol\u00edvia \u00e9 um membro pleno do Mercosul&#8221;, disse o presidente do pa\u00eds, Luis Arce, ap\u00f3s a promulga\u00e7\u00e3o do protocolo de ades\u00e3o ao bloco em uma cerim\u00f4nia a portas fechadas.<\/p>\n<\/blockquote>\n\n\n\n<p>Em uma mensagem divulgada em redes sociais, o presidente boliviano descreveu a ades\u00e3o como &#8220;um marco importante na integra\u00e7\u00e3o regional&#8221; e agradeceu ao presidente Luiz In\u00e1cio Lula da Silva por seus esfor\u00e7os para torn\u00e1-la efetiva.<\/p>\n\n\n\n<p>O evento contou ttamb\u00e9m com a presen\u00e7a dos presidentes da Argentina, Alberto Fern\u00e1ndez, do Paraguai, Santiago Pe\u00f1a, e do Uruguai, Luis Lacalle Pou.<\/p>\n\n\n\n<p>Horas antes, Lula disse na abertura da c\u00fapula que a ades\u00e3o da Bol\u00edvia era uma &#8220;conquista importante&#8221; para o bloco.<\/p>\n\n\n\n<p>Agora, a Bol\u00edvia tem at\u00e9 quatro anos para adaptar sua legisla\u00e7\u00e3o \u00e0 do Mercosul, principalmente seu regime tarif\u00e1rio, e assim concluir seu processo de ades\u00e3o, quando se tornar\u00e1 membro pleno de fato e poder\u00e1 ter voz e voto no bloco comercial.<\/p>\n\n\n\n<p>Com a entrada, a Bol\u00edvia ser\u00e1 o \u00fanico pa\u00eds sul-americano a ser membro dos dois principais blocos comerciais da regi\u00e3o, a Comunidade Andina de Na\u00e7\u00f5es (CAN) e o Mercosul.<\/p>\n\n\n\n<p>Entre os interesses da Bol\u00edvia no bloco, a ministra das Rela\u00e7\u00f5es Exteriores, Celinda Sosa, afirmou ontem que est\u00e1 a promo\u00e7\u00e3o de um fundo regional que permitiria que pequenas e m\u00e9dias empresas tenham acesso a tecnologias que lhes permitiriam participar de cadeias de produ\u00e7\u00e3o regionais.<\/p>\n\n\n\n<p>Nesta quinta-feira, Arce apoiou a proposta do Uruguai para que o bloco sul-americano inicie imediatamente negocia\u00e7\u00f5es de livre com\u00e9rcio com a China, segunda maior economia do mundo.<\/p>\n\n\n\n<p>O Mercosul representa um mercado de 283 milh\u00f5es de pessoas que ser\u00e1 fortalecido com a chegada da Bol\u00edvia, um pa\u00eds com grandes reservas de g\u00e1s e l\u00edtio.<\/p>\n\n\n\n<p>A Bol\u00edvia era um Estado associado do Mercosul desde 1998 e, em 2015, assinou o protocolo de ades\u00e3o, que exigia o endosso dos parlamentos de Brasil, Argentina, Paraguai e Uruguai.<\/p>\n\n\n\n<p>O Congresso brasileiro ratificou a ades\u00e3o da Bol\u00edvia no final de novembro.<\/p>\n\n\n\n<p>Al\u00e9m da Bol\u00edvia, a Venezuela tamb\u00e9m era um Estado membro do bloco comercial at\u00e9 2017, quando foi suspensa por n\u00e3o cumprir a cl\u00e1usula democr\u00e1tica exigida pelo bloco.<\/p>\n\n\n\n<p>Atualmente, o Mercosul conta com seis Estados associados (Chile, Col\u00f4mbia, Equador, Guiana, Peru e Suriname). EFE<\/p>\n","protected":false},"excerpt":{"rendered":"<p>Rio de Janeiro (EFE) &#8211; A Bol\u00edvia tornou-se nesta quinta-feira o quinto membro pleno do Mercado Comum do Sul (Mercosul), ap\u00f3s sua ades\u00e3o ser oficializada na LXIII c\u00fapula presidencial do bloco, que est\u00e1 sendo realizada no Rio de Janeiro. &#8220;A Bol\u00edvia \u00e9 um membro pleno do Mercosul&#8221;, disse o presidente do pa\u00eds, Luis Arce, ap\u00f3s &#8230; <a title=\"Mercosul oficializa entrada da Bol\u00edvia como quinto membro do bloco\" class=\"read-more\" href=\"https:\/\/pre.efe.com\/pt-br\/mundo-2\/2023-12-07\/mercosul-oficializa-entrada-da-bolivia-como-quinto-membro-do-bloco\/\" aria-label=\"Read more about Mercosul oficializa entrada da Bol\u00edvia como quinto membro do bloco\">Leia mais<\/a><\/p>\n","protected":false},"author":198164106,"featured_media":796084,"comment_status":"closed","ping_status":"closed","sticky":false,"template":"","format":"standard","meta":{"_acf_changed":false,"_jetpack_memberships_contains_paid_content":false,"footnotes":""},"categories":[123208,122141],"tags":[125886],"class_list":["post-796065","post","type-post","status-publish","format-standard","has-post-thumbnail","hentry","category-mundo-2","category-portada","tag-mercosul","generate-columns","tablet-grid-50","mobile-grid-100","grid-parent","grid-50"],"acf":[],"yoast_head":"<!-- This site is optimized with the Yoast SEO Premium plugin v26.0 (Yoast SEO v27.4) - https:\/\/yoast.com\/product\/yoast-seo-premium-wordpress\/ -->\n<title>Mercosul oficializa entrada da Bol\u00edvia como quinto membro do bloco - EFE<\/title>\n<meta name=\"robots\" content=\"noindex, follow\" \/>\n<meta property=\"og:locale\" content=\"pt_BR\" \/>\n<meta property=\"og:type\" content=\"article\" \/>\n<meta property=\"og:title\" content=\"Mercosul oficializa entrada da Bol\u00edvia como quinto membro do bloco - EFE\" \/>\n<meta property=\"og:description\" content=\"Rio de Janeiro (EFE) &#8211; A Bol\u00edvia tornou-se nesta quinta-feira o quinto membro pleno do Mercado Comum do Sul (Mercosul), ap\u00f3s sua ades\u00e3o ser oficializada na LXIII c\u00fapula presidencial do bloco, que est\u00e1 sendo realizada no Rio de Janeiro. &#8220;A Bol\u00edvia \u00e9 um membro pleno do Mercosul&#8221;, disse o presidente do pa\u00eds, Luis Arce, ap\u00f3s ... Leia mais\" \/>\n<meta property=\"og:url\" content=\"https:\/\/pre.efe.com\/pt-br\/mundo-2\/2023-12-07\/mercosul-oficializa-entrada-da-bolivia-como-quinto-membro-do-bloco\/\" \/>\n<meta property=\"og:site_name\" content=\"EFE Noticias\" \/>\n<meta property=\"article:publisher\" content=\"https:\/\/www.facebook.com\/AgenciaEFEnoticias\/\" \/>\n<meta property=\"article:published_time\" content=\"2023-12-07T22:29:58+00:00\" \/>\n<meta property=\"article:modified_time\" content=\"2023-12-07T22:30:01+00:00\" \/>\n<meta property=\"og:image\" content=\"https:\/\/i0.wp.com\/efe.com\/\/srv\/htdocs\/wp-content\/uploads\/2023\/12\/d9e001c7ac527600ff84c4932eb41f2c7508dc86w.jpg?fit=1920%2C1282&ssl=1\" \/>\n\t<meta property=\"og:image:width\" content=\"1920\" \/>\n\t<meta property=\"og:image:height\" content=\"1282\" \/>\n\t<meta property=\"og:image:type\" content=\"image\/jpeg\" \/>\n<meta name=\"author\" content=\"anachain\" \/>\n<meta name=\"twitter:card\" content=\"summary_large_image\" \/>\n<meta name=\"twitter:creator\" content=\"@efenoticias\" \/>\n<meta name=\"twitter:site\" content=\"@efenoticias\" \/>\n<script type=\"application\/ld+json\" class=\"yoast-schema-graph\">{\"@context\":\"https:\\\/\\\/schema.org\",\"@graph\":[{\"@type\":\"NewsArticle\",\"@id\":\"https:\\\/\\\/pre.efe.com\\\/pt-br\\\/mundo-2\\\/2023-12-07\\\/mercosul-oficializa-entrada-da-bolivia-como-quinto-membro-do-bloco\\\/#article\",\"isPartOf\":{\"@id\":\"https:\\\/\\\/pre.efe.com\\\/pt-br\\\/mundo-2\\\/2023-12-07\\\/mercosul-oficializa-entrada-da-bolivia-como-quinto-membro-do-bloco\\\/\"},\"author\":{\"name\":\"anachain\",\"@id\":\"https:\\\/\\\/pre.efe.com\\\/pt-br\\\/#\\\/schema\\\/person\\\/b19f23f210db552768f68a4b552b004f\"},\"headline\":\"Mercosul oficializa entrada da Bol\u00edvia como quinto membro do bloco\",\"datePublished\":\"2023-12-07T22:29:58+00:00\",\"dateModified\":\"2023-12-07T22:30:01+00:00\",\"mainEntityOfPage\":{\"@id\":\"https:\\\/\\\/pre.efe.com\\\/pt-br\\\/mundo-2\\\/2023-12-07\\\/mercosul-oficializa-entrada-da-bolivia-como-quinto-membro-do-bloco\\\/\"},\"wordCount\":458,\"publisher\":{\"@id\":\"https:\\\/\\\/pre.efe.com\\\/pt-br\\\/#organization\"},\"image\":{\"@id\":\"https:\\\/\\\/pre.efe.com\\\/pt-br\\\/mundo-2\\\/2023-12-07\\\/mercosul-oficializa-entrada-da-bolivia-como-quinto-membro-do-bloco\\\/#primaryimage\"},\"thumbnailUrl\":\"https:\\\/\\\/pre.efe.com\\\/wp-content\\\/uploads\\\/2023\\\/12\\\/d9e001c7ac527600ff84c4932eb41f2c7508dc86w.jpg\",\"keywords\":[\"Mercosul\"],\"articleSection\":[\"Mundo\",\"Portada\"],\"inLanguage\":\"pt-BR\",\"copyrightYear\":\"2023\",\"copyrightHolder\":{\"@id\":\"https:\\\/\\\/pre.efe.com\\\/#organization\"}},{\"@type\":[\"WebPage\",\"ItemPage\"],\"@id\":\"https:\\\/\\\/pre.efe.com\\\/pt-br\\\/mundo-2\\\/2023-12-07\\\/mercosul-oficializa-entrada-da-bolivia-como-quinto-membro-do-bloco\\\/\",\"url\":\"https:\\\/\\\/pre.efe.com\\\/pt-br\\\/mundo-2\\\/2023-12-07\\\/mercosul-oficializa-entrada-da-bolivia-como-quinto-membro-do-bloco\\\/\",\"name\":\"Mercosul oficializa entrada da Bol\u00edvia como quinto membro do bloco - EFE\",\"isPartOf\":{\"@id\":\"https:\\\/\\\/pre.efe.com\\\/pt-br\\\/#website\"},\"primaryImageOfPage\":{\"@id\":\"https:\\\/\\\/pre.efe.com\\\/pt-br\\\/mundo-2\\\/2023-12-07\\\/mercosul-oficializa-entrada-da-bolivia-como-quinto-membro-do-bloco\\\/#primaryimage\"},\"image\":{\"@id\":\"https:\\\/\\\/pre.efe.com\\\/pt-br\\\/mundo-2\\\/2023-12-07\\\/mercosul-oficializa-entrada-da-bolivia-como-quinto-membro-do-bloco\\\/#primaryimage\"},\"thumbnailUrl\":\"https:\\\/\\\/pre.efe.com\\\/wp-content\\\/uploads\\\/2023\\\/12\\\/d9e001c7ac527600ff84c4932eb41f2c7508dc86w.jpg\",\"datePublished\":\"2023-12-07T22:29:58+00:00\",\"dateModified\":\"2023-12-07T22:30:01+00:00\",\"breadcrumb\":{\"@id\":\"https:\\\/\\\/pre.efe.com\\\/pt-br\\\/mundo-2\\\/2023-12-07\\\/mercosul-oficializa-entrada-da-bolivia-como-quinto-membro-do-bloco\\\/#breadcrumb\"},\"inLanguage\":\"pt-BR\",\"potentialAction\":[{\"@type\":\"ReadAction\",\"target\":[\"https:\\\/\\\/pre.efe.com\\\/pt-br\\\/mundo-2\\\/2023-12-07\\\/mercosul-oficializa-entrada-da-bolivia-como-quinto-membro-do-bloco\\\/\"]}]},{\"@type\":\"ImageObject\",\"inLanguage\":\"pt-BR\",\"@id\":\"https:\\\/\\\/pre.efe.com\\\/pt-br\\\/mundo-2\\\/2023-12-07\\\/mercosul-oficializa-entrada-da-bolivia-como-quinto-membro-do-bloco\\\/#primaryimage\",\"url\":\"https:\\\/\\\/pre.efe.com\\\/wp-content\\\/uploads\\\/2023\\\/12\\\/d9e001c7ac527600ff84c4932eb41f2c7508dc86w.jpg\",\"contentUrl\":\"https:\\\/\\\/pre.efe.com\\\/wp-content\\\/uploads\\\/2023\\\/12\\\/d9e001c7ac527600ff84c4932eb41f2c7508dc86w.jpg\",\"width\":1920,\"height\":1282,\"caption\":\"EFE\\\/ Andr\u00e9 Coelho\"},{\"@type\":\"BreadcrumbList\",\"@id\":\"https:\\\/\\\/pre.efe.com\\\/pt-br\\\/mundo-2\\\/2023-12-07\\\/mercosul-oficializa-entrada-da-bolivia-como-quinto-membro-do-bloco\\\/#breadcrumb\",\"itemListElement\":[{\"@type\":\"ListItem\",\"position\":1,\"name\":\"Portada\",\"item\":\"https:\\\/\\\/pre.efe.com\\\/pt-br\\\/\"},{\"@type\":\"ListItem\",\"position\":2,\"name\":\"Mercosul oficializa entrada da Bol\u00edvia como quinto membro do bloco\"}]},{\"@type\":\"WebSite\",\"@id\":\"https:\\\/\\\/pre.efe.com\\\/pt-br\\\/#website\",\"url\":\"https:\\\/\\\/pre.efe.com\\\/pt-br\\\/\",\"name\":\"EFE Noticias\",\"description\":\"\",\"publisher\":{\"@id\":\"https:\\\/\\\/pre.efe.com\\\/pt-br\\\/#organization\"},\"potentialAction\":[{\"@type\":\"SearchAction\",\"target\":{\"@type\":\"EntryPoint\",\"urlTemplate\":\"https:\\\/\\\/pre.efe.com\\\/pt-br\\\/?s={search_term_string}\"},\"query-input\":{\"@type\":\"PropertyValueSpecification\",\"valueRequired\":true,\"valueName\":\"search_term_string\"}}],\"inLanguage\":\"pt-BR\"},{\"@type\":\"Organization\",\"@id\":\"https:\\\/\\\/pre.efe.com\\\/pt-br\\\/#organization\",\"name\":\"Agencia EFE\",\"url\":\"https:\\\/\\\/pre.efe.com\\\/pt-br\\\/\",\"logo\":{\"@type\":\"ImageObject\",\"inLanguage\":\"pt-BR\",\"@id\":\"https:\\\/\\\/pre.efe.com\\\/pt-br\\\/#\\\/schema\\\/logo\\\/image\\\/\",\"url\":\"https:\\\/\\\/pre.efe.com\\\/wp-content\\\/uploads\\\/2023\\\/06\\\/logo-efe-467.png\",\"contentUrl\":\"https:\\\/\\\/pre.efe.com\\\/wp-content\\\/uploads\\\/2023\\\/06\\\/logo-efe-467.png\",\"width\":467,\"height\":467,\"caption\":\"Agencia EFE\"},\"image\":{\"@id\":\"https:\\\/\\\/pre.efe.com\\\/pt-br\\\/#\\\/schema\\\/logo\\\/image\\\/\"},\"sameAs\":[\"https:\\\/\\\/www.facebook.com\\\/AgenciaEFEnoticias\\\/\",\"https:\\\/\\\/x.com\\\/efenoticias\",\"https:\\\/\\\/www.instagram.com\\\/efe_noticias\\\/\",\"http:\\\/\\\/www.youtube.com\\\/efe\"]},{\"@type\":\"Person\",\"@id\":\"https:\\\/\\\/pre.efe.com\\\/pt-br\\\/#\\\/schema\\\/person\\\/b19f23f210db552768f68a4b552b004f\",\"name\":\"anachain\",\"image\":{\"@type\":\"ImageObject\",\"inLanguage\":\"pt-BR\",\"@id\":\"https:\\\/\\\/secure.gravatar.com\\\/avatar\\\/30b83965911ef1108bb893c00bdd65c885f9890e1265ee04b02c3d5adc785d37?s=96&d=identicon&r=g\",\"url\":\"https:\\\/\\\/secure.gravatar.com\\\/avatar\\\/30b83965911ef1108bb893c00bdd65c885f9890e1265ee04b02c3d5adc785d37?s=96&d=identicon&r=g\",\"contentUrl\":\"https:\\\/\\\/secure.gravatar.com\\\/avatar\\\/30b83965911ef1108bb893c00bdd65c885f9890e1265ee04b02c3d5adc785d37?s=96&d=identicon&r=g\",\"caption\":\"anachain\"},\"url\":\"https:\\\/\\\/pre.efe.com\\\/pt-br\\\/autor\\\/anachain\\\/\"}]}<\/script>\n<!-- \/ Yoast SEO Premium plugin. -->","yoast_head_json":{"title":"Mercosul oficializa entrada da Bol\u00edvia como quinto membro do bloco - EFE","robots":{"index":"noindex","follow":"follow"},"og_locale":"pt_BR","og_type":"article","og_title":"Mercosul oficializa entrada da Bol\u00edvia como quinto membro do bloco - EFE","og_description":"Rio de Janeiro (EFE) &#8211; A Bol\u00edvia tornou-se nesta quinta-feira o quinto membro pleno do Mercado Comum do Sul (Mercosul), ap\u00f3s sua ades\u00e3o ser oficializada na LXIII c\u00fapula presidencial do bloco, que est\u00e1 sendo realizada no Rio de Janeiro. &#8220;A Bol\u00edvia \u00e9 um membro pleno do Mercosul&#8221;, disse o presidente do pa\u00eds, Luis Arce, ap\u00f3s ... Leia mais","og_url":"https:\/\/pre.efe.com\/pt-br\/mundo-2\/2023-12-07\/mercosul-oficializa-entrada-da-bolivia-como-quinto-membro-do-bloco\/","og_site_name":"EFE Noticias","article_publisher":"https:\/\/www.facebook.com\/AgenciaEFEnoticias\/","article_published_time":"2023-12-07T22:29:58+00:00","article_modified_time":"2023-12-07T22:30:01+00:00","og_image":[{"width":1920,"height":1282,"url":"https:\/\/i0.wp.com\/efe.com\/\/srv\/htdocs\/wp-content\/uploads\/2023\/12\/d9e001c7ac527600ff84c4932eb41f2c7508dc86w.jpg?fit=1920%2C1282&ssl=1","type":"image\/jpeg"}],"author":"anachain","twitter_card":"summary_large_image","twitter_creator":"@efenoticias","twitter_site":"@efenoticias","schema":{"@context":"https:\/\/schema.org","@graph":[{"@type":"NewsArticle","@id":"https:\/\/pre.efe.com\/pt-br\/mundo-2\/2023-12-07\/mercosul-oficializa-entrada-da-bolivia-como-quinto-membro-do-bloco\/#article","isPartOf":{"@id":"https:\/\/pre.efe.com\/pt-br\/mundo-2\/2023-12-07\/mercosul-oficializa-entrada-da-bolivia-como-quinto-membro-do-bloco\/"},"author":{"name":"anachain","@id":"https:\/\/pre.efe.com\/pt-br\/#\/schema\/person\/b19f23f210db552768f68a4b552b004f"},"headline":"Mercosul oficializa entrada da Bol\u00edvia como quinto membro do bloco","datePublished":"2023-12-07T22:29:58+00:00","dateModified":"2023-12-07T22:30:01+00:00","mainEntityOfPage":{"@id":"https:\/\/pre.efe.com\/pt-br\/mundo-2\/2023-12-07\/mercosul-oficializa-entrada-da-bolivia-como-quinto-membro-do-bloco\/"},"wordCount":458,"publisher":{"@id":"https:\/\/pre.efe.com\/pt-br\/#organization"},"image":{"@id":"https:\/\/pre.efe.com\/pt-br\/mundo-2\/2023-12-07\/mercosul-oficializa-entrada-da-bolivia-como-quinto-membro-do-bloco\/#primaryimage"},"thumbnailUrl":"https:\/\/pre.efe.com\/wp-content\/uploads\/2023\/12\/d9e001c7ac527600ff84c4932eb41f2c7508dc86w.jpg","keywords":["Mercosul"],"articleSection":["Mundo","Portada"],"inLanguage":"pt-BR","copyrightYear":"2023","copyrightHolder":{"@id":"https:\/\/pre.efe.com\/#organization"}},{"@type":["WebPage","ItemPage"],"@id":"https:\/\/pre.efe.com\/pt-br\/mundo-2\/2023-12-07\/mercosul-oficializa-entrada-da-bolivia-como-quinto-membro-do-bloco\/","url":"https:\/\/pre.efe.com\/pt-br\/mundo-2\/2023-12-07\/mercosul-oficializa-entrada-da-bolivia-como-quinto-membro-do-bloco\/","name":"Mercosul oficializa entrada da Bol\u00edvia como quinto membro do bloco - EFE","isPartOf":{"@id":"https:\/\/pre.efe.com\/pt-br\/#website"},"primaryImageOfPage":{"@id":"https:\/\/pre.efe.com\/pt-br\/mundo-2\/2023-12-07\/mercosul-oficializa-entrada-da-bolivia-como-quinto-membro-do-bloco\/#primaryimage"},"image":{"@id":"https:\/\/pre.efe.com\/pt-br\/mundo-2\/2023-12-07\/mercosul-oficializa-entrada-da-bolivia-como-quinto-membro-do-bloco\/#primaryimage"},"thumbnailUrl":"https:\/\/pre.efe.com\/wp-content\/uploads\/2023\/12\/d9e001c7ac527600ff84c4932eb41f2c7508dc86w.jpg","datePublished":"2023-12-07T22:29:58+00:00","dateModified":"2023-12-07T22:30:01+00:00","breadcrumb":{"@id":"https:\/\/pre.efe.com\/pt-br\/mundo-2\/2023-12-07\/mercosul-oficializa-entrada-da-bolivia-como-quinto-membro-do-bloco\/#breadcrumb"},"inLanguage":"pt-BR","potentialAction":[{"@type":"ReadAction","target":["https:\/\/pre.efe.com\/pt-br\/mundo-2\/2023-12-07\/mercosul-oficializa-entrada-da-bolivia-como-quinto-membro-do-bloco\/"]}]},{"@type":"ImageObject","inLanguage":"pt-BR","@id":"https:\/\/pre.efe.com\/pt-br\/mundo-2\/2023-12-07\/mercosul-oficializa-entrada-da-bolivia-como-quinto-membro-do-bloco\/#primaryimage","url":"https:\/\/pre.efe.com\/wp-content\/uploads\/2023\/12\/d9e001c7ac527600ff84c4932eb41f2c7508dc86w.jpg","contentUrl":"https:\/\/pre.efe.com\/wp-content\/uploads\/2023\/12\/d9e001c7ac527600ff84c4932eb41f2c7508dc86w.jpg","width":1920,"height":1282,"caption":"EFE\/ Andr\u00e9 Coelho"},{"@type":"BreadcrumbList","@id":"https:\/\/pre.efe.com\/pt-br\/mundo-2\/2023-12-07\/mercosul-oficializa-entrada-da-bolivia-como-quinto-membro-do-bloco\/#breadcrumb","itemListElement":[{"@type":"ListItem","position":1,"name":"Portada","item":"https:\/\/pre.efe.com\/pt-br\/"},{"@type":"ListItem","position":2,"name":"Mercosul oficializa entrada da Bol\u00edvia como quinto membro do bloco"}]},{"@type":"WebSite","@id":"https:\/\/pre.efe.com\/pt-br\/#website","url":"https:\/\/pre.efe.com\/pt-br\/","name":"EFE Noticias","description":"","publisher":{"@id":"https:\/\/pre.efe.com\/pt-br\/#organization"},"potentialAction":[{"@type":"SearchAction","target":{"@type":"EntryPoint","urlTemplate":"https:\/\/pre.efe.com\/pt-br\/?s={search_term_string}"},"query-input":{"@type":"PropertyValueSpecification","valueRequired":true,"valueName":"search_term_string"}}],"inLanguage":"pt-BR"},{"@type":"Organization","@id":"https:\/\/pre.efe.com\/pt-br\/#organization","name":"Agencia EFE","url":"https:\/\/pre.efe.com\/pt-br\/","logo":{"@type":"ImageObject","inLanguage":"pt-BR","@id":"https:\/\/pre.efe.com\/pt-br\/#\/schema\/logo\/image\/","url":"https:\/\/pre.efe.com\/wp-content\/uploads\/2023\/06\/logo-efe-467.png","contentUrl":"https:\/\/pre.efe.com\/wp-content\/uploads\/2023\/06\/logo-efe-467.png","width":467,"height":467,"caption":"Agencia EFE"},"image":{"@id":"https:\/\/pre.efe.com\/pt-br\/#\/schema\/logo\/image\/"},"sameAs":["https:\/\/www.facebook.com\/AgenciaEFEnoticias\/","https:\/\/x.com\/efenoticias","https:\/\/www.instagram.com\/efe_noticias\/","http:\/\/www.youtube.com\/efe"]},{"@type":"Person","@id":"https:\/\/pre.efe.com\/pt-br\/#\/schema\/person\/b19f23f210db552768f68a4b552b004f","name":"anachain","image":{"@type":"ImageObject","inLanguage":"pt-BR","@id":"https:\/\/secure.gravatar.com\/avatar\/30b83965911ef1108bb893c00bdd65c885f9890e1265ee04b02c3d5adc785d37?s=96&d=identicon&r=g","url":"https:\/\/secure.gravatar.com\/avatar\/30b83965911ef1108bb893c00bdd65c885f9890e1265ee04b02c3d5adc785d37?s=96&d=identicon&r=g","contentUrl":"https:\/\/secure.gravatar.com\/avatar\/30b83965911ef1108bb893c00bdd65c885f9890e1265ee04b02c3d5adc785d37?s=96&d=identicon&r=g","caption":"anachain"},"url":"https:\/\/pre.efe.com\/pt-br\/autor\/anachain\/"}]}},"jetpack_featured_media_url":"https:\/\/pre.efe.com\/wp-content\/uploads\/2023\/12\/d9e001c7ac527600ff84c4932eb41f2c7508dc86w.jpg","jetpack_shortlink":"https:\/\/wp.me\/peJvHm-3l5L","jetpack_sharing_enabled":true,"_links":{"self":[{"href":"https:\/\/pre.efe.com\/pt-br\/wp-json\/wp\/v2\/posts\/796065","targetHints":{"allow":["GET"]}}],"collection":[{"href":"https:\/\/pre.efe.com\/pt-br\/wp-json\/wp\/v2\/posts"}],"about":[{"href":"https:\/\/pre.efe.com\/pt-br\/wp-json\/wp\/v2\/types\/post"}],"author":[{"embeddable":true,"href":"https:\/\/pre.efe.com\/pt-br\/wp-json\/wp\/v2\/users\/198164106"}],"replies":[{"embeddable":true,"href":"https:\/\/pre.efe.com\/pt-br\/wp-json\/wp\/v2\/comments?post=796065"}],"version-history":[{"count":2,"href":"https:\/\/pre.efe.com\/pt-br\/wp-json\/wp\/v2\/posts\/796065\/revisions"}],"predecessor-version":[{"id":796087,"href":"https:\/\/pre.efe.com\/pt-br\/wp-json\/wp\/v2\/posts\/796065\/revisions\/796087"}],"wp:featuredmedia":[{"embeddable":true,"href":"https:\/\/pre.efe.com\/pt-br\/wp-json\/wp\/v2\/media\/796084"}],"wp:attachment":[{"href":"https:\/\/pre.efe.com\/pt-br\/wp-json\/wp\/v2\/media?parent=796065"}],"wp:term":[{"taxonomy":"category","embeddable":true,"href":"https:\/\/pre.efe.com\/pt-br\/wp-json\/wp\/v2\/categories?post=796065"},{"taxonomy":"post_tag","embeddable":true,"href":"https:\/\/pre.efe.com\/pt-br\/wp-json\/wp\/v2\/tags?post=796065"}],"curies":[{"name":"wp","href":"https:\/\/api.w.org\/{rel}","templated":true}]}}