{"id":808379,"date":"2023-12-15T16:42:26","date_gmt":"2023-12-15T15:42:26","guid":{"rendered":"https:\/\/pre.efe.com\/?p=808379"},"modified":"2023-12-15T16:42:34","modified_gmt":"2023-12-15T15:42:34","slug":"russia-admite-que-navalny-foi-transferido-para-outra-prisao-mas-nao-revela-novo-destino","status":"publish","type":"post","link":"https:\/\/pre.efe.com\/pt-br\/mundo-2\/2023-12-15\/russia-admite-que-navalny-foi-transferido-para-outra-prisao-mas-nao-revela-novo-destino\/","title":{"rendered":"R\u00fassia admite que Navalny foi transferido para outra pris\u00e3o, mas n\u00e3o revela novo destino"},"content":{"rendered":"\n<p>Moscou (EFE).- Os servi\u00e7os penitenci\u00e1rios da R\u00fassia (FSIN na sigla em russo) admitiram nesta sexta-feira que o l\u00edder da oposi\u00e7\u00e3o, Alexei Navalny, foi transferido da pris\u00e3o onde cumpria pena, mas n\u00e3o especificaram seu novo destino.<\/p>\n\n\n\n<blockquote class=\"wp-block-quote is-layout-flow wp-block-quote-is-layout-flow\">\n<p>\u201cNavalny foi transferido da institui\u00e7\u00e3o penitenci\u00e1ria localizada no territ\u00f3rio da regi\u00e3o de Vladimir\u201d, afirma o relat\u00f3rio do FSIN, segundo o portal &#8220;Sota&#8221;.<\/p>\n<\/blockquote>\n\n\n\n<p>Este relat\u00f3rio foi lido durante a audi\u00eancia da den\u00fancia apresentada por Navalny contra a administra\u00e7\u00e3o da pris\u00e3o n\u00famero 6 de Vladimir, onde se encontrava desde junho de 2022.<\/p>\n\n\n\n<p>O FSIN explica que o opositor deixou a pris\u00e3o \u201cem virtude da decis\u00e3o proferida pelo Tribunal Urbano de Moscou em 4 de agosto\u201d, que inclu\u00eda uma pena de 19 anos por extremismo.<\/p>\n\n\n\n<blockquote class=\"wp-block-quote is-layout-flow wp-block-quote-is-layout-flow\">\n<p>\u201cSobre a chegada de Navalny (ao seu novo destino) ser\u00e1 informada no \u00e2mbito da legisla\u00e7\u00e3o em vigor\u201d, acrescenta.<\/p>\n<\/blockquote>\n\n\n\n<p>Os advogados do opositor, que n\u00e3o t\u00eam contato com o seu cliente desde o \u00faltimo dia 5, garantem que ele deixou a pris\u00e3o na segunda-feira.<\/p>\n\n\n\n<p>Os colaboradores do pol\u00edtico, que cumpre pena de quase 30 anos de pris\u00e3o, deram o alarme na segunda-feira, ap\u00f3s o que lan\u00e7aram a campanha global \u201cOnde est\u00e1 Navalny?\u201d<\/p>\n\n\n\n<p>Segundo alguns membros da equipe de Navalny, o opositor teria sido transferido para uma nova pris\u00e3o ap\u00f3s anunciar uma campanha contra a reelei\u00e7\u00e3o do presidente Vladimir Putin.<\/p>\n\n\n\n<p>O processo de transfer\u00eancia pode levar semanas, per\u00edodo durante o qual o preso geralmente \u00e9 mantido incomunic\u00e1vel.<\/p>\n\n\n\n<p>Tanto a Uni\u00e3o Europeia como a Anistia Internacional expressaram preocupa\u00e7\u00e3o com o destino de Navalny, cujo paradeiro nem jornalistas nem cidad\u00e3os perguntaram a Putin no dia anterior, durante a sua primeira grande entrevista coletiva desde o in\u00edcio da guerra na Ucr\u00e2nia.<\/p>\n\n\n\n<p>Em 7 de dezembro, Navalny pediu da pris\u00e3o para votar contra o chefe do Kremlin nas elei\u00e7\u00f5es de 17 de mar\u00e7o de 2024.<\/p>\n\n\n\n<p>Navalny tamb\u00e9m anunciou o lan\u00e7amento de um site (neputin.org) que pedia aos russos que apoiassem qualquer candidato \u00e0 presid\u00eancia, exceto o atual chefe do Kremlin. Um dia ap\u00f3s o seu lan\u00e7amento, o site foi bloqueado. EFE<\/p>\n","protected":false},"excerpt":{"rendered":"<p>Moscou (EFE).- Os servi\u00e7os penitenci\u00e1rios da R\u00fassia (FSIN na sigla em russo) admitiram nesta sexta-feira que o l\u00edder da oposi\u00e7\u00e3o, Alexei Navalny, foi transferido da pris\u00e3o onde cumpria pena, mas n\u00e3o especificaram seu novo destino. \u201cNavalny foi transferido da institui\u00e7\u00e3o penitenci\u00e1ria localizada no territ\u00f3rio da regi\u00e3o de Vladimir\u201d, afirma o relat\u00f3rio do FSIN, segundo o &#8230; <a title=\"R\u00fassia admite que Navalny foi transferido para outra pris\u00e3o, mas n\u00e3o revela novo destino\" class=\"read-more\" href=\"https:\/\/pre.efe.com\/pt-br\/mundo-2\/2023-12-15\/russia-admite-que-navalny-foi-transferido-para-outra-prisao-mas-nao-revela-novo-destino\/\" aria-label=\"Read more about R\u00fassia admite que Navalny foi transferido para outra pris\u00e3o, mas n\u00e3o revela novo destino\">Leia mais<\/a><\/p>\n","protected":false},"author":198164106,"featured_media":584666,"comment_status":"closed","ping_status":"closed","sticky":false,"template":"","format":"standard","meta":{"_acf_changed":false,"_jetpack_memberships_contains_paid_content":false,"footnotes":""},"categories":[123208,122141],"tags":[124845,122958],"class_list":["post-808379","post","type-post","status-publish","format-standard","has-post-thumbnail","hentry","category-mundo-2","category-portada","tag-governo","tag-russia-2","generate-columns","tablet-grid-50","mobile-grid-100","grid-parent","grid-50"],"acf":[],"yoast_head":"<!-- This site is optimized with the Yoast SEO Premium plugin v26.0 (Yoast SEO v27.5) - https:\/\/yoast.com\/product\/yoast-seo-premium-wordpress\/ -->\n<title>R\u00fassia admite que Navalny foi transferido para outra pris\u00e3o, mas n\u00e3o revela novo destino - EFE<\/title>\n<meta name=\"robots\" content=\"noindex, follow\" \/>\n<meta property=\"og:locale\" content=\"pt_BR\" \/>\n<meta property=\"og:type\" content=\"article\" \/>\n<meta property=\"og:title\" content=\"R\u00fassia admite que Navalny foi transferido para outra pris\u00e3o, mas n\u00e3o revela novo destino - EFE\" \/>\n<meta property=\"og:description\" content=\"Moscou (EFE).- Os servi\u00e7os penitenci\u00e1rios da R\u00fassia (FSIN na sigla em russo) admitiram nesta sexta-feira que o l\u00edder da oposi\u00e7\u00e3o, Alexei Navalny, foi transferido da pris\u00e3o onde cumpria pena, mas n\u00e3o especificaram seu novo destino. \u201cNavalny foi transferido da institui\u00e7\u00e3o penitenci\u00e1ria localizada no territ\u00f3rio da regi\u00e3o de Vladimir\u201d, afirma o relat\u00f3rio do FSIN, segundo o ... Leia mais\" \/>\n<meta property=\"og:url\" content=\"https:\/\/pre.efe.com\/pt-br\/mundo-2\/2023-12-15\/russia-admite-que-navalny-foi-transferido-para-outra-prisao-mas-nao-revela-novo-destino\/\" \/>\n<meta property=\"og:site_name\" content=\"EFE Noticias\" \/>\n<meta property=\"article:publisher\" content=\"https:\/\/www.facebook.com\/AgenciaEFEnoticias\/\" \/>\n<meta property=\"article:published_time\" content=\"2023-12-15T15:42:26+00:00\" \/>\n<meta property=\"article:modified_time\" content=\"2023-12-15T15:42:34+00:00\" \/>\n<meta property=\"og:image\" content=\"https:\/\/i0.wp.com\/efe.com\/\/srv\/htdocs\/wp-content\/uploads\/2023\/08\/rss-efee67e775947e81593af891cf0ee7366aac2e4c0c6w.jpg?fit=1920%2C1215&ssl=1\" \/>\n\t<meta property=\"og:image:width\" content=\"1920\" \/>\n\t<meta property=\"og:image:height\" content=\"1215\" \/>\n\t<meta property=\"og:image:type\" content=\"image\/jpeg\" \/>\n<meta name=\"author\" content=\"anachain\" \/>\n<meta name=\"twitter:card\" content=\"summary_large_image\" \/>\n<meta name=\"twitter:creator\" content=\"@efenoticias\" \/>\n<meta name=\"twitter:site\" content=\"@efenoticias\" \/>\n<script type=\"application\/ld+json\" class=\"yoast-schema-graph\">{\"@context\":\"https:\\\/\\\/schema.org\",\"@graph\":[{\"@type\":\"NewsArticle\",\"@id\":\"https:\\\/\\\/pre.efe.com\\\/pt-br\\\/mundo-2\\\/2023-12-15\\\/russia-admite-que-navalny-foi-transferido-para-outra-prisao-mas-nao-revela-novo-destino\\\/#article\",\"isPartOf\":{\"@id\":\"https:\\\/\\\/pre.efe.com\\\/pt-br\\\/mundo-2\\\/2023-12-15\\\/russia-admite-que-navalny-foi-transferido-para-outra-prisao-mas-nao-revela-novo-destino\\\/\"},\"author\":{\"name\":\"anachain\",\"@id\":\"https:\\\/\\\/pre.efe.com\\\/pt-br\\\/#\\\/schema\\\/person\\\/b19f23f210db552768f68a4b552b004f\"},\"headline\":\"R\u00fassia admite que Navalny foi transferido para outra pris\u00e3o, mas n\u00e3o revela novo destino\",\"datePublished\":\"2023-12-15T15:42:26+00:00\",\"dateModified\":\"2023-12-15T15:42:34+00:00\",\"mainEntityOfPage\":{\"@id\":\"https:\\\/\\\/pre.efe.com\\\/pt-br\\\/mundo-2\\\/2023-12-15\\\/russia-admite-que-navalny-foi-transferido-para-outra-prisao-mas-nao-revela-novo-destino\\\/\"},\"wordCount\":388,\"publisher\":{\"@id\":\"https:\\\/\\\/pre.efe.com\\\/pt-br\\\/#organization\"},\"image\":{\"@id\":\"https:\\\/\\\/pre.efe.com\\\/pt-br\\\/mundo-2\\\/2023-12-15\\\/russia-admite-que-navalny-foi-transferido-para-outra-prisao-mas-nao-revela-novo-destino\\\/#primaryimage\"},\"thumbnailUrl\":\"https:\\\/\\\/pre.efe.com\\\/wp-content\\\/uploads\\\/2023\\\/08\\\/rss-efee67e775947e81593af891cf0ee7366aac2e4c0c6w.jpg\",\"keywords\":[\"Governo\",\"Russia\"],\"articleSection\":[\"Mundo\",\"Portada\"],\"inLanguage\":\"pt-BR\",\"copyrightYear\":\"2023\",\"copyrightHolder\":{\"@id\":\"https:\\\/\\\/pre.efe.com\\\/#organization\"}},{\"@type\":[\"WebPage\",\"ItemPage\"],\"@id\":\"https:\\\/\\\/pre.efe.com\\\/pt-br\\\/mundo-2\\\/2023-12-15\\\/russia-admite-que-navalny-foi-transferido-para-outra-prisao-mas-nao-revela-novo-destino\\\/\",\"url\":\"https:\\\/\\\/pre.efe.com\\\/pt-br\\\/mundo-2\\\/2023-12-15\\\/russia-admite-que-navalny-foi-transferido-para-outra-prisao-mas-nao-revela-novo-destino\\\/\",\"name\":\"R\u00fassia admite que Navalny foi transferido para outra pris\u00e3o, mas n\u00e3o revela novo destino - EFE\",\"isPartOf\":{\"@id\":\"https:\\\/\\\/pre.efe.com\\\/pt-br\\\/#website\"},\"primaryImageOfPage\":{\"@id\":\"https:\\\/\\\/pre.efe.com\\\/pt-br\\\/mundo-2\\\/2023-12-15\\\/russia-admite-que-navalny-foi-transferido-para-outra-prisao-mas-nao-revela-novo-destino\\\/#primaryimage\"},\"image\":{\"@id\":\"https:\\\/\\\/pre.efe.com\\\/pt-br\\\/mundo-2\\\/2023-12-15\\\/russia-admite-que-navalny-foi-transferido-para-outra-prisao-mas-nao-revela-novo-destino\\\/#primaryimage\"},\"thumbnailUrl\":\"https:\\\/\\\/pre.efe.com\\\/wp-content\\\/uploads\\\/2023\\\/08\\\/rss-efee67e775947e81593af891cf0ee7366aac2e4c0c6w.jpg\",\"datePublished\":\"2023-12-15T15:42:26+00:00\",\"dateModified\":\"2023-12-15T15:42:34+00:00\",\"breadcrumb\":{\"@id\":\"https:\\\/\\\/pre.efe.com\\\/pt-br\\\/mundo-2\\\/2023-12-15\\\/russia-admite-que-navalny-foi-transferido-para-outra-prisao-mas-nao-revela-novo-destino\\\/#breadcrumb\"},\"inLanguage\":\"pt-BR\",\"potentialAction\":[{\"@type\":\"ReadAction\",\"target\":[\"https:\\\/\\\/pre.efe.com\\\/pt-br\\\/mundo-2\\\/2023-12-15\\\/russia-admite-que-navalny-foi-transferido-para-outra-prisao-mas-nao-revela-novo-destino\\\/\"]}]},{\"@type\":\"ImageObject\",\"inLanguage\":\"pt-BR\",\"@id\":\"https:\\\/\\\/pre.efe.com\\\/pt-br\\\/mundo-2\\\/2023-12-15\\\/russia-admite-que-navalny-foi-transferido-para-outra-prisao-mas-nao-revela-novo-destino\\\/#primaryimage\",\"url\":\"https:\\\/\\\/pre.efe.com\\\/wp-content\\\/uploads\\\/2023\\\/08\\\/rss-efee67e775947e81593af891cf0ee7366aac2e4c0c6w.jpg\",\"contentUrl\":\"https:\\\/\\\/pre.efe.com\\\/wp-content\\\/uploads\\\/2023\\\/08\\\/rss-efee67e775947e81593af891cf0ee7366aac2e4c0c6w.jpg\",\"width\":1920,\"height\":1215,\"caption\":\"Alexei Navalny. EFE\\\/Arquivo\\\/YURI KOCHETKOV\"},{\"@type\":\"BreadcrumbList\",\"@id\":\"https:\\\/\\\/pre.efe.com\\\/pt-br\\\/mundo-2\\\/2023-12-15\\\/russia-admite-que-navalny-foi-transferido-para-outra-prisao-mas-nao-revela-novo-destino\\\/#breadcrumb\",\"itemListElement\":[{\"@type\":\"ListItem\",\"position\":1,\"name\":\"Portada\",\"item\":\"https:\\\/\\\/pre.efe.com\\\/pt-br\\\/\"},{\"@type\":\"ListItem\",\"position\":2,\"name\":\"R\u00fassia admite que Navalny foi transferido para outra pris\u00e3o, mas n\u00e3o revela novo destino\"}]},{\"@type\":\"WebSite\",\"@id\":\"https:\\\/\\\/pre.efe.com\\\/pt-br\\\/#website\",\"url\":\"https:\\\/\\\/pre.efe.com\\\/pt-br\\\/\",\"name\":\"EFE Noticias\",\"description\":\"\",\"publisher\":{\"@id\":\"https:\\\/\\\/pre.efe.com\\\/pt-br\\\/#organization\"},\"potentialAction\":[{\"@type\":\"SearchAction\",\"target\":{\"@type\":\"EntryPoint\",\"urlTemplate\":\"https:\\\/\\\/pre.efe.com\\\/pt-br\\\/?s={search_term_string}\"},\"query-input\":{\"@type\":\"PropertyValueSpecification\",\"valueRequired\":true,\"valueName\":\"search_term_string\"}}],\"inLanguage\":\"pt-BR\"},{\"@type\":\"Organization\",\"@id\":\"https:\\\/\\\/pre.efe.com\\\/pt-br\\\/#organization\",\"name\":\"Agencia EFE\",\"url\":\"https:\\\/\\\/pre.efe.com\\\/pt-br\\\/\",\"logo\":{\"@type\":\"ImageObject\",\"inLanguage\":\"pt-BR\",\"@id\":\"https:\\\/\\\/pre.efe.com\\\/pt-br\\\/#\\\/schema\\\/logo\\\/image\\\/\",\"url\":\"https:\\\/\\\/pre.efe.com\\\/wp-content\\\/uploads\\\/2023\\\/06\\\/logo-efe-467.png\",\"contentUrl\":\"https:\\\/\\\/pre.efe.com\\\/wp-content\\\/uploads\\\/2023\\\/06\\\/logo-efe-467.png\",\"width\":467,\"height\":467,\"caption\":\"Agencia EFE\"},\"image\":{\"@id\":\"https:\\\/\\\/pre.efe.com\\\/pt-br\\\/#\\\/schema\\\/logo\\\/image\\\/\"},\"sameAs\":[\"https:\\\/\\\/www.facebook.com\\\/AgenciaEFEnoticias\\\/\",\"https:\\\/\\\/x.com\\\/efenoticias\",\"https:\\\/\\\/www.instagram.com\\\/efe_noticias\\\/\",\"http:\\\/\\\/www.youtube.com\\\/efe\"]},{\"@type\":\"Person\",\"@id\":\"https:\\\/\\\/pre.efe.com\\\/pt-br\\\/#\\\/schema\\\/person\\\/b19f23f210db552768f68a4b552b004f\",\"name\":\"anachain\",\"image\":{\"@type\":\"ImageObject\",\"inLanguage\":\"pt-BR\",\"@id\":\"https:\\\/\\\/secure.gravatar.com\\\/avatar\\\/30b83965911ef1108bb893c00bdd65c885f9890e1265ee04b02c3d5adc785d37?s=96&d=identicon&r=g\",\"url\":\"https:\\\/\\\/secure.gravatar.com\\\/avatar\\\/30b83965911ef1108bb893c00bdd65c885f9890e1265ee04b02c3d5adc785d37?s=96&d=identicon&r=g\",\"contentUrl\":\"https:\\\/\\\/secure.gravatar.com\\\/avatar\\\/30b83965911ef1108bb893c00bdd65c885f9890e1265ee04b02c3d5adc785d37?s=96&d=identicon&r=g\",\"caption\":\"anachain\"},\"url\":\"https:\\\/\\\/pre.efe.com\\\/pt-br\\\/autor\\\/anachain\\\/\"}]}<\/script>\n<!-- \/ Yoast SEO Premium plugin. -->","yoast_head_json":{"title":"R\u00fassia admite que Navalny foi transferido para outra pris\u00e3o, mas n\u00e3o revela novo destino - EFE","robots":{"index":"noindex","follow":"follow"},"og_locale":"pt_BR","og_type":"article","og_title":"R\u00fassia admite que Navalny foi transferido para outra pris\u00e3o, mas n\u00e3o revela novo destino - EFE","og_description":"Moscou (EFE).- Os servi\u00e7os penitenci\u00e1rios da R\u00fassia (FSIN na sigla em russo) admitiram nesta sexta-feira que o l\u00edder da oposi\u00e7\u00e3o, Alexei Navalny, foi transferido da pris\u00e3o onde cumpria pena, mas n\u00e3o especificaram seu novo destino. \u201cNavalny foi transferido da institui\u00e7\u00e3o penitenci\u00e1ria localizada no territ\u00f3rio da regi\u00e3o de Vladimir\u201d, afirma o relat\u00f3rio do FSIN, segundo o ... Leia mais","og_url":"https:\/\/pre.efe.com\/pt-br\/mundo-2\/2023-12-15\/russia-admite-que-navalny-foi-transferido-para-outra-prisao-mas-nao-revela-novo-destino\/","og_site_name":"EFE Noticias","article_publisher":"https:\/\/www.facebook.com\/AgenciaEFEnoticias\/","article_published_time":"2023-12-15T15:42:26+00:00","article_modified_time":"2023-12-15T15:42:34+00:00","og_image":[{"width":1920,"height":1215,"url":"https:\/\/i0.wp.com\/efe.com\/\/srv\/htdocs\/wp-content\/uploads\/2023\/08\/rss-efee67e775947e81593af891cf0ee7366aac2e4c0c6w.jpg?fit=1920%2C1215&ssl=1","type":"image\/jpeg"}],"author":"anachain","twitter_card":"summary_large_image","twitter_creator":"@efenoticias","twitter_site":"@efenoticias","schema":{"@context":"https:\/\/schema.org","@graph":[{"@type":"NewsArticle","@id":"https:\/\/pre.efe.com\/pt-br\/mundo-2\/2023-12-15\/russia-admite-que-navalny-foi-transferido-para-outra-prisao-mas-nao-revela-novo-destino\/#article","isPartOf":{"@id":"https:\/\/pre.efe.com\/pt-br\/mundo-2\/2023-12-15\/russia-admite-que-navalny-foi-transferido-para-outra-prisao-mas-nao-revela-novo-destino\/"},"author":{"name":"anachain","@id":"https:\/\/pre.efe.com\/pt-br\/#\/schema\/person\/b19f23f210db552768f68a4b552b004f"},"headline":"R\u00fassia admite que Navalny foi transferido para outra pris\u00e3o, mas n\u00e3o revela novo destino","datePublished":"2023-12-15T15:42:26+00:00","dateModified":"2023-12-15T15:42:34+00:00","mainEntityOfPage":{"@id":"https:\/\/pre.efe.com\/pt-br\/mundo-2\/2023-12-15\/russia-admite-que-navalny-foi-transferido-para-outra-prisao-mas-nao-revela-novo-destino\/"},"wordCount":388,"publisher":{"@id":"https:\/\/pre.efe.com\/pt-br\/#organization"},"image":{"@id":"https:\/\/pre.efe.com\/pt-br\/mundo-2\/2023-12-15\/russia-admite-que-navalny-foi-transferido-para-outra-prisao-mas-nao-revela-novo-destino\/#primaryimage"},"thumbnailUrl":"https:\/\/pre.efe.com\/wp-content\/uploads\/2023\/08\/rss-efee67e775947e81593af891cf0ee7366aac2e4c0c6w.jpg","keywords":["Governo","Russia"],"articleSection":["Mundo","Portada"],"inLanguage":"pt-BR","copyrightYear":"2023","copyrightHolder":{"@id":"https:\/\/pre.efe.com\/#organization"}},{"@type":["WebPage","ItemPage"],"@id":"https:\/\/pre.efe.com\/pt-br\/mundo-2\/2023-12-15\/russia-admite-que-navalny-foi-transferido-para-outra-prisao-mas-nao-revela-novo-destino\/","url":"https:\/\/pre.efe.com\/pt-br\/mundo-2\/2023-12-15\/russia-admite-que-navalny-foi-transferido-para-outra-prisao-mas-nao-revela-novo-destino\/","name":"R\u00fassia admite que Navalny foi transferido para outra pris\u00e3o, mas n\u00e3o revela novo destino - EFE","isPartOf":{"@id":"https:\/\/pre.efe.com\/pt-br\/#website"},"primaryImageOfPage":{"@id":"https:\/\/pre.efe.com\/pt-br\/mundo-2\/2023-12-15\/russia-admite-que-navalny-foi-transferido-para-outra-prisao-mas-nao-revela-novo-destino\/#primaryimage"},"image":{"@id":"https:\/\/pre.efe.com\/pt-br\/mundo-2\/2023-12-15\/russia-admite-que-navalny-foi-transferido-para-outra-prisao-mas-nao-revela-novo-destino\/#primaryimage"},"thumbnailUrl":"https:\/\/pre.efe.com\/wp-content\/uploads\/2023\/08\/rss-efee67e775947e81593af891cf0ee7366aac2e4c0c6w.jpg","datePublished":"2023-12-15T15:42:26+00:00","dateModified":"2023-12-15T15:42:34+00:00","breadcrumb":{"@id":"https:\/\/pre.efe.com\/pt-br\/mundo-2\/2023-12-15\/russia-admite-que-navalny-foi-transferido-para-outra-prisao-mas-nao-revela-novo-destino\/#breadcrumb"},"inLanguage":"pt-BR","potentialAction":[{"@type":"ReadAction","target":["https:\/\/pre.efe.com\/pt-br\/mundo-2\/2023-12-15\/russia-admite-que-navalny-foi-transferido-para-outra-prisao-mas-nao-revela-novo-destino\/"]}]},{"@type":"ImageObject","inLanguage":"pt-BR","@id":"https:\/\/pre.efe.com\/pt-br\/mundo-2\/2023-12-15\/russia-admite-que-navalny-foi-transferido-para-outra-prisao-mas-nao-revela-novo-destino\/#primaryimage","url":"https:\/\/pre.efe.com\/wp-content\/uploads\/2023\/08\/rss-efee67e775947e81593af891cf0ee7366aac2e4c0c6w.jpg","contentUrl":"https:\/\/pre.efe.com\/wp-content\/uploads\/2023\/08\/rss-efee67e775947e81593af891cf0ee7366aac2e4c0c6w.jpg","width":1920,"height":1215,"caption":"Alexei Navalny. EFE\/Arquivo\/YURI KOCHETKOV"},{"@type":"BreadcrumbList","@id":"https:\/\/pre.efe.com\/pt-br\/mundo-2\/2023-12-15\/russia-admite-que-navalny-foi-transferido-para-outra-prisao-mas-nao-revela-novo-destino\/#breadcrumb","itemListElement":[{"@type":"ListItem","position":1,"name":"Portada","item":"https:\/\/pre.efe.com\/pt-br\/"},{"@type":"ListItem","position":2,"name":"R\u00fassia admite que Navalny foi transferido para outra pris\u00e3o, mas n\u00e3o revela novo destino"}]},{"@type":"WebSite","@id":"https:\/\/pre.efe.com\/pt-br\/#website","url":"https:\/\/pre.efe.com\/pt-br\/","name":"EFE Noticias","description":"","publisher":{"@id":"https:\/\/pre.efe.com\/pt-br\/#organization"},"potentialAction":[{"@type":"SearchAction","target":{"@type":"EntryPoint","urlTemplate":"https:\/\/pre.efe.com\/pt-br\/?s={search_term_string}"},"query-input":{"@type":"PropertyValueSpecification","valueRequired":true,"valueName":"search_term_string"}}],"inLanguage":"pt-BR"},{"@type":"Organization","@id":"https:\/\/pre.efe.com\/pt-br\/#organization","name":"Agencia EFE","url":"https:\/\/pre.efe.com\/pt-br\/","logo":{"@type":"ImageObject","inLanguage":"pt-BR","@id":"https:\/\/pre.efe.com\/pt-br\/#\/schema\/logo\/image\/","url":"https:\/\/pre.efe.com\/wp-content\/uploads\/2023\/06\/logo-efe-467.png","contentUrl":"https:\/\/pre.efe.com\/wp-content\/uploads\/2023\/06\/logo-efe-467.png","width":467,"height":467,"caption":"Agencia EFE"},"image":{"@id":"https:\/\/pre.efe.com\/pt-br\/#\/schema\/logo\/image\/"},"sameAs":["https:\/\/www.facebook.com\/AgenciaEFEnoticias\/","https:\/\/x.com\/efenoticias","https:\/\/www.instagram.com\/efe_noticias\/","http:\/\/www.youtube.com\/efe"]},{"@type":"Person","@id":"https:\/\/pre.efe.com\/pt-br\/#\/schema\/person\/b19f23f210db552768f68a4b552b004f","name":"anachain","image":{"@type":"ImageObject","inLanguage":"pt-BR","@id":"https:\/\/secure.gravatar.com\/avatar\/30b83965911ef1108bb893c00bdd65c885f9890e1265ee04b02c3d5adc785d37?s=96&d=identicon&r=g","url":"https:\/\/secure.gravatar.com\/avatar\/30b83965911ef1108bb893c00bdd65c885f9890e1265ee04b02c3d5adc785d37?s=96&d=identicon&r=g","contentUrl":"https:\/\/secure.gravatar.com\/avatar\/30b83965911ef1108bb893c00bdd65c885f9890e1265ee04b02c3d5adc785d37?s=96&d=identicon&r=g","caption":"anachain"},"url":"https:\/\/pre.efe.com\/pt-br\/autor\/anachain\/"}]}},"jetpack_featured_media_url":"https:\/\/pre.efe.com\/wp-content\/uploads\/2023\/08\/rss-efee67e775947e81593af891cf0ee7366aac2e4c0c6w.jpg","jetpack_shortlink":"https:\/\/wp.me\/peJvHm-3oin","jetpack_sharing_enabled":true,"_links":{"self":[{"href":"https:\/\/pre.efe.com\/pt-br\/wp-json\/wp\/v2\/posts\/808379","targetHints":{"allow":["GET"]}}],"collection":[{"href":"https:\/\/pre.efe.com\/pt-br\/wp-json\/wp\/v2\/posts"}],"about":[{"href":"https:\/\/pre.efe.com\/pt-br\/wp-json\/wp\/v2\/types\/post"}],"author":[{"embeddable":true,"href":"https:\/\/pre.efe.com\/pt-br\/wp-json\/wp\/v2\/users\/198164106"}],"replies":[{"embeddable":true,"href":"https:\/\/pre.efe.com\/pt-br\/wp-json\/wp\/v2\/comments?post=808379"}],"version-history":[{"count":2,"href":"https:\/\/pre.efe.com\/pt-br\/wp-json\/wp\/v2\/posts\/808379\/revisions"}],"predecessor-version":[{"id":808615,"href":"https:\/\/pre.efe.com\/pt-br\/wp-json\/wp\/v2\/posts\/808379\/revisions\/808615"}],"wp:featuredmedia":[{"embeddable":true,"href":"https:\/\/pre.efe.com\/pt-br\/wp-json\/wp\/v2\/media\/584666"}],"wp:attachment":[{"href":"https:\/\/pre.efe.com\/pt-br\/wp-json\/wp\/v2\/media?parent=808379"}],"wp:term":[{"taxonomy":"category","embeddable":true,"href":"https:\/\/pre.efe.com\/pt-br\/wp-json\/wp\/v2\/categories?post=808379"},{"taxonomy":"post_tag","embeddable":true,"href":"https:\/\/pre.efe.com\/pt-br\/wp-json\/wp\/v2\/tags?post=808379"}],"curies":[{"name":"wp","href":"https:\/\/api.w.org\/{rel}","templated":true}]}}