{"id":82891,"date":"2022-09-21T01:15:16","date_gmt":"2022-09-20T23:15:16","guid":{"rendered":"https:\/\/pre.efe.com\/?p=82891"},"modified":"2022-09-21T01:15:18","modified_gmt":"2022-09-20T23:15:18","slug":"presidente-da-argentina-reforca-apoio-a-lula","status":"publish","type":"post","link":"https:\/\/pre.efe.com\/pt-br\/outras-noticias\/2022-09-21\/presidente-da-argentina-reforca-apoio-a-lula\/","title":{"rendered":"Presidente da Argentina refor\u00e7a apoio a Lula"},"content":{"rendered":"\n<p>Buenos Aires, 20 set (EFE).-\u00a0O presidente da Argentina, Alberto Fern\u00e1ndez, ratificou nesta ter\u00e7a-feira seu apoio ao ex-presidente Luiz In\u00e1cio Lula da Silva (2003-2010) antes das elei\u00e7\u00f5es de 2 de outubro no Brasil.<\/p>\n\n\n\n<blockquote class=\"wp-block-quote is-layout-flow wp-block-quote-is-layout-flow\"><p>&#8220;Lucho Arce voltou a ser presidente da Bol\u00edvia, Gabriel Boric venceu no Chile, Gustavo Petro venceu na Col\u00f4mbia e Lula est\u00e1 batalhando no Brasil. Deus queira que tudo corra bem e os brasileiros o acompanhem&#8221;, disse Fern\u00e1ndez durante uma confer\u00eancia na universidade The New School de Nova York.<\/p><\/blockquote>\n\n\n\n<figure class=\"wp-block-image size-large\"><img fetchpriority=\"high\" decoding=\"async\" width=\"1024\" height=\"683\" src=\"https:\/\/pre.efe.com\/wp-content\/uploads\/2022\/09\/025c6b2c1a0a198018bc37f0d3cff3be997c64daw-1024x683.jpg\" alt=\"\" class=\"wp-image-82894\" srcset=\"https:\/\/pre.efe.com\/wp-content\/uploads\/2022\/09\/025c6b2c1a0a198018bc37f0d3cff3be997c64daw-1024x683.jpg 1024w, https:\/\/pre.efe.com\/wp-content\/uploads\/2022\/09\/025c6b2c1a0a198018bc37f0d3cff3be997c64daw-300x200.jpg 300w, https:\/\/pre.efe.com\/wp-content\/uploads\/2022\/09\/025c6b2c1a0a198018bc37f0d3cff3be997c64daw-768x512.jpg 768w, https:\/\/pre.efe.com\/wp-content\/uploads\/2022\/09\/025c6b2c1a0a198018bc37f0d3cff3be997c64daw-1536x1024.jpg 1536w, https:\/\/pre.efe.com\/wp-content\/uploads\/2022\/09\/025c6b2c1a0a198018bc37f0d3cff3be997c64daw-430x286.jpg 430w, https:\/\/pre.efe.com\/wp-content\/uploads\/2022\/09\/025c6b2c1a0a198018bc37f0d3cff3be997c64daw-1200x800.jpg 1200w, https:\/\/pre.efe.com\/wp-content\/uploads\/2022\/09\/025c6b2c1a0a198018bc37f0d3cff3be997c64daw.jpg 1920w\" sizes=\"(max-width: 1024px) 100vw, 1024px\" \/><figcaption><em>Lula e Alberto Fern\u00e1ndez. <a href=\"https:\/\/efs.efeservicios.com\/foto\/argentina-gobierno\/8013972371\">EFE\/Arquivo<\/a><\/em><\/figcaption><\/figure>\n\n\n\n<p>O presidente argentino destacou que &#8220;\u00e9 poss\u00edvel&#8221; que, caso os resultados eleitorais coincidam com as pesquisas, que apontam Lula como vencedor, se estabele\u00e7a uma &#8220;linha muito mais simples de comunica\u00e7\u00e3o e trabalho&#8221; entre M\u00e9xico, Brasil e Argentina.<\/p>\n\n\n\n<blockquote class=\"wp-block-quote is-layout-flow wp-block-quote-is-layout-flow\"><p>&#8220;Hoje isso \u00e9 um pouco mais dif\u00edcil, porque os governos n\u00e3o est\u00e3o alinhados da mesma forma&#8221;, reconheceu Fern\u00e1ndez, ao refor\u00e7ar sua inten\u00e7\u00e3o de &#8220;concretizar&#8221; uma moeda comum com o Brasil e os demais pa\u00edses-membros do Mercosul nos pr\u00f3ximos anos.<\/p><\/blockquote>\n\n\n\n<blockquote class=\"wp-block-quote is-layout-flow wp-block-quote-is-layout-flow\"><p>&#8220;A integra\u00e7\u00e3o por meio de uma moeda comum seria maravilhosa e, se consegu\u00edssemos, seria maravilhoso. Seria o come\u00e7o para sair desses sistemas internacionais que nos ajudam pouco, mas nos punem muito mais&#8221;, acrescentou Fern\u00e1ndez, em alus\u00e3o indireta ao Fundo Monet\u00e1rio Internacional (FMI).<\/p><\/blockquote>\n\n\n\n<h2 class=\"wp-block-heading\">Ex-presidente Lula lidera inten\u00e7\u00e3o de votos<\/h2>\n\n\n\n<p><\/p>\n\n\n\n<p>De acordo com o \u00faltimo levantamento do Instituto Ipec, encomendado pela \u201cTV Globo\u201d, a inten\u00e7\u00e3o de voto de Lula \u00e9 de 47%, enquanto a do atual presidente, Jair Bolsonaro, \u00e9 de 31%.<\/p>\n\n\n\n<p>Em um poss\u00edvel segundo turno, o l\u00edder do PT venceria com 54% dos votos, ante 35% do candidato do PL, segundo a mesma pesquisa.<\/p>\n\n\n\n<p>Apesar de todas as pesquisas apontarem para a vit\u00f3ria do ex-l\u00edder sindical, Bolsonaro reiterou que vencer\u00e1 ainda no primeiro turno das elei\u00e7\u00f5es, marcado para 2 de outubro.<\/p>\n\n\n\n<p>O capit\u00e3o da reserva do Ex\u00e9rcito frequentemente questiona a confiabilidade do sistema eleitoral, apesar de n\u00e3o haver den\u00fancia de fraude desde 1996, e a oposi\u00e7\u00e3o teme que n\u00e3o reconhe\u00e7a o resultado das urnas no caso de uma poss\u00edvel derrota. <a href=\"https:\/\/pre.efe.com\/pt-br\/\">EFE<\/a><\/p>\n","protected":false},"excerpt":{"rendered":"<p>Buenos Aires, 20 set (EFE).-\u00a0O presidente da Argentina, Alberto Fern\u00e1ndez, ratificou nesta ter\u00e7a-feira seu apoio ao ex-presidente Luiz In\u00e1cio Lula da Silva (2003-2010) antes das elei\u00e7\u00f5es de 2 de outubro no Brasil. &#8220;Lucho Arce voltou a ser presidente da Bol\u00edvia, Gabriel Boric venceu no Chile, Gustavo Petro venceu na Col\u00f4mbia e Lula est\u00e1 batalhando no &#8230; <a title=\"Presidente da Argentina refor\u00e7a apoio a Lula\" class=\"read-more\" href=\"https:\/\/pre.efe.com\/pt-br\/outras-noticias\/2022-09-21\/presidente-da-argentina-reforca-apoio-a-lula\/\" aria-label=\"Read more about Presidente da Argentina refor\u00e7a apoio a Lula\">Leia mais<\/a><\/p>\n","protected":false},"author":198164106,"featured_media":82894,"comment_status":"closed","ping_status":"closed","sticky":false,"template":"","format":"standard","meta":{"_acf_changed":false,"_jetpack_memberships_contains_paid_content":false,"footnotes":""},"categories":[122144],"tags":[122332,122326],"class_list":["post-82891","post","type-post","status-publish","format-standard","has-post-thumbnail","hentry","category-outras-noticias","tag-eleicoes","tag-lula","generate-columns","tablet-grid-50","mobile-grid-100","grid-parent","grid-50"],"acf":[],"yoast_head":"<!-- This site is optimized with the Yoast SEO Premium plugin v26.0 (Yoast SEO v27.4) - https:\/\/yoast.com\/product\/yoast-seo-premium-wordpress\/ -->\n<title>Presidente da Argentina refor\u00e7a apoio a Lula<\/title>\n<meta name=\"description\" content=\"O presidente da Argentina, Alberto Fern\u00e1ndez, ratificou nesta ter\u00e7a-feira seu apoio a Luiz In\u00e1cio Lula da Silva antes das elei\u00e7\u00f5es no Brasil.\" \/>\n<meta name=\"robots\" content=\"noindex, follow\" \/>\n<meta property=\"og:locale\" content=\"pt_BR\" \/>\n<meta property=\"og:type\" content=\"article\" \/>\n<meta property=\"og:title\" content=\"Presidente da Argentina refor\u00e7a apoio a Lula - EFE\" \/>\n<meta property=\"og:description\" content=\"O presidente da Argentina, Alberto Fern\u00e1ndez, ratificou nesta ter\u00e7a-feira seu apoio a Luiz In\u00e1cio Lula da Silva antes das elei\u00e7\u00f5es no Brasil.\" \/>\n<meta property=\"og:url\" content=\"https:\/\/pre.efe.com\/pt-br\/outras-noticias\/2022-09-21\/presidente-da-argentina-reforca-apoio-a-lula\/\" \/>\n<meta property=\"og:site_name\" content=\"EFE Noticias\" \/>\n<meta property=\"article:publisher\" content=\"https:\/\/www.facebook.com\/AgenciaEFEnoticias\/\" \/>\n<meta property=\"article:published_time\" content=\"2022-09-20T23:15:16+00:00\" \/>\n<meta property=\"article:modified_time\" content=\"2022-09-20T23:15:18+00:00\" \/>\n<meta property=\"og:image\" content=\"https:\/\/i0.wp.com\/efe.com\/\/srv\/htdocs\/wp-content\/uploads\/2022\/09\/025c6b2c1a0a198018bc37f0d3cff3be997c64daw.jpg?fit=1920%2C1280&ssl=1\" \/>\n\t<meta property=\"og:image:width\" content=\"1920\" \/>\n\t<meta property=\"og:image:height\" content=\"1280\" \/>\n\t<meta property=\"og:image:type\" content=\"image\/jpeg\" \/>\n<meta name=\"author\" content=\"anachain\" \/>\n<meta name=\"twitter:card\" content=\"summary_large_image\" \/>\n<meta name=\"twitter:creator\" content=\"@efenoticias\" \/>\n<meta name=\"twitter:site\" content=\"@efenoticias\" \/>\n<script type=\"application\/ld+json\" class=\"yoast-schema-graph\">{\"@context\":\"https:\\\/\\\/schema.org\",\"@graph\":[{\"@type\":\"NewsArticle\",\"@id\":\"https:\\\/\\\/pre.efe.com\\\/pt-br\\\/outras-noticias\\\/2022-09-21\\\/presidente-da-argentina-reforca-apoio-a-lula\\\/#article\",\"isPartOf\":{\"@id\":\"https:\\\/\\\/pre.efe.com\\\/pt-br\\\/outras-noticias\\\/2022-09-21\\\/presidente-da-argentina-reforca-apoio-a-lula\\\/\"},\"author\":{\"name\":\"anachain\",\"@id\":\"https:\\\/\\\/pre.efe.com\\\/pt-br\\\/#\\\/schema\\\/person\\\/b19f23f210db552768f68a4b552b004f\"},\"headline\":\"Presidente da Argentina refor\u00e7a apoio a Lula\",\"datePublished\":\"2022-09-20T23:15:16+00:00\",\"dateModified\":\"2022-09-20T23:15:18+00:00\",\"mainEntityOfPage\":{\"@id\":\"https:\\\/\\\/pre.efe.com\\\/pt-br\\\/outras-noticias\\\/2022-09-21\\\/presidente-da-argentina-reforca-apoio-a-lula\\\/\"},\"wordCount\":373,\"publisher\":{\"@id\":\"https:\\\/\\\/pre.efe.com\\\/pt-br\\\/#organization\"},\"image\":{\"@id\":\"https:\\\/\\\/pre.efe.com\\\/pt-br\\\/outras-noticias\\\/2022-09-21\\\/presidente-da-argentina-reforca-apoio-a-lula\\\/#primaryimage\"},\"thumbnailUrl\":\"https:\\\/\\\/pre.efe.com\\\/wp-content\\\/uploads\\\/2022\\\/09\\\/025c6b2c1a0a198018bc37f0d3cff3be997c64daw.jpg\",\"keywords\":[\"Elei\u00e7\u00f5es\",\"Lula\"],\"articleSection\":[\"Outras not\u00edcias\"],\"inLanguage\":\"pt-BR\",\"copyrightYear\":\"2022\",\"copyrightHolder\":{\"@id\":\"https:\\\/\\\/pre.efe.com\\\/#organization\"}},{\"@type\":[\"WebPage\",\"ItemPage\"],\"@id\":\"https:\\\/\\\/pre.efe.com\\\/pt-br\\\/outras-noticias\\\/2022-09-21\\\/presidente-da-argentina-reforca-apoio-a-lula\\\/\",\"url\":\"https:\\\/\\\/pre.efe.com\\\/pt-br\\\/outras-noticias\\\/2022-09-21\\\/presidente-da-argentina-reforca-apoio-a-lula\\\/\",\"name\":\"Presidente da Argentina refor\u00e7a apoio a Lula\",\"isPartOf\":{\"@id\":\"https:\\\/\\\/pre.efe.com\\\/pt-br\\\/#website\"},\"primaryImageOfPage\":{\"@id\":\"https:\\\/\\\/pre.efe.com\\\/pt-br\\\/outras-noticias\\\/2022-09-21\\\/presidente-da-argentina-reforca-apoio-a-lula\\\/#primaryimage\"},\"image\":{\"@id\":\"https:\\\/\\\/pre.efe.com\\\/pt-br\\\/outras-noticias\\\/2022-09-21\\\/presidente-da-argentina-reforca-apoio-a-lula\\\/#primaryimage\"},\"thumbnailUrl\":\"https:\\\/\\\/pre.efe.com\\\/wp-content\\\/uploads\\\/2022\\\/09\\\/025c6b2c1a0a198018bc37f0d3cff3be997c64daw.jpg\",\"datePublished\":\"2022-09-20T23:15:16+00:00\",\"dateModified\":\"2022-09-20T23:15:18+00:00\",\"description\":\"O presidente da Argentina, Alberto Fern\u00e1ndez, ratificou nesta ter\u00e7a-feira seu apoio a Luiz In\u00e1cio Lula da Silva antes das elei\u00e7\u00f5es no Brasil.\",\"breadcrumb\":{\"@id\":\"https:\\\/\\\/pre.efe.com\\\/pt-br\\\/outras-noticias\\\/2022-09-21\\\/presidente-da-argentina-reforca-apoio-a-lula\\\/#breadcrumb\"},\"inLanguage\":\"pt-BR\",\"potentialAction\":[{\"@type\":\"ReadAction\",\"target\":[\"https:\\\/\\\/pre.efe.com\\\/pt-br\\\/outras-noticias\\\/2022-09-21\\\/presidente-da-argentina-reforca-apoio-a-lula\\\/\"]}]},{\"@type\":\"ImageObject\",\"inLanguage\":\"pt-BR\",\"@id\":\"https:\\\/\\\/pre.efe.com\\\/pt-br\\\/outras-noticias\\\/2022-09-21\\\/presidente-da-argentina-reforca-apoio-a-lula\\\/#primaryimage\",\"url\":\"https:\\\/\\\/pre.efe.com\\\/wp-content\\\/uploads\\\/2022\\\/09\\\/025c6b2c1a0a198018bc37f0d3cff3be997c64daw.jpg\",\"contentUrl\":\"https:\\\/\\\/pre.efe.com\\\/wp-content\\\/uploads\\\/2022\\\/09\\\/025c6b2c1a0a198018bc37f0d3cff3be997c64daw.jpg\",\"width\":1920,\"height\":1280},{\"@type\":\"BreadcrumbList\",\"@id\":\"https:\\\/\\\/pre.efe.com\\\/pt-br\\\/outras-noticias\\\/2022-09-21\\\/presidente-da-argentina-reforca-apoio-a-lula\\\/#breadcrumb\",\"itemListElement\":[{\"@type\":\"ListItem\",\"position\":1,\"name\":\"Portada\",\"item\":\"https:\\\/\\\/pre.efe.com\\\/pt-br\\\/\"},{\"@type\":\"ListItem\",\"position\":2,\"name\":\"Presidente da Argentina refor\u00e7a apoio a Lula\"}]},{\"@type\":\"WebSite\",\"@id\":\"https:\\\/\\\/pre.efe.com\\\/pt-br\\\/#website\",\"url\":\"https:\\\/\\\/pre.efe.com\\\/pt-br\\\/\",\"name\":\"EFE Noticias\",\"description\":\"\",\"publisher\":{\"@id\":\"https:\\\/\\\/pre.efe.com\\\/pt-br\\\/#organization\"},\"potentialAction\":[{\"@type\":\"SearchAction\",\"target\":{\"@type\":\"EntryPoint\",\"urlTemplate\":\"https:\\\/\\\/pre.efe.com\\\/pt-br\\\/?s={search_term_string}\"},\"query-input\":{\"@type\":\"PropertyValueSpecification\",\"valueRequired\":true,\"valueName\":\"search_term_string\"}}],\"inLanguage\":\"pt-BR\"},{\"@type\":\"Organization\",\"@id\":\"https:\\\/\\\/pre.efe.com\\\/pt-br\\\/#organization\",\"name\":\"Agencia EFE\",\"url\":\"https:\\\/\\\/pre.efe.com\\\/pt-br\\\/\",\"logo\":{\"@type\":\"ImageObject\",\"inLanguage\":\"pt-BR\",\"@id\":\"https:\\\/\\\/pre.efe.com\\\/pt-br\\\/#\\\/schema\\\/logo\\\/image\\\/\",\"url\":\"https:\\\/\\\/pre.efe.com\\\/wp-content\\\/uploads\\\/2023\\\/06\\\/logo-efe-467.png\",\"contentUrl\":\"https:\\\/\\\/pre.efe.com\\\/wp-content\\\/uploads\\\/2023\\\/06\\\/logo-efe-467.png\",\"width\":467,\"height\":467,\"caption\":\"Agencia EFE\"},\"image\":{\"@id\":\"https:\\\/\\\/pre.efe.com\\\/pt-br\\\/#\\\/schema\\\/logo\\\/image\\\/\"},\"sameAs\":[\"https:\\\/\\\/www.facebook.com\\\/AgenciaEFEnoticias\\\/\",\"https:\\\/\\\/x.com\\\/efenoticias\",\"https:\\\/\\\/www.instagram.com\\\/efe_noticias\\\/\",\"http:\\\/\\\/www.youtube.com\\\/efe\"]},{\"@type\":\"Person\",\"@id\":\"https:\\\/\\\/pre.efe.com\\\/pt-br\\\/#\\\/schema\\\/person\\\/b19f23f210db552768f68a4b552b004f\",\"name\":\"anachain\",\"image\":{\"@type\":\"ImageObject\",\"inLanguage\":\"pt-BR\",\"@id\":\"https:\\\/\\\/secure.gravatar.com\\\/avatar\\\/30b83965911ef1108bb893c00bdd65c885f9890e1265ee04b02c3d5adc785d37?s=96&d=identicon&r=g\",\"url\":\"https:\\\/\\\/secure.gravatar.com\\\/avatar\\\/30b83965911ef1108bb893c00bdd65c885f9890e1265ee04b02c3d5adc785d37?s=96&d=identicon&r=g\",\"contentUrl\":\"https:\\\/\\\/secure.gravatar.com\\\/avatar\\\/30b83965911ef1108bb893c00bdd65c885f9890e1265ee04b02c3d5adc785d37?s=96&d=identicon&r=g\",\"caption\":\"anachain\"},\"url\":\"https:\\\/\\\/pre.efe.com\\\/pt-br\\\/autor\\\/anachain\\\/\"}]}<\/script>\n<!-- \/ Yoast SEO Premium plugin. -->","yoast_head_json":{"title":"Presidente da Argentina refor\u00e7a apoio a Lula","description":"O presidente da Argentina, Alberto Fern\u00e1ndez, ratificou nesta ter\u00e7a-feira seu apoio a Luiz In\u00e1cio Lula da Silva antes das elei\u00e7\u00f5es no Brasil.","robots":{"index":"noindex","follow":"follow"},"og_locale":"pt_BR","og_type":"article","og_title":"Presidente da Argentina refor\u00e7a apoio a Lula - EFE","og_description":"O presidente da Argentina, Alberto Fern\u00e1ndez, ratificou nesta ter\u00e7a-feira seu apoio a Luiz In\u00e1cio Lula da Silva antes das elei\u00e7\u00f5es no Brasil.","og_url":"https:\/\/pre.efe.com\/pt-br\/outras-noticias\/2022-09-21\/presidente-da-argentina-reforca-apoio-a-lula\/","og_site_name":"EFE Noticias","article_publisher":"https:\/\/www.facebook.com\/AgenciaEFEnoticias\/","article_published_time":"2022-09-20T23:15:16+00:00","article_modified_time":"2022-09-20T23:15:18+00:00","og_image":[{"width":1920,"height":1280,"url":"https:\/\/i0.wp.com\/efe.com\/\/srv\/htdocs\/wp-content\/uploads\/2022\/09\/025c6b2c1a0a198018bc37f0d3cff3be997c64daw.jpg?fit=1920%2C1280&ssl=1","type":"image\/jpeg"}],"author":"anachain","twitter_card":"summary_large_image","twitter_creator":"@efenoticias","twitter_site":"@efenoticias","schema":{"@context":"https:\/\/schema.org","@graph":[{"@type":"NewsArticle","@id":"https:\/\/pre.efe.com\/pt-br\/outras-noticias\/2022-09-21\/presidente-da-argentina-reforca-apoio-a-lula\/#article","isPartOf":{"@id":"https:\/\/pre.efe.com\/pt-br\/outras-noticias\/2022-09-21\/presidente-da-argentina-reforca-apoio-a-lula\/"},"author":{"name":"anachain","@id":"https:\/\/pre.efe.com\/pt-br\/#\/schema\/person\/b19f23f210db552768f68a4b552b004f"},"headline":"Presidente da Argentina refor\u00e7a apoio a Lula","datePublished":"2022-09-20T23:15:16+00:00","dateModified":"2022-09-20T23:15:18+00:00","mainEntityOfPage":{"@id":"https:\/\/pre.efe.com\/pt-br\/outras-noticias\/2022-09-21\/presidente-da-argentina-reforca-apoio-a-lula\/"},"wordCount":373,"publisher":{"@id":"https:\/\/pre.efe.com\/pt-br\/#organization"},"image":{"@id":"https:\/\/pre.efe.com\/pt-br\/outras-noticias\/2022-09-21\/presidente-da-argentina-reforca-apoio-a-lula\/#primaryimage"},"thumbnailUrl":"https:\/\/pre.efe.com\/wp-content\/uploads\/2022\/09\/025c6b2c1a0a198018bc37f0d3cff3be997c64daw.jpg","keywords":["Elei\u00e7\u00f5es","Lula"],"articleSection":["Outras not\u00edcias"],"inLanguage":"pt-BR","copyrightYear":"2022","copyrightHolder":{"@id":"https:\/\/pre.efe.com\/#organization"}},{"@type":["WebPage","ItemPage"],"@id":"https:\/\/pre.efe.com\/pt-br\/outras-noticias\/2022-09-21\/presidente-da-argentina-reforca-apoio-a-lula\/","url":"https:\/\/pre.efe.com\/pt-br\/outras-noticias\/2022-09-21\/presidente-da-argentina-reforca-apoio-a-lula\/","name":"Presidente da Argentina refor\u00e7a apoio a Lula","isPartOf":{"@id":"https:\/\/pre.efe.com\/pt-br\/#website"},"primaryImageOfPage":{"@id":"https:\/\/pre.efe.com\/pt-br\/outras-noticias\/2022-09-21\/presidente-da-argentina-reforca-apoio-a-lula\/#primaryimage"},"image":{"@id":"https:\/\/pre.efe.com\/pt-br\/outras-noticias\/2022-09-21\/presidente-da-argentina-reforca-apoio-a-lula\/#primaryimage"},"thumbnailUrl":"https:\/\/pre.efe.com\/wp-content\/uploads\/2022\/09\/025c6b2c1a0a198018bc37f0d3cff3be997c64daw.jpg","datePublished":"2022-09-20T23:15:16+00:00","dateModified":"2022-09-20T23:15:18+00:00","description":"O presidente da Argentina, Alberto Fern\u00e1ndez, ratificou nesta ter\u00e7a-feira seu apoio a Luiz In\u00e1cio Lula da Silva antes das elei\u00e7\u00f5es no Brasil.","breadcrumb":{"@id":"https:\/\/pre.efe.com\/pt-br\/outras-noticias\/2022-09-21\/presidente-da-argentina-reforca-apoio-a-lula\/#breadcrumb"},"inLanguage":"pt-BR","potentialAction":[{"@type":"ReadAction","target":["https:\/\/pre.efe.com\/pt-br\/outras-noticias\/2022-09-21\/presidente-da-argentina-reforca-apoio-a-lula\/"]}]},{"@type":"ImageObject","inLanguage":"pt-BR","@id":"https:\/\/pre.efe.com\/pt-br\/outras-noticias\/2022-09-21\/presidente-da-argentina-reforca-apoio-a-lula\/#primaryimage","url":"https:\/\/pre.efe.com\/wp-content\/uploads\/2022\/09\/025c6b2c1a0a198018bc37f0d3cff3be997c64daw.jpg","contentUrl":"https:\/\/pre.efe.com\/wp-content\/uploads\/2022\/09\/025c6b2c1a0a198018bc37f0d3cff3be997c64daw.jpg","width":1920,"height":1280},{"@type":"BreadcrumbList","@id":"https:\/\/pre.efe.com\/pt-br\/outras-noticias\/2022-09-21\/presidente-da-argentina-reforca-apoio-a-lula\/#breadcrumb","itemListElement":[{"@type":"ListItem","position":1,"name":"Portada","item":"https:\/\/pre.efe.com\/pt-br\/"},{"@type":"ListItem","position":2,"name":"Presidente da Argentina refor\u00e7a apoio a Lula"}]},{"@type":"WebSite","@id":"https:\/\/pre.efe.com\/pt-br\/#website","url":"https:\/\/pre.efe.com\/pt-br\/","name":"EFE Noticias","description":"","publisher":{"@id":"https:\/\/pre.efe.com\/pt-br\/#organization"},"potentialAction":[{"@type":"SearchAction","target":{"@type":"EntryPoint","urlTemplate":"https:\/\/pre.efe.com\/pt-br\/?s={search_term_string}"},"query-input":{"@type":"PropertyValueSpecification","valueRequired":true,"valueName":"search_term_string"}}],"inLanguage":"pt-BR"},{"@type":"Organization","@id":"https:\/\/pre.efe.com\/pt-br\/#organization","name":"Agencia EFE","url":"https:\/\/pre.efe.com\/pt-br\/","logo":{"@type":"ImageObject","inLanguage":"pt-BR","@id":"https:\/\/pre.efe.com\/pt-br\/#\/schema\/logo\/image\/","url":"https:\/\/pre.efe.com\/wp-content\/uploads\/2023\/06\/logo-efe-467.png","contentUrl":"https:\/\/pre.efe.com\/wp-content\/uploads\/2023\/06\/logo-efe-467.png","width":467,"height":467,"caption":"Agencia EFE"},"image":{"@id":"https:\/\/pre.efe.com\/pt-br\/#\/schema\/logo\/image\/"},"sameAs":["https:\/\/www.facebook.com\/AgenciaEFEnoticias\/","https:\/\/x.com\/efenoticias","https:\/\/www.instagram.com\/efe_noticias\/","http:\/\/www.youtube.com\/efe"]},{"@type":"Person","@id":"https:\/\/pre.efe.com\/pt-br\/#\/schema\/person\/b19f23f210db552768f68a4b552b004f","name":"anachain","image":{"@type":"ImageObject","inLanguage":"pt-BR","@id":"https:\/\/secure.gravatar.com\/avatar\/30b83965911ef1108bb893c00bdd65c885f9890e1265ee04b02c3d5adc785d37?s=96&d=identicon&r=g","url":"https:\/\/secure.gravatar.com\/avatar\/30b83965911ef1108bb893c00bdd65c885f9890e1265ee04b02c3d5adc785d37?s=96&d=identicon&r=g","contentUrl":"https:\/\/secure.gravatar.com\/avatar\/30b83965911ef1108bb893c00bdd65c885f9890e1265ee04b02c3d5adc785d37?s=96&d=identicon&r=g","caption":"anachain"},"url":"https:\/\/pre.efe.com\/pt-br\/autor\/anachain\/"}]}},"jetpack_featured_media_url":"https:\/\/pre.efe.com\/wp-content\/uploads\/2022\/09\/025c6b2c1a0a198018bc37f0d3cff3be997c64daw.jpg","jetpack_shortlink":"https:\/\/wp.me\/peJvHm-lyX","jetpack_sharing_enabled":true,"_links":{"self":[{"href":"https:\/\/pre.efe.com\/pt-br\/wp-json\/wp\/v2\/posts\/82891","targetHints":{"allow":["GET"]}}],"collection":[{"href":"https:\/\/pre.efe.com\/pt-br\/wp-json\/wp\/v2\/posts"}],"about":[{"href":"https:\/\/pre.efe.com\/pt-br\/wp-json\/wp\/v2\/types\/post"}],"author":[{"embeddable":true,"href":"https:\/\/pre.efe.com\/pt-br\/wp-json\/wp\/v2\/users\/198164106"}],"replies":[{"embeddable":true,"href":"https:\/\/pre.efe.com\/pt-br\/wp-json\/wp\/v2\/comments?post=82891"}],"version-history":[{"count":8,"href":"https:\/\/pre.efe.com\/pt-br\/wp-json\/wp\/v2\/posts\/82891\/revisions"}],"predecessor-version":[{"id":82903,"href":"https:\/\/pre.efe.com\/pt-br\/wp-json\/wp\/v2\/posts\/82891\/revisions\/82903"}],"wp:featuredmedia":[{"embeddable":true,"href":"https:\/\/pre.efe.com\/pt-br\/wp-json\/wp\/v2\/media\/82894"}],"wp:attachment":[{"href":"https:\/\/pre.efe.com\/pt-br\/wp-json\/wp\/v2\/media?parent=82891"}],"wp:term":[{"taxonomy":"category","embeddable":true,"href":"https:\/\/pre.efe.com\/pt-br\/wp-json\/wp\/v2\/categories?post=82891"},{"taxonomy":"post_tag","embeddable":true,"href":"https:\/\/pre.efe.com\/pt-br\/wp-json\/wp\/v2\/tags?post=82891"}],"curies":[{"name":"wp","href":"https:\/\/api.w.org\/{rel}","templated":true}]}}