{"id":835157,"date":"2024-01-03T15:23:35","date_gmt":"2024-01-03T14:23:35","guid":{"rendered":"https:\/\/pre.efe.com\/?p=835157"},"modified":"2024-01-03T15:23:37","modified_gmt":"2024-01-03T14:23:37","slug":"frio-siberiano-chega-a-moscou-com-temperaturas-de-25-graus-abaixo-de-zero","status":"publish","type":"post","link":"https:\/\/pre.efe.com\/pt-br\/mundo-2\/frio-siberiano-chega-a-moscou-com-temperaturas-de-25-graus-abaixo-de-zero\/","title":{"rendered":"Frio siberiano chega a Moscou com temperaturas de 25 graus abaixo de zero"},"content":{"rendered":"\n<p>Moscou (EFE).- O frio siberiano instalou-se na primeira semana do ano novo em Moscou, com temperaturas inferiores a 25 graus abaixo de zero.<\/p>\n\n\n\n<p>\u201c\u00c0s 8h, a temperatura do ar na esta\u00e7\u00e3o meteorol\u00f3gica VDNKH (a principal da capital russa) caiu para -25,2 graus\u201d, escreveu o meteorologista do Centro Phobos, Mikhail Leus, em seu canal no Telegram nesta quarta-feira.<\/p>\n\n\n\n<p>Leus destacou que trata-se de \u201calgo que n\u00e3o se via na capital russa h\u00e1 74 anos\u201d.<\/p>\n\n\n\n<p>\u201cA \u00faltima vez que esteve mais frio foi em 3 de janeiro de 1950, quando os term\u00f4metros marcaram 29 graus abaixo de zero\u201d, comentou.<\/p>\n\n\n\n<p>Por sua vez, o dia 3 de janeiro mais frio desde que existem registros foi vivido por Moscou em plena Segunda Guerra Mundial, em 1942, quando as temperaturas na capital ca\u00edram para 35,9 graus abaixo de zero. EFE<\/p>\n","protected":false},"excerpt":{"rendered":"<p>Moscou (EFE).- O frio siberiano instalou-se na primeira semana do ano novo em Moscou, com temperaturas inferiores a 25 graus abaixo de zero. \u201c\u00c0s 8h, a temperatura do ar na esta\u00e7\u00e3o meteorol\u00f3gica VDNKH (a principal da capital russa) caiu para -25,2 graus\u201d, escreveu o meteorologista do Centro Phobos, Mikhail Leus, em seu canal no Telegram &#8230; <a title=\"Frio siberiano chega a Moscou com temperaturas de 25 graus abaixo de zero\" class=\"read-more\" href=\"https:\/\/pre.efe.com\/pt-br\/mundo-2\/frio-siberiano-chega-a-moscou-com-temperaturas-de-25-graus-abaixo-de-zero\/\" aria-label=\"Read more about Frio siberiano chega a Moscou com temperaturas de 25 graus abaixo de zero\">Leia mais<\/a><\/p>\n","protected":false},"author":198164106,"featured_media":808765,"comment_status":"closed","ping_status":"closed","sticky":false,"template":"","format":"standard","meta":{"_acf_changed":false,"_jetpack_memberships_contains_paid_content":false,"footnotes":""},"categories":[123208,122141],"tags":[125763,122958],"class_list":["post-835157","post","type-post","status-publish","format-standard","has-post-thumbnail","hentry","category-mundo-2","category-portada","tag-clima-2","tag-russia-2","generate-columns","tablet-grid-50","mobile-grid-100","grid-parent","grid-50"],"acf":[],"yoast_head":"<!-- This site is optimized with the Yoast SEO Premium plugin v26.0 (Yoast SEO v27.4) - https:\/\/yoast.com\/product\/yoast-seo-premium-wordpress\/ -->\n<title>Frio siberiano chega a Moscou com temperaturas de 25 graus abaixo de zero - EFE<\/title>\n<meta name=\"robots\" content=\"noindex, follow\" \/>\n<meta property=\"og:locale\" content=\"pt_BR\" \/>\n<meta property=\"og:type\" content=\"article\" \/>\n<meta property=\"og:title\" content=\"Frio siberiano chega a Moscou com temperaturas de 25 graus abaixo de zero - EFE\" \/>\n<meta property=\"og:description\" content=\"Moscou (EFE).- O frio siberiano instalou-se na primeira semana do ano novo em Moscou, com temperaturas inferiores a 25 graus abaixo de zero. \u201c\u00c0s 8h, a temperatura do ar na esta\u00e7\u00e3o meteorol\u00f3gica VDNKH (a principal da capital russa) caiu para -25,2 graus\u201d, escreveu o meteorologista do Centro Phobos, Mikhail Leus, em seu canal no Telegram ... Leia mais\" \/>\n<meta property=\"og:url\" content=\"https:\/\/pre.efe.com\/pt-br\/mundo-2\/frio-siberiano-chega-a-moscou-com-temperaturas-de-25-graus-abaixo-de-zero\/\" \/>\n<meta property=\"og:site_name\" content=\"EFE Noticias\" \/>\n<meta property=\"article:publisher\" content=\"https:\/\/www.facebook.com\/AgenciaEFEnoticias\/\" \/>\n<meta property=\"article:published_time\" content=\"2024-01-03T14:23:35+00:00\" \/>\n<meta property=\"article:modified_time\" content=\"2024-01-03T14:23:37+00:00\" \/>\n<meta property=\"og:image\" content=\"https:\/\/i0.wp.com\/efe.com\/\/srv\/htdocs\/wp-content\/uploads\/2023\/12\/nevada-record-moscu.jpg?fit=900%2C601&ssl=1\" \/>\n\t<meta property=\"og:image:width\" content=\"900\" \/>\n\t<meta property=\"og:image:height\" content=\"601\" \/>\n\t<meta property=\"og:image:type\" content=\"image\/jpeg\" \/>\n<meta name=\"author\" content=\"anachain\" \/>\n<meta name=\"twitter:card\" content=\"summary_large_image\" \/>\n<meta name=\"twitter:creator\" content=\"@efenoticias\" \/>\n<meta name=\"twitter:site\" content=\"@efenoticias\" \/>\n<script type=\"application\/ld+json\" class=\"yoast-schema-graph\">{\"@context\":\"https:\\\/\\\/schema.org\",\"@graph\":[{\"@type\":\"NewsArticle\",\"@id\":\"https:\\\/\\\/pre.efe.com\\\/pt-br\\\/mundo-2\\\/frio-siberiano-chega-a-moscou-com-temperaturas-de-25-graus-abaixo-de-zero\\\/#article\",\"isPartOf\":{\"@id\":\"https:\\\/\\\/pre.efe.com\\\/pt-br\\\/mundo-2\\\/frio-siberiano-chega-a-moscou-com-temperaturas-de-25-graus-abaixo-de-zero\\\/\"},\"author\":{\"name\":\"anachain\",\"@id\":\"https:\\\/\\\/pre.efe.com\\\/pt-br\\\/#\\\/schema\\\/person\\\/b19f23f210db552768f68a4b552b004f\"},\"headline\":\"Frio siberiano chega a Moscou com temperaturas de 25 graus abaixo de zero\",\"datePublished\":\"2024-01-03T14:23:35+00:00\",\"dateModified\":\"2024-01-03T14:23:37+00:00\",\"mainEntityOfPage\":{\"@id\":\"https:\\\/\\\/pre.efe.com\\\/pt-br\\\/mundo-2\\\/frio-siberiano-chega-a-moscou-com-temperaturas-de-25-graus-abaixo-de-zero\\\/\"},\"wordCount\":145,\"publisher\":{\"@id\":\"https:\\\/\\\/pre.efe.com\\\/pt-br\\\/#organization\"},\"image\":{\"@id\":\"https:\\\/\\\/pre.efe.com\\\/pt-br\\\/mundo-2\\\/frio-siberiano-chega-a-moscou-com-temperaturas-de-25-graus-abaixo-de-zero\\\/#primaryimage\"},\"thumbnailUrl\":\"https:\\\/\\\/pre.efe.com\\\/wp-content\\\/uploads\\\/2023\\\/12\\\/nevada-record-moscu.jpg\",\"keywords\":[\"Clima\",\"Russia\"],\"articleSection\":[\"Mundo\",\"Portada\"],\"inLanguage\":\"pt-BR\",\"copyrightYear\":\"2024\",\"copyrightHolder\":{\"@id\":\"https:\\\/\\\/pre.efe.com\\\/#organization\"}},{\"@type\":[\"WebPage\",\"ItemPage\"],\"@id\":\"https:\\\/\\\/pre.efe.com\\\/pt-br\\\/mundo-2\\\/frio-siberiano-chega-a-moscou-com-temperaturas-de-25-graus-abaixo-de-zero\\\/\",\"url\":\"https:\\\/\\\/pre.efe.com\\\/pt-br\\\/mundo-2\\\/frio-siberiano-chega-a-moscou-com-temperaturas-de-25-graus-abaixo-de-zero\\\/\",\"name\":\"Frio siberiano chega a Moscou com temperaturas de 25 graus abaixo de zero - EFE\",\"isPartOf\":{\"@id\":\"https:\\\/\\\/pre.efe.com\\\/pt-br\\\/#website\"},\"primaryImageOfPage\":{\"@id\":\"https:\\\/\\\/pre.efe.com\\\/pt-br\\\/mundo-2\\\/frio-siberiano-chega-a-moscou-com-temperaturas-de-25-graus-abaixo-de-zero\\\/#primaryimage\"},\"image\":{\"@id\":\"https:\\\/\\\/pre.efe.com\\\/pt-br\\\/mundo-2\\\/frio-siberiano-chega-a-moscou-com-temperaturas-de-25-graus-abaixo-de-zero\\\/#primaryimage\"},\"thumbnailUrl\":\"https:\\\/\\\/pre.efe.com\\\/wp-content\\\/uploads\\\/2023\\\/12\\\/nevada-record-moscu.jpg\",\"datePublished\":\"2024-01-03T14:23:35+00:00\",\"dateModified\":\"2024-01-03T14:23:37+00:00\",\"breadcrumb\":{\"@id\":\"https:\\\/\\\/pre.efe.com\\\/pt-br\\\/mundo-2\\\/frio-siberiano-chega-a-moscou-com-temperaturas-de-25-graus-abaixo-de-zero\\\/#breadcrumb\"},\"inLanguage\":\"pt-BR\",\"potentialAction\":[{\"@type\":\"ReadAction\",\"target\":[\"https:\\\/\\\/pre.efe.com\\\/pt-br\\\/mundo-2\\\/frio-siberiano-chega-a-moscou-com-temperaturas-de-25-graus-abaixo-de-zero\\\/\"]}]},{\"@type\":\"ImageObject\",\"inLanguage\":\"pt-BR\",\"@id\":\"https:\\\/\\\/pre.efe.com\\\/pt-br\\\/mundo-2\\\/frio-siberiano-chega-a-moscou-com-temperaturas-de-25-graus-abaixo-de-zero\\\/#primaryimage\",\"url\":\"https:\\\/\\\/pre.efe.com\\\/wp-content\\\/uploads\\\/2023\\\/12\\\/nevada-record-moscu.jpg\",\"contentUrl\":\"https:\\\/\\\/pre.efe.com\\\/wp-content\\\/uploads\\\/2023\\\/12\\\/nevada-record-moscu.jpg\",\"width\":900,\"height\":601,\"caption\":\"A Pra\u00e7a Vermelha, em Moscou. EFE\\\/Arquivo\\\/MAXIM SHIPENKOV\"},{\"@type\":\"BreadcrumbList\",\"@id\":\"https:\\\/\\\/pre.efe.com\\\/pt-br\\\/mundo-2\\\/frio-siberiano-chega-a-moscou-com-temperaturas-de-25-graus-abaixo-de-zero\\\/#breadcrumb\",\"itemListElement\":[{\"@type\":\"ListItem\",\"position\":1,\"name\":\"Portada\",\"item\":\"https:\\\/\\\/pre.efe.com\\\/pt-br\\\/\"},{\"@type\":\"ListItem\",\"position\":2,\"name\":\"Frio siberiano chega a Moscou com temperaturas de 25 graus abaixo de zero\"}]},{\"@type\":\"WebSite\",\"@id\":\"https:\\\/\\\/pre.efe.com\\\/pt-br\\\/#website\",\"url\":\"https:\\\/\\\/pre.efe.com\\\/pt-br\\\/\",\"name\":\"EFE Noticias\",\"description\":\"\",\"publisher\":{\"@id\":\"https:\\\/\\\/pre.efe.com\\\/pt-br\\\/#organization\"},\"potentialAction\":[{\"@type\":\"SearchAction\",\"target\":{\"@type\":\"EntryPoint\",\"urlTemplate\":\"https:\\\/\\\/pre.efe.com\\\/pt-br\\\/?s={search_term_string}\"},\"query-input\":{\"@type\":\"PropertyValueSpecification\",\"valueRequired\":true,\"valueName\":\"search_term_string\"}}],\"inLanguage\":\"pt-BR\"},{\"@type\":\"Organization\",\"@id\":\"https:\\\/\\\/pre.efe.com\\\/pt-br\\\/#organization\",\"name\":\"Agencia EFE\",\"url\":\"https:\\\/\\\/pre.efe.com\\\/pt-br\\\/\",\"logo\":{\"@type\":\"ImageObject\",\"inLanguage\":\"pt-BR\",\"@id\":\"https:\\\/\\\/pre.efe.com\\\/pt-br\\\/#\\\/schema\\\/logo\\\/image\\\/\",\"url\":\"https:\\\/\\\/pre.efe.com\\\/wp-content\\\/uploads\\\/2023\\\/06\\\/logo-efe-467.png\",\"contentUrl\":\"https:\\\/\\\/pre.efe.com\\\/wp-content\\\/uploads\\\/2023\\\/06\\\/logo-efe-467.png\",\"width\":467,\"height\":467,\"caption\":\"Agencia EFE\"},\"image\":{\"@id\":\"https:\\\/\\\/pre.efe.com\\\/pt-br\\\/#\\\/schema\\\/logo\\\/image\\\/\"},\"sameAs\":[\"https:\\\/\\\/www.facebook.com\\\/AgenciaEFEnoticias\\\/\",\"https:\\\/\\\/x.com\\\/efenoticias\",\"https:\\\/\\\/www.instagram.com\\\/efe_noticias\\\/\",\"http:\\\/\\\/www.youtube.com\\\/efe\"]},{\"@type\":\"Person\",\"@id\":\"https:\\\/\\\/pre.efe.com\\\/pt-br\\\/#\\\/schema\\\/person\\\/b19f23f210db552768f68a4b552b004f\",\"name\":\"anachain\",\"image\":{\"@type\":\"ImageObject\",\"inLanguage\":\"pt-BR\",\"@id\":\"https:\\\/\\\/secure.gravatar.com\\\/avatar\\\/30b83965911ef1108bb893c00bdd65c885f9890e1265ee04b02c3d5adc785d37?s=96&d=identicon&r=g\",\"url\":\"https:\\\/\\\/secure.gravatar.com\\\/avatar\\\/30b83965911ef1108bb893c00bdd65c885f9890e1265ee04b02c3d5adc785d37?s=96&d=identicon&r=g\",\"contentUrl\":\"https:\\\/\\\/secure.gravatar.com\\\/avatar\\\/30b83965911ef1108bb893c00bdd65c885f9890e1265ee04b02c3d5adc785d37?s=96&d=identicon&r=g\",\"caption\":\"anachain\"},\"url\":\"https:\\\/\\\/pre.efe.com\\\/pt-br\\\/autor\\\/anachain\\\/\"}]}<\/script>\n<!-- \/ Yoast SEO Premium plugin. -->","yoast_head_json":{"title":"Frio siberiano chega a Moscou com temperaturas de 25 graus abaixo de zero - EFE","robots":{"index":"noindex","follow":"follow"},"og_locale":"pt_BR","og_type":"article","og_title":"Frio siberiano chega a Moscou com temperaturas de 25 graus abaixo de zero - EFE","og_description":"Moscou (EFE).- O frio siberiano instalou-se na primeira semana do ano novo em Moscou, com temperaturas inferiores a 25 graus abaixo de zero. \u201c\u00c0s 8h, a temperatura do ar na esta\u00e7\u00e3o meteorol\u00f3gica VDNKH (a principal da capital russa) caiu para -25,2 graus\u201d, escreveu o meteorologista do Centro Phobos, Mikhail Leus, em seu canal no Telegram ... Leia mais","og_url":"https:\/\/pre.efe.com\/pt-br\/mundo-2\/frio-siberiano-chega-a-moscou-com-temperaturas-de-25-graus-abaixo-de-zero\/","og_site_name":"EFE Noticias","article_publisher":"https:\/\/www.facebook.com\/AgenciaEFEnoticias\/","article_published_time":"2024-01-03T14:23:35+00:00","article_modified_time":"2024-01-03T14:23:37+00:00","og_image":[{"width":900,"height":601,"url":"https:\/\/i0.wp.com\/efe.com\/\/srv\/htdocs\/wp-content\/uploads\/2023\/12\/nevada-record-moscu.jpg?fit=900%2C601&ssl=1","type":"image\/jpeg"}],"author":"anachain","twitter_card":"summary_large_image","twitter_creator":"@efenoticias","twitter_site":"@efenoticias","schema":{"@context":"https:\/\/schema.org","@graph":[{"@type":"NewsArticle","@id":"https:\/\/pre.efe.com\/pt-br\/mundo-2\/frio-siberiano-chega-a-moscou-com-temperaturas-de-25-graus-abaixo-de-zero\/#article","isPartOf":{"@id":"https:\/\/pre.efe.com\/pt-br\/mundo-2\/frio-siberiano-chega-a-moscou-com-temperaturas-de-25-graus-abaixo-de-zero\/"},"author":{"name":"anachain","@id":"https:\/\/pre.efe.com\/pt-br\/#\/schema\/person\/b19f23f210db552768f68a4b552b004f"},"headline":"Frio siberiano chega a Moscou com temperaturas de 25 graus abaixo de zero","datePublished":"2024-01-03T14:23:35+00:00","dateModified":"2024-01-03T14:23:37+00:00","mainEntityOfPage":{"@id":"https:\/\/pre.efe.com\/pt-br\/mundo-2\/frio-siberiano-chega-a-moscou-com-temperaturas-de-25-graus-abaixo-de-zero\/"},"wordCount":145,"publisher":{"@id":"https:\/\/pre.efe.com\/pt-br\/#organization"},"image":{"@id":"https:\/\/pre.efe.com\/pt-br\/mundo-2\/frio-siberiano-chega-a-moscou-com-temperaturas-de-25-graus-abaixo-de-zero\/#primaryimage"},"thumbnailUrl":"https:\/\/pre.efe.com\/wp-content\/uploads\/2023\/12\/nevada-record-moscu.jpg","keywords":["Clima","Russia"],"articleSection":["Mundo","Portada"],"inLanguage":"pt-BR","copyrightYear":"2024","copyrightHolder":{"@id":"https:\/\/pre.efe.com\/#organization"}},{"@type":["WebPage","ItemPage"],"@id":"https:\/\/pre.efe.com\/pt-br\/mundo-2\/frio-siberiano-chega-a-moscou-com-temperaturas-de-25-graus-abaixo-de-zero\/","url":"https:\/\/pre.efe.com\/pt-br\/mundo-2\/frio-siberiano-chega-a-moscou-com-temperaturas-de-25-graus-abaixo-de-zero\/","name":"Frio siberiano chega a Moscou com temperaturas de 25 graus abaixo de zero - EFE","isPartOf":{"@id":"https:\/\/pre.efe.com\/pt-br\/#website"},"primaryImageOfPage":{"@id":"https:\/\/pre.efe.com\/pt-br\/mundo-2\/frio-siberiano-chega-a-moscou-com-temperaturas-de-25-graus-abaixo-de-zero\/#primaryimage"},"image":{"@id":"https:\/\/pre.efe.com\/pt-br\/mundo-2\/frio-siberiano-chega-a-moscou-com-temperaturas-de-25-graus-abaixo-de-zero\/#primaryimage"},"thumbnailUrl":"https:\/\/pre.efe.com\/wp-content\/uploads\/2023\/12\/nevada-record-moscu.jpg","datePublished":"2024-01-03T14:23:35+00:00","dateModified":"2024-01-03T14:23:37+00:00","breadcrumb":{"@id":"https:\/\/pre.efe.com\/pt-br\/mundo-2\/frio-siberiano-chega-a-moscou-com-temperaturas-de-25-graus-abaixo-de-zero\/#breadcrumb"},"inLanguage":"pt-BR","potentialAction":[{"@type":"ReadAction","target":["https:\/\/pre.efe.com\/pt-br\/mundo-2\/frio-siberiano-chega-a-moscou-com-temperaturas-de-25-graus-abaixo-de-zero\/"]}]},{"@type":"ImageObject","inLanguage":"pt-BR","@id":"https:\/\/pre.efe.com\/pt-br\/mundo-2\/frio-siberiano-chega-a-moscou-com-temperaturas-de-25-graus-abaixo-de-zero\/#primaryimage","url":"https:\/\/pre.efe.com\/wp-content\/uploads\/2023\/12\/nevada-record-moscu.jpg","contentUrl":"https:\/\/pre.efe.com\/wp-content\/uploads\/2023\/12\/nevada-record-moscu.jpg","width":900,"height":601,"caption":"A Pra\u00e7a Vermelha, em Moscou. EFE\/Arquivo\/MAXIM SHIPENKOV"},{"@type":"BreadcrumbList","@id":"https:\/\/pre.efe.com\/pt-br\/mundo-2\/frio-siberiano-chega-a-moscou-com-temperaturas-de-25-graus-abaixo-de-zero\/#breadcrumb","itemListElement":[{"@type":"ListItem","position":1,"name":"Portada","item":"https:\/\/pre.efe.com\/pt-br\/"},{"@type":"ListItem","position":2,"name":"Frio siberiano chega a Moscou com temperaturas de 25 graus abaixo de zero"}]},{"@type":"WebSite","@id":"https:\/\/pre.efe.com\/pt-br\/#website","url":"https:\/\/pre.efe.com\/pt-br\/","name":"EFE Noticias","description":"","publisher":{"@id":"https:\/\/pre.efe.com\/pt-br\/#organization"},"potentialAction":[{"@type":"SearchAction","target":{"@type":"EntryPoint","urlTemplate":"https:\/\/pre.efe.com\/pt-br\/?s={search_term_string}"},"query-input":{"@type":"PropertyValueSpecification","valueRequired":true,"valueName":"search_term_string"}}],"inLanguage":"pt-BR"},{"@type":"Organization","@id":"https:\/\/pre.efe.com\/pt-br\/#organization","name":"Agencia EFE","url":"https:\/\/pre.efe.com\/pt-br\/","logo":{"@type":"ImageObject","inLanguage":"pt-BR","@id":"https:\/\/pre.efe.com\/pt-br\/#\/schema\/logo\/image\/","url":"https:\/\/pre.efe.com\/wp-content\/uploads\/2023\/06\/logo-efe-467.png","contentUrl":"https:\/\/pre.efe.com\/wp-content\/uploads\/2023\/06\/logo-efe-467.png","width":467,"height":467,"caption":"Agencia EFE"},"image":{"@id":"https:\/\/pre.efe.com\/pt-br\/#\/schema\/logo\/image\/"},"sameAs":["https:\/\/www.facebook.com\/AgenciaEFEnoticias\/","https:\/\/x.com\/efenoticias","https:\/\/www.instagram.com\/efe_noticias\/","http:\/\/www.youtube.com\/efe"]},{"@type":"Person","@id":"https:\/\/pre.efe.com\/pt-br\/#\/schema\/person\/b19f23f210db552768f68a4b552b004f","name":"anachain","image":{"@type":"ImageObject","inLanguage":"pt-BR","@id":"https:\/\/secure.gravatar.com\/avatar\/30b83965911ef1108bb893c00bdd65c885f9890e1265ee04b02c3d5adc785d37?s=96&d=identicon&r=g","url":"https:\/\/secure.gravatar.com\/avatar\/30b83965911ef1108bb893c00bdd65c885f9890e1265ee04b02c3d5adc785d37?s=96&d=identicon&r=g","contentUrl":"https:\/\/secure.gravatar.com\/avatar\/30b83965911ef1108bb893c00bdd65c885f9890e1265ee04b02c3d5adc785d37?s=96&d=identicon&r=g","caption":"anachain"},"url":"https:\/\/pre.efe.com\/pt-br\/autor\/anachain\/"}]}},"jetpack_featured_media_url":"https:\/\/pre.efe.com\/wp-content\/uploads\/2023\/12\/nevada-record-moscu.jpg","jetpack_shortlink":"https:\/\/wp.me\/peJvHm-3vgh","jetpack_sharing_enabled":true,"_links":{"self":[{"href":"https:\/\/pre.efe.com\/pt-br\/wp-json\/wp\/v2\/posts\/835157","targetHints":{"allow":["GET"]}}],"collection":[{"href":"https:\/\/pre.efe.com\/pt-br\/wp-json\/wp\/v2\/posts"}],"about":[{"href":"https:\/\/pre.efe.com\/pt-br\/wp-json\/wp\/v2\/types\/post"}],"author":[{"embeddable":true,"href":"https:\/\/pre.efe.com\/pt-br\/wp-json\/wp\/v2\/users\/198164106"}],"replies":[{"embeddable":true,"href":"https:\/\/pre.efe.com\/pt-br\/wp-json\/wp\/v2\/comments?post=835157"}],"version-history":[{"count":2,"href":"https:\/\/pre.efe.com\/pt-br\/wp-json\/wp\/v2\/posts\/835157\/revisions"}],"predecessor-version":[{"id":835221,"href":"https:\/\/pre.efe.com\/pt-br\/wp-json\/wp\/v2\/posts\/835157\/revisions\/835221"}],"wp:featuredmedia":[{"embeddable":true,"href":"https:\/\/pre.efe.com\/pt-br\/wp-json\/wp\/v2\/media\/808765"}],"wp:attachment":[{"href":"https:\/\/pre.efe.com\/pt-br\/wp-json\/wp\/v2\/media?parent=835157"}],"wp:term":[{"taxonomy":"category","embeddable":true,"href":"https:\/\/pre.efe.com\/pt-br\/wp-json\/wp\/v2\/categories?post=835157"},{"taxonomy":"post_tag","embeddable":true,"href":"https:\/\/pre.efe.com\/pt-br\/wp-json\/wp\/v2\/tags?post=835157"}],"curies":[{"name":"wp","href":"https:\/\/api.w.org\/{rel}","templated":true}]}}