{"id":845347,"date":"2024-01-09T17:12:00","date_gmt":"2024-01-09T16:12:00","guid":{"rendered":"https:\/\/pre.efe.com\/?p=845347"},"modified":"2024-01-09T19:25:35","modified_gmt":"2024-01-09T18:25:35","slug":"espanha-se-compromete-a-reassentar-ate-12-mil-refugiados-em-2024","status":"publish","type":"post","link":"https:\/\/pre.efe.com\/pt-br\/mundo-2\/2024-01-09\/espanha-se-compromete-a-reassentar-ate-12-mil-refugiados-em-2024\/","title":{"rendered":"Espanha se compromete a reassentar at\u00e9 1,2 mil refugiados em 2024"},"content":{"rendered":"\n<p>Madri (EFE).- O governo da Espanha aprovou, nesta ter\u00e7a-feira,\u00a0o Programa Nacional de Reassentamento de Refugiados (PNR) para 2024, com o qual se compromete a acolher at\u00e9 1,2 mil refugiados provenientes de pa\u00edses afetados por conflitos e graves crises humanit\u00e1rias.<\/p>\n\n\n\n<p>O Minist\u00e9rio de Inclus\u00e3o, Seguran\u00e7a Social e Migra\u00e7\u00f5es informou em nota que o PNR anterior, que tamb\u00e9m tinha uma cota m\u00e1xima de 1,2 mil pessoas para reassentamento durante 2023, foi 90% cumprido com pessoas provenientes principalmente de Turquia, L\u00edbano e Costa Rica.<\/p>\n\n\n\n<p>Gra\u00e7as a este programa, \u00e9 oferecida prote\u00e7\u00e3o aos refugiados procedentes de pa\u00edses afetados por conflitos e graves crises humanit\u00e1rias e refor\u00e7a o compromisso da Espanha com os pa\u00edses de primeiro acolhimento.<\/p>\n\n\n\n<p>O Minist\u00e9rio destacou que a necessidade de recorrer a este instrumento tornou-se mais urgente nos \u00faltimos anos devido a acontecimentos como a crise no Afeganist\u00e3o e na Ucr\u00e2nia, que se somam \u00e0 necessidade de oferecer prote\u00e7\u00e3o a pessoas de S\u00edria, Turquia, L\u00edbano, Jord\u00e2nia, L\u00edbia, N\u00edger, Sud\u00e3o, Eti\u00f3pia e Egito.<\/p>\n\n\n\n<p>O compromisso do governo de Espanha com este programa est\u00e1 inclu\u00eddo nas prioridades globais de reassentamento identificadas pelo Alto Comissariado das Na\u00e7\u00f5es Unidas para Refugiados (Acnur) e pela Uni\u00e3o Europeia.<\/p>\n\n\n\n<p>A pasta de Inclus\u00e3o, Seguran\u00e7a Social e Migra\u00e7\u00e3o \u00e9 respons\u00e1vel por oferecer acolhimento como parte do Sistema de Acolhimento de Prote\u00e7\u00e3o Internacional.<\/p>\n\n\n\n<p>Como destacou em um comunicado a ministra de Inclus\u00e3o, Elma Saiz, este programa \u00e9 \u201cuma pe\u00e7a muito importante em uma pol\u00edtica migrat\u00f3ria coerente como a da Espanha\u201d: \u201cN\u00e3o s\u00f3 cumprimos nossos compromissos internacionais, mas continuamos promovendo por meio desta via a migra\u00e7\u00e3o segura, ordenada e regular&#8221;, defendeu.<\/p>\n\n\n\n<p>A execu\u00e7\u00e3o do programa \u00e9 regida pelo protocolo de atua\u00e7\u00e3o elaborado pelos minist\u00e9rios das Rela\u00e7\u00f5es Exteriores, Uni\u00e3o Europeia e Coopera\u00e7\u00e3o, do Interior e de Inclus\u00e3o, em acordo com o Acnur e a Organiza\u00e7\u00e3o Internacional para as Migra\u00e7\u00f5es (OIM).<\/p>\n\n\n\n<p>Determina os crit\u00e9rios de sele\u00e7\u00e3o das pessoas a serem reassentadas, o reconhecimento da prote\u00e7\u00e3o internacional, os translados para a Espanha e o posterior desenvolvimento do programa de acolhimento, lembrou o Minist\u00e9rio. EFE<\/p>\n","protected":false},"excerpt":{"rendered":"<p>Madri (EFE).- O governo da Espanha aprovou, nesta ter\u00e7a-feira,\u00a0o Programa Nacional de Reassentamento de Refugiados (PNR) para 2024, com o qual se compromete a acolher at\u00e9 1,2 mil refugiados provenientes de pa\u00edses afetados por conflitos e graves crises humanit\u00e1rias. O Minist\u00e9rio de Inclus\u00e3o, Seguran\u00e7a Social e Migra\u00e7\u00f5es informou em nota que o PNR anterior, que &#8230; <a title=\"Espanha se compromete a reassentar at\u00e9 1,2 mil refugiados em 2024\" class=\"read-more\" href=\"https:\/\/pre.efe.com\/pt-br\/mundo-2\/2024-01-09\/espanha-se-compromete-a-reassentar-ate-12-mil-refugiados-em-2024\/\" aria-label=\"Read more about Espanha se compromete a reassentar at\u00e9 1,2 mil refugiados em 2024\">Leia mais<\/a><\/p>\n","protected":false},"author":198164106,"featured_media":616357,"comment_status":"closed","ping_status":"closed","sticky":false,"template":"","format":"standard","meta":{"_acf_changed":false,"_jetpack_memberships_contains_paid_content":false,"footnotes":""},"categories":[123208,122141],"tags":[124421,124845,128752],"class_list":["post-845347","post","type-post","status-publish","format-standard","has-post-thumbnail","hentry","category-mundo-2","category-portada","tag-espanha","tag-governo","tag-migracao","generate-columns","tablet-grid-50","mobile-grid-100","grid-parent","grid-50"],"acf":[],"yoast_head":"<!-- This site is optimized with the Yoast SEO Premium plugin v26.0 (Yoast SEO v27.4) - https:\/\/yoast.com\/product\/yoast-seo-premium-wordpress\/ -->\n<title>Espanha se compromete a reassentar at\u00e9 1,2 mil refugiados em 2024 - EFE<\/title>\n<meta name=\"robots\" content=\"noindex, follow\" \/>\n<meta property=\"og:locale\" content=\"pt_BR\" \/>\n<meta property=\"og:type\" content=\"article\" \/>\n<meta property=\"og:title\" content=\"Espanha se compromete a reassentar at\u00e9 1,2 mil refugiados em 2024 - EFE\" \/>\n<meta property=\"og:description\" content=\"Madri (EFE).- O governo da Espanha aprovou, nesta ter\u00e7a-feira,\u00a0o Programa Nacional de Reassentamento de Refugiados (PNR) para 2024, com o qual se compromete a acolher at\u00e9 1,2 mil refugiados provenientes de pa\u00edses afetados por conflitos e graves crises humanit\u00e1rias. O Minist\u00e9rio de Inclus\u00e3o, Seguran\u00e7a Social e Migra\u00e7\u00f5es informou em nota que o PNR anterior, que ... Leia mais\" \/>\n<meta property=\"og:url\" content=\"https:\/\/pre.efe.com\/pt-br\/mundo-2\/2024-01-09\/espanha-se-compromete-a-reassentar-ate-12-mil-refugiados-em-2024\/\" \/>\n<meta property=\"og:site_name\" content=\"EFE Noticias\" \/>\n<meta property=\"article:publisher\" content=\"https:\/\/www.facebook.com\/AgenciaEFEnoticias\/\" \/>\n<meta property=\"article:published_time\" content=\"2024-01-09T16:12:00+00:00\" \/>\n<meta property=\"article:modified_time\" content=\"2024-01-09T18:25:35+00:00\" \/>\n<meta property=\"og:image\" content=\"https:\/\/i0.wp.com\/efe.com\/\/srv\/htdocs\/wp-content\/uploads\/2023\/08\/rss-efe9772c6eb01ffa66908780e1b91d664f3a7c7e722w.jpg?fit=1920%2C1280&ssl=1\" \/>\n\t<meta property=\"og:image:width\" content=\"1920\" \/>\n\t<meta property=\"og:image:height\" content=\"1280\" \/>\n\t<meta property=\"og:image:type\" content=\"image\/jpeg\" \/>\n<meta name=\"author\" content=\"anachain\" \/>\n<meta name=\"twitter:card\" content=\"summary_large_image\" \/>\n<meta name=\"twitter:creator\" content=\"@efenoticias\" \/>\n<meta name=\"twitter:site\" content=\"@efenoticias\" \/>\n<script type=\"application\/ld+json\" class=\"yoast-schema-graph\">{\"@context\":\"https:\\\/\\\/schema.org\",\"@graph\":[{\"@type\":\"NewsArticle\",\"@id\":\"https:\\\/\\\/pre.efe.com\\\/pt-br\\\/mundo-2\\\/2024-01-09\\\/espanha-se-compromete-a-reassentar-ate-12-mil-refugiados-em-2024\\\/#article\",\"isPartOf\":{\"@id\":\"https:\\\/\\\/pre.efe.com\\\/pt-br\\\/mundo-2\\\/2024-01-09\\\/espanha-se-compromete-a-reassentar-ate-12-mil-refugiados-em-2024\\\/\"},\"author\":{\"name\":\"anachain\",\"@id\":\"https:\\\/\\\/pre.efe.com\\\/pt-br\\\/#\\\/schema\\\/person\\\/b19f23f210db552768f68a4b552b004f\"},\"headline\":\"Espanha se compromete a reassentar at\u00e9 1,2 mil refugiados em 2024\",\"datePublished\":\"2024-01-09T16:12:00+00:00\",\"dateModified\":\"2024-01-09T18:25:35+00:00\",\"mainEntityOfPage\":{\"@id\":\"https:\\\/\\\/pre.efe.com\\\/pt-br\\\/mundo-2\\\/2024-01-09\\\/espanha-se-compromete-a-reassentar-ate-12-mil-refugiados-em-2024\\\/\"},\"wordCount\":385,\"publisher\":{\"@id\":\"https:\\\/\\\/pre.efe.com\\\/pt-br\\\/#organization\"},\"image\":{\"@id\":\"https:\\\/\\\/pre.efe.com\\\/pt-br\\\/mundo-2\\\/2024-01-09\\\/espanha-se-compromete-a-reassentar-ate-12-mil-refugiados-em-2024\\\/#primaryimage\"},\"thumbnailUrl\":\"https:\\\/\\\/pre.efe.com\\\/wp-content\\\/uploads\\\/2023\\\/08\\\/rss-efe9772c6eb01ffa66908780e1b91d664f3a7c7e722w.jpg\",\"keywords\":[\"Espanha\",\"Governo\",\"Migra\u00e7\u00e3o\"],\"articleSection\":[\"Mundo\",\"Portada\"],\"inLanguage\":\"pt-BR\",\"copyrightYear\":\"2024\",\"copyrightHolder\":{\"@id\":\"https:\\\/\\\/pre.efe.com\\\/#organization\"}},{\"@type\":[\"WebPage\",\"ItemPage\"],\"@id\":\"https:\\\/\\\/pre.efe.com\\\/pt-br\\\/mundo-2\\\/2024-01-09\\\/espanha-se-compromete-a-reassentar-ate-12-mil-refugiados-em-2024\\\/\",\"url\":\"https:\\\/\\\/pre.efe.com\\\/pt-br\\\/mundo-2\\\/2024-01-09\\\/espanha-se-compromete-a-reassentar-ate-12-mil-refugiados-em-2024\\\/\",\"name\":\"Espanha se compromete a reassentar at\u00e9 1,2 mil refugiados em 2024 - EFE\",\"isPartOf\":{\"@id\":\"https:\\\/\\\/pre.efe.com\\\/pt-br\\\/#website\"},\"primaryImageOfPage\":{\"@id\":\"https:\\\/\\\/pre.efe.com\\\/pt-br\\\/mundo-2\\\/2024-01-09\\\/espanha-se-compromete-a-reassentar-ate-12-mil-refugiados-em-2024\\\/#primaryimage\"},\"image\":{\"@id\":\"https:\\\/\\\/pre.efe.com\\\/pt-br\\\/mundo-2\\\/2024-01-09\\\/espanha-se-compromete-a-reassentar-ate-12-mil-refugiados-em-2024\\\/#primaryimage\"},\"thumbnailUrl\":\"https:\\\/\\\/pre.efe.com\\\/wp-content\\\/uploads\\\/2023\\\/08\\\/rss-efe9772c6eb01ffa66908780e1b91d664f3a7c7e722w.jpg\",\"datePublished\":\"2024-01-09T16:12:00+00:00\",\"dateModified\":\"2024-01-09T18:25:35+00:00\",\"breadcrumb\":{\"@id\":\"https:\\\/\\\/pre.efe.com\\\/pt-br\\\/mundo-2\\\/2024-01-09\\\/espanha-se-compromete-a-reassentar-ate-12-mil-refugiados-em-2024\\\/#breadcrumb\"},\"inLanguage\":\"pt-BR\",\"potentialAction\":[{\"@type\":\"ReadAction\",\"target\":[\"https:\\\/\\\/pre.efe.com\\\/pt-br\\\/mundo-2\\\/2024-01-09\\\/espanha-se-compromete-a-reassentar-ate-12-mil-refugiados-em-2024\\\/\"]}]},{\"@type\":\"ImageObject\",\"inLanguage\":\"pt-BR\",\"@id\":\"https:\\\/\\\/pre.efe.com\\\/pt-br\\\/mundo-2\\\/2024-01-09\\\/espanha-se-compromete-a-reassentar-ate-12-mil-refugiados-em-2024\\\/#primaryimage\",\"url\":\"https:\\\/\\\/pre.efe.com\\\/wp-content\\\/uploads\\\/2023\\\/08\\\/rss-efe9772c6eb01ffa66908780e1b91d664f3a7c7e722w.jpg\",\"contentUrl\":\"https:\\\/\\\/pre.efe.com\\\/wp-content\\\/uploads\\\/2023\\\/08\\\/rss-efe9772c6eb01ffa66908780e1b91d664f3a7c7e722w.jpg\",\"width\":1920,\"height\":1280,\"caption\":\"Migrantes resgatados nas proximidades das Ilhas Can\u00e1rias, na Espanha. EFE\\\/Arquivo\\\/Carlos De Sa\u00e1\"},{\"@type\":\"BreadcrumbList\",\"@id\":\"https:\\\/\\\/pre.efe.com\\\/pt-br\\\/mundo-2\\\/2024-01-09\\\/espanha-se-compromete-a-reassentar-ate-12-mil-refugiados-em-2024\\\/#breadcrumb\",\"itemListElement\":[{\"@type\":\"ListItem\",\"position\":1,\"name\":\"Portada\",\"item\":\"https:\\\/\\\/pre.efe.com\\\/pt-br\\\/\"},{\"@type\":\"ListItem\",\"position\":2,\"name\":\"Espanha se compromete a reassentar at\u00e9 1,2 mil refugiados em 2024\"}]},{\"@type\":\"WebSite\",\"@id\":\"https:\\\/\\\/pre.efe.com\\\/pt-br\\\/#website\",\"url\":\"https:\\\/\\\/pre.efe.com\\\/pt-br\\\/\",\"name\":\"EFE Noticias\",\"description\":\"\",\"publisher\":{\"@id\":\"https:\\\/\\\/pre.efe.com\\\/pt-br\\\/#organization\"},\"potentialAction\":[{\"@type\":\"SearchAction\",\"target\":{\"@type\":\"EntryPoint\",\"urlTemplate\":\"https:\\\/\\\/pre.efe.com\\\/pt-br\\\/?s={search_term_string}\"},\"query-input\":{\"@type\":\"PropertyValueSpecification\",\"valueRequired\":true,\"valueName\":\"search_term_string\"}}],\"inLanguage\":\"pt-BR\"},{\"@type\":\"Organization\",\"@id\":\"https:\\\/\\\/pre.efe.com\\\/pt-br\\\/#organization\",\"name\":\"Agencia EFE\",\"url\":\"https:\\\/\\\/pre.efe.com\\\/pt-br\\\/\",\"logo\":{\"@type\":\"ImageObject\",\"inLanguage\":\"pt-BR\",\"@id\":\"https:\\\/\\\/pre.efe.com\\\/pt-br\\\/#\\\/schema\\\/logo\\\/image\\\/\",\"url\":\"https:\\\/\\\/pre.efe.com\\\/wp-content\\\/uploads\\\/2023\\\/06\\\/logo-efe-467.png\",\"contentUrl\":\"https:\\\/\\\/pre.efe.com\\\/wp-content\\\/uploads\\\/2023\\\/06\\\/logo-efe-467.png\",\"width\":467,\"height\":467,\"caption\":\"Agencia EFE\"},\"image\":{\"@id\":\"https:\\\/\\\/pre.efe.com\\\/pt-br\\\/#\\\/schema\\\/logo\\\/image\\\/\"},\"sameAs\":[\"https:\\\/\\\/www.facebook.com\\\/AgenciaEFEnoticias\\\/\",\"https:\\\/\\\/x.com\\\/efenoticias\",\"https:\\\/\\\/www.instagram.com\\\/efe_noticias\\\/\",\"http:\\\/\\\/www.youtube.com\\\/efe\"]},{\"@type\":\"Person\",\"@id\":\"https:\\\/\\\/pre.efe.com\\\/pt-br\\\/#\\\/schema\\\/person\\\/b19f23f210db552768f68a4b552b004f\",\"name\":\"anachain\",\"image\":{\"@type\":\"ImageObject\",\"inLanguage\":\"pt-BR\",\"@id\":\"https:\\\/\\\/secure.gravatar.com\\\/avatar\\\/30b83965911ef1108bb893c00bdd65c885f9890e1265ee04b02c3d5adc785d37?s=96&d=identicon&r=g\",\"url\":\"https:\\\/\\\/secure.gravatar.com\\\/avatar\\\/30b83965911ef1108bb893c00bdd65c885f9890e1265ee04b02c3d5adc785d37?s=96&d=identicon&r=g\",\"contentUrl\":\"https:\\\/\\\/secure.gravatar.com\\\/avatar\\\/30b83965911ef1108bb893c00bdd65c885f9890e1265ee04b02c3d5adc785d37?s=96&d=identicon&r=g\",\"caption\":\"anachain\"},\"url\":\"https:\\\/\\\/pre.efe.com\\\/pt-br\\\/autor\\\/anachain\\\/\"}]}<\/script>\n<!-- \/ Yoast SEO Premium plugin. -->","yoast_head_json":{"title":"Espanha se compromete a reassentar at\u00e9 1,2 mil refugiados em 2024 - EFE","robots":{"index":"noindex","follow":"follow"},"og_locale":"pt_BR","og_type":"article","og_title":"Espanha se compromete a reassentar at\u00e9 1,2 mil refugiados em 2024 - EFE","og_description":"Madri (EFE).- O governo da Espanha aprovou, nesta ter\u00e7a-feira,\u00a0o Programa Nacional de Reassentamento de Refugiados (PNR) para 2024, com o qual se compromete a acolher at\u00e9 1,2 mil refugiados provenientes de pa\u00edses afetados por conflitos e graves crises humanit\u00e1rias. O Minist\u00e9rio de Inclus\u00e3o, Seguran\u00e7a Social e Migra\u00e7\u00f5es informou em nota que o PNR anterior, que ... Leia mais","og_url":"https:\/\/pre.efe.com\/pt-br\/mundo-2\/2024-01-09\/espanha-se-compromete-a-reassentar-ate-12-mil-refugiados-em-2024\/","og_site_name":"EFE Noticias","article_publisher":"https:\/\/www.facebook.com\/AgenciaEFEnoticias\/","article_published_time":"2024-01-09T16:12:00+00:00","article_modified_time":"2024-01-09T18:25:35+00:00","og_image":[{"width":1920,"height":1280,"url":"https:\/\/i0.wp.com\/efe.com\/\/srv\/htdocs\/wp-content\/uploads\/2023\/08\/rss-efe9772c6eb01ffa66908780e1b91d664f3a7c7e722w.jpg?fit=1920%2C1280&ssl=1","type":"image\/jpeg"}],"author":"anachain","twitter_card":"summary_large_image","twitter_creator":"@efenoticias","twitter_site":"@efenoticias","schema":{"@context":"https:\/\/schema.org","@graph":[{"@type":"NewsArticle","@id":"https:\/\/pre.efe.com\/pt-br\/mundo-2\/2024-01-09\/espanha-se-compromete-a-reassentar-ate-12-mil-refugiados-em-2024\/#article","isPartOf":{"@id":"https:\/\/pre.efe.com\/pt-br\/mundo-2\/2024-01-09\/espanha-se-compromete-a-reassentar-ate-12-mil-refugiados-em-2024\/"},"author":{"name":"anachain","@id":"https:\/\/pre.efe.com\/pt-br\/#\/schema\/person\/b19f23f210db552768f68a4b552b004f"},"headline":"Espanha se compromete a reassentar at\u00e9 1,2 mil refugiados em 2024","datePublished":"2024-01-09T16:12:00+00:00","dateModified":"2024-01-09T18:25:35+00:00","mainEntityOfPage":{"@id":"https:\/\/pre.efe.com\/pt-br\/mundo-2\/2024-01-09\/espanha-se-compromete-a-reassentar-ate-12-mil-refugiados-em-2024\/"},"wordCount":385,"publisher":{"@id":"https:\/\/pre.efe.com\/pt-br\/#organization"},"image":{"@id":"https:\/\/pre.efe.com\/pt-br\/mundo-2\/2024-01-09\/espanha-se-compromete-a-reassentar-ate-12-mil-refugiados-em-2024\/#primaryimage"},"thumbnailUrl":"https:\/\/pre.efe.com\/wp-content\/uploads\/2023\/08\/rss-efe9772c6eb01ffa66908780e1b91d664f3a7c7e722w.jpg","keywords":["Espanha","Governo","Migra\u00e7\u00e3o"],"articleSection":["Mundo","Portada"],"inLanguage":"pt-BR","copyrightYear":"2024","copyrightHolder":{"@id":"https:\/\/pre.efe.com\/#organization"}},{"@type":["WebPage","ItemPage"],"@id":"https:\/\/pre.efe.com\/pt-br\/mundo-2\/2024-01-09\/espanha-se-compromete-a-reassentar-ate-12-mil-refugiados-em-2024\/","url":"https:\/\/pre.efe.com\/pt-br\/mundo-2\/2024-01-09\/espanha-se-compromete-a-reassentar-ate-12-mil-refugiados-em-2024\/","name":"Espanha se compromete a reassentar at\u00e9 1,2 mil refugiados em 2024 - EFE","isPartOf":{"@id":"https:\/\/pre.efe.com\/pt-br\/#website"},"primaryImageOfPage":{"@id":"https:\/\/pre.efe.com\/pt-br\/mundo-2\/2024-01-09\/espanha-se-compromete-a-reassentar-ate-12-mil-refugiados-em-2024\/#primaryimage"},"image":{"@id":"https:\/\/pre.efe.com\/pt-br\/mundo-2\/2024-01-09\/espanha-se-compromete-a-reassentar-ate-12-mil-refugiados-em-2024\/#primaryimage"},"thumbnailUrl":"https:\/\/pre.efe.com\/wp-content\/uploads\/2023\/08\/rss-efe9772c6eb01ffa66908780e1b91d664f3a7c7e722w.jpg","datePublished":"2024-01-09T16:12:00+00:00","dateModified":"2024-01-09T18:25:35+00:00","breadcrumb":{"@id":"https:\/\/pre.efe.com\/pt-br\/mundo-2\/2024-01-09\/espanha-se-compromete-a-reassentar-ate-12-mil-refugiados-em-2024\/#breadcrumb"},"inLanguage":"pt-BR","potentialAction":[{"@type":"ReadAction","target":["https:\/\/pre.efe.com\/pt-br\/mundo-2\/2024-01-09\/espanha-se-compromete-a-reassentar-ate-12-mil-refugiados-em-2024\/"]}]},{"@type":"ImageObject","inLanguage":"pt-BR","@id":"https:\/\/pre.efe.com\/pt-br\/mundo-2\/2024-01-09\/espanha-se-compromete-a-reassentar-ate-12-mil-refugiados-em-2024\/#primaryimage","url":"https:\/\/pre.efe.com\/wp-content\/uploads\/2023\/08\/rss-efe9772c6eb01ffa66908780e1b91d664f3a7c7e722w.jpg","contentUrl":"https:\/\/pre.efe.com\/wp-content\/uploads\/2023\/08\/rss-efe9772c6eb01ffa66908780e1b91d664f3a7c7e722w.jpg","width":1920,"height":1280,"caption":"Migrantes resgatados nas proximidades das Ilhas Can\u00e1rias, na Espanha. EFE\/Arquivo\/Carlos De Sa\u00e1"},{"@type":"BreadcrumbList","@id":"https:\/\/pre.efe.com\/pt-br\/mundo-2\/2024-01-09\/espanha-se-compromete-a-reassentar-ate-12-mil-refugiados-em-2024\/#breadcrumb","itemListElement":[{"@type":"ListItem","position":1,"name":"Portada","item":"https:\/\/pre.efe.com\/pt-br\/"},{"@type":"ListItem","position":2,"name":"Espanha se compromete a reassentar at\u00e9 1,2 mil refugiados em 2024"}]},{"@type":"WebSite","@id":"https:\/\/pre.efe.com\/pt-br\/#website","url":"https:\/\/pre.efe.com\/pt-br\/","name":"EFE Noticias","description":"","publisher":{"@id":"https:\/\/pre.efe.com\/pt-br\/#organization"},"potentialAction":[{"@type":"SearchAction","target":{"@type":"EntryPoint","urlTemplate":"https:\/\/pre.efe.com\/pt-br\/?s={search_term_string}"},"query-input":{"@type":"PropertyValueSpecification","valueRequired":true,"valueName":"search_term_string"}}],"inLanguage":"pt-BR"},{"@type":"Organization","@id":"https:\/\/pre.efe.com\/pt-br\/#organization","name":"Agencia EFE","url":"https:\/\/pre.efe.com\/pt-br\/","logo":{"@type":"ImageObject","inLanguage":"pt-BR","@id":"https:\/\/pre.efe.com\/pt-br\/#\/schema\/logo\/image\/","url":"https:\/\/pre.efe.com\/wp-content\/uploads\/2023\/06\/logo-efe-467.png","contentUrl":"https:\/\/pre.efe.com\/wp-content\/uploads\/2023\/06\/logo-efe-467.png","width":467,"height":467,"caption":"Agencia EFE"},"image":{"@id":"https:\/\/pre.efe.com\/pt-br\/#\/schema\/logo\/image\/"},"sameAs":["https:\/\/www.facebook.com\/AgenciaEFEnoticias\/","https:\/\/x.com\/efenoticias","https:\/\/www.instagram.com\/efe_noticias\/","http:\/\/www.youtube.com\/efe"]},{"@type":"Person","@id":"https:\/\/pre.efe.com\/pt-br\/#\/schema\/person\/b19f23f210db552768f68a4b552b004f","name":"anachain","image":{"@type":"ImageObject","inLanguage":"pt-BR","@id":"https:\/\/secure.gravatar.com\/avatar\/30b83965911ef1108bb893c00bdd65c885f9890e1265ee04b02c3d5adc785d37?s=96&d=identicon&r=g","url":"https:\/\/secure.gravatar.com\/avatar\/30b83965911ef1108bb893c00bdd65c885f9890e1265ee04b02c3d5adc785d37?s=96&d=identicon&r=g","contentUrl":"https:\/\/secure.gravatar.com\/avatar\/30b83965911ef1108bb893c00bdd65c885f9890e1265ee04b02c3d5adc785d37?s=96&d=identicon&r=g","caption":"anachain"},"url":"https:\/\/pre.efe.com\/pt-br\/autor\/anachain\/"}]}},"jetpack_featured_media_url":"https:\/\/pre.efe.com\/wp-content\/uploads\/2023\/08\/rss-efe9772c6eb01ffa66908780e1b91d664f3a7c7e722w.jpg","jetpack_shortlink":"https:\/\/wp.me\/peJvHm-3xUD","jetpack_sharing_enabled":true,"_links":{"self":[{"href":"https:\/\/pre.efe.com\/pt-br\/wp-json\/wp\/v2\/posts\/845347","targetHints":{"allow":["GET"]}}],"collection":[{"href":"https:\/\/pre.efe.com\/pt-br\/wp-json\/wp\/v2\/posts"}],"about":[{"href":"https:\/\/pre.efe.com\/pt-br\/wp-json\/wp\/v2\/types\/post"}],"author":[{"embeddable":true,"href":"https:\/\/pre.efe.com\/pt-br\/wp-json\/wp\/v2\/users\/198164106"}],"replies":[{"embeddable":true,"href":"https:\/\/pre.efe.com\/pt-br\/wp-json\/wp\/v2\/comments?post=845347"}],"version-history":[{"count":2,"href":"https:\/\/pre.efe.com\/pt-br\/wp-json\/wp\/v2\/posts\/845347\/revisions"}],"predecessor-version":[{"id":845381,"href":"https:\/\/pre.efe.com\/pt-br\/wp-json\/wp\/v2\/posts\/845347\/revisions\/845381"}],"wp:featuredmedia":[{"embeddable":true,"href":"https:\/\/pre.efe.com\/pt-br\/wp-json\/wp\/v2\/media\/616357"}],"wp:attachment":[{"href":"https:\/\/pre.efe.com\/pt-br\/wp-json\/wp\/v2\/media?parent=845347"}],"wp:term":[{"taxonomy":"category","embeddable":true,"href":"https:\/\/pre.efe.com\/pt-br\/wp-json\/wp\/v2\/categories?post=845347"},{"taxonomy":"post_tag","embeddable":true,"href":"https:\/\/pre.efe.com\/pt-br\/wp-json\/wp\/v2\/tags?post=845347"}],"curies":[{"name":"wp","href":"https:\/\/api.w.org\/{rel}","templated":true}]}}