{"id":86560,"date":"2022-09-22T20:03:37","date_gmt":"2022-09-22T18:03:37","guid":{"rendered":"https:\/\/pre.efe.com\/?p=86560"},"modified":"2024-10-09T11:04:43","modified_gmt":"2024-10-09T09:04:43","slug":"policia-da-nicaragua-proibe-procissoes-e-comemoracoes-biblicas","status":"publish","type":"post","link":"https:\/\/pre.efe.com\/pt-br\/mundo-2\/2022-09-22\/policia-da-nicaragua-proibe-procissoes-e-comemoracoes-biblicas\/","title":{"rendered":"Pol\u00edcia da Nicar\u00e1gua pro\u00edbe prociss\u00f5es e comemora\u00e7\u00f5es b\u00edblicas"},"content":{"rendered":"\n<p>Man\u00e1gua (EFE).- A Pol\u00edcia Nacional da Nicar\u00e1gua proibiu duas prociss\u00f5es cat\u00f3licas e a comemora\u00e7\u00e3o do 453\u00ba anivers\u00e1rio da tradu\u00e7\u00e3o da B\u00edblia para o espanhol em algumas partes do pa\u00eds, informaram nesta quinta-feira fontes religiosas.<\/p>\n\n\n\n<p><br>No caso da Igreja Cat\u00f3lica, as par\u00f3quias dedicadas a S\u00e3o Miguel Arcanjo, em Man\u00e1gua, e S\u00e3o Francisco de Assis, em Camoapa (centro), informaram que n\u00e3o poder\u00e3o celebrar as prociss\u00f5es, devido a uma proibi\u00e7\u00e3o por parte das autoridades.<br><\/p>\n\n\n\n<p>Enquanto isso, o Conselho Nacional de Pastores Evang\u00e9licos da cidade de Nagarote (Pac\u00edfico) advertiu sobre a proibi\u00e7\u00e3o da celebra\u00e7\u00e3o dedicada \u00e0 tradu\u00e7\u00e3o da B\u00edblia.<br><\/p>\n\n\n\n<blockquote class=\"wp-block-quote is-layout-flow wp-block-quote-is-layout-flow\"><p>&#8220;Recebemos uma notifica\u00e7\u00e3o das autoridades policiais de que n\u00e3o \u00e9 permitido realizar nenhuma atividade fora da par\u00f3quia&#8221;, explicou a par\u00f3quia de S\u00e3o Miguel Arcanjo, em Man\u00e1gua, em sua conta no Facebook, um meio de comunica\u00e7\u00e3o usado pela Igreja Cat\u00f3lica na Nicar\u00e1gua ap\u00f3s o fechamento de pelo menos nove emissoras de r\u00e1dio e tr\u00eas emissoras de televis\u00e3o, e o bloqueio da emiss\u00e3o do Canal Cat\u00f3lico.<br><\/p><\/blockquote>\n\n\n\n<p>Estava prevista a igreja realizar amanh\u00e3 uma prociss\u00e3o com o santo \u201cfoi suspensa e tudo ser\u00e1 realizado no interior da igreja paroquial\u201d, disse.<br><\/p>\n\n\n\n<p>O Conselho Paroquial do templo de S\u00e3o Francisco de Assis, em Camoapa, uma cidade central localizada a 113 quil\u00f4metros de Man\u00e1gua, informou \u00e0 imprensa local uma situa\u00e7\u00e3o semelhante \u00e0 ocorrida na capital do pa\u00eds.<\/p>\n\n\n\n<h2 class=\"wp-block-heading\"><br>Anivers\u00e1rio b\u00edblico cancelado<\/h2>\n\n\n\n<p>Por sua vez, os regentes da f\u00e9 evang\u00e9lica emitiram um comunicado no qual afirmavam que &#8220;por ordem das autoridades civis, o 453\u00ba anivers\u00e1rio da Tradu\u00e7\u00e3o da B\u00edblia para o espanhol n\u00e3o ser\u00e1 celebrado, eles afirmam que o motivo \u00e9 a seguran\u00e7a dos participantes&#8221;.<br><\/p>\n\n\n\n<p>Situa\u00e7\u00f5es semelhantes foram vividas esta semana pelas par\u00f3quias de S\u00e3o Miguel Arcanjo e S\u00e3o Jer\u00f4nimo na cidade de Masaya, onde a Pol\u00edcia Nacional, cujo l\u00edder supremo \u00e9 o presidente Daniel Ortega, proibiu celebra\u00e7\u00f5es religiosas fora dos templos cat\u00f3licos.<br><\/p>\n\n\n\n<p>Tanto os l\u00edderes religiosos cat\u00f3licos quanto os evang\u00e9licos decidiram acatar as proibi\u00e7\u00f5es oficiais e recomendaram aos seus fi\u00e9is que realizassem suas atividades dentro de seus templos.<br><\/p>\n\n\n\n<p>\u201cConvidamos cada um de voc\u00eas a realizar suas celebra\u00e7\u00f5es em seus templos, elevar ora\u00e7\u00f5es a Deus para que possamos viver tranquila e pacificamente\u201d, destacou o Conselho Nacional de Pastores Evang\u00e9licos de Nagarote.<br><\/p>\n\n\n\n<figure class=\"wp-block-image size-large\"><img fetchpriority=\"high\" decoding=\"async\" width=\"1024\" height=\"691\" src=\"https:\/\/pre.efe.com\/wp-content\/uploads\/2022\/09\/AME605-NICARAGUA-IGLESIA-1024x691.jpg\" alt=\"\" class=\"wp-image-86567\" srcset=\"https:\/\/pre.efe.com\/wp-content\/uploads\/2022\/09\/AME605-NICARAGUA-IGLESIA-1024x691.jpg 1024w, https:\/\/pre.efe.com\/wp-content\/uploads\/2022\/09\/AME605-NICARAGUA-IGLESIA-300x203.jpg 300w, https:\/\/pre.efe.com\/wp-content\/uploads\/2022\/09\/AME605-NICARAGUA-IGLESIA-768x519.jpg 768w, https:\/\/pre.efe.com\/wp-content\/uploads\/2022\/09\/AME605-NICARAGUA-IGLESIA.jpg 1920w, https:\/\/pre.efe.com\/wp-content\/uploads\/2022\/09\/AME605-NICARAGUA-IGLESIA-1536x1037.jpg 1536w, https:\/\/pre.efe.com\/wp-content\/uploads\/2022\/09\/AME605-NICARAGUA-IGLESIA-2048x1383.jpg 2048w, https:\/\/pre.efe.com\/wp-content\/uploads\/2022\/09\/AME605-NICARAGUA-IGLESIA-424x286.jpg 424w, https:\/\/pre.efe.com\/wp-content\/uploads\/2022\/09\/AME605-NICARAGUA-IGLESIA-1200x810.jpg 1200w\" sizes=\"(max-width: 1024px) 100vw, 1024px\" \/><figcaption>Uma mulher reza durante uma misa na Catedral de Matagalpa, em uma imagem de arquivo.EFE\/Str<\/figcaption><\/figure>\n\n\n\n<p>As proibi\u00e7\u00f5es religiosas acontecem em meio ao mais recente cap\u00edtulo de uma hist\u00f3ria de confrontos entre Ortega e a Igreja Cat\u00f3lica que remonta h\u00e1 43 anos e que at\u00e9 agora n\u00e3o havia tocado a f\u00e9 evang\u00e9lica.<br><\/p>\n\n\n\n<p>Segundo dados oficiais, o catolicismo \u00e9 a religi\u00e3o mais seguida na Nicar\u00e1gua, com 58,8% de seus 6,6 milh\u00f5es de habitantes, seguido pelos evang\u00e9licos, com 38%, embora afirmem que sua propor\u00e7\u00e3o tem crescido nos \u00faltimos anos.<\/p>\n","protected":false},"excerpt":{"rendered":"<p>Man\u00e1gua (EFE).- A Pol\u00edcia Nacional da Nicar\u00e1gua proibiu duas prociss\u00f5es cat\u00f3licas e a comemora\u00e7\u00e3o do 453\u00ba anivers\u00e1rio da tradu\u00e7\u00e3o da B\u00edblia para o espanhol em algumas partes do pa\u00eds, informaram nesta quinta-feira fontes religiosas. No caso da Igreja Cat\u00f3lica, as par\u00f3quias dedicadas a S\u00e3o Miguel Arcanjo, em Man\u00e1gua, e S\u00e3o Francisco de Assis, em Camoapa &#8230; <a title=\"Pol\u00edcia da Nicar\u00e1gua pro\u00edbe prociss\u00f5es e comemora\u00e7\u00f5es b\u00edblicas\" class=\"read-more\" href=\"https:\/\/pre.efe.com\/pt-br\/mundo-2\/2022-09-22\/policia-da-nicaragua-proibe-procissoes-e-comemoracoes-biblicas\/\" aria-label=\"Read more about Pol\u00edcia da Nicar\u00e1gua pro\u00edbe prociss\u00f5es e comemora\u00e7\u00f5es b\u00edblicas\">Leia mais<\/a><\/p>\n","protected":false},"author":198164108,"featured_media":86571,"comment_status":"closed","ping_status":"closed","sticky":false,"template":"","format":"standard","meta":{"_acf_changed":false,"_jetpack_memberships_contains_paid_content":false,"footnotes":""},"categories":[123208],"tags":[122485],"class_list":["post-86560","post","type-post","status-publish","format-standard","has-post-thumbnail","hentry","category-mundo-2","tag-religiao","generate-columns","tablet-grid-50","mobile-grid-100","grid-parent","grid-50"],"acf":[],"yoast_head":"<!-- This site is optimized with the Yoast SEO Premium plugin v26.0 (Yoast SEO v27.5) - https:\/\/yoast.com\/product\/yoast-seo-premium-wordpress\/ -->\n<title>Nicar\u00e1gua-pro\u00edbe-prociss\u00f5es-biblia<\/title>\n<meta name=\"description\" content=\"Pol\u00edcia Nacional da Nicar\u00e1gua proibiu duas prociss\u00f5es cat\u00f3licas e a comemora\u00e7\u00e3o do 453\u00ba anivers\u00e1rio da tradu\u00e7\u00e3o da B\u00edblia para o espanhol\" \/>\n<meta name=\"robots\" content=\"noindex, follow\" \/>\n<meta property=\"og:locale\" content=\"pt_BR\" \/>\n<meta property=\"og:type\" content=\"article\" \/>\n<meta property=\"og:title\" content=\"Pol\u00edcia da Nicar\u00e1gua pro\u00edbe prociss\u00f5es e comemora\u00e7\u00f5es b\u00edblicas - EFE\" \/>\n<meta property=\"og:description\" content=\"Pol\u00edcia Nacional da Nicar\u00e1gua proibiu duas prociss\u00f5es cat\u00f3licas e a comemora\u00e7\u00e3o do 453\u00ba anivers\u00e1rio da tradu\u00e7\u00e3o da B\u00edblia para o espanhol\" \/>\n<meta property=\"og:url\" content=\"https:\/\/pre.efe.com\/pt-br\/mundo-2\/2022-09-22\/policia-da-nicaragua-proibe-procissoes-e-comemoracoes-biblicas\/\" \/>\n<meta property=\"og:site_name\" content=\"EFE Noticias\" \/>\n<meta property=\"article:publisher\" content=\"https:\/\/www.facebook.com\/AgenciaEFEnoticias\/\" \/>\n<meta property=\"article:published_time\" content=\"2022-09-22T18:03:37+00:00\" \/>\n<meta property=\"article:modified_time\" content=\"2024-10-09T09:04:43+00:00\" \/>\n<meta property=\"og:image\" content=\"https:\/\/i0.wp.com\/efe.com\/\/srv\/htdocs\/wp-content\/uploads\/2022\/09\/AME7302-NICARAGUA-POLITICA.jpg?fit=1920%2C1298&ssl=1\" \/>\n\t<meta property=\"og:image:width\" content=\"1920\" \/>\n\t<meta property=\"og:image:height\" content=\"1298\" \/>\n\t<meta property=\"og:image:type\" content=\"image\/jpeg\" \/>\n<meta name=\"author\" content=\"manuelperezefe\" \/>\n<meta name=\"twitter:card\" content=\"summary_large_image\" \/>\n<meta name=\"twitter:creator\" content=\"@efenoticias\" \/>\n<meta name=\"twitter:site\" content=\"@efenoticias\" \/>\n<script type=\"application\/ld+json\" class=\"yoast-schema-graph\">{\"@context\":\"https:\\\/\\\/schema.org\",\"@graph\":[{\"@type\":\"NewsArticle\",\"@id\":\"https:\\\/\\\/pre.efe.com\\\/pt-br\\\/mundo-2\\\/2022-09-22\\\/policia-da-nicaragua-proibe-procissoes-e-comemoracoes-biblicas\\\/#article\",\"isPartOf\":{\"@id\":\"https:\\\/\\\/pre.efe.com\\\/pt-br\\\/mundo-2\\\/2022-09-22\\\/policia-da-nicaragua-proibe-procissoes-e-comemoracoes-biblicas\\\/\"},\"author\":{\"name\":\"manuelperezefe\",\"@id\":\"https:\\\/\\\/pre.efe.com\\\/pt-br\\\/#\\\/schema\\\/person\\\/c8c047900fe822135c5dfe18a69664f4\"},\"headline\":\"Pol\u00edcia da Nicar\u00e1gua pro\u00edbe prociss\u00f5es e comemora\u00e7\u00f5es b\u00edblicas\",\"datePublished\":\"2022-09-22T18:03:37+00:00\",\"dateModified\":\"2024-10-09T09:04:43+00:00\",\"mainEntityOfPage\":{\"@id\":\"https:\\\/\\\/pre.efe.com\\\/pt-br\\\/mundo-2\\\/2022-09-22\\\/policia-da-nicaragua-proibe-procissoes-e-comemoracoes-biblicas\\\/\"},\"wordCount\":530,\"publisher\":{\"@id\":\"https:\\\/\\\/pre.efe.com\\\/pt-br\\\/#organization\"},\"image\":{\"@id\":\"https:\\\/\\\/pre.efe.com\\\/pt-br\\\/mundo-2\\\/2022-09-22\\\/policia-da-nicaragua-proibe-procissoes-e-comemoracoes-biblicas\\\/#primaryimage\"},\"thumbnailUrl\":\"https:\\\/\\\/pre.efe.com\\\/wp-content\\\/uploads\\\/2022\\\/09\\\/AME7302-NICARAGUA-POLITICA.jpg\",\"keywords\":[\"Religi\u00e3o\"],\"articleSection\":[\"Mundo\"],\"inLanguage\":\"pt-BR\",\"copyrightYear\":\"2022\",\"copyrightHolder\":{\"@id\":\"https:\\\/\\\/pre.efe.com\\\/#organization\"}},{\"@type\":[\"WebPage\",\"ItemPage\"],\"@id\":\"https:\\\/\\\/pre.efe.com\\\/pt-br\\\/mundo-2\\\/2022-09-22\\\/policia-da-nicaragua-proibe-procissoes-e-comemoracoes-biblicas\\\/\",\"url\":\"https:\\\/\\\/pre.efe.com\\\/pt-br\\\/mundo-2\\\/2022-09-22\\\/policia-da-nicaragua-proibe-procissoes-e-comemoracoes-biblicas\\\/\",\"name\":\"Nicar\u00e1gua-pro\u00edbe-prociss\u00f5es-biblia\",\"isPartOf\":{\"@id\":\"https:\\\/\\\/pre.efe.com\\\/pt-br\\\/#website\"},\"primaryImageOfPage\":{\"@id\":\"https:\\\/\\\/pre.efe.com\\\/pt-br\\\/mundo-2\\\/2022-09-22\\\/policia-da-nicaragua-proibe-procissoes-e-comemoracoes-biblicas\\\/#primaryimage\"},\"image\":{\"@id\":\"https:\\\/\\\/pre.efe.com\\\/pt-br\\\/mundo-2\\\/2022-09-22\\\/policia-da-nicaragua-proibe-procissoes-e-comemoracoes-biblicas\\\/#primaryimage\"},\"thumbnailUrl\":\"https:\\\/\\\/pre.efe.com\\\/wp-content\\\/uploads\\\/2022\\\/09\\\/AME7302-NICARAGUA-POLITICA.jpg\",\"datePublished\":\"2022-09-22T18:03:37+00:00\",\"dateModified\":\"2024-10-09T09:04:43+00:00\",\"description\":\"Pol\u00edcia Nacional da Nicar\u00e1gua proibiu duas prociss\u00f5es cat\u00f3licas e a comemora\u00e7\u00e3o do 453\u00ba anivers\u00e1rio da tradu\u00e7\u00e3o da B\u00edblia para o espanhol\",\"breadcrumb\":{\"@id\":\"https:\\\/\\\/pre.efe.com\\\/pt-br\\\/mundo-2\\\/2022-09-22\\\/policia-da-nicaragua-proibe-procissoes-e-comemoracoes-biblicas\\\/#breadcrumb\"},\"inLanguage\":\"pt-BR\",\"potentialAction\":[{\"@type\":\"ReadAction\",\"target\":[\"https:\\\/\\\/pre.efe.com\\\/pt-br\\\/mundo-2\\\/2022-09-22\\\/policia-da-nicaragua-proibe-procissoes-e-comemoracoes-biblicas\\\/\"]}]},{\"@type\":\"ImageObject\",\"inLanguage\":\"pt-BR\",\"@id\":\"https:\\\/\\\/pre.efe.com\\\/pt-br\\\/mundo-2\\\/2022-09-22\\\/policia-da-nicaragua-proibe-procissoes-e-comemoracoes-biblicas\\\/#primaryimage\",\"url\":\"https:\\\/\\\/pre.efe.com\\\/wp-content\\\/uploads\\\/2022\\\/09\\\/AME7302-NICARAGUA-POLITICA.jpg\",\"contentUrl\":\"https:\\\/\\\/pre.efe.com\\\/wp-content\\\/uploads\\\/2022\\\/09\\\/AME7302-NICARAGUA-POLITICA.jpg\",\"width\":1920,\"height\":1298,\"caption\":\"AME7304. MANAGUA (NICARAGUA), 21\\\/02\\\/2022.- Fotograf\u00eda de una pantalla de un televisor mientras el presidente de Nicaragua, Daniel Ortega, participa de un acto en homenaje al 88 aniversario de la muerte del General Augusto C. Sandino, hoy en Managua (Nicaragua). EFE\\\/Jorge Torres\"},{\"@type\":\"BreadcrumbList\",\"@id\":\"https:\\\/\\\/pre.efe.com\\\/pt-br\\\/mundo-2\\\/2022-09-22\\\/policia-da-nicaragua-proibe-procissoes-e-comemoracoes-biblicas\\\/#breadcrumb\",\"itemListElement\":[{\"@type\":\"ListItem\",\"position\":1,\"name\":\"Portada\",\"item\":\"https:\\\/\\\/pre.efe.com\\\/pt-br\\\/\"},{\"@type\":\"ListItem\",\"position\":2,\"name\":\"Pol\u00edcia da Nicar\u00e1gua pro\u00edbe prociss\u00f5es e comemora\u00e7\u00f5es b\u00edblicas\"}]},{\"@type\":\"WebSite\",\"@id\":\"https:\\\/\\\/pre.efe.com\\\/pt-br\\\/#website\",\"url\":\"https:\\\/\\\/pre.efe.com\\\/pt-br\\\/\",\"name\":\"EFE Noticias\",\"description\":\"\",\"publisher\":{\"@id\":\"https:\\\/\\\/pre.efe.com\\\/pt-br\\\/#organization\"},\"potentialAction\":[{\"@type\":\"SearchAction\",\"target\":{\"@type\":\"EntryPoint\",\"urlTemplate\":\"https:\\\/\\\/pre.efe.com\\\/pt-br\\\/?s={search_term_string}\"},\"query-input\":{\"@type\":\"PropertyValueSpecification\",\"valueRequired\":true,\"valueName\":\"search_term_string\"}}],\"inLanguage\":\"pt-BR\"},{\"@type\":\"Organization\",\"@id\":\"https:\\\/\\\/pre.efe.com\\\/pt-br\\\/#organization\",\"name\":\"Agencia EFE\",\"url\":\"https:\\\/\\\/pre.efe.com\\\/pt-br\\\/\",\"logo\":{\"@type\":\"ImageObject\",\"inLanguage\":\"pt-BR\",\"@id\":\"https:\\\/\\\/pre.efe.com\\\/pt-br\\\/#\\\/schema\\\/logo\\\/image\\\/\",\"url\":\"https:\\\/\\\/pre.efe.com\\\/wp-content\\\/uploads\\\/2023\\\/06\\\/logo-efe-467.png\",\"contentUrl\":\"https:\\\/\\\/pre.efe.com\\\/wp-content\\\/uploads\\\/2023\\\/06\\\/logo-efe-467.png\",\"width\":467,\"height\":467,\"caption\":\"Agencia EFE\"},\"image\":{\"@id\":\"https:\\\/\\\/pre.efe.com\\\/pt-br\\\/#\\\/schema\\\/logo\\\/image\\\/\"},\"sameAs\":[\"https:\\\/\\\/www.facebook.com\\\/AgenciaEFEnoticias\\\/\",\"https:\\\/\\\/x.com\\\/efenoticias\",\"https:\\\/\\\/www.instagram.com\\\/efe_noticias\\\/\",\"http:\\\/\\\/www.youtube.com\\\/efe\"]},{\"@type\":\"Person\",\"@id\":\"https:\\\/\\\/pre.efe.com\\\/pt-br\\\/#\\\/schema\\\/person\\\/c8c047900fe822135c5dfe18a69664f4\",\"name\":\"manuelperezefe\",\"image\":{\"@type\":\"ImageObject\",\"inLanguage\":\"pt-BR\",\"@id\":\"https:\\\/\\\/secure.gravatar.com\\\/avatar\\\/a6fd18d9072b150b9ba2a1672f7376f89fea0722b25bef234c1ed8d93c9af0d5?s=96&d=identicon&r=g\",\"url\":\"https:\\\/\\\/secure.gravatar.com\\\/avatar\\\/a6fd18d9072b150b9ba2a1672f7376f89fea0722b25bef234c1ed8d93c9af0d5?s=96&d=identicon&r=g\",\"contentUrl\":\"https:\\\/\\\/secure.gravatar.com\\\/avatar\\\/a6fd18d9072b150b9ba2a1672f7376f89fea0722b25bef234c1ed8d93c9af0d5?s=96&d=identicon&r=g\",\"caption\":\"manuelperezefe\"},\"url\":\"https:\\\/\\\/pre.efe.com\\\/pt-br\\\/autor\\\/manuelperezefe\\\/\"}]}<\/script>\n<!-- \/ Yoast SEO Premium plugin. -->","yoast_head_json":{"title":"Nicar\u00e1gua-pro\u00edbe-prociss\u00f5es-biblia","description":"Pol\u00edcia Nacional da Nicar\u00e1gua proibiu duas prociss\u00f5es cat\u00f3licas e a comemora\u00e7\u00e3o do 453\u00ba anivers\u00e1rio da tradu\u00e7\u00e3o da B\u00edblia para o espanhol","robots":{"index":"noindex","follow":"follow"},"og_locale":"pt_BR","og_type":"article","og_title":"Pol\u00edcia da Nicar\u00e1gua pro\u00edbe prociss\u00f5es e comemora\u00e7\u00f5es b\u00edblicas - EFE","og_description":"Pol\u00edcia Nacional da Nicar\u00e1gua proibiu duas prociss\u00f5es cat\u00f3licas e a comemora\u00e7\u00e3o do 453\u00ba anivers\u00e1rio da tradu\u00e7\u00e3o da B\u00edblia para o espanhol","og_url":"https:\/\/pre.efe.com\/pt-br\/mundo-2\/2022-09-22\/policia-da-nicaragua-proibe-procissoes-e-comemoracoes-biblicas\/","og_site_name":"EFE Noticias","article_publisher":"https:\/\/www.facebook.com\/AgenciaEFEnoticias\/","article_published_time":"2022-09-22T18:03:37+00:00","article_modified_time":"2024-10-09T09:04:43+00:00","og_image":[{"width":1920,"height":1298,"url":"https:\/\/i0.wp.com\/efe.com\/\/srv\/htdocs\/wp-content\/uploads\/2022\/09\/AME7302-NICARAGUA-POLITICA.jpg?fit=1920%2C1298&ssl=1","type":"image\/jpeg"}],"author":"manuelperezefe","twitter_card":"summary_large_image","twitter_creator":"@efenoticias","twitter_site":"@efenoticias","schema":{"@context":"https:\/\/schema.org","@graph":[{"@type":"NewsArticle","@id":"https:\/\/pre.efe.com\/pt-br\/mundo-2\/2022-09-22\/policia-da-nicaragua-proibe-procissoes-e-comemoracoes-biblicas\/#article","isPartOf":{"@id":"https:\/\/pre.efe.com\/pt-br\/mundo-2\/2022-09-22\/policia-da-nicaragua-proibe-procissoes-e-comemoracoes-biblicas\/"},"author":{"name":"manuelperezefe","@id":"https:\/\/pre.efe.com\/pt-br\/#\/schema\/person\/c8c047900fe822135c5dfe18a69664f4"},"headline":"Pol\u00edcia da Nicar\u00e1gua pro\u00edbe prociss\u00f5es e comemora\u00e7\u00f5es b\u00edblicas","datePublished":"2022-09-22T18:03:37+00:00","dateModified":"2024-10-09T09:04:43+00:00","mainEntityOfPage":{"@id":"https:\/\/pre.efe.com\/pt-br\/mundo-2\/2022-09-22\/policia-da-nicaragua-proibe-procissoes-e-comemoracoes-biblicas\/"},"wordCount":530,"publisher":{"@id":"https:\/\/pre.efe.com\/pt-br\/#organization"},"image":{"@id":"https:\/\/pre.efe.com\/pt-br\/mundo-2\/2022-09-22\/policia-da-nicaragua-proibe-procissoes-e-comemoracoes-biblicas\/#primaryimage"},"thumbnailUrl":"https:\/\/pre.efe.com\/wp-content\/uploads\/2022\/09\/AME7302-NICARAGUA-POLITICA.jpg","keywords":["Religi\u00e3o"],"articleSection":["Mundo"],"inLanguage":"pt-BR","copyrightYear":"2022","copyrightHolder":{"@id":"https:\/\/pre.efe.com\/#organization"}},{"@type":["WebPage","ItemPage"],"@id":"https:\/\/pre.efe.com\/pt-br\/mundo-2\/2022-09-22\/policia-da-nicaragua-proibe-procissoes-e-comemoracoes-biblicas\/","url":"https:\/\/pre.efe.com\/pt-br\/mundo-2\/2022-09-22\/policia-da-nicaragua-proibe-procissoes-e-comemoracoes-biblicas\/","name":"Nicar\u00e1gua-pro\u00edbe-prociss\u00f5es-biblia","isPartOf":{"@id":"https:\/\/pre.efe.com\/pt-br\/#website"},"primaryImageOfPage":{"@id":"https:\/\/pre.efe.com\/pt-br\/mundo-2\/2022-09-22\/policia-da-nicaragua-proibe-procissoes-e-comemoracoes-biblicas\/#primaryimage"},"image":{"@id":"https:\/\/pre.efe.com\/pt-br\/mundo-2\/2022-09-22\/policia-da-nicaragua-proibe-procissoes-e-comemoracoes-biblicas\/#primaryimage"},"thumbnailUrl":"https:\/\/pre.efe.com\/wp-content\/uploads\/2022\/09\/AME7302-NICARAGUA-POLITICA.jpg","datePublished":"2022-09-22T18:03:37+00:00","dateModified":"2024-10-09T09:04:43+00:00","description":"Pol\u00edcia Nacional da Nicar\u00e1gua proibiu duas prociss\u00f5es cat\u00f3licas e a comemora\u00e7\u00e3o do 453\u00ba anivers\u00e1rio da tradu\u00e7\u00e3o da B\u00edblia para o espanhol","breadcrumb":{"@id":"https:\/\/pre.efe.com\/pt-br\/mundo-2\/2022-09-22\/policia-da-nicaragua-proibe-procissoes-e-comemoracoes-biblicas\/#breadcrumb"},"inLanguage":"pt-BR","potentialAction":[{"@type":"ReadAction","target":["https:\/\/pre.efe.com\/pt-br\/mundo-2\/2022-09-22\/policia-da-nicaragua-proibe-procissoes-e-comemoracoes-biblicas\/"]}]},{"@type":"ImageObject","inLanguage":"pt-BR","@id":"https:\/\/pre.efe.com\/pt-br\/mundo-2\/2022-09-22\/policia-da-nicaragua-proibe-procissoes-e-comemoracoes-biblicas\/#primaryimage","url":"https:\/\/pre.efe.com\/wp-content\/uploads\/2022\/09\/AME7302-NICARAGUA-POLITICA.jpg","contentUrl":"https:\/\/pre.efe.com\/wp-content\/uploads\/2022\/09\/AME7302-NICARAGUA-POLITICA.jpg","width":1920,"height":1298,"caption":"AME7304. MANAGUA (NICARAGUA), 21\/02\/2022.- Fotograf\u00eda de una pantalla de un televisor mientras el presidente de Nicaragua, Daniel Ortega, participa de un acto en homenaje al 88 aniversario de la muerte del General Augusto C. Sandino, hoy en Managua (Nicaragua). EFE\/Jorge Torres"},{"@type":"BreadcrumbList","@id":"https:\/\/pre.efe.com\/pt-br\/mundo-2\/2022-09-22\/policia-da-nicaragua-proibe-procissoes-e-comemoracoes-biblicas\/#breadcrumb","itemListElement":[{"@type":"ListItem","position":1,"name":"Portada","item":"https:\/\/pre.efe.com\/pt-br\/"},{"@type":"ListItem","position":2,"name":"Pol\u00edcia da Nicar\u00e1gua pro\u00edbe prociss\u00f5es e comemora\u00e7\u00f5es b\u00edblicas"}]},{"@type":"WebSite","@id":"https:\/\/pre.efe.com\/pt-br\/#website","url":"https:\/\/pre.efe.com\/pt-br\/","name":"EFE Noticias","description":"","publisher":{"@id":"https:\/\/pre.efe.com\/pt-br\/#organization"},"potentialAction":[{"@type":"SearchAction","target":{"@type":"EntryPoint","urlTemplate":"https:\/\/pre.efe.com\/pt-br\/?s={search_term_string}"},"query-input":{"@type":"PropertyValueSpecification","valueRequired":true,"valueName":"search_term_string"}}],"inLanguage":"pt-BR"},{"@type":"Organization","@id":"https:\/\/pre.efe.com\/pt-br\/#organization","name":"Agencia EFE","url":"https:\/\/pre.efe.com\/pt-br\/","logo":{"@type":"ImageObject","inLanguage":"pt-BR","@id":"https:\/\/pre.efe.com\/pt-br\/#\/schema\/logo\/image\/","url":"https:\/\/pre.efe.com\/wp-content\/uploads\/2023\/06\/logo-efe-467.png","contentUrl":"https:\/\/pre.efe.com\/wp-content\/uploads\/2023\/06\/logo-efe-467.png","width":467,"height":467,"caption":"Agencia EFE"},"image":{"@id":"https:\/\/pre.efe.com\/pt-br\/#\/schema\/logo\/image\/"},"sameAs":["https:\/\/www.facebook.com\/AgenciaEFEnoticias\/","https:\/\/x.com\/efenoticias","https:\/\/www.instagram.com\/efe_noticias\/","http:\/\/www.youtube.com\/efe"]},{"@type":"Person","@id":"https:\/\/pre.efe.com\/pt-br\/#\/schema\/person\/c8c047900fe822135c5dfe18a69664f4","name":"manuelperezefe","image":{"@type":"ImageObject","inLanguage":"pt-BR","@id":"https:\/\/secure.gravatar.com\/avatar\/a6fd18d9072b150b9ba2a1672f7376f89fea0722b25bef234c1ed8d93c9af0d5?s=96&d=identicon&r=g","url":"https:\/\/secure.gravatar.com\/avatar\/a6fd18d9072b150b9ba2a1672f7376f89fea0722b25bef234c1ed8d93c9af0d5?s=96&d=identicon&r=g","contentUrl":"https:\/\/secure.gravatar.com\/avatar\/a6fd18d9072b150b9ba2a1672f7376f89fea0722b25bef234c1ed8d93c9af0d5?s=96&d=identicon&r=g","caption":"manuelperezefe"},"url":"https:\/\/pre.efe.com\/pt-br\/autor\/manuelperezefe\/"}]}},"jetpack_featured_media_url":"https:\/\/pre.efe.com\/wp-content\/uploads\/2022\/09\/AME7302-NICARAGUA-POLITICA.jpg","jetpack_shortlink":"https:\/\/wp.me\/peJvHm-mw8","jetpack_sharing_enabled":true,"_links":{"self":[{"href":"https:\/\/pre.efe.com\/pt-br\/wp-json\/wp\/v2\/posts\/86560","targetHints":{"allow":["GET"]}}],"collection":[{"href":"https:\/\/pre.efe.com\/pt-br\/wp-json\/wp\/v2\/posts"}],"about":[{"href":"https:\/\/pre.efe.com\/pt-br\/wp-json\/wp\/v2\/types\/post"}],"author":[{"embeddable":true,"href":"https:\/\/pre.efe.com\/pt-br\/wp-json\/wp\/v2\/users\/198164108"}],"replies":[{"embeddable":true,"href":"https:\/\/pre.efe.com\/pt-br\/wp-json\/wp\/v2\/comments?post=86560"}],"version-history":[{"count":3,"href":"https:\/\/pre.efe.com\/pt-br\/wp-json\/wp\/v2\/posts\/86560\/revisions"}],"predecessor-version":[{"id":86576,"href":"https:\/\/pre.efe.com\/pt-br\/wp-json\/wp\/v2\/posts\/86560\/revisions\/86576"}],"wp:featuredmedia":[{"embeddable":true,"href":"https:\/\/pre.efe.com\/pt-br\/wp-json\/wp\/v2\/media\/86571"}],"wp:attachment":[{"href":"https:\/\/pre.efe.com\/pt-br\/wp-json\/wp\/v2\/media?parent=86560"}],"wp:term":[{"taxonomy":"category","embeddable":true,"href":"https:\/\/pre.efe.com\/pt-br\/wp-json\/wp\/v2\/categories?post=86560"},{"taxonomy":"post_tag","embeddable":true,"href":"https:\/\/pre.efe.com\/pt-br\/wp-json\/wp\/v2\/tags?post=86560"}],"curies":[{"name":"wp","href":"https:\/\/api.w.org\/{rel}","templated":true}]}}