{"id":868426,"date":"2024-01-22T19:07:17","date_gmt":"2024-01-22T18:07:17","guid":{"rendered":"https:\/\/pre.efe.com\/?p=868426"},"modified":"2024-10-07T16:35:22","modified_gmt":"2024-10-07T14:35:22","slug":"ministros-da-ue-apoiam-plano-de-paz-para-o-oriente-medio-que-exija-dois-estados","status":"publish","type":"post","link":"https:\/\/pre.efe.com\/pt-br\/mundo-2\/2024-01-22\/ministros-da-ue-apoiam-plano-de-paz-para-o-oriente-medio-que-exija-dois-estados\/","title":{"rendered":"Ministros da UE apoiam plano de paz para o Oriente M\u00e9dio que exija dois Estados"},"content":{"rendered":"\n<p>Bruxelas (EFE).- Os ministros das Rela\u00e7\u00f5es Exteriores da Uni\u00e3o Europeia (UE) manifestaram nesta segunda-feira seu apoio \u00e0 exig\u00eancia de uma solu\u00e7\u00e3o de dois Estados no Oriente M\u00e9dio, como solicitado por um plano de paz delineado pelo chefe da diplomacia comunit\u00e1ria, Josep Borrell.<\/p>\n\n\n\n<p>\u201cPenso que temos de parar de falar sobre paz, de processo de paz, e come\u00e7ar a falar mais especificamente sobre um processo para uma solu\u00e7\u00e3o de dois Estados (\u2026) A forma como o nomeamos \u00e9 importante\u201d, disse Borrell durante sua chegada a um Conselho de Ministros das Rela\u00e7\u00f5es Exteriores da UE.<\/p>\n\n\n\n<p>Os ministros europeus trocaram pontos de vista separadamente com os seus hom\u00f3logos de Israel, Autoridade Palestina, Ar\u00e1bia Saudita, Egito e Jord\u00e2nia, bem como com o secret\u00e1rio-geral da Liga \u00c1rabe, que foram convidados a Bruxelas.<\/p>\n\n\n\n<p>Borrell apresentar\u00e1 um dec\u00e1logo para acabar com o conflito entre Israel e Palestina e que contempla a cria\u00e7\u00e3o de um Estado palestino e a normaliza\u00e7\u00e3o das rela\u00e7\u00f5es entre Israel e o mundo \u00e1rabe.<\/p>\n\n\n\n<p>Prev\u00ea que a comunidade internacional tome a iniciativa nas conversa\u00e7\u00f5es e que posteriormente israelenses e palestinos se sentem para negociar diretamente, entre os quais exclui a presen\u00e7a do grupo isl\u00e2mico Hamas.<\/p>\n\n\n\n<p>Uma ideia de que a solu\u00e7\u00e3o vem de fora que Borrell j\u00e1 expressou no \u00faltimo dia 3, em Lisboa, quando disse que \u201ca paz s\u00f3 pode ser alcan\u00e7ada de forma duradoura se a comunidade internacional estiver dramaticamente envolvida na sua concretiza\u00e7\u00e3o e impor uma solu\u00e7\u00e3o\u201d.<\/p>\n\n\n\n<h2 class=\"wp-block-heading\" id=\"h-o-caminho-para-a-paz\">O caminho para a paz<\/h2>\n\n\n\n<p>\u201cCreio que devemos impor a paz. Creio que todos sabem que o \u00fanico caminho \u00e9 uma paz integral baseada na solu\u00e7\u00e3o de dois Estados\u201d, concordou o ministro das Rela\u00e7\u00f5es Exteriores da Jord\u00e2nia, Ayman Safadi, \u00e0 sua chegada ao Conselho.<\/p>\n\n\n\n<p>Diante da recusa do primeiro-ministro israelense, Benjamin Netanyahu, \u00e0 solu\u00e7\u00e3o de dois Estados, Borrell afirmou estar ciente de que tem \u201cuma posi\u00e7\u00e3o diferente\u201d, mas lembrou que as Na\u00e7\u00f5es Unidas solicitaram esta medida e que \u201ctoda a comunidade internacional a apoia\u201d.<\/p>\n\n\n\n<p>\u201cAs declara\u00e7\u00f5es do primeiro-ministro Netanyahu s\u00e3o inaceit\u00e1veis e n\u00e3o contribuem de forma alguma para as perspectivas de paz\u201d, afirmou o ministro irland\u00eas, Miche\u00e1l Martin, que pediu ao l\u00edder israelense \u201cque ou\u00e7a a grande maioria do mundo que quer a paz e que quer uma solu\u00e7\u00e3o de dois Estados&#8221;.<\/p>\n\n\n\n<p>A ministra finlandesa, Elina Valtonen, afirmou que a rejei\u00e7\u00e3o de Netanyahu \u00e0 cria\u00e7\u00e3o do Estado palestino \u201cn\u00e3o \u00e9 uma posi\u00e7\u00e3o aceit\u00e1vel\u201d e garantiu que, at\u00e9 que esse objetivo seja alcan\u00e7ado, n\u00e3o haver\u00e1 paz em toda a regi\u00e3o do Oriente M\u00e9dio.<\/p>\n\n\n\n<p>Para conseguir isso, o chefe da diplomacia da Let\u00f4nia, Krisjanis Karins, defendeu por pressionar Israel economicamente.<\/p>\n\n\n\n<p>\u201cA maior capacidade de influ\u00eancia da Europa sempre foi sua carteira (\u2026) Vemos que nas pol\u00edticas europeias, o dinheiro pode ajudar a focar as mentes e penso que tamb\u00e9m temos de come\u00e7ar a pensar nisso a n\u00edvel internacional\u201d, disse.<\/p>\n\n\n\n<h2 class=\"wp-block-heading\" id=\"h-a-preocupanteposicao-de-netanyahu\">A preocupanteposi\u00e7\u00e3o de Netanyahu<\/h2>\n\n\n\n<p>\u201cA posi\u00e7\u00e3o de Netanyahu \u00e9 preocupante, ser\u00e1 necess\u00e1ria uma solu\u00e7\u00e3o de dois Estados\u201d, insistiu o ministro franc\u00eas, St\u00e9phane S\u00e9journ\u00e9.<\/p>\n\n\n\n<p>O chanceler de Luxemburgo, Xavier Bettel, considerou que o plano de Borrell \u201cvai na dire\u00e7\u00e3o certa\u201d, embora tenha destacado que o que deve ser alcan\u00e7ado agora \u00e9 um cessar-fogo.<\/p>\n\n\n\n<p>O mesmo foi solicitado pelo ministro sueco, Tobias Billstr\u00f6m, e pelo ministro espanhol, Jos\u00e9 Manuel Albares, que exigiram um cessar-fogo e a \u201cmaterializa\u00e7\u00e3o\u201d do Estado palestino.<\/p>\n\n\n\n<p>A titular do Minist\u00e9rio das Rela\u00e7\u00f5es Exteriores alem\u00e3o, Annalena Baerbock, disse que a cria\u00e7\u00e3o dos dois Estados \u00e9 \u201ccomplexa\u201d, mas apelou \u201ca n\u00e3o enterrar a cabe\u00e7a na areia\u201d e \u201cfazer todo o poss\u00edvel para aliviar o sofrimento dram\u00e1tico\u201d de israelenses e palestinos. EFE<\/p>\n","protected":false},"excerpt":{"rendered":"<p>Bruxelas (EFE).- Os ministros das Rela\u00e7\u00f5es Exteriores da Uni\u00e3o Europeia (UE) manifestaram nesta segunda-feira seu apoio \u00e0 exig\u00eancia de uma solu\u00e7\u00e3o de dois Estados no Oriente M\u00e9dio, como solicitado por um plano de paz delineado pelo chefe da diplomacia comunit\u00e1ria, Josep Borrell. \u201cPenso que temos de parar de falar sobre paz, de processo de paz, &#8230; <a title=\"Ministros da UE apoiam plano de paz para o Oriente M\u00e9dio que exija dois Estados\" class=\"read-more\" href=\"https:\/\/pre.efe.com\/pt-br\/mundo-2\/2024-01-22\/ministros-da-ue-apoiam-plano-de-paz-para-o-oriente-medio-que-exija-dois-estados\/\" aria-label=\"Read more about Ministros da UE apoiam plano de paz para o Oriente M\u00e9dio que exija dois Estados\">Leia mais<\/a><\/p>\n","protected":false},"author":198164106,"featured_media":842679,"comment_status":"closed","ping_status":"closed","sticky":false,"template":"","format":"standard","meta":{"_acf_changed":false,"_jetpack_memberships_contains_paid_content":false,"footnotes":""},"categories":[123208],"tags":[122791,125226],"class_list":["post-868426","post","type-post","status-publish","format-standard","has-post-thumbnail","hentry","category-mundo-2","tag-guerra-2","tag-israel","generate-columns","tablet-grid-50","mobile-grid-100","grid-parent","grid-50"],"acf":[],"yoast_head":"<!-- This site is optimized with the Yoast SEO Premium plugin v26.0 (Yoast SEO v27.4) - https:\/\/yoast.com\/product\/yoast-seo-premium-wordpress\/ -->\n<title>Ministros da UE apoiam plano de paz para o Oriente M\u00e9dio que exija dois Estados - EFE<\/title>\n<meta name=\"robots\" content=\"noindex, follow\" \/>\n<meta property=\"og:locale\" content=\"pt_BR\" \/>\n<meta property=\"og:type\" content=\"article\" \/>\n<meta property=\"og:title\" content=\"Ministros da UE apoiam plano de paz para o Oriente M\u00e9dio que exija dois Estados - EFE\" \/>\n<meta property=\"og:description\" content=\"Bruxelas (EFE).- Os ministros das Rela\u00e7\u00f5es Exteriores da Uni\u00e3o Europeia (UE) manifestaram nesta segunda-feira seu apoio \u00e0 exig\u00eancia de uma solu\u00e7\u00e3o de dois Estados no Oriente M\u00e9dio, como solicitado por um plano de paz delineado pelo chefe da diplomacia comunit\u00e1ria, Josep Borrell. \u201cPenso que temos de parar de falar sobre paz, de processo de paz, ... Leia mais\" \/>\n<meta property=\"og:url\" content=\"https:\/\/pre.efe.com\/pt-br\/mundo-2\/2024-01-22\/ministros-da-ue-apoiam-plano-de-paz-para-o-oriente-medio-que-exija-dois-estados\/\" \/>\n<meta property=\"og:site_name\" content=\"EFE Noticias\" \/>\n<meta property=\"article:publisher\" content=\"https:\/\/www.facebook.com\/AgenciaEFEnoticias\/\" \/>\n<meta property=\"article:published_time\" content=\"2024-01-22T18:07:17+00:00\" \/>\n<meta property=\"article:modified_time\" content=\"2024-10-07T14:35:22+00:00\" \/>\n<meta property=\"og:image\" content=\"https:\/\/i0.wp.com\/efe.com\/\/srv\/htdocs\/wp-content\/uploads\/2024\/01\/EA4447-BELGIUM-EU-SUMMIT.jpg?fit=900%2C600&ssl=1\" \/>\n\t<meta property=\"og:image:width\" content=\"900\" \/>\n\t<meta property=\"og:image:height\" content=\"600\" \/>\n\t<meta property=\"og:image:type\" content=\"image\/jpeg\" \/>\n<meta name=\"author\" content=\"anachain\" \/>\n<meta name=\"twitter:card\" content=\"summary_large_image\" \/>\n<meta name=\"twitter:creator\" content=\"@efenoticias\" \/>\n<meta name=\"twitter:site\" content=\"@efenoticias\" \/>\n<script type=\"application\/ld+json\" class=\"yoast-schema-graph\">{\"@context\":\"https:\\\/\\\/schema.org\",\"@graph\":[{\"@type\":\"NewsArticle\",\"@id\":\"https:\\\/\\\/pre.efe.com\\\/pt-br\\\/mundo-2\\\/2024-01-22\\\/ministros-da-ue-apoiam-plano-de-paz-para-o-oriente-medio-que-exija-dois-estados\\\/#article\",\"isPartOf\":{\"@id\":\"https:\\\/\\\/pre.efe.com\\\/pt-br\\\/mundo-2\\\/2024-01-22\\\/ministros-da-ue-apoiam-plano-de-paz-para-o-oriente-medio-que-exija-dois-estados\\\/\"},\"author\":{\"name\":\"anachain\",\"@id\":\"https:\\\/\\\/pre.efe.com\\\/pt-br\\\/#\\\/schema\\\/person\\\/b19f23f210db552768f68a4b552b004f\"},\"headline\":\"Ministros da UE apoiam plano de paz para o Oriente M\u00e9dio que exija dois Estados\",\"datePublished\":\"2024-01-22T18:07:17+00:00\",\"dateModified\":\"2024-10-07T14:35:22+00:00\",\"mainEntityOfPage\":{\"@id\":\"https:\\\/\\\/pre.efe.com\\\/pt-br\\\/mundo-2\\\/2024-01-22\\\/ministros-da-ue-apoiam-plano-de-paz-para-o-oriente-medio-que-exija-dois-estados\\\/\"},\"wordCount\":661,\"publisher\":{\"@id\":\"https:\\\/\\\/pre.efe.com\\\/pt-br\\\/#organization\"},\"image\":{\"@id\":\"https:\\\/\\\/pre.efe.com\\\/pt-br\\\/mundo-2\\\/2024-01-22\\\/ministros-da-ue-apoiam-plano-de-paz-para-o-oriente-medio-que-exija-dois-estados\\\/#primaryimage\"},\"thumbnailUrl\":\"https:\\\/\\\/pre.efe.com\\\/wp-content\\\/uploads\\\/2024\\\/01\\\/EA4447-BELGIUM-EU-SUMMIT.jpg\",\"keywords\":[\"Guerra\",\"Israel\"],\"articleSection\":[\"Mundo\"],\"inLanguage\":\"pt-BR\",\"copyrightYear\":\"2024\",\"copyrightHolder\":{\"@id\":\"https:\\\/\\\/pre.efe.com\\\/#organization\"}},{\"@type\":[\"WebPage\",\"ItemPage\"],\"@id\":\"https:\\\/\\\/pre.efe.com\\\/pt-br\\\/mundo-2\\\/2024-01-22\\\/ministros-da-ue-apoiam-plano-de-paz-para-o-oriente-medio-que-exija-dois-estados\\\/\",\"url\":\"https:\\\/\\\/pre.efe.com\\\/pt-br\\\/mundo-2\\\/2024-01-22\\\/ministros-da-ue-apoiam-plano-de-paz-para-o-oriente-medio-que-exija-dois-estados\\\/\",\"name\":\"Ministros da UE apoiam plano de paz para o Oriente M\u00e9dio que exija dois Estados - EFE\",\"isPartOf\":{\"@id\":\"https:\\\/\\\/pre.efe.com\\\/pt-br\\\/#website\"},\"primaryImageOfPage\":{\"@id\":\"https:\\\/\\\/pre.efe.com\\\/pt-br\\\/mundo-2\\\/2024-01-22\\\/ministros-da-ue-apoiam-plano-de-paz-para-o-oriente-medio-que-exija-dois-estados\\\/#primaryimage\"},\"image\":{\"@id\":\"https:\\\/\\\/pre.efe.com\\\/pt-br\\\/mundo-2\\\/2024-01-22\\\/ministros-da-ue-apoiam-plano-de-paz-para-o-oriente-medio-que-exija-dois-estados\\\/#primaryimage\"},\"thumbnailUrl\":\"https:\\\/\\\/pre.efe.com\\\/wp-content\\\/uploads\\\/2024\\\/01\\\/EA4447-BELGIUM-EU-SUMMIT.jpg\",\"datePublished\":\"2024-01-22T18:07:17+00:00\",\"dateModified\":\"2024-10-07T14:35:22+00:00\",\"breadcrumb\":{\"@id\":\"https:\\\/\\\/pre.efe.com\\\/pt-br\\\/mundo-2\\\/2024-01-22\\\/ministros-da-ue-apoiam-plano-de-paz-para-o-oriente-medio-que-exija-dois-estados\\\/#breadcrumb\"},\"inLanguage\":\"pt-BR\",\"potentialAction\":[{\"@type\":\"ReadAction\",\"target\":[\"https:\\\/\\\/pre.efe.com\\\/pt-br\\\/mundo-2\\\/2024-01-22\\\/ministros-da-ue-apoiam-plano-de-paz-para-o-oriente-medio-que-exija-dois-estados\\\/\"]}]},{\"@type\":\"ImageObject\",\"inLanguage\":\"pt-BR\",\"@id\":\"https:\\\/\\\/pre.efe.com\\\/pt-br\\\/mundo-2\\\/2024-01-22\\\/ministros-da-ue-apoiam-plano-de-paz-para-o-oriente-medio-que-exija-dois-estados\\\/#primaryimage\",\"url\":\"https:\\\/\\\/pre.efe.com\\\/wp-content\\\/uploads\\\/2024\\\/01\\\/EA4447-BELGIUM-EU-SUMMIT.jpg\",\"contentUrl\":\"https:\\\/\\\/pre.efe.com\\\/wp-content\\\/uploads\\\/2024\\\/01\\\/EA4447-BELGIUM-EU-SUMMIT.jpg\",\"width\":900,\"height\":600,\"caption\":\"Josep Borrell. EFE\\\/Arquivo\\\/OLIVIER MATTHYS\"},{\"@type\":\"BreadcrumbList\",\"@id\":\"https:\\\/\\\/pre.efe.com\\\/pt-br\\\/mundo-2\\\/2024-01-22\\\/ministros-da-ue-apoiam-plano-de-paz-para-o-oriente-medio-que-exija-dois-estados\\\/#breadcrumb\",\"itemListElement\":[{\"@type\":\"ListItem\",\"position\":1,\"name\":\"Portada\",\"item\":\"https:\\\/\\\/pre.efe.com\\\/pt-br\\\/\"},{\"@type\":\"ListItem\",\"position\":2,\"name\":\"Ministros da UE apoiam plano de paz para o Oriente M\u00e9dio que exija dois Estados\"}]},{\"@type\":\"WebSite\",\"@id\":\"https:\\\/\\\/pre.efe.com\\\/pt-br\\\/#website\",\"url\":\"https:\\\/\\\/pre.efe.com\\\/pt-br\\\/\",\"name\":\"EFE Noticias\",\"description\":\"\",\"publisher\":{\"@id\":\"https:\\\/\\\/pre.efe.com\\\/pt-br\\\/#organization\"},\"potentialAction\":[{\"@type\":\"SearchAction\",\"target\":{\"@type\":\"EntryPoint\",\"urlTemplate\":\"https:\\\/\\\/pre.efe.com\\\/pt-br\\\/?s={search_term_string}\"},\"query-input\":{\"@type\":\"PropertyValueSpecification\",\"valueRequired\":true,\"valueName\":\"search_term_string\"}}],\"inLanguage\":\"pt-BR\"},{\"@type\":\"Organization\",\"@id\":\"https:\\\/\\\/pre.efe.com\\\/pt-br\\\/#organization\",\"name\":\"Agencia EFE\",\"url\":\"https:\\\/\\\/pre.efe.com\\\/pt-br\\\/\",\"logo\":{\"@type\":\"ImageObject\",\"inLanguage\":\"pt-BR\",\"@id\":\"https:\\\/\\\/pre.efe.com\\\/pt-br\\\/#\\\/schema\\\/logo\\\/image\\\/\",\"url\":\"https:\\\/\\\/pre.efe.com\\\/wp-content\\\/uploads\\\/2023\\\/06\\\/logo-efe-467.png\",\"contentUrl\":\"https:\\\/\\\/pre.efe.com\\\/wp-content\\\/uploads\\\/2023\\\/06\\\/logo-efe-467.png\",\"width\":467,\"height\":467,\"caption\":\"Agencia EFE\"},\"image\":{\"@id\":\"https:\\\/\\\/pre.efe.com\\\/pt-br\\\/#\\\/schema\\\/logo\\\/image\\\/\"},\"sameAs\":[\"https:\\\/\\\/www.facebook.com\\\/AgenciaEFEnoticias\\\/\",\"https:\\\/\\\/x.com\\\/efenoticias\",\"https:\\\/\\\/www.instagram.com\\\/efe_noticias\\\/\",\"http:\\\/\\\/www.youtube.com\\\/efe\"]},{\"@type\":\"Person\",\"@id\":\"https:\\\/\\\/pre.efe.com\\\/pt-br\\\/#\\\/schema\\\/person\\\/b19f23f210db552768f68a4b552b004f\",\"name\":\"anachain\",\"image\":{\"@type\":\"ImageObject\",\"inLanguage\":\"pt-BR\",\"@id\":\"https:\\\/\\\/secure.gravatar.com\\\/avatar\\\/30b83965911ef1108bb893c00bdd65c885f9890e1265ee04b02c3d5adc785d37?s=96&d=identicon&r=g\",\"url\":\"https:\\\/\\\/secure.gravatar.com\\\/avatar\\\/30b83965911ef1108bb893c00bdd65c885f9890e1265ee04b02c3d5adc785d37?s=96&d=identicon&r=g\",\"contentUrl\":\"https:\\\/\\\/secure.gravatar.com\\\/avatar\\\/30b83965911ef1108bb893c00bdd65c885f9890e1265ee04b02c3d5adc785d37?s=96&d=identicon&r=g\",\"caption\":\"anachain\"},\"url\":\"https:\\\/\\\/pre.efe.com\\\/pt-br\\\/autor\\\/anachain\\\/\"}]}<\/script>\n<!-- \/ Yoast SEO Premium plugin. -->","yoast_head_json":{"title":"Ministros da UE apoiam plano de paz para o Oriente M\u00e9dio que exija dois Estados - EFE","robots":{"index":"noindex","follow":"follow"},"og_locale":"pt_BR","og_type":"article","og_title":"Ministros da UE apoiam plano de paz para o Oriente M\u00e9dio que exija dois Estados - EFE","og_description":"Bruxelas (EFE).- Os ministros das Rela\u00e7\u00f5es Exteriores da Uni\u00e3o Europeia (UE) manifestaram nesta segunda-feira seu apoio \u00e0 exig\u00eancia de uma solu\u00e7\u00e3o de dois Estados no Oriente M\u00e9dio, como solicitado por um plano de paz delineado pelo chefe da diplomacia comunit\u00e1ria, Josep Borrell. \u201cPenso que temos de parar de falar sobre paz, de processo de paz, ... Leia mais","og_url":"https:\/\/pre.efe.com\/pt-br\/mundo-2\/2024-01-22\/ministros-da-ue-apoiam-plano-de-paz-para-o-oriente-medio-que-exija-dois-estados\/","og_site_name":"EFE Noticias","article_publisher":"https:\/\/www.facebook.com\/AgenciaEFEnoticias\/","article_published_time":"2024-01-22T18:07:17+00:00","article_modified_time":"2024-10-07T14:35:22+00:00","og_image":[{"width":900,"height":600,"url":"https:\/\/i0.wp.com\/efe.com\/\/srv\/htdocs\/wp-content\/uploads\/2024\/01\/EA4447-BELGIUM-EU-SUMMIT.jpg?fit=900%2C600&ssl=1","type":"image\/jpeg"}],"author":"anachain","twitter_card":"summary_large_image","twitter_creator":"@efenoticias","twitter_site":"@efenoticias","schema":{"@context":"https:\/\/schema.org","@graph":[{"@type":"NewsArticle","@id":"https:\/\/pre.efe.com\/pt-br\/mundo-2\/2024-01-22\/ministros-da-ue-apoiam-plano-de-paz-para-o-oriente-medio-que-exija-dois-estados\/#article","isPartOf":{"@id":"https:\/\/pre.efe.com\/pt-br\/mundo-2\/2024-01-22\/ministros-da-ue-apoiam-plano-de-paz-para-o-oriente-medio-que-exija-dois-estados\/"},"author":{"name":"anachain","@id":"https:\/\/pre.efe.com\/pt-br\/#\/schema\/person\/b19f23f210db552768f68a4b552b004f"},"headline":"Ministros da UE apoiam plano de paz para o Oriente M\u00e9dio que exija dois Estados","datePublished":"2024-01-22T18:07:17+00:00","dateModified":"2024-10-07T14:35:22+00:00","mainEntityOfPage":{"@id":"https:\/\/pre.efe.com\/pt-br\/mundo-2\/2024-01-22\/ministros-da-ue-apoiam-plano-de-paz-para-o-oriente-medio-que-exija-dois-estados\/"},"wordCount":661,"publisher":{"@id":"https:\/\/pre.efe.com\/pt-br\/#organization"},"image":{"@id":"https:\/\/pre.efe.com\/pt-br\/mundo-2\/2024-01-22\/ministros-da-ue-apoiam-plano-de-paz-para-o-oriente-medio-que-exija-dois-estados\/#primaryimage"},"thumbnailUrl":"https:\/\/pre.efe.com\/wp-content\/uploads\/2024\/01\/EA4447-BELGIUM-EU-SUMMIT.jpg","keywords":["Guerra","Israel"],"articleSection":["Mundo"],"inLanguage":"pt-BR","copyrightYear":"2024","copyrightHolder":{"@id":"https:\/\/pre.efe.com\/#organization"}},{"@type":["WebPage","ItemPage"],"@id":"https:\/\/pre.efe.com\/pt-br\/mundo-2\/2024-01-22\/ministros-da-ue-apoiam-plano-de-paz-para-o-oriente-medio-que-exija-dois-estados\/","url":"https:\/\/pre.efe.com\/pt-br\/mundo-2\/2024-01-22\/ministros-da-ue-apoiam-plano-de-paz-para-o-oriente-medio-que-exija-dois-estados\/","name":"Ministros da UE apoiam plano de paz para o Oriente M\u00e9dio que exija dois Estados - EFE","isPartOf":{"@id":"https:\/\/pre.efe.com\/pt-br\/#website"},"primaryImageOfPage":{"@id":"https:\/\/pre.efe.com\/pt-br\/mundo-2\/2024-01-22\/ministros-da-ue-apoiam-plano-de-paz-para-o-oriente-medio-que-exija-dois-estados\/#primaryimage"},"image":{"@id":"https:\/\/pre.efe.com\/pt-br\/mundo-2\/2024-01-22\/ministros-da-ue-apoiam-plano-de-paz-para-o-oriente-medio-que-exija-dois-estados\/#primaryimage"},"thumbnailUrl":"https:\/\/pre.efe.com\/wp-content\/uploads\/2024\/01\/EA4447-BELGIUM-EU-SUMMIT.jpg","datePublished":"2024-01-22T18:07:17+00:00","dateModified":"2024-10-07T14:35:22+00:00","breadcrumb":{"@id":"https:\/\/pre.efe.com\/pt-br\/mundo-2\/2024-01-22\/ministros-da-ue-apoiam-plano-de-paz-para-o-oriente-medio-que-exija-dois-estados\/#breadcrumb"},"inLanguage":"pt-BR","potentialAction":[{"@type":"ReadAction","target":["https:\/\/pre.efe.com\/pt-br\/mundo-2\/2024-01-22\/ministros-da-ue-apoiam-plano-de-paz-para-o-oriente-medio-que-exija-dois-estados\/"]}]},{"@type":"ImageObject","inLanguage":"pt-BR","@id":"https:\/\/pre.efe.com\/pt-br\/mundo-2\/2024-01-22\/ministros-da-ue-apoiam-plano-de-paz-para-o-oriente-medio-que-exija-dois-estados\/#primaryimage","url":"https:\/\/pre.efe.com\/wp-content\/uploads\/2024\/01\/EA4447-BELGIUM-EU-SUMMIT.jpg","contentUrl":"https:\/\/pre.efe.com\/wp-content\/uploads\/2024\/01\/EA4447-BELGIUM-EU-SUMMIT.jpg","width":900,"height":600,"caption":"Josep Borrell. EFE\/Arquivo\/OLIVIER MATTHYS"},{"@type":"BreadcrumbList","@id":"https:\/\/pre.efe.com\/pt-br\/mundo-2\/2024-01-22\/ministros-da-ue-apoiam-plano-de-paz-para-o-oriente-medio-que-exija-dois-estados\/#breadcrumb","itemListElement":[{"@type":"ListItem","position":1,"name":"Portada","item":"https:\/\/pre.efe.com\/pt-br\/"},{"@type":"ListItem","position":2,"name":"Ministros da UE apoiam plano de paz para o Oriente M\u00e9dio que exija dois Estados"}]},{"@type":"WebSite","@id":"https:\/\/pre.efe.com\/pt-br\/#website","url":"https:\/\/pre.efe.com\/pt-br\/","name":"EFE Noticias","description":"","publisher":{"@id":"https:\/\/pre.efe.com\/pt-br\/#organization"},"potentialAction":[{"@type":"SearchAction","target":{"@type":"EntryPoint","urlTemplate":"https:\/\/pre.efe.com\/pt-br\/?s={search_term_string}"},"query-input":{"@type":"PropertyValueSpecification","valueRequired":true,"valueName":"search_term_string"}}],"inLanguage":"pt-BR"},{"@type":"Organization","@id":"https:\/\/pre.efe.com\/pt-br\/#organization","name":"Agencia EFE","url":"https:\/\/pre.efe.com\/pt-br\/","logo":{"@type":"ImageObject","inLanguage":"pt-BR","@id":"https:\/\/pre.efe.com\/pt-br\/#\/schema\/logo\/image\/","url":"https:\/\/pre.efe.com\/wp-content\/uploads\/2023\/06\/logo-efe-467.png","contentUrl":"https:\/\/pre.efe.com\/wp-content\/uploads\/2023\/06\/logo-efe-467.png","width":467,"height":467,"caption":"Agencia EFE"},"image":{"@id":"https:\/\/pre.efe.com\/pt-br\/#\/schema\/logo\/image\/"},"sameAs":["https:\/\/www.facebook.com\/AgenciaEFEnoticias\/","https:\/\/x.com\/efenoticias","https:\/\/www.instagram.com\/efe_noticias\/","http:\/\/www.youtube.com\/efe"]},{"@type":"Person","@id":"https:\/\/pre.efe.com\/pt-br\/#\/schema\/person\/b19f23f210db552768f68a4b552b004f","name":"anachain","image":{"@type":"ImageObject","inLanguage":"pt-BR","@id":"https:\/\/secure.gravatar.com\/avatar\/30b83965911ef1108bb893c00bdd65c885f9890e1265ee04b02c3d5adc785d37?s=96&d=identicon&r=g","url":"https:\/\/secure.gravatar.com\/avatar\/30b83965911ef1108bb893c00bdd65c885f9890e1265ee04b02c3d5adc785d37?s=96&d=identicon&r=g","contentUrl":"https:\/\/secure.gravatar.com\/avatar\/30b83965911ef1108bb893c00bdd65c885f9890e1265ee04b02c3d5adc785d37?s=96&d=identicon&r=g","caption":"anachain"},"url":"https:\/\/pre.efe.com\/pt-br\/autor\/anachain\/"}]}},"jetpack_featured_media_url":"https:\/\/pre.efe.com\/wp-content\/uploads\/2024\/01\/EA4447-BELGIUM-EU-SUMMIT.jpg","jetpack_shortlink":"https:\/\/wp.me\/peJvHm-3DUS","jetpack_sharing_enabled":true,"_links":{"self":[{"href":"https:\/\/pre.efe.com\/pt-br\/wp-json\/wp\/v2\/posts\/868426","targetHints":{"allow":["GET"]}}],"collection":[{"href":"https:\/\/pre.efe.com\/pt-br\/wp-json\/wp\/v2\/posts"}],"about":[{"href":"https:\/\/pre.efe.com\/pt-br\/wp-json\/wp\/v2\/types\/post"}],"author":[{"embeddable":true,"href":"https:\/\/pre.efe.com\/pt-br\/wp-json\/wp\/v2\/users\/198164106"}],"replies":[{"embeddable":true,"href":"https:\/\/pre.efe.com\/pt-br\/wp-json\/wp\/v2\/comments?post=868426"}],"version-history":[{"count":2,"href":"https:\/\/pre.efe.com\/pt-br\/wp-json\/wp\/v2\/posts\/868426\/revisions"}],"predecessor-version":[{"id":868476,"href":"https:\/\/pre.efe.com\/pt-br\/wp-json\/wp\/v2\/posts\/868426\/revisions\/868476"}],"wp:featuredmedia":[{"embeddable":true,"href":"https:\/\/pre.efe.com\/pt-br\/wp-json\/wp\/v2\/media\/842679"}],"wp:attachment":[{"href":"https:\/\/pre.efe.com\/pt-br\/wp-json\/wp\/v2\/media?parent=868426"}],"wp:term":[{"taxonomy":"category","embeddable":true,"href":"https:\/\/pre.efe.com\/pt-br\/wp-json\/wp\/v2\/categories?post=868426"},{"taxonomy":"post_tag","embeddable":true,"href":"https:\/\/pre.efe.com\/pt-br\/wp-json\/wp\/v2\/tags?post=868426"}],"curies":[{"name":"wp","href":"https:\/\/api.w.org\/{rel}","templated":true}]}}