{"id":88532,"date":"2022-09-23T21:11:49","date_gmt":"2022-09-23T19:11:49","guid":{"rendered":"https:\/\/pre.efe.com\/?p=88532"},"modified":"2024-10-07T15:06:30","modified_gmt":"2024-10-07T13:06:30","slug":"cristina-kirchner-se-diz-vitima-de-mentiras-e-difamacoes","status":"publish","type":"post","link":"https:\/\/pre.efe.com\/pt-br\/mundo-2\/2022-09-23\/cristina-kirchner-se-diz-vitima-de-mentiras-e-difamacoes\/","title":{"rendered":"Cristina Kirchner se diz v\u00edtima de &#8220;mentiras e difama\u00e7\u00f5es&#8221;"},"content":{"rendered":"\n<p>Buenos Aires (EFE).-&nbsp;A vice-presidente da Argentina, <a href=\"https:\/\/twitter.com\/CFKArgentina\">Cristina Kirchner<\/a>, alegou nesta sexta-feira, em depoimento ao tribunal que a julga por suposta corrup\u00e7\u00e3o, ser v\u00edtima de &#8220;mentira, cal\u00fania e difama\u00e7\u00e3o&#8221; por parte do Minist\u00e9rio P\u00fablico, que em agosto pediu 12 anos de pris\u00e3o contra ela dentro desse caso.<\/p>\n\n\n\n<p>&#8220;Quero fazer um pedido formal a este tribunal para que, ao final das audi\u00eancias, sejam levados testemunhos de todas e cada uma das mentiras dos promotores contr\u00e1rios \u00e0s provas documentais, periciais e testemunhais deste julgamento&#8221;, disse a tamb\u00e9m ex-presidente argentina, que se considera diante de &#8220;um caso claro de prevarica\u00e7\u00e3o&#8221;.<\/p>\n\n\n\n<p>Por videoconfer\u00eancia, direto de seu gabinete no Senado, ela dep\u00f4s na fase de defesa do julgamento no qual foi acusada pelo Minist\u00e9rio P\u00fablico de concess\u00e3o irregular de obras p\u00fablicas durante seu per\u00edodo como presidente (2007-2015).<\/p>\n\n\n\n<figure class=\"wp-block-image size-full is-resized\"><img fetchpriority=\"high\" decoding=\"async\" src=\"https:\/\/pre.efe.com\/wp-content\/uploads\/2022\/09\/Cristina_Kirchner.jpg\" alt=\"\" class=\"wp-image-88544\" width=\"999\" height=\"665\" srcset=\"https:\/\/pre.efe.com\/wp-content\/uploads\/2022\/09\/Cristina_Kirchner.jpg 900w, https:\/\/pre.efe.com\/wp-content\/uploads\/2022\/09\/Cristina_Kirchner-300x200.jpg 300w, https:\/\/pre.efe.com\/wp-content\/uploads\/2022\/09\/Cristina_Kirchner-768x511.jpg 768w, https:\/\/pre.efe.com\/wp-content\/uploads\/2022\/09\/Cristina_Kirchner-430x286.jpg 430w\" sizes=\"(max-width: 999px) 100vw, 999px\" \/><figcaption><em>A vice-presidente da Aegentina, Cristina Kirchner. <a href=\"https:\/\/efs.efeservicios.com\/Clientes\">EFE\/Arquivo\/Juan Ignacio Roncoroni<\/a><\/em><\/figcaption><\/figure>\n\n\n\n<h2 class=\"wp-block-heading\">Cristina Kirchner vs. Mauricio Macri<\/h2>\n\n\n\n<p>Cristina Kirchner, que h\u00e1 anos afirma ser v\u00edtima de uma persegui\u00e7\u00e3o pol\u00edtica e judicial engendrada pelo tamb\u00e9m ex-presidente Mauricio Macri (2015-2019), parabenizou seus advogados, que ao longo desta semana, de acordo com ela, provaram as &#8220;mentiras, cal\u00fanias e difama\u00e7\u00f5es&#8221;.<\/p>\n\n\n\n<p>&#8220;Neste mesmo tribunal, promotores e ju\u00edzes jogam (futebol) no s\u00edtio do ex-presidente Macri e ningu\u00e9m parece estar surpreso&#8221;, declarou a vice-presidente, que est\u00e1 sendo processada em v\u00e1rios casos, dos quais apenas um, conhecido como &#8220;Causa Vialidad&#8221; (&#8220;Caso das Rodovias&#8221;, em tradu\u00e7\u00e3o livre), no qual h\u00e1 13 r\u00e9us, est\u00e1 com julgamento aberto.<\/p>\n\n\n\n<p>Ela \u00e9 acusada de ter cometido crimes de associa\u00e7\u00e3o il\u00edcita e administra\u00e7\u00e3o fraudulenta de recursos p\u00fablicos devido a supostas irregularidades na concess\u00e3o de 51 contratos de obras p\u00fablicas na prov\u00edncia de Santa Cruz, ber\u00e7o pol\u00edtico da corrente pol\u00edtica kirchnerista, a empresas pertencentes ao empres\u00e1rio L\u00e1zaro B\u00e1ez durante os mandatos dela e o de seu marido e antecessor na presid\u00eancia, o falecido N\u00e9stor Kirchner (2003-2007). <a href=\"https:\/\/pre.efe.com\/pt-br\/\">EFE<\/a><\/p>\n","protected":false},"excerpt":{"rendered":"<p>Buenos Aires (EFE).-&nbsp;A vice-presidente da Argentina, Cristina Kirchner, alegou nesta sexta-feira, em depoimento ao tribunal que a julga por suposta corrup\u00e7\u00e3o, ser v\u00edtima de &#8220;mentira, cal\u00fania e difama\u00e7\u00e3o&#8221; por parte do Minist\u00e9rio P\u00fablico, que em agosto pediu 12 anos de pris\u00e3o contra ela dentro desse caso. &#8220;Quero fazer um pedido formal a este tribunal para &#8230; <a title=\"Cristina Kirchner se diz v\u00edtima de &#8220;mentiras e difama\u00e7\u00f5es&#8221;\" class=\"read-more\" href=\"https:\/\/pre.efe.com\/pt-br\/mundo-2\/2022-09-23\/cristina-kirchner-se-diz-vitima-de-mentiras-e-difamacoes\/\" aria-label=\"Read more about Cristina Kirchner se diz v\u00edtima de &#8220;mentiras e difama\u00e7\u00f5es&#8221;\">Leia mais<\/a><\/p>\n","protected":false},"author":198164106,"featured_media":88547,"comment_status":"closed","ping_status":"closed","sticky":false,"template":"","format":"standard","meta":{"_acf_changed":false,"_jetpack_memberships_contains_paid_content":false,"footnotes":""},"categories":[123208],"tags":[122644,122643,122645,122630],"class_list":["post-88532","post","type-post","status-publish","format-standard","has-post-thumbnail","hentry","category-mundo-2","tag-argentina-2","tag-corrupcao","tag-cristina-kirchner","tag-justica","generate-columns","tablet-grid-50","mobile-grid-100","grid-parent","grid-50"],"acf":[],"yoast_head":"<!-- This site is optimized with the Yoast SEO Premium plugin v26.0 (Yoast SEO v27.4) - https:\/\/yoast.com\/product\/yoast-seo-premium-wordpress\/ -->\n<title>Cristina Kirchner se diz v\u00edtima de &quot;mentiras e difama\u00e7\u00f5es&quot;<\/title>\n<meta name=\"description\" content=\"A vice-presidente da Argentina, Cristina Kirchner disse ao tribunal que a julga por corrup\u00e7\u00e3o, que \u00e9 v\u00edtima de mentira, cal\u00fania e difama\u00e7\u00e3o.\" \/>\n<meta name=\"robots\" content=\"noindex, follow\" \/>\n<meta property=\"og:locale\" content=\"pt_BR\" \/>\n<meta property=\"og:type\" content=\"article\" \/>\n<meta property=\"og:title\" content=\"Cristina Kirchner se diz v\u00edtima de &quot;mentiras e difama\u00e7\u00f5es&quot; - EFE\" \/>\n<meta property=\"og:description\" content=\"A vice-presidente da Argentina, Cristina Kirchner disse ao tribunal que a julga por corrup\u00e7\u00e3o, que \u00e9 v\u00edtima de mentira, cal\u00fania e difama\u00e7\u00e3o.\" \/>\n<meta property=\"og:url\" content=\"https:\/\/pre.efe.com\/pt-br\/mundo-2\/2022-09-23\/cristina-kirchner-se-diz-vitima-de-mentiras-e-difamacoes\/\" \/>\n<meta property=\"og:site_name\" content=\"EFE Noticias\" \/>\n<meta property=\"article:publisher\" content=\"https:\/\/www.facebook.com\/AgenciaEFEnoticias\/\" \/>\n<meta property=\"article:published_time\" content=\"2022-09-23T19:11:49+00:00\" \/>\n<meta property=\"article:modified_time\" content=\"2024-10-07T13:06:30+00:00\" \/>\n<meta property=\"og:image\" content=\"https:\/\/i0.wp.com\/efe.com\/\/srv\/htdocs\/wp-content\/uploads\/2022\/09\/CRISTINA-KIRCHNER.jpg?fit=900%2C636&ssl=1\" \/>\n\t<meta property=\"og:image:width\" content=\"900\" \/>\n\t<meta property=\"og:image:height\" content=\"636\" \/>\n\t<meta property=\"og:image:type\" content=\"image\/jpeg\" \/>\n<meta name=\"author\" content=\"anachain\" \/>\n<meta name=\"twitter:card\" content=\"summary_large_image\" \/>\n<meta name=\"twitter:creator\" content=\"@efenoticias\" \/>\n<meta name=\"twitter:site\" content=\"@efenoticias\" \/>\n<script type=\"application\/ld+json\" class=\"yoast-schema-graph\">{\"@context\":\"https:\\\/\\\/schema.org\",\"@graph\":[{\"@type\":\"NewsArticle\",\"@id\":\"https:\\\/\\\/pre.efe.com\\\/pt-br\\\/mundo-2\\\/2022-09-23\\\/cristina-kirchner-se-diz-vitima-de-mentiras-e-difamacoes\\\/#article\",\"isPartOf\":{\"@id\":\"https:\\\/\\\/pre.efe.com\\\/pt-br\\\/mundo-2\\\/2022-09-23\\\/cristina-kirchner-se-diz-vitima-de-mentiras-e-difamacoes\\\/\"},\"author\":{\"name\":\"anachain\",\"@id\":\"https:\\\/\\\/pre.efe.com\\\/pt-br\\\/#\\\/schema\\\/person\\\/b19f23f210db552768f68a4b552b004f\"},\"headline\":\"Cristina Kirchner se diz v\u00edtima de &#8220;mentiras e difama\u00e7\u00f5es&#8221;\",\"datePublished\":\"2022-09-23T19:11:49+00:00\",\"dateModified\":\"2024-10-07T13:06:30+00:00\",\"mainEntityOfPage\":{\"@id\":\"https:\\\/\\\/pre.efe.com\\\/pt-br\\\/mundo-2\\\/2022-09-23\\\/cristina-kirchner-se-diz-vitima-de-mentiras-e-difamacoes\\\/\"},\"wordCount\":357,\"publisher\":{\"@id\":\"https:\\\/\\\/pre.efe.com\\\/pt-br\\\/#organization\"},\"image\":{\"@id\":\"https:\\\/\\\/pre.efe.com\\\/pt-br\\\/mundo-2\\\/2022-09-23\\\/cristina-kirchner-se-diz-vitima-de-mentiras-e-difamacoes\\\/#primaryimage\"},\"thumbnailUrl\":\"https:\\\/\\\/pre.efe.com\\\/wp-content\\\/uploads\\\/2022\\\/09\\\/CRISTINA-KIRCHNER.jpg\",\"keywords\":[\"Argentina\",\"Corrup\u00e7\u00e3o\",\"Cristina Kirchner\",\"Justi\u00e7a\"],\"articleSection\":[\"Mundo\"],\"inLanguage\":\"pt-BR\",\"copyrightYear\":\"2022\",\"copyrightHolder\":{\"@id\":\"https:\\\/\\\/pre.efe.com\\\/#organization\"}},{\"@type\":[\"WebPage\",\"ItemPage\"],\"@id\":\"https:\\\/\\\/pre.efe.com\\\/pt-br\\\/mundo-2\\\/2022-09-23\\\/cristina-kirchner-se-diz-vitima-de-mentiras-e-difamacoes\\\/\",\"url\":\"https:\\\/\\\/pre.efe.com\\\/pt-br\\\/mundo-2\\\/2022-09-23\\\/cristina-kirchner-se-diz-vitima-de-mentiras-e-difamacoes\\\/\",\"name\":\"Cristina Kirchner se diz v\u00edtima de \\\"mentiras e difama\u00e7\u00f5es\\\"\",\"isPartOf\":{\"@id\":\"https:\\\/\\\/pre.efe.com\\\/pt-br\\\/#website\"},\"primaryImageOfPage\":{\"@id\":\"https:\\\/\\\/pre.efe.com\\\/pt-br\\\/mundo-2\\\/2022-09-23\\\/cristina-kirchner-se-diz-vitima-de-mentiras-e-difamacoes\\\/#primaryimage\"},\"image\":{\"@id\":\"https:\\\/\\\/pre.efe.com\\\/pt-br\\\/mundo-2\\\/2022-09-23\\\/cristina-kirchner-se-diz-vitima-de-mentiras-e-difamacoes\\\/#primaryimage\"},\"thumbnailUrl\":\"https:\\\/\\\/pre.efe.com\\\/wp-content\\\/uploads\\\/2022\\\/09\\\/CRISTINA-KIRCHNER.jpg\",\"datePublished\":\"2022-09-23T19:11:49+00:00\",\"dateModified\":\"2024-10-07T13:06:30+00:00\",\"description\":\"A vice-presidente da Argentina, Cristina Kirchner disse ao tribunal que a julga por corrup\u00e7\u00e3o, que \u00e9 v\u00edtima de mentira, cal\u00fania e difama\u00e7\u00e3o.\",\"breadcrumb\":{\"@id\":\"https:\\\/\\\/pre.efe.com\\\/pt-br\\\/mundo-2\\\/2022-09-23\\\/cristina-kirchner-se-diz-vitima-de-mentiras-e-difamacoes\\\/#breadcrumb\"},\"inLanguage\":\"pt-BR\",\"potentialAction\":[{\"@type\":\"ReadAction\",\"target\":[\"https:\\\/\\\/pre.efe.com\\\/pt-br\\\/mundo-2\\\/2022-09-23\\\/cristina-kirchner-se-diz-vitima-de-mentiras-e-difamacoes\\\/\"]}]},{\"@type\":\"ImageObject\",\"inLanguage\":\"pt-BR\",\"@id\":\"https:\\\/\\\/pre.efe.com\\\/pt-br\\\/mundo-2\\\/2022-09-23\\\/cristina-kirchner-se-diz-vitima-de-mentiras-e-difamacoes\\\/#primaryimage\",\"url\":\"https:\\\/\\\/pre.efe.com\\\/wp-content\\\/uploads\\\/2022\\\/09\\\/CRISTINA-KIRCHNER.jpg\",\"contentUrl\":\"https:\\\/\\\/pre.efe.com\\\/wp-content\\\/uploads\\\/2022\\\/09\\\/CRISTINA-KIRCHNER.jpg\",\"width\":900,\"height\":636,\"caption\":\"A vice-presidente da Aegentina, Cristina Kirchner. EFE\\\/Arquivo\\\/Juan Ignacio Roncoroni\"},{\"@type\":\"BreadcrumbList\",\"@id\":\"https:\\\/\\\/pre.efe.com\\\/pt-br\\\/mundo-2\\\/2022-09-23\\\/cristina-kirchner-se-diz-vitima-de-mentiras-e-difamacoes\\\/#breadcrumb\",\"itemListElement\":[{\"@type\":\"ListItem\",\"position\":1,\"name\":\"Portada\",\"item\":\"https:\\\/\\\/pre.efe.com\\\/pt-br\\\/\"},{\"@type\":\"ListItem\",\"position\":2,\"name\":\"Cristina Kirchner se diz v\u00edtima de &#8220;mentiras e difama\u00e7\u00f5es&#8221;\"}]},{\"@type\":\"WebSite\",\"@id\":\"https:\\\/\\\/pre.efe.com\\\/pt-br\\\/#website\",\"url\":\"https:\\\/\\\/pre.efe.com\\\/pt-br\\\/\",\"name\":\"EFE Noticias\",\"description\":\"\",\"publisher\":{\"@id\":\"https:\\\/\\\/pre.efe.com\\\/pt-br\\\/#organization\"},\"potentialAction\":[{\"@type\":\"SearchAction\",\"target\":{\"@type\":\"EntryPoint\",\"urlTemplate\":\"https:\\\/\\\/pre.efe.com\\\/pt-br\\\/?s={search_term_string}\"},\"query-input\":{\"@type\":\"PropertyValueSpecification\",\"valueRequired\":true,\"valueName\":\"search_term_string\"}}],\"inLanguage\":\"pt-BR\"},{\"@type\":\"Organization\",\"@id\":\"https:\\\/\\\/pre.efe.com\\\/pt-br\\\/#organization\",\"name\":\"Agencia EFE\",\"url\":\"https:\\\/\\\/pre.efe.com\\\/pt-br\\\/\",\"logo\":{\"@type\":\"ImageObject\",\"inLanguage\":\"pt-BR\",\"@id\":\"https:\\\/\\\/pre.efe.com\\\/pt-br\\\/#\\\/schema\\\/logo\\\/image\\\/\",\"url\":\"https:\\\/\\\/pre.efe.com\\\/wp-content\\\/uploads\\\/2023\\\/06\\\/logo-efe-467.png\",\"contentUrl\":\"https:\\\/\\\/pre.efe.com\\\/wp-content\\\/uploads\\\/2023\\\/06\\\/logo-efe-467.png\",\"width\":467,\"height\":467,\"caption\":\"Agencia EFE\"},\"image\":{\"@id\":\"https:\\\/\\\/pre.efe.com\\\/pt-br\\\/#\\\/schema\\\/logo\\\/image\\\/\"},\"sameAs\":[\"https:\\\/\\\/www.facebook.com\\\/AgenciaEFEnoticias\\\/\",\"https:\\\/\\\/x.com\\\/efenoticias\",\"https:\\\/\\\/www.instagram.com\\\/efe_noticias\\\/\",\"http:\\\/\\\/www.youtube.com\\\/efe\"]},{\"@type\":\"Person\",\"@id\":\"https:\\\/\\\/pre.efe.com\\\/pt-br\\\/#\\\/schema\\\/person\\\/b19f23f210db552768f68a4b552b004f\",\"name\":\"anachain\",\"image\":{\"@type\":\"ImageObject\",\"inLanguage\":\"pt-BR\",\"@id\":\"https:\\\/\\\/secure.gravatar.com\\\/avatar\\\/30b83965911ef1108bb893c00bdd65c885f9890e1265ee04b02c3d5adc785d37?s=96&d=identicon&r=g\",\"url\":\"https:\\\/\\\/secure.gravatar.com\\\/avatar\\\/30b83965911ef1108bb893c00bdd65c885f9890e1265ee04b02c3d5adc785d37?s=96&d=identicon&r=g\",\"contentUrl\":\"https:\\\/\\\/secure.gravatar.com\\\/avatar\\\/30b83965911ef1108bb893c00bdd65c885f9890e1265ee04b02c3d5adc785d37?s=96&d=identicon&r=g\",\"caption\":\"anachain\"},\"url\":\"https:\\\/\\\/pre.efe.com\\\/pt-br\\\/autor\\\/anachain\\\/\"}]}<\/script>\n<!-- \/ Yoast SEO Premium plugin. -->","yoast_head_json":{"title":"Cristina Kirchner se diz v\u00edtima de \"mentiras e difama\u00e7\u00f5es\"","description":"A vice-presidente da Argentina, Cristina Kirchner disse ao tribunal que a julga por corrup\u00e7\u00e3o, que \u00e9 v\u00edtima de mentira, cal\u00fania e difama\u00e7\u00e3o.","robots":{"index":"noindex","follow":"follow"},"og_locale":"pt_BR","og_type":"article","og_title":"Cristina Kirchner se diz v\u00edtima de \"mentiras e difama\u00e7\u00f5es\" - EFE","og_description":"A vice-presidente da Argentina, Cristina Kirchner disse ao tribunal que a julga por corrup\u00e7\u00e3o, que \u00e9 v\u00edtima de mentira, cal\u00fania e difama\u00e7\u00e3o.","og_url":"https:\/\/pre.efe.com\/pt-br\/mundo-2\/2022-09-23\/cristina-kirchner-se-diz-vitima-de-mentiras-e-difamacoes\/","og_site_name":"EFE Noticias","article_publisher":"https:\/\/www.facebook.com\/AgenciaEFEnoticias\/","article_published_time":"2022-09-23T19:11:49+00:00","article_modified_time":"2024-10-07T13:06:30+00:00","og_image":[{"width":900,"height":636,"url":"https:\/\/i0.wp.com\/efe.com\/\/srv\/htdocs\/wp-content\/uploads\/2022\/09\/CRISTINA-KIRCHNER.jpg?fit=900%2C636&ssl=1","type":"image\/jpeg"}],"author":"anachain","twitter_card":"summary_large_image","twitter_creator":"@efenoticias","twitter_site":"@efenoticias","schema":{"@context":"https:\/\/schema.org","@graph":[{"@type":"NewsArticle","@id":"https:\/\/pre.efe.com\/pt-br\/mundo-2\/2022-09-23\/cristina-kirchner-se-diz-vitima-de-mentiras-e-difamacoes\/#article","isPartOf":{"@id":"https:\/\/pre.efe.com\/pt-br\/mundo-2\/2022-09-23\/cristina-kirchner-se-diz-vitima-de-mentiras-e-difamacoes\/"},"author":{"name":"anachain","@id":"https:\/\/pre.efe.com\/pt-br\/#\/schema\/person\/b19f23f210db552768f68a4b552b004f"},"headline":"Cristina Kirchner se diz v\u00edtima de &#8220;mentiras e difama\u00e7\u00f5es&#8221;","datePublished":"2022-09-23T19:11:49+00:00","dateModified":"2024-10-07T13:06:30+00:00","mainEntityOfPage":{"@id":"https:\/\/pre.efe.com\/pt-br\/mundo-2\/2022-09-23\/cristina-kirchner-se-diz-vitima-de-mentiras-e-difamacoes\/"},"wordCount":357,"publisher":{"@id":"https:\/\/pre.efe.com\/pt-br\/#organization"},"image":{"@id":"https:\/\/pre.efe.com\/pt-br\/mundo-2\/2022-09-23\/cristina-kirchner-se-diz-vitima-de-mentiras-e-difamacoes\/#primaryimage"},"thumbnailUrl":"https:\/\/pre.efe.com\/wp-content\/uploads\/2022\/09\/CRISTINA-KIRCHNER.jpg","keywords":["Argentina","Corrup\u00e7\u00e3o","Cristina Kirchner","Justi\u00e7a"],"articleSection":["Mundo"],"inLanguage":"pt-BR","copyrightYear":"2022","copyrightHolder":{"@id":"https:\/\/pre.efe.com\/#organization"}},{"@type":["WebPage","ItemPage"],"@id":"https:\/\/pre.efe.com\/pt-br\/mundo-2\/2022-09-23\/cristina-kirchner-se-diz-vitima-de-mentiras-e-difamacoes\/","url":"https:\/\/pre.efe.com\/pt-br\/mundo-2\/2022-09-23\/cristina-kirchner-se-diz-vitima-de-mentiras-e-difamacoes\/","name":"Cristina Kirchner se diz v\u00edtima de \"mentiras e difama\u00e7\u00f5es\"","isPartOf":{"@id":"https:\/\/pre.efe.com\/pt-br\/#website"},"primaryImageOfPage":{"@id":"https:\/\/pre.efe.com\/pt-br\/mundo-2\/2022-09-23\/cristina-kirchner-se-diz-vitima-de-mentiras-e-difamacoes\/#primaryimage"},"image":{"@id":"https:\/\/pre.efe.com\/pt-br\/mundo-2\/2022-09-23\/cristina-kirchner-se-diz-vitima-de-mentiras-e-difamacoes\/#primaryimage"},"thumbnailUrl":"https:\/\/pre.efe.com\/wp-content\/uploads\/2022\/09\/CRISTINA-KIRCHNER.jpg","datePublished":"2022-09-23T19:11:49+00:00","dateModified":"2024-10-07T13:06:30+00:00","description":"A vice-presidente da Argentina, Cristina Kirchner disse ao tribunal que a julga por corrup\u00e7\u00e3o, que \u00e9 v\u00edtima de mentira, cal\u00fania e difama\u00e7\u00e3o.","breadcrumb":{"@id":"https:\/\/pre.efe.com\/pt-br\/mundo-2\/2022-09-23\/cristina-kirchner-se-diz-vitima-de-mentiras-e-difamacoes\/#breadcrumb"},"inLanguage":"pt-BR","potentialAction":[{"@type":"ReadAction","target":["https:\/\/pre.efe.com\/pt-br\/mundo-2\/2022-09-23\/cristina-kirchner-se-diz-vitima-de-mentiras-e-difamacoes\/"]}]},{"@type":"ImageObject","inLanguage":"pt-BR","@id":"https:\/\/pre.efe.com\/pt-br\/mundo-2\/2022-09-23\/cristina-kirchner-se-diz-vitima-de-mentiras-e-difamacoes\/#primaryimage","url":"https:\/\/pre.efe.com\/wp-content\/uploads\/2022\/09\/CRISTINA-KIRCHNER.jpg","contentUrl":"https:\/\/pre.efe.com\/wp-content\/uploads\/2022\/09\/CRISTINA-KIRCHNER.jpg","width":900,"height":636,"caption":"A vice-presidente da Aegentina, Cristina Kirchner. EFE\/Arquivo\/Juan Ignacio Roncoroni"},{"@type":"BreadcrumbList","@id":"https:\/\/pre.efe.com\/pt-br\/mundo-2\/2022-09-23\/cristina-kirchner-se-diz-vitima-de-mentiras-e-difamacoes\/#breadcrumb","itemListElement":[{"@type":"ListItem","position":1,"name":"Portada","item":"https:\/\/pre.efe.com\/pt-br\/"},{"@type":"ListItem","position":2,"name":"Cristina Kirchner se diz v\u00edtima de &#8220;mentiras e difama\u00e7\u00f5es&#8221;"}]},{"@type":"WebSite","@id":"https:\/\/pre.efe.com\/pt-br\/#website","url":"https:\/\/pre.efe.com\/pt-br\/","name":"EFE Noticias","description":"","publisher":{"@id":"https:\/\/pre.efe.com\/pt-br\/#organization"},"potentialAction":[{"@type":"SearchAction","target":{"@type":"EntryPoint","urlTemplate":"https:\/\/pre.efe.com\/pt-br\/?s={search_term_string}"},"query-input":{"@type":"PropertyValueSpecification","valueRequired":true,"valueName":"search_term_string"}}],"inLanguage":"pt-BR"},{"@type":"Organization","@id":"https:\/\/pre.efe.com\/pt-br\/#organization","name":"Agencia EFE","url":"https:\/\/pre.efe.com\/pt-br\/","logo":{"@type":"ImageObject","inLanguage":"pt-BR","@id":"https:\/\/pre.efe.com\/pt-br\/#\/schema\/logo\/image\/","url":"https:\/\/pre.efe.com\/wp-content\/uploads\/2023\/06\/logo-efe-467.png","contentUrl":"https:\/\/pre.efe.com\/wp-content\/uploads\/2023\/06\/logo-efe-467.png","width":467,"height":467,"caption":"Agencia EFE"},"image":{"@id":"https:\/\/pre.efe.com\/pt-br\/#\/schema\/logo\/image\/"},"sameAs":["https:\/\/www.facebook.com\/AgenciaEFEnoticias\/","https:\/\/x.com\/efenoticias","https:\/\/www.instagram.com\/efe_noticias\/","http:\/\/www.youtube.com\/efe"]},{"@type":"Person","@id":"https:\/\/pre.efe.com\/pt-br\/#\/schema\/person\/b19f23f210db552768f68a4b552b004f","name":"anachain","image":{"@type":"ImageObject","inLanguage":"pt-BR","@id":"https:\/\/secure.gravatar.com\/avatar\/30b83965911ef1108bb893c00bdd65c885f9890e1265ee04b02c3d5adc785d37?s=96&d=identicon&r=g","url":"https:\/\/secure.gravatar.com\/avatar\/30b83965911ef1108bb893c00bdd65c885f9890e1265ee04b02c3d5adc785d37?s=96&d=identicon&r=g","contentUrl":"https:\/\/secure.gravatar.com\/avatar\/30b83965911ef1108bb893c00bdd65c885f9890e1265ee04b02c3d5adc785d37?s=96&d=identicon&r=g","caption":"anachain"},"url":"https:\/\/pre.efe.com\/pt-br\/autor\/anachain\/"}]}},"jetpack_featured_media_url":"https:\/\/pre.efe.com\/wp-content\/uploads\/2022\/09\/CRISTINA-KIRCHNER.jpg","jetpack_shortlink":"https:\/\/wp.me\/peJvHm-n1W","jetpack_sharing_enabled":true,"_links":{"self":[{"href":"https:\/\/pre.efe.com\/pt-br\/wp-json\/wp\/v2\/posts\/88532","targetHints":{"allow":["GET"]}}],"collection":[{"href":"https:\/\/pre.efe.com\/pt-br\/wp-json\/wp\/v2\/posts"}],"about":[{"href":"https:\/\/pre.efe.com\/pt-br\/wp-json\/wp\/v2\/types\/post"}],"author":[{"embeddable":true,"href":"https:\/\/pre.efe.com\/pt-br\/wp-json\/wp\/v2\/users\/198164106"}],"replies":[{"embeddable":true,"href":"https:\/\/pre.efe.com\/pt-br\/wp-json\/wp\/v2\/comments?post=88532"}],"version-history":[{"count":3,"href":"https:\/\/pre.efe.com\/pt-br\/wp-json\/wp\/v2\/posts\/88532\/revisions"}],"predecessor-version":[{"id":88552,"href":"https:\/\/pre.efe.com\/pt-br\/wp-json\/wp\/v2\/posts\/88532\/revisions\/88552"}],"wp:featuredmedia":[{"embeddable":true,"href":"https:\/\/pre.efe.com\/pt-br\/wp-json\/wp\/v2\/media\/88547"}],"wp:attachment":[{"href":"https:\/\/pre.efe.com\/pt-br\/wp-json\/wp\/v2\/media?parent=88532"}],"wp:term":[{"taxonomy":"category","embeddable":true,"href":"https:\/\/pre.efe.com\/pt-br\/wp-json\/wp\/v2\/categories?post=88532"},{"taxonomy":"post_tag","embeddable":true,"href":"https:\/\/pre.efe.com\/pt-br\/wp-json\/wp\/v2\/tags?post=88532"}],"curies":[{"name":"wp","href":"https:\/\/api.w.org\/{rel}","templated":true}]}}