{"id":885916,"date":"2024-01-31T17:45:00","date_gmt":"2024-01-31T16:45:00","guid":{"rendered":"https:\/\/pre.efe.com\/?p=885916"},"modified":"2024-01-31T23:49:22","modified_gmt":"2024-01-31T22:49:22","slug":"preparando-filme-sobre-jesus-martin-scorsese-se-reune-com-o-papa-francisco","status":"publish","type":"post","link":"https:\/\/pre.efe.com\/pt-br\/mundo-2\/2024-01-31\/preparando-filme-sobre-jesus-martin-scorsese-se-reune-com-o-papa-francisco\/","title":{"rendered":"Preparando filme sobre Jesus, Martin Scorsese se re\u00fane com o papa Francisco"},"content":{"rendered":"\n<p>Cidade do Vaticano (EFE).- O papa Francisco teve um breve encontro nesta quarta-feira com o cineasta americano Martin Scorsese, que est\u00e1 preparando um filme sobre a vida de Jesus, segundo informou o Vaticano.<\/p>\n\n\n\n<p>\u201cO di\u00e1logo entre Martin Scorsese e o papa Francisco continua. Dois homens de g\u00eanio e experi\u00eancia para quem a figura de Jesus tem um encanto e um valor extraordin\u00e1rios\u201d, afirmou na rede social X Antonio Spadaro, subsecret\u00e1rio do Dicast\u00e9rio para a Cultura e a Educa\u00e7\u00e3o.<\/p>\n\n\n\n<p>O cineasta, cujo \u00faltimo lan\u00e7amento foi \u201cAssassinos da Lua das Flores\u201d, prepara h\u00e1 muito tempo um filme baseado no romance \u201cA Life of Jesus\u201d publicado em 1973 pelo autor japon\u00eas Shasaku Endo, de quem j\u00e1 levou ao cinema a obra \u201cSil\u00eancio\u201d, em uma produ\u00e7\u00e3o sobre os mission\u00e1rios jesu\u00edtas que foram ao Jap\u00e3o para difundir o cristianismo.<\/p>\n\n\n\n<p>O diretor de \u201cA \u00daltima Tenta\u00e7\u00e3o de Cristo\u201d (1988) explicou que quis fazer esse novo filme depois de ter conhecido o papa Francisco em maio de 2023 junto com outro grupo de artistas.<\/p>\n\n\n\n<p>\u201cRespondi ao chamado que o papa fez aos artistas da \u00fanica maneira que sei: imaginando e escrevendo o roteiro de um filme sobre Jesus\u201d, declarou Scorsese naquela ocasi\u00e3o. EFE<\/p>\n","protected":false},"excerpt":{"rendered":"<p>Cidade do Vaticano (EFE).- O papa Francisco teve um breve encontro nesta quarta-feira com o cineasta americano Martin Scorsese, que est\u00e1 preparando um filme sobre a vida de Jesus, segundo informou o Vaticano. \u201cO di\u00e1logo entre Martin Scorsese e o papa Francisco continua. Dois homens de g\u00eanio e experi\u00eancia para quem a figura de Jesus &#8230; <a title=\"Preparando filme sobre Jesus, Martin Scorsese se re\u00fane com o papa Francisco\" class=\"read-more\" href=\"https:\/\/pre.efe.com\/pt-br\/mundo-2\/2024-01-31\/preparando-filme-sobre-jesus-martin-scorsese-se-reune-com-o-papa-francisco\/\" aria-label=\"Read more about Preparando filme sobre Jesus, Martin Scorsese se re\u00fane com o papa Francisco\">Leia mais<\/a><\/p>\n","protected":false},"author":198164106,"featured_media":691815,"comment_status":"closed","ping_status":"closed","sticky":false,"template":"","format":"standard","meta":{"_acf_changed":false,"_jetpack_memberships_contains_paid_content":false,"footnotes":""},"categories":[123208,122141],"tags":[123764],"class_list":["post-885916","post","type-post","status-publish","format-standard","has-post-thumbnail","hentry","category-mundo-2","category-portada","tag-cinema","generate-columns","tablet-grid-50","mobile-grid-100","grid-parent","grid-50"],"acf":[],"yoast_head":"<!-- This site is optimized with the Yoast SEO Premium plugin v26.0 (Yoast SEO v27.4) - https:\/\/yoast.com\/product\/yoast-seo-premium-wordpress\/ -->\n<title>Preparando filme sobre Jesus, Martin Scorsese se re\u00fane com o papa Francisco - EFE<\/title>\n<meta name=\"robots\" content=\"noindex, follow\" \/>\n<meta property=\"og:locale\" content=\"pt_BR\" \/>\n<meta property=\"og:type\" content=\"article\" \/>\n<meta property=\"og:title\" content=\"Preparando filme sobre Jesus, Martin Scorsese se re\u00fane com o papa Francisco - EFE\" \/>\n<meta property=\"og:description\" content=\"Cidade do Vaticano (EFE).- O papa Francisco teve um breve encontro nesta quarta-feira com o cineasta americano Martin Scorsese, que est\u00e1 preparando um filme sobre a vida de Jesus, segundo informou o Vaticano. \u201cO di\u00e1logo entre Martin Scorsese e o papa Francisco continua. Dois homens de g\u00eanio e experi\u00eancia para quem a figura de Jesus ... Leia mais\" \/>\n<meta property=\"og:url\" content=\"https:\/\/pre.efe.com\/pt-br\/mundo-2\/2024-01-31\/preparando-filme-sobre-jesus-martin-scorsese-se-reune-com-o-papa-francisco\/\" \/>\n<meta property=\"og:site_name\" content=\"EFE Noticias\" \/>\n<meta property=\"article:publisher\" content=\"https:\/\/www.facebook.com\/AgenciaEFEnoticias\/\" \/>\n<meta property=\"article:published_time\" content=\"2024-01-31T16:45:00+00:00\" \/>\n<meta property=\"article:modified_time\" content=\"2024-01-31T22:49:22+00:00\" \/>\n<meta property=\"og:image\" content=\"https:\/\/i0.wp.com\/efe.com\/\/srv\/htdocs\/wp-content\/uploads\/2023\/10\/BRITAIN-CINEMA-003.jpg?fit=900%2C600&ssl=1\" \/>\n\t<meta property=\"og:image:width\" content=\"900\" \/>\n\t<meta property=\"og:image:height\" content=\"600\" \/>\n\t<meta property=\"og:image:type\" content=\"image\/jpeg\" \/>\n<meta name=\"author\" content=\"anachain\" \/>\n<meta name=\"twitter:card\" content=\"summary_large_image\" \/>\n<meta name=\"twitter:creator\" content=\"@efenoticias\" \/>\n<meta name=\"twitter:site\" content=\"@efenoticias\" \/>\n<script type=\"application\/ld+json\" class=\"yoast-schema-graph\">{\"@context\":\"https:\\\/\\\/schema.org\",\"@graph\":[{\"@type\":\"NewsArticle\",\"@id\":\"https:\\\/\\\/pre.efe.com\\\/pt-br\\\/mundo-2\\\/2024-01-31\\\/preparando-filme-sobre-jesus-martin-scorsese-se-reune-com-o-papa-francisco\\\/#article\",\"isPartOf\":{\"@id\":\"https:\\\/\\\/pre.efe.com\\\/pt-br\\\/mundo-2\\\/2024-01-31\\\/preparando-filme-sobre-jesus-martin-scorsese-se-reune-com-o-papa-francisco\\\/\"},\"author\":{\"name\":\"anachain\",\"@id\":\"https:\\\/\\\/pre.efe.com\\\/pt-br\\\/#\\\/schema\\\/person\\\/b19f23f210db552768f68a4b552b004f\"},\"headline\":\"Preparando filme sobre Jesus, Martin Scorsese se re\u00fane com o papa Francisco\",\"datePublished\":\"2024-01-31T16:45:00+00:00\",\"dateModified\":\"2024-01-31T22:49:22+00:00\",\"mainEntityOfPage\":{\"@id\":\"https:\\\/\\\/pre.efe.com\\\/pt-br\\\/mundo-2\\\/2024-01-31\\\/preparando-filme-sobre-jesus-martin-scorsese-se-reune-com-o-papa-francisco\\\/\"},\"wordCount\":223,\"publisher\":{\"@id\":\"https:\\\/\\\/pre.efe.com\\\/pt-br\\\/#organization\"},\"image\":{\"@id\":\"https:\\\/\\\/pre.efe.com\\\/pt-br\\\/mundo-2\\\/2024-01-31\\\/preparando-filme-sobre-jesus-martin-scorsese-se-reune-com-o-papa-francisco\\\/#primaryimage\"},\"thumbnailUrl\":\"https:\\\/\\\/pre.efe.com\\\/wp-content\\\/uploads\\\/2023\\\/10\\\/BRITAIN-CINEMA-003.jpg\",\"keywords\":[\"Cinema\"],\"articleSection\":[\"Mundo\",\"Portada\"],\"inLanguage\":\"pt-BR\",\"copyrightYear\":\"2024\",\"copyrightHolder\":{\"@id\":\"https:\\\/\\\/pre.efe.com\\\/#organization\"}},{\"@type\":[\"WebPage\",\"ItemPage\"],\"@id\":\"https:\\\/\\\/pre.efe.com\\\/pt-br\\\/mundo-2\\\/2024-01-31\\\/preparando-filme-sobre-jesus-martin-scorsese-se-reune-com-o-papa-francisco\\\/\",\"url\":\"https:\\\/\\\/pre.efe.com\\\/pt-br\\\/mundo-2\\\/2024-01-31\\\/preparando-filme-sobre-jesus-martin-scorsese-se-reune-com-o-papa-francisco\\\/\",\"name\":\"Preparando filme sobre Jesus, Martin Scorsese se re\u00fane com o papa Francisco - EFE\",\"isPartOf\":{\"@id\":\"https:\\\/\\\/pre.efe.com\\\/pt-br\\\/#website\"},\"primaryImageOfPage\":{\"@id\":\"https:\\\/\\\/pre.efe.com\\\/pt-br\\\/mundo-2\\\/2024-01-31\\\/preparando-filme-sobre-jesus-martin-scorsese-se-reune-com-o-papa-francisco\\\/#primaryimage\"},\"image\":{\"@id\":\"https:\\\/\\\/pre.efe.com\\\/pt-br\\\/mundo-2\\\/2024-01-31\\\/preparando-filme-sobre-jesus-martin-scorsese-se-reune-com-o-papa-francisco\\\/#primaryimage\"},\"thumbnailUrl\":\"https:\\\/\\\/pre.efe.com\\\/wp-content\\\/uploads\\\/2023\\\/10\\\/BRITAIN-CINEMA-003.jpg\",\"datePublished\":\"2024-01-31T16:45:00+00:00\",\"dateModified\":\"2024-01-31T22:49:22+00:00\",\"breadcrumb\":{\"@id\":\"https:\\\/\\\/pre.efe.com\\\/pt-br\\\/mundo-2\\\/2024-01-31\\\/preparando-filme-sobre-jesus-martin-scorsese-se-reune-com-o-papa-francisco\\\/#breadcrumb\"},\"inLanguage\":\"pt-BR\",\"potentialAction\":[{\"@type\":\"ReadAction\",\"target\":[\"https:\\\/\\\/pre.efe.com\\\/pt-br\\\/mundo-2\\\/2024-01-31\\\/preparando-filme-sobre-jesus-martin-scorsese-se-reune-com-o-papa-francisco\\\/\"]}]},{\"@type\":\"ImageObject\",\"inLanguage\":\"pt-BR\",\"@id\":\"https:\\\/\\\/pre.efe.com\\\/pt-br\\\/mundo-2\\\/2024-01-31\\\/preparando-filme-sobre-jesus-martin-scorsese-se-reune-com-o-papa-francisco\\\/#primaryimage\",\"url\":\"https:\\\/\\\/pre.efe.com\\\/wp-content\\\/uploads\\\/2023\\\/10\\\/BRITAIN-CINEMA-003.jpg\",\"contentUrl\":\"https:\\\/\\\/pre.efe.com\\\/wp-content\\\/uploads\\\/2023\\\/10\\\/BRITAIN-CINEMA-003.jpg\",\"width\":900,\"height\":600,\"caption\":\"Martin Scorsese. EFE\\\/Arquivo\\\/TOLGA AKMEN\"},{\"@type\":\"BreadcrumbList\",\"@id\":\"https:\\\/\\\/pre.efe.com\\\/pt-br\\\/mundo-2\\\/2024-01-31\\\/preparando-filme-sobre-jesus-martin-scorsese-se-reune-com-o-papa-francisco\\\/#breadcrumb\",\"itemListElement\":[{\"@type\":\"ListItem\",\"position\":1,\"name\":\"Portada\",\"item\":\"https:\\\/\\\/pre.efe.com\\\/pt-br\\\/\"},{\"@type\":\"ListItem\",\"position\":2,\"name\":\"Preparando filme sobre Jesus, Martin Scorsese se re\u00fane com o papa Francisco\"}]},{\"@type\":\"WebSite\",\"@id\":\"https:\\\/\\\/pre.efe.com\\\/pt-br\\\/#website\",\"url\":\"https:\\\/\\\/pre.efe.com\\\/pt-br\\\/\",\"name\":\"EFE Noticias\",\"description\":\"\",\"publisher\":{\"@id\":\"https:\\\/\\\/pre.efe.com\\\/pt-br\\\/#organization\"},\"potentialAction\":[{\"@type\":\"SearchAction\",\"target\":{\"@type\":\"EntryPoint\",\"urlTemplate\":\"https:\\\/\\\/pre.efe.com\\\/pt-br\\\/?s={search_term_string}\"},\"query-input\":{\"@type\":\"PropertyValueSpecification\",\"valueRequired\":true,\"valueName\":\"search_term_string\"}}],\"inLanguage\":\"pt-BR\"},{\"@type\":\"Organization\",\"@id\":\"https:\\\/\\\/pre.efe.com\\\/pt-br\\\/#organization\",\"name\":\"Agencia EFE\",\"url\":\"https:\\\/\\\/pre.efe.com\\\/pt-br\\\/\",\"logo\":{\"@type\":\"ImageObject\",\"inLanguage\":\"pt-BR\",\"@id\":\"https:\\\/\\\/pre.efe.com\\\/pt-br\\\/#\\\/schema\\\/logo\\\/image\\\/\",\"url\":\"https:\\\/\\\/pre.efe.com\\\/wp-content\\\/uploads\\\/2023\\\/06\\\/logo-efe-467.png\",\"contentUrl\":\"https:\\\/\\\/pre.efe.com\\\/wp-content\\\/uploads\\\/2023\\\/06\\\/logo-efe-467.png\",\"width\":467,\"height\":467,\"caption\":\"Agencia EFE\"},\"image\":{\"@id\":\"https:\\\/\\\/pre.efe.com\\\/pt-br\\\/#\\\/schema\\\/logo\\\/image\\\/\"},\"sameAs\":[\"https:\\\/\\\/www.facebook.com\\\/AgenciaEFEnoticias\\\/\",\"https:\\\/\\\/x.com\\\/efenoticias\",\"https:\\\/\\\/www.instagram.com\\\/efe_noticias\\\/\",\"http:\\\/\\\/www.youtube.com\\\/efe\"]},{\"@type\":\"Person\",\"@id\":\"https:\\\/\\\/pre.efe.com\\\/pt-br\\\/#\\\/schema\\\/person\\\/b19f23f210db552768f68a4b552b004f\",\"name\":\"anachain\",\"image\":{\"@type\":\"ImageObject\",\"inLanguage\":\"pt-BR\",\"@id\":\"https:\\\/\\\/secure.gravatar.com\\\/avatar\\\/30b83965911ef1108bb893c00bdd65c885f9890e1265ee04b02c3d5adc785d37?s=96&d=identicon&r=g\",\"url\":\"https:\\\/\\\/secure.gravatar.com\\\/avatar\\\/30b83965911ef1108bb893c00bdd65c885f9890e1265ee04b02c3d5adc785d37?s=96&d=identicon&r=g\",\"contentUrl\":\"https:\\\/\\\/secure.gravatar.com\\\/avatar\\\/30b83965911ef1108bb893c00bdd65c885f9890e1265ee04b02c3d5adc785d37?s=96&d=identicon&r=g\",\"caption\":\"anachain\"},\"url\":\"https:\\\/\\\/pre.efe.com\\\/pt-br\\\/autor\\\/anachain\\\/\"}]}<\/script>\n<!-- \/ Yoast SEO Premium plugin. -->","yoast_head_json":{"title":"Preparando filme sobre Jesus, Martin Scorsese se re\u00fane com o papa Francisco - EFE","robots":{"index":"noindex","follow":"follow"},"og_locale":"pt_BR","og_type":"article","og_title":"Preparando filme sobre Jesus, Martin Scorsese se re\u00fane com o papa Francisco - EFE","og_description":"Cidade do Vaticano (EFE).- O papa Francisco teve um breve encontro nesta quarta-feira com o cineasta americano Martin Scorsese, que est\u00e1 preparando um filme sobre a vida de Jesus, segundo informou o Vaticano. \u201cO di\u00e1logo entre Martin Scorsese e o papa Francisco continua. Dois homens de g\u00eanio e experi\u00eancia para quem a figura de Jesus ... Leia mais","og_url":"https:\/\/pre.efe.com\/pt-br\/mundo-2\/2024-01-31\/preparando-filme-sobre-jesus-martin-scorsese-se-reune-com-o-papa-francisco\/","og_site_name":"EFE Noticias","article_publisher":"https:\/\/www.facebook.com\/AgenciaEFEnoticias\/","article_published_time":"2024-01-31T16:45:00+00:00","article_modified_time":"2024-01-31T22:49:22+00:00","og_image":[{"width":900,"height":600,"url":"https:\/\/i0.wp.com\/efe.com\/\/srv\/htdocs\/wp-content\/uploads\/2023\/10\/BRITAIN-CINEMA-003.jpg?fit=900%2C600&ssl=1","type":"image\/jpeg"}],"author":"anachain","twitter_card":"summary_large_image","twitter_creator":"@efenoticias","twitter_site":"@efenoticias","schema":{"@context":"https:\/\/schema.org","@graph":[{"@type":"NewsArticle","@id":"https:\/\/pre.efe.com\/pt-br\/mundo-2\/2024-01-31\/preparando-filme-sobre-jesus-martin-scorsese-se-reune-com-o-papa-francisco\/#article","isPartOf":{"@id":"https:\/\/pre.efe.com\/pt-br\/mundo-2\/2024-01-31\/preparando-filme-sobre-jesus-martin-scorsese-se-reune-com-o-papa-francisco\/"},"author":{"name":"anachain","@id":"https:\/\/pre.efe.com\/pt-br\/#\/schema\/person\/b19f23f210db552768f68a4b552b004f"},"headline":"Preparando filme sobre Jesus, Martin Scorsese se re\u00fane com o papa Francisco","datePublished":"2024-01-31T16:45:00+00:00","dateModified":"2024-01-31T22:49:22+00:00","mainEntityOfPage":{"@id":"https:\/\/pre.efe.com\/pt-br\/mundo-2\/2024-01-31\/preparando-filme-sobre-jesus-martin-scorsese-se-reune-com-o-papa-francisco\/"},"wordCount":223,"publisher":{"@id":"https:\/\/pre.efe.com\/pt-br\/#organization"},"image":{"@id":"https:\/\/pre.efe.com\/pt-br\/mundo-2\/2024-01-31\/preparando-filme-sobre-jesus-martin-scorsese-se-reune-com-o-papa-francisco\/#primaryimage"},"thumbnailUrl":"https:\/\/pre.efe.com\/wp-content\/uploads\/2023\/10\/BRITAIN-CINEMA-003.jpg","keywords":["Cinema"],"articleSection":["Mundo","Portada"],"inLanguage":"pt-BR","copyrightYear":"2024","copyrightHolder":{"@id":"https:\/\/pre.efe.com\/#organization"}},{"@type":["WebPage","ItemPage"],"@id":"https:\/\/pre.efe.com\/pt-br\/mundo-2\/2024-01-31\/preparando-filme-sobre-jesus-martin-scorsese-se-reune-com-o-papa-francisco\/","url":"https:\/\/pre.efe.com\/pt-br\/mundo-2\/2024-01-31\/preparando-filme-sobre-jesus-martin-scorsese-se-reune-com-o-papa-francisco\/","name":"Preparando filme sobre Jesus, Martin Scorsese se re\u00fane com o papa Francisco - EFE","isPartOf":{"@id":"https:\/\/pre.efe.com\/pt-br\/#website"},"primaryImageOfPage":{"@id":"https:\/\/pre.efe.com\/pt-br\/mundo-2\/2024-01-31\/preparando-filme-sobre-jesus-martin-scorsese-se-reune-com-o-papa-francisco\/#primaryimage"},"image":{"@id":"https:\/\/pre.efe.com\/pt-br\/mundo-2\/2024-01-31\/preparando-filme-sobre-jesus-martin-scorsese-se-reune-com-o-papa-francisco\/#primaryimage"},"thumbnailUrl":"https:\/\/pre.efe.com\/wp-content\/uploads\/2023\/10\/BRITAIN-CINEMA-003.jpg","datePublished":"2024-01-31T16:45:00+00:00","dateModified":"2024-01-31T22:49:22+00:00","breadcrumb":{"@id":"https:\/\/pre.efe.com\/pt-br\/mundo-2\/2024-01-31\/preparando-filme-sobre-jesus-martin-scorsese-se-reune-com-o-papa-francisco\/#breadcrumb"},"inLanguage":"pt-BR","potentialAction":[{"@type":"ReadAction","target":["https:\/\/pre.efe.com\/pt-br\/mundo-2\/2024-01-31\/preparando-filme-sobre-jesus-martin-scorsese-se-reune-com-o-papa-francisco\/"]}]},{"@type":"ImageObject","inLanguage":"pt-BR","@id":"https:\/\/pre.efe.com\/pt-br\/mundo-2\/2024-01-31\/preparando-filme-sobre-jesus-martin-scorsese-se-reune-com-o-papa-francisco\/#primaryimage","url":"https:\/\/pre.efe.com\/wp-content\/uploads\/2023\/10\/BRITAIN-CINEMA-003.jpg","contentUrl":"https:\/\/pre.efe.com\/wp-content\/uploads\/2023\/10\/BRITAIN-CINEMA-003.jpg","width":900,"height":600,"caption":"Martin Scorsese. EFE\/Arquivo\/TOLGA AKMEN"},{"@type":"BreadcrumbList","@id":"https:\/\/pre.efe.com\/pt-br\/mundo-2\/2024-01-31\/preparando-filme-sobre-jesus-martin-scorsese-se-reune-com-o-papa-francisco\/#breadcrumb","itemListElement":[{"@type":"ListItem","position":1,"name":"Portada","item":"https:\/\/pre.efe.com\/pt-br\/"},{"@type":"ListItem","position":2,"name":"Preparando filme sobre Jesus, Martin Scorsese se re\u00fane com o papa Francisco"}]},{"@type":"WebSite","@id":"https:\/\/pre.efe.com\/pt-br\/#website","url":"https:\/\/pre.efe.com\/pt-br\/","name":"EFE Noticias","description":"","publisher":{"@id":"https:\/\/pre.efe.com\/pt-br\/#organization"},"potentialAction":[{"@type":"SearchAction","target":{"@type":"EntryPoint","urlTemplate":"https:\/\/pre.efe.com\/pt-br\/?s={search_term_string}"},"query-input":{"@type":"PropertyValueSpecification","valueRequired":true,"valueName":"search_term_string"}}],"inLanguage":"pt-BR"},{"@type":"Organization","@id":"https:\/\/pre.efe.com\/pt-br\/#organization","name":"Agencia EFE","url":"https:\/\/pre.efe.com\/pt-br\/","logo":{"@type":"ImageObject","inLanguage":"pt-BR","@id":"https:\/\/pre.efe.com\/pt-br\/#\/schema\/logo\/image\/","url":"https:\/\/pre.efe.com\/wp-content\/uploads\/2023\/06\/logo-efe-467.png","contentUrl":"https:\/\/pre.efe.com\/wp-content\/uploads\/2023\/06\/logo-efe-467.png","width":467,"height":467,"caption":"Agencia EFE"},"image":{"@id":"https:\/\/pre.efe.com\/pt-br\/#\/schema\/logo\/image\/"},"sameAs":["https:\/\/www.facebook.com\/AgenciaEFEnoticias\/","https:\/\/x.com\/efenoticias","https:\/\/www.instagram.com\/efe_noticias\/","http:\/\/www.youtube.com\/efe"]},{"@type":"Person","@id":"https:\/\/pre.efe.com\/pt-br\/#\/schema\/person\/b19f23f210db552768f68a4b552b004f","name":"anachain","image":{"@type":"ImageObject","inLanguage":"pt-BR","@id":"https:\/\/secure.gravatar.com\/avatar\/30b83965911ef1108bb893c00bdd65c885f9890e1265ee04b02c3d5adc785d37?s=96&d=identicon&r=g","url":"https:\/\/secure.gravatar.com\/avatar\/30b83965911ef1108bb893c00bdd65c885f9890e1265ee04b02c3d5adc785d37?s=96&d=identicon&r=g","contentUrl":"https:\/\/secure.gravatar.com\/avatar\/30b83965911ef1108bb893c00bdd65c885f9890e1265ee04b02c3d5adc785d37?s=96&d=identicon&r=g","caption":"anachain"},"url":"https:\/\/pre.efe.com\/pt-br\/autor\/anachain\/"}]}},"jetpack_featured_media_url":"https:\/\/pre.efe.com\/wp-content\/uploads\/2023\/10\/BRITAIN-CINEMA-003.jpg","jetpack_shortlink":"https:\/\/wp.me\/peJvHm-3IsY","jetpack_sharing_enabled":true,"_links":{"self":[{"href":"https:\/\/pre.efe.com\/pt-br\/wp-json\/wp\/v2\/posts\/885916","targetHints":{"allow":["GET"]}}],"collection":[{"href":"https:\/\/pre.efe.com\/pt-br\/wp-json\/wp\/v2\/posts"}],"about":[{"href":"https:\/\/pre.efe.com\/pt-br\/wp-json\/wp\/v2\/types\/post"}],"author":[{"embeddable":true,"href":"https:\/\/pre.efe.com\/pt-br\/wp-json\/wp\/v2\/users\/198164106"}],"replies":[{"embeddable":true,"href":"https:\/\/pre.efe.com\/pt-br\/wp-json\/wp\/v2\/comments?post=885916"}],"version-history":[{"count":2,"href":"https:\/\/pre.efe.com\/pt-br\/wp-json\/wp\/v2\/posts\/885916\/revisions"}],"predecessor-version":[{"id":885922,"href":"https:\/\/pre.efe.com\/pt-br\/wp-json\/wp\/v2\/posts\/885916\/revisions\/885922"}],"wp:featuredmedia":[{"embeddable":true,"href":"https:\/\/pre.efe.com\/pt-br\/wp-json\/wp\/v2\/media\/691815"}],"wp:attachment":[{"href":"https:\/\/pre.efe.com\/pt-br\/wp-json\/wp\/v2\/media?parent=885916"}],"wp:term":[{"taxonomy":"category","embeddable":true,"href":"https:\/\/pre.efe.com\/pt-br\/wp-json\/wp\/v2\/categories?post=885916"},{"taxonomy":"post_tag","embeddable":true,"href":"https:\/\/pre.efe.com\/pt-br\/wp-json\/wp\/v2\/tags?post=885916"}],"curies":[{"name":"wp","href":"https:\/\/api.w.org\/{rel}","templated":true}]}}