{"id":91644,"date":"2022-09-26T18:51:14","date_gmt":"2022-09-26T16:51:14","guid":{"rendered":"https:\/\/pre.efe.com\/?p=91644"},"modified":"2024-10-08T13:00:13","modified_gmt":"2024-10-08T11:00:13","slug":"ataque-a-escola-russa-deixa-15-mortos-e-24-feridos","status":"publish","type":"post","link":"https:\/\/pre.efe.com\/pt-br\/mundo-2\/2022-09-26\/ataque-a-escola-russa-deixa-15-mortos-e-24-feridos\/","title":{"rendered":"Ataque a escola russa deixa 15 mortos e 24 feridos"},"content":{"rendered":"\n<p>Moscou (<a href=\"https:\/\/pre.efe.com\/pt-br\/\">EFE<\/a>).-\u00a0O ataque de um ex-aluno de uma escola russa na Rep\u00fablica da Udm\u00fartia, na regi\u00e3o dos Urais, deixou nesta segunda-feira pelo menos 15 mortos e 24 feridos, e evocou duas trag\u00e9dias semelhantes que ocorreram ao longo de 2021.<\/p>\n\n\n\n<p>&#8220;Morreram 15 pessoas, entre elas 11 crian\u00e7as e quatro adultos&#8221;, informou o Comit\u00ea de Instru\u00e7\u00e3o da R\u00fassia em um comunicado, no qual detalha que, entre os 24 feridos, h\u00e1 22 menores de idade e que os adultos mortos no ataque s\u00e3o dois guardas escolares e dois professores.<\/p>\n\n\n\n<p>O autor do tiroteio, que ocorreu na escola 88 de Izhevsk, foi identificado como Artyom Kazantsev, de 34 anos, que se formou nesse mesmo centro educacional.<\/p>\n\n\n\n<p>&#8220;Sabemos o nome do homem que fez isso. \u00c9 Artyom Kazantsev, morador de Izhevsk (capital da Udm\u00fartia), que estava no registro de pacientes de um hospital psiqui\u00e1trico\u201d, declararam as autoridades russas.<\/p>\n\n\n\n<p>O atirador, que se suicidou ap\u00f3s o ataque, vestia uma camisa com s\u00edmbolos nazistas, segundo as imagens do local divulgadas pelo Comit\u00ea de Instru\u00e7\u00e3o, que acrescentou que Kazantsev estava armado com duas pistolas de ar comprimido transformadas para disparar muni\u00e7\u00e3o letal.<\/p>\n\n\n\n<p>Nos carregadores da pistola, cujas fotos foram publicadas nas redes sociais, \u00e9 poss\u00edvel ler a palavra &#8220;\u00f3dio&#8221; escrita em tinta vermelha.<\/p>\n\n\n\n<p>Investigadores russos realizaram uma busca na casa do atirador para obter mais informa\u00e7\u00f5es sobre os detalhes da trag\u00e9dia.<\/p>\n\n\n\n<figure class=\"wp-block-image size-full is-resized\"><img fetchpriority=\"high\" decoding=\"async\" src=\"https:\/\/pre.efe.com\/wp-content\/uploads\/2022\/09\/ATAQUEESCOLARUSSA.jpg\" alt=\"\" class=\"wp-image-91709\" width=\"978\" height=\"659\" srcset=\"https:\/\/pre.efe.com\/wp-content\/uploads\/2022\/09\/ATAQUEESCOLARUSSA.jpg 900w, https:\/\/pre.efe.com\/wp-content\/uploads\/2022\/09\/ATAQUEESCOLARUSSA-300x202.jpg 300w, https:\/\/pre.efe.com\/wp-content\/uploads\/2022\/09\/ATAQUEESCOLARUSSA-768x517.jpg 768w, https:\/\/pre.efe.com\/wp-content\/uploads\/2022\/09\/ATAQUEESCOLARUSSA-425x286.jpg 425w\" sizes=\"(max-width: 978px) 100vw, 978px\" \/><figcaption><em>Policiais russos vigiam os arredores da escola em Izhevsk. EFE\/Andrey Korotkov<\/em><\/figcaption><\/figure>\n\n\n\n<h2 class=\"wp-block-heading\">Crian\u00e7as pularam pela janela durante o ataque \u00e0 escola russa<\/h2>\n\n\n\n<p>Kazantsev chegou \u00e0 sua antiga escola por volta das 11h da manh\u00e3 (hor\u00e1rio local, 4h de Bras\u00edlia). Os alunos do centro relataram que ele matou um dos guardas assim que entrou pela porta da frente.<\/p>\n\n\n\n<p>Mais tarde, ainda de acordo com testemunhas, come\u00e7ou a se movimentar em diferentes salas de aula. Alguns dos alunos tiveram que pular pela janela devido \u00e0 impossibilidade de escapar pelo corredor e sofreram diferentes les\u00f5es e fraturas, segundo fontes m\u00e9dicas.<\/p>\n\n\n\n<p>Uma aluna da escola disse ao canal de Telegram \u201cBaza\u201d que estava na aula de Matem\u00e1tica quando ouviu os tiros. Segundo a menina, o agressor atirou em sua professora, saiu da sala e continuou caminhando pelo corredor gritando: &#8220;Onde est\u00e3o voc\u00eas, bastardos?&#8221;<\/p>\n\n\n\n<p>Outros professores se trancaram nas salas de aula com seus alunos, ap\u00f3s improvisarem barricadas com a ajuda de m\u00f3veis.<\/p>\n\n\n\n<h2 class=\"wp-block-heading\">Autoridades russas declaram luto ap\u00f3s ataque <\/h2>\n\n\n\n<p>As autoridades da Udm\u00fartia declararam tr\u00eas de luto pelas v\u00edtimas do ataque. Por sua vez, o presidente russo, Vladimir Putin, apresentou suas condol\u00eancias, assim como o primeiro-ministro, Mikhail Mishustin, e outras autoridades.<\/p>\n\n\n\n<p>&#8220;O presidente Putin lamenta profundamente a morte de pessoas, crian\u00e7as na escola, onde ocorreu um ataque terrorista&#8221;, declarou o porta-voz do Kremlin, Dmitry Peskov, que acrescentou que o autor do tiroteio \u00e9 um homem que fazia parte de uma &#8220;organiza\u00e7\u00e3o neofascista&#8221;.<\/p>\n\n\n\n<figure class=\"wp-block-image size-full is-resized\"><img decoding=\"async\" src=\"https:\/\/pre.efe.com\/wp-content\/uploads\/2022\/09\/ATAQUE_ESCOLA_RUSSA.jpg\" alt=\"\" class=\"wp-image-91714\" width=\"979\" height=\"646\" srcset=\"https:\/\/pre.efe.com\/wp-content\/uploads\/2022\/09\/ATAQUE_ESCOLA_RUSSA.jpg 900w, https:\/\/pre.efe.com\/wp-content\/uploads\/2022\/09\/ATAQUE_ESCOLA_RUSSA-300x198.jpg 300w, https:\/\/pre.efe.com\/wp-content\/uploads\/2022\/09\/ATAQUE_ESCOLA_RUSSA-768x507.jpg 768w, https:\/\/pre.efe.com\/wp-content\/uploads\/2022\/09\/ATAQUE_ESCOLA_RUSSA-430x284.jpg 430w\" sizes=\"(max-width: 979px) 100vw, 979px\" \/><figcaption><em>Policiais russos vigiam os arredores da escola em Izhevsk. EFE\/Andrey Korotkov<\/em><\/figcaption><\/figure>\n\n\n\n<h2 class=\"wp-block-heading\">Ataques semelhantes em 2021<\/h2>\n\n\n\n<p>A trag\u00e9dia de Izhevsk, cidade com cerca de 600.000 habitantes, evocou na mem\u00f3ria dos russos dois ataques semelhantes ocorridos em 2021.<\/p>\n\n\n\n<p>Em maio de 2021, um ex-aluno de uma escola em Kazan, na rep\u00fablica russa do Tartarist\u00e3o, entrou disparando no centro educacional, deixando nove mortes e 23 feridos, a maioria crian\u00e7as.<\/p>\n\n\n\n<p>Outro tiroteio em uma universidade em Perm, tamb\u00e9m nos Urais, deixou seis mortos e 50 feridos em setembro do mesmo ano. O autor do ataque era um estudante da faculdade de Direito da escola, armado com um fuzil e uma faca.<\/p>\n\n\n\n<p>O tiroteio na escola de Izhevsk tamb\u00e9m reacendeu o debate sobre a posse de armas com pedidos de maior controle estatal, inclusive por parte da defensora p\u00fablica da R\u00fassia, Tatiana Moskalkova, que defendeu &#8220;aumentar os crit\u00e9rios para a venda de armas&#8221;.<\/p>\n\n\n\n<p>&#8220;Foram adotadas leis oportunas que dificultam ao m\u00e1ximo a compra de armas, mas precisamos aumentar os crit\u00e9rios exigidos para sua aquisi\u00e7\u00e3o&#8221;, opinou.<\/p>\n\n\n\n<p>Incidentes violentos envolvendo estudantes t\u00eam aumentado nos \u00faltimos anos na R\u00fassia, onde at\u00e9 recentemente eram relativamente raros. Ap\u00f3s a trag\u00e9dia em Kazan, Putin ordenou a revis\u00e3o das regras de permiss\u00e3o de posse de armas e tamb\u00e9m que se avaliasse seu endurecimento. <a href=\"https:\/\/efs.efeservicios.com\/Clientes\">EFE<\/a><\/p>\n","protected":false},"excerpt":{"rendered":"<p>Moscou (EFE).-\u00a0O ataque de um ex-aluno de uma escola russa na Rep\u00fablica da Udm\u00fartia, na regi\u00e3o dos Urais, deixou nesta segunda-feira pelo menos 15 mortos e 24 feridos, e evocou duas trag\u00e9dias semelhantes que ocorreram ao longo de 2021. &#8220;Morreram 15 pessoas, entre elas 11 crian\u00e7as e quatro adultos&#8221;, informou o Comit\u00ea de Instru\u00e7\u00e3o da &#8230; <a title=\"Ataque a escola russa deixa 15 mortos e 24 feridos\" class=\"read-more\" href=\"https:\/\/pre.efe.com\/pt-br\/mundo-2\/2022-09-26\/ataque-a-escola-russa-deixa-15-mortos-e-24-feridos\/\" aria-label=\"Read more about Ataque a escola russa deixa 15 mortos e 24 feridos\">Leia mais<\/a><\/p>\n","protected":false},"author":198164106,"featured_media":91717,"comment_status":"closed","ping_status":"closed","sticky":false,"template":"","format":"standard","meta":{"_acf_changed":false,"_jetpack_memberships_contains_paid_content":false,"footnotes":""},"categories":[123208],"tags":[],"class_list":["post-91644","post","type-post","status-publish","format-standard","has-post-thumbnail","hentry","category-mundo-2","generate-columns","tablet-grid-50","mobile-grid-100","grid-parent","grid-50"],"acf":[],"yoast_head":"<!-- This site is optimized with the Yoast SEO Premium plugin v26.0 (Yoast SEO v27.4) - https:\/\/yoast.com\/product\/yoast-seo-premium-wordpress\/ -->\n<title>Ataque a escola russa deixa 15 mortos e 24 feridos<\/title>\n<meta name=\"description\" content=\"O ataque de um ex-aluno a uma escola russa na Rep\u00fablica da Udm\u00fartia deixou, nesta segunda-feira (26), pelo menos 15 mortos e 24 feridos.\" \/>\n<meta name=\"robots\" content=\"noindex, follow\" \/>\n<meta property=\"og:locale\" content=\"pt_BR\" \/>\n<meta property=\"og:type\" content=\"article\" \/>\n<meta property=\"og:title\" content=\"Ataque a escola russa deixa 15 mortos e 24 feridos - EFE\" \/>\n<meta property=\"og:description\" content=\"O ataque de um ex-aluno a uma escola russa na Rep\u00fablica da Udm\u00fartia deixou, nesta segunda-feira (26), pelo menos 15 mortos e 24 feridos.\" \/>\n<meta property=\"og:url\" content=\"https:\/\/pre.efe.com\/pt-br\/mundo-2\/2022-09-26\/ataque-a-escola-russa-deixa-15-mortos-e-24-feridos\/\" \/>\n<meta property=\"og:site_name\" content=\"EFE Noticias\" \/>\n<meta property=\"article:publisher\" content=\"https:\/\/www.facebook.com\/AgenciaEFEnoticias\/\" \/>\n<meta property=\"article:published_time\" content=\"2022-09-26T16:51:14+00:00\" \/>\n<meta property=\"article:modified_time\" content=\"2024-10-08T11:00:13+00:00\" \/>\n<meta property=\"og:image\" content=\"https:\/\/i0.wp.com\/efe.com\/\/srv\/htdocs\/wp-content\/uploads\/2022\/09\/ESCOLARUSSIA.jpg?fit=900%2C613&ssl=1\" \/>\n\t<meta property=\"og:image:width\" content=\"900\" \/>\n\t<meta property=\"og:image:height\" content=\"613\" \/>\n\t<meta property=\"og:image:type\" content=\"image\/jpeg\" \/>\n<meta name=\"author\" content=\"anachain\" \/>\n<meta name=\"twitter:card\" content=\"summary_large_image\" \/>\n<meta name=\"twitter:creator\" content=\"@efenoticias\" \/>\n<meta name=\"twitter:site\" content=\"@efenoticias\" \/>\n<script type=\"application\/ld+json\" class=\"yoast-schema-graph\">{\"@context\":\"https:\\\/\\\/schema.org\",\"@graph\":[{\"@type\":\"NewsArticle\",\"@id\":\"https:\\\/\\\/pre.efe.com\\\/pt-br\\\/mundo-2\\\/2022-09-26\\\/ataque-a-escola-russa-deixa-15-mortos-e-24-feridos\\\/#article\",\"isPartOf\":{\"@id\":\"https:\\\/\\\/pre.efe.com\\\/pt-br\\\/mundo-2\\\/2022-09-26\\\/ataque-a-escola-russa-deixa-15-mortos-e-24-feridos\\\/\"},\"author\":{\"name\":\"anachain\",\"@id\":\"https:\\\/\\\/pre.efe.com\\\/pt-br\\\/#\\\/schema\\\/person\\\/b19f23f210db552768f68a4b552b004f\"},\"headline\":\"Ataque a escola russa deixa 15 mortos e 24 feridos\",\"datePublished\":\"2022-09-26T16:51:14+00:00\",\"dateModified\":\"2024-10-08T11:00:13+00:00\",\"mainEntityOfPage\":{\"@id\":\"https:\\\/\\\/pre.efe.com\\\/pt-br\\\/mundo-2\\\/2022-09-26\\\/ataque-a-escola-russa-deixa-15-mortos-e-24-feridos\\\/\"},\"wordCount\":717,\"publisher\":{\"@id\":\"https:\\\/\\\/pre.efe.com\\\/pt-br\\\/#organization\"},\"image\":{\"@id\":\"https:\\\/\\\/pre.efe.com\\\/pt-br\\\/mundo-2\\\/2022-09-26\\\/ataque-a-escola-russa-deixa-15-mortos-e-24-feridos\\\/#primaryimage\"},\"thumbnailUrl\":\"https:\\\/\\\/pre.efe.com\\\/wp-content\\\/uploads\\\/2022\\\/09\\\/ESCOLARUSSIA.jpg\",\"articleSection\":[\"Mundo\"],\"inLanguage\":\"pt-BR\",\"copyrightYear\":\"2022\",\"copyrightHolder\":{\"@id\":\"https:\\\/\\\/pre.efe.com\\\/#organization\"}},{\"@type\":[\"WebPage\",\"ItemPage\"],\"@id\":\"https:\\\/\\\/pre.efe.com\\\/pt-br\\\/mundo-2\\\/2022-09-26\\\/ataque-a-escola-russa-deixa-15-mortos-e-24-feridos\\\/\",\"url\":\"https:\\\/\\\/pre.efe.com\\\/pt-br\\\/mundo-2\\\/2022-09-26\\\/ataque-a-escola-russa-deixa-15-mortos-e-24-feridos\\\/\",\"name\":\"Ataque a escola russa deixa 15 mortos e 24 feridos\",\"isPartOf\":{\"@id\":\"https:\\\/\\\/pre.efe.com\\\/pt-br\\\/#website\"},\"primaryImageOfPage\":{\"@id\":\"https:\\\/\\\/pre.efe.com\\\/pt-br\\\/mundo-2\\\/2022-09-26\\\/ataque-a-escola-russa-deixa-15-mortos-e-24-feridos\\\/#primaryimage\"},\"image\":{\"@id\":\"https:\\\/\\\/pre.efe.com\\\/pt-br\\\/mundo-2\\\/2022-09-26\\\/ataque-a-escola-russa-deixa-15-mortos-e-24-feridos\\\/#primaryimage\"},\"thumbnailUrl\":\"https:\\\/\\\/pre.efe.com\\\/wp-content\\\/uploads\\\/2022\\\/09\\\/ESCOLARUSSIA.jpg\",\"datePublished\":\"2022-09-26T16:51:14+00:00\",\"dateModified\":\"2024-10-08T11:00:13+00:00\",\"description\":\"O ataque de um ex-aluno a uma escola russa na Rep\u00fablica da Udm\u00fartia deixou, nesta segunda-feira (26), pelo menos 15 mortos e 24 feridos.\",\"breadcrumb\":{\"@id\":\"https:\\\/\\\/pre.efe.com\\\/pt-br\\\/mundo-2\\\/2022-09-26\\\/ataque-a-escola-russa-deixa-15-mortos-e-24-feridos\\\/#breadcrumb\"},\"inLanguage\":\"pt-BR\",\"potentialAction\":[{\"@type\":\"ReadAction\",\"target\":[\"https:\\\/\\\/pre.efe.com\\\/pt-br\\\/mundo-2\\\/2022-09-26\\\/ataque-a-escola-russa-deixa-15-mortos-e-24-feridos\\\/\"]}]},{\"@type\":\"ImageObject\",\"inLanguage\":\"pt-BR\",\"@id\":\"https:\\\/\\\/pre.efe.com\\\/pt-br\\\/mundo-2\\\/2022-09-26\\\/ataque-a-escola-russa-deixa-15-mortos-e-24-feridos\\\/#primaryimage\",\"url\":\"https:\\\/\\\/pre.efe.com\\\/wp-content\\\/uploads\\\/2022\\\/09\\\/ESCOLARUSSIA.jpg\",\"contentUrl\":\"https:\\\/\\\/pre.efe.com\\\/wp-content\\\/uploads\\\/2022\\\/09\\\/ESCOLARUSSIA.jpg\",\"width\":900,\"height\":613,\"caption\":\"Policiais russos vigiam os arredores da escola em Izhevsk. EFE\\\/Andrey Korotkov\"},{\"@type\":\"BreadcrumbList\",\"@id\":\"https:\\\/\\\/pre.efe.com\\\/pt-br\\\/mundo-2\\\/2022-09-26\\\/ataque-a-escola-russa-deixa-15-mortos-e-24-feridos\\\/#breadcrumb\",\"itemListElement\":[{\"@type\":\"ListItem\",\"position\":1,\"name\":\"Portada\",\"item\":\"https:\\\/\\\/pre.efe.com\\\/pt-br\\\/\"},{\"@type\":\"ListItem\",\"position\":2,\"name\":\"Ataque a escola russa deixa 15 mortos e 24 feridos\"}]},{\"@type\":\"WebSite\",\"@id\":\"https:\\\/\\\/pre.efe.com\\\/pt-br\\\/#website\",\"url\":\"https:\\\/\\\/pre.efe.com\\\/pt-br\\\/\",\"name\":\"EFE Noticias\",\"description\":\"\",\"publisher\":{\"@id\":\"https:\\\/\\\/pre.efe.com\\\/pt-br\\\/#organization\"},\"potentialAction\":[{\"@type\":\"SearchAction\",\"target\":{\"@type\":\"EntryPoint\",\"urlTemplate\":\"https:\\\/\\\/pre.efe.com\\\/pt-br\\\/?s={search_term_string}\"},\"query-input\":{\"@type\":\"PropertyValueSpecification\",\"valueRequired\":true,\"valueName\":\"search_term_string\"}}],\"inLanguage\":\"pt-BR\"},{\"@type\":\"Organization\",\"@id\":\"https:\\\/\\\/pre.efe.com\\\/pt-br\\\/#organization\",\"name\":\"Agencia EFE\",\"url\":\"https:\\\/\\\/pre.efe.com\\\/pt-br\\\/\",\"logo\":{\"@type\":\"ImageObject\",\"inLanguage\":\"pt-BR\",\"@id\":\"https:\\\/\\\/pre.efe.com\\\/pt-br\\\/#\\\/schema\\\/logo\\\/image\\\/\",\"url\":\"https:\\\/\\\/pre.efe.com\\\/wp-content\\\/uploads\\\/2023\\\/06\\\/logo-efe-467.png\",\"contentUrl\":\"https:\\\/\\\/pre.efe.com\\\/wp-content\\\/uploads\\\/2023\\\/06\\\/logo-efe-467.png\",\"width\":467,\"height\":467,\"caption\":\"Agencia EFE\"},\"image\":{\"@id\":\"https:\\\/\\\/pre.efe.com\\\/pt-br\\\/#\\\/schema\\\/logo\\\/image\\\/\"},\"sameAs\":[\"https:\\\/\\\/www.facebook.com\\\/AgenciaEFEnoticias\\\/\",\"https:\\\/\\\/x.com\\\/efenoticias\",\"https:\\\/\\\/www.instagram.com\\\/efe_noticias\\\/\",\"http:\\\/\\\/www.youtube.com\\\/efe\"]},{\"@type\":\"Person\",\"@id\":\"https:\\\/\\\/pre.efe.com\\\/pt-br\\\/#\\\/schema\\\/person\\\/b19f23f210db552768f68a4b552b004f\",\"name\":\"anachain\",\"image\":{\"@type\":\"ImageObject\",\"inLanguage\":\"pt-BR\",\"@id\":\"https:\\\/\\\/secure.gravatar.com\\\/avatar\\\/30b83965911ef1108bb893c00bdd65c885f9890e1265ee04b02c3d5adc785d37?s=96&d=identicon&r=g\",\"url\":\"https:\\\/\\\/secure.gravatar.com\\\/avatar\\\/30b83965911ef1108bb893c00bdd65c885f9890e1265ee04b02c3d5adc785d37?s=96&d=identicon&r=g\",\"contentUrl\":\"https:\\\/\\\/secure.gravatar.com\\\/avatar\\\/30b83965911ef1108bb893c00bdd65c885f9890e1265ee04b02c3d5adc785d37?s=96&d=identicon&r=g\",\"caption\":\"anachain\"},\"url\":\"https:\\\/\\\/pre.efe.com\\\/pt-br\\\/autor\\\/anachain\\\/\"}]}<\/script>\n<!-- \/ Yoast SEO Premium plugin. -->","yoast_head_json":{"title":"Ataque a escola russa deixa 15 mortos e 24 feridos","description":"O ataque de um ex-aluno a uma escola russa na Rep\u00fablica da Udm\u00fartia deixou, nesta segunda-feira (26), pelo menos 15 mortos e 24 feridos.","robots":{"index":"noindex","follow":"follow"},"og_locale":"pt_BR","og_type":"article","og_title":"Ataque a escola russa deixa 15 mortos e 24 feridos - EFE","og_description":"O ataque de um ex-aluno a uma escola russa na Rep\u00fablica da Udm\u00fartia deixou, nesta segunda-feira (26), pelo menos 15 mortos e 24 feridos.","og_url":"https:\/\/pre.efe.com\/pt-br\/mundo-2\/2022-09-26\/ataque-a-escola-russa-deixa-15-mortos-e-24-feridos\/","og_site_name":"EFE Noticias","article_publisher":"https:\/\/www.facebook.com\/AgenciaEFEnoticias\/","article_published_time":"2022-09-26T16:51:14+00:00","article_modified_time":"2024-10-08T11:00:13+00:00","og_image":[{"width":900,"height":613,"url":"https:\/\/i0.wp.com\/efe.com\/\/srv\/htdocs\/wp-content\/uploads\/2022\/09\/ESCOLARUSSIA.jpg?fit=900%2C613&ssl=1","type":"image\/jpeg"}],"author":"anachain","twitter_card":"summary_large_image","twitter_creator":"@efenoticias","twitter_site":"@efenoticias","schema":{"@context":"https:\/\/schema.org","@graph":[{"@type":"NewsArticle","@id":"https:\/\/pre.efe.com\/pt-br\/mundo-2\/2022-09-26\/ataque-a-escola-russa-deixa-15-mortos-e-24-feridos\/#article","isPartOf":{"@id":"https:\/\/pre.efe.com\/pt-br\/mundo-2\/2022-09-26\/ataque-a-escola-russa-deixa-15-mortos-e-24-feridos\/"},"author":{"name":"anachain","@id":"https:\/\/pre.efe.com\/pt-br\/#\/schema\/person\/b19f23f210db552768f68a4b552b004f"},"headline":"Ataque a escola russa deixa 15 mortos e 24 feridos","datePublished":"2022-09-26T16:51:14+00:00","dateModified":"2024-10-08T11:00:13+00:00","mainEntityOfPage":{"@id":"https:\/\/pre.efe.com\/pt-br\/mundo-2\/2022-09-26\/ataque-a-escola-russa-deixa-15-mortos-e-24-feridos\/"},"wordCount":717,"publisher":{"@id":"https:\/\/pre.efe.com\/pt-br\/#organization"},"image":{"@id":"https:\/\/pre.efe.com\/pt-br\/mundo-2\/2022-09-26\/ataque-a-escola-russa-deixa-15-mortos-e-24-feridos\/#primaryimage"},"thumbnailUrl":"https:\/\/pre.efe.com\/wp-content\/uploads\/2022\/09\/ESCOLARUSSIA.jpg","articleSection":["Mundo"],"inLanguage":"pt-BR","copyrightYear":"2022","copyrightHolder":{"@id":"https:\/\/pre.efe.com\/#organization"}},{"@type":["WebPage","ItemPage"],"@id":"https:\/\/pre.efe.com\/pt-br\/mundo-2\/2022-09-26\/ataque-a-escola-russa-deixa-15-mortos-e-24-feridos\/","url":"https:\/\/pre.efe.com\/pt-br\/mundo-2\/2022-09-26\/ataque-a-escola-russa-deixa-15-mortos-e-24-feridos\/","name":"Ataque a escola russa deixa 15 mortos e 24 feridos","isPartOf":{"@id":"https:\/\/pre.efe.com\/pt-br\/#website"},"primaryImageOfPage":{"@id":"https:\/\/pre.efe.com\/pt-br\/mundo-2\/2022-09-26\/ataque-a-escola-russa-deixa-15-mortos-e-24-feridos\/#primaryimage"},"image":{"@id":"https:\/\/pre.efe.com\/pt-br\/mundo-2\/2022-09-26\/ataque-a-escola-russa-deixa-15-mortos-e-24-feridos\/#primaryimage"},"thumbnailUrl":"https:\/\/pre.efe.com\/wp-content\/uploads\/2022\/09\/ESCOLARUSSIA.jpg","datePublished":"2022-09-26T16:51:14+00:00","dateModified":"2024-10-08T11:00:13+00:00","description":"O ataque de um ex-aluno a uma escola russa na Rep\u00fablica da Udm\u00fartia deixou, nesta segunda-feira (26), pelo menos 15 mortos e 24 feridos.","breadcrumb":{"@id":"https:\/\/pre.efe.com\/pt-br\/mundo-2\/2022-09-26\/ataque-a-escola-russa-deixa-15-mortos-e-24-feridos\/#breadcrumb"},"inLanguage":"pt-BR","potentialAction":[{"@type":"ReadAction","target":["https:\/\/pre.efe.com\/pt-br\/mundo-2\/2022-09-26\/ataque-a-escola-russa-deixa-15-mortos-e-24-feridos\/"]}]},{"@type":"ImageObject","inLanguage":"pt-BR","@id":"https:\/\/pre.efe.com\/pt-br\/mundo-2\/2022-09-26\/ataque-a-escola-russa-deixa-15-mortos-e-24-feridos\/#primaryimage","url":"https:\/\/pre.efe.com\/wp-content\/uploads\/2022\/09\/ESCOLARUSSIA.jpg","contentUrl":"https:\/\/pre.efe.com\/wp-content\/uploads\/2022\/09\/ESCOLARUSSIA.jpg","width":900,"height":613,"caption":"Policiais russos vigiam os arredores da escola em Izhevsk. EFE\/Andrey Korotkov"},{"@type":"BreadcrumbList","@id":"https:\/\/pre.efe.com\/pt-br\/mundo-2\/2022-09-26\/ataque-a-escola-russa-deixa-15-mortos-e-24-feridos\/#breadcrumb","itemListElement":[{"@type":"ListItem","position":1,"name":"Portada","item":"https:\/\/pre.efe.com\/pt-br\/"},{"@type":"ListItem","position":2,"name":"Ataque a escola russa deixa 15 mortos e 24 feridos"}]},{"@type":"WebSite","@id":"https:\/\/pre.efe.com\/pt-br\/#website","url":"https:\/\/pre.efe.com\/pt-br\/","name":"EFE Noticias","description":"","publisher":{"@id":"https:\/\/pre.efe.com\/pt-br\/#organization"},"potentialAction":[{"@type":"SearchAction","target":{"@type":"EntryPoint","urlTemplate":"https:\/\/pre.efe.com\/pt-br\/?s={search_term_string}"},"query-input":{"@type":"PropertyValueSpecification","valueRequired":true,"valueName":"search_term_string"}}],"inLanguage":"pt-BR"},{"@type":"Organization","@id":"https:\/\/pre.efe.com\/pt-br\/#organization","name":"Agencia EFE","url":"https:\/\/pre.efe.com\/pt-br\/","logo":{"@type":"ImageObject","inLanguage":"pt-BR","@id":"https:\/\/pre.efe.com\/pt-br\/#\/schema\/logo\/image\/","url":"https:\/\/pre.efe.com\/wp-content\/uploads\/2023\/06\/logo-efe-467.png","contentUrl":"https:\/\/pre.efe.com\/wp-content\/uploads\/2023\/06\/logo-efe-467.png","width":467,"height":467,"caption":"Agencia EFE"},"image":{"@id":"https:\/\/pre.efe.com\/pt-br\/#\/schema\/logo\/image\/"},"sameAs":["https:\/\/www.facebook.com\/AgenciaEFEnoticias\/","https:\/\/x.com\/efenoticias","https:\/\/www.instagram.com\/efe_noticias\/","http:\/\/www.youtube.com\/efe"]},{"@type":"Person","@id":"https:\/\/pre.efe.com\/pt-br\/#\/schema\/person\/b19f23f210db552768f68a4b552b004f","name":"anachain","image":{"@type":"ImageObject","inLanguage":"pt-BR","@id":"https:\/\/secure.gravatar.com\/avatar\/30b83965911ef1108bb893c00bdd65c885f9890e1265ee04b02c3d5adc785d37?s=96&d=identicon&r=g","url":"https:\/\/secure.gravatar.com\/avatar\/30b83965911ef1108bb893c00bdd65c885f9890e1265ee04b02c3d5adc785d37?s=96&d=identicon&r=g","contentUrl":"https:\/\/secure.gravatar.com\/avatar\/30b83965911ef1108bb893c00bdd65c885f9890e1265ee04b02c3d5adc785d37?s=96&d=identicon&r=g","caption":"anachain"},"url":"https:\/\/pre.efe.com\/pt-br\/autor\/anachain\/"}]}},"jetpack_featured_media_url":"https:\/\/pre.efe.com\/wp-content\/uploads\/2022\/09\/ESCOLARUSSIA.jpg","jetpack_shortlink":"https:\/\/wp.me\/peJvHm-nQ8","jetpack_sharing_enabled":true,"_links":{"self":[{"href":"https:\/\/pre.efe.com\/pt-br\/wp-json\/wp\/v2\/posts\/91644","targetHints":{"allow":["GET"]}}],"collection":[{"href":"https:\/\/pre.efe.com\/pt-br\/wp-json\/wp\/v2\/posts"}],"about":[{"href":"https:\/\/pre.efe.com\/pt-br\/wp-json\/wp\/v2\/types\/post"}],"author":[{"embeddable":true,"href":"https:\/\/pre.efe.com\/pt-br\/wp-json\/wp\/v2\/users\/198164106"}],"replies":[{"embeddable":true,"href":"https:\/\/pre.efe.com\/pt-br\/wp-json\/wp\/v2\/comments?post=91644"}],"version-history":[{"count":3,"href":"https:\/\/pre.efe.com\/pt-br\/wp-json\/wp\/v2\/posts\/91644\/revisions"}],"predecessor-version":[{"id":91732,"href":"https:\/\/pre.efe.com\/pt-br\/wp-json\/wp\/v2\/posts\/91644\/revisions\/91732"}],"wp:featuredmedia":[{"embeddable":true,"href":"https:\/\/pre.efe.com\/pt-br\/wp-json\/wp\/v2\/media\/91717"}],"wp:attachment":[{"href":"https:\/\/pre.efe.com\/pt-br\/wp-json\/wp\/v2\/media?parent=91644"}],"wp:term":[{"taxonomy":"category","embeddable":true,"href":"https:\/\/pre.efe.com\/pt-br\/wp-json\/wp\/v2\/categories?post=91644"},{"taxonomy":"post_tag","embeddable":true,"href":"https:\/\/pre.efe.com\/pt-br\/wp-json\/wp\/v2\/tags?post=91644"}],"curies":[{"name":"wp","href":"https:\/\/api.w.org\/{rel}","templated":true}]}}