{"id":91733,"date":"2022-09-26T19:17:06","date_gmt":"2022-09-26T17:17:06","guid":{"rendered":"https:\/\/pre.efe.com\/?p=91733"},"modified":"2022-09-26T19:17:08","modified_gmt":"2022-09-26T17:17:08","slug":"argentina-e-twitter-se-unem-para-frear-odio-nas-redes","status":"publish","type":"post","link":"https:\/\/pre.efe.com\/pt-br\/outras-noticias\/2022-09-26\/argentina-e-twitter-se-unem-para-frear-odio-nas-redes\/","title":{"rendered":"Argentina e Twitter se unem para frear \u00f3dio nas redes"},"content":{"rendered":"\n<p>Buenos Aires (<a href=\"https:\/\/pre.efe.com\/pt-br\/\">EFE<\/a>).-\u00a0O governo da Argentina promover\u00e1 &#8220;a\u00e7\u00f5es conjuntas&#8221; com o Twitter para impedir a prolifera\u00e7\u00e3o do discurso de \u00f3dio nas redes sociais devido ao seu &#8220;recrudescimento&#8221; desde a pandemia do coronav\u00edrus, segundo informaram fontes oficiais nesta segunda-feira.<\/p>\n\n\n\n<p>O secret\u00e1rio de Direitos Humanos da Argentina, Horacio Pietragalla, realizou uma reuni\u00e3o virtual com representantes do Twitter na Am\u00e9rica Latina para abrir \u201cuma inst\u00e2ncia de di\u00e1logo\u201d que permita gerar a\u00e7\u00f5es destinadas a coibir a dissemina\u00e7\u00e3o de comportamentos abusivos nas redes, detalhou a Secretaria de Direitos Humanos em comunicado.<\/p>\n\n\n\n<p>Durante o encontro, Pietragalla ofereceu a \u201ccolabora\u00e7\u00e3o t\u00e9cnica\u201d da secretaria argentina para \u201cmelhorar a qualidade do debate p\u00fablico nas redes sociais e prevenir situa\u00e7\u00f5es de viol\u00eancia\u201d.<\/p>\n\n\n\n<figure class=\"wp-block-image size-full is-resized\"><img fetchpriority=\"high\" decoding=\"async\" src=\"https:\/\/pre.efe.com\/wp-content\/uploads\/2022\/09\/ARGENTINA-TWITTER.jpg\" alt=\"\" class=\"wp-image-91758\" width=\"982\" height=\"654\" srcset=\"https:\/\/pre.efe.com\/wp-content\/uploads\/2022\/09\/ARGENTINA-TWITTER.jpg 900w, https:\/\/pre.efe.com\/wp-content\/uploads\/2022\/09\/ARGENTINA-TWITTER-300x200.jpg 300w, https:\/\/pre.efe.com\/wp-content\/uploads\/2022\/09\/ARGENTINA-TWITTER-768x512.jpg 768w, https:\/\/pre.efe.com\/wp-content\/uploads\/2022\/09\/ARGENTINA-TWITTER-430x286.jpg 430w\" sizes=\"(max-width: 982px) 100vw, 982px\" \/><figcaption><em>O secret\u00e1rio de Direitos Humanos da Argentina, Horacio Pietragalla. EFE\/Arquivo\/Andrea Cuesta<\/em><\/figcaption><\/figure>\n\n\n\n<p>Os respons\u00e1veis \u200b\u200bpelo Twitter presentes no encontro, incluindo Hugo Rodr\u00edguez Nicolat, diretor de Pol\u00edticas P\u00fablicas do Twitter Am\u00e9rica Latina, &#8220;concordaram sobre a import\u00e2ncia de realizar a\u00e7\u00f5es conjuntas&#8221; para limitar essas pr\u00e1ticas e destacaram a relev\u00e2ncia da &#8220;alfabetiza\u00e7\u00e3o digital&#8221; no uso de redes sociais, de acordo com o comunicado.<\/p>\n\n\n\n<p>O governo da Argentina sustenta que o &#8220;recrudescimento&#8221; do discurso de \u00f3dio na internet foi um dos fatores que motivaram a tentativa de assassinato da vice-presidente, Cristina Kirchner, ocorrida em 1\u00ba de setembro.<\/p>\n\n\n\n<p>Naquele dia, um homem de nacionalidade brasileira de 35 anos, Fernando Sabag Montiel, tentou disparar duas vezes no rosto da ex-presidente, mas a arma n\u00e3o efetuou nenhum disparo. <a href=\"https:\/\/efs.efeservicios.com\/Clientes\">EFE<\/a><\/p>\n","protected":false},"excerpt":{"rendered":"<p>Buenos Aires (EFE).-\u00a0O governo da Argentina promover\u00e1 &#8220;a\u00e7\u00f5es conjuntas&#8221; com o Twitter para impedir a prolifera\u00e7\u00e3o do discurso de \u00f3dio nas redes sociais devido ao seu &#8220;recrudescimento&#8221; desde a pandemia do coronav\u00edrus, segundo informaram fontes oficiais nesta segunda-feira. O secret\u00e1rio de Direitos Humanos da Argentina, Horacio Pietragalla, realizou uma reuni\u00e3o virtual com representantes do Twitter &#8230; <a title=\"Argentina e Twitter se unem para frear \u00f3dio nas redes\" class=\"read-more\" href=\"https:\/\/pre.efe.com\/pt-br\/outras-noticias\/2022-09-26\/argentina-e-twitter-se-unem-para-frear-odio-nas-redes\/\" aria-label=\"Read more about Argentina e Twitter se unem para frear \u00f3dio nas redes\">Leia mais<\/a><\/p>\n","protected":false},"author":198164106,"featured_media":91762,"comment_status":"closed","ping_status":"closed","sticky":false,"template":"","format":"standard","meta":{"_acf_changed":false,"_jetpack_memberships_contains_paid_content":false,"footnotes":""},"categories":[122144],"tags":[122644,122797],"class_list":["post-91733","post","type-post","status-publish","format-standard","has-post-thumbnail","hentry","category-outras-noticias","tag-argentina-2","tag-twitter","generate-columns","tablet-grid-50","mobile-grid-100","grid-parent","grid-50"],"acf":[],"yoast_head":"<!-- This site is optimized with the Yoast SEO Premium plugin v26.0 (Yoast SEO v27.4) - https:\/\/yoast.com\/product\/yoast-seo-premium-wordpress\/ -->\n<title>Argentina e Twitter se unem para frear \u00f3dio nas redes<\/title>\n<meta name=\"description\" content=\"\u00a0O governo da Argentina promover\u00e1 &quot;a\u00e7\u00f5es conjuntas&quot; com o Twitter para impedir a prolifera\u00e7\u00e3o do discurso de \u00f3dio nas redes sociais.\" \/>\n<meta name=\"robots\" content=\"noindex, follow\" \/>\n<meta property=\"og:locale\" content=\"pt_BR\" \/>\n<meta property=\"og:type\" content=\"article\" \/>\n<meta property=\"og:title\" content=\"Argentina e Twitter se unem para frear \u00f3dio nas redes - EFE\" \/>\n<meta property=\"og:description\" content=\"\u00a0O governo da Argentina promover\u00e1 &quot;a\u00e7\u00f5es conjuntas&quot; com o Twitter para impedir a prolifera\u00e7\u00e3o do discurso de \u00f3dio nas redes sociais.\" \/>\n<meta property=\"og:url\" content=\"https:\/\/pre.efe.com\/pt-br\/outras-noticias\/2022-09-26\/argentina-e-twitter-se-unem-para-frear-odio-nas-redes\/\" \/>\n<meta property=\"og:site_name\" content=\"EFE Noticias\" \/>\n<meta property=\"article:publisher\" content=\"https:\/\/www.facebook.com\/AgenciaEFEnoticias\/\" \/>\n<meta property=\"article:published_time\" content=\"2022-09-26T17:17:06+00:00\" \/>\n<meta property=\"article:modified_time\" content=\"2022-09-26T17:17:08+00:00\" \/>\n<meta property=\"og:image\" content=\"https:\/\/i0.wp.com\/efe.com\/\/srv\/htdocs\/wp-content\/uploads\/2022\/09\/TWITTER.jpg?fit=600%2C400&ssl=1\" \/>\n\t<meta property=\"og:image:width\" content=\"600\" \/>\n\t<meta property=\"og:image:height\" content=\"400\" \/>\n\t<meta property=\"og:image:type\" content=\"image\/jpeg\" \/>\n<meta name=\"author\" content=\"anachain\" \/>\n<meta name=\"twitter:card\" content=\"summary_large_image\" \/>\n<meta name=\"twitter:creator\" content=\"@efenoticias\" \/>\n<meta name=\"twitter:site\" content=\"@efenoticias\" \/>\n<script type=\"application\/ld+json\" class=\"yoast-schema-graph\">{\"@context\":\"https:\\\/\\\/schema.org\",\"@graph\":[{\"@type\":\"NewsArticle\",\"@id\":\"https:\\\/\\\/pre.efe.com\\\/pt-br\\\/outras-noticias\\\/2022-09-26\\\/argentina-e-twitter-se-unem-para-frear-odio-nas-redes\\\/#article\",\"isPartOf\":{\"@id\":\"https:\\\/\\\/pre.efe.com\\\/pt-br\\\/outras-noticias\\\/2022-09-26\\\/argentina-e-twitter-se-unem-para-frear-odio-nas-redes\\\/\"},\"author\":{\"name\":\"anachain\",\"@id\":\"https:\\\/\\\/pre.efe.com\\\/pt-br\\\/#\\\/schema\\\/person\\\/b19f23f210db552768f68a4b552b004f\"},\"headline\":\"Argentina e Twitter se unem para frear \u00f3dio nas redes\",\"datePublished\":\"2022-09-26T17:17:06+00:00\",\"dateModified\":\"2022-09-26T17:17:08+00:00\",\"mainEntityOfPage\":{\"@id\":\"https:\\\/\\\/pre.efe.com\\\/pt-br\\\/outras-noticias\\\/2022-09-26\\\/argentina-e-twitter-se-unem-para-frear-odio-nas-redes\\\/\"},\"wordCount\":272,\"publisher\":{\"@id\":\"https:\\\/\\\/pre.efe.com\\\/pt-br\\\/#organization\"},\"image\":{\"@id\":\"https:\\\/\\\/pre.efe.com\\\/pt-br\\\/outras-noticias\\\/2022-09-26\\\/argentina-e-twitter-se-unem-para-frear-odio-nas-redes\\\/#primaryimage\"},\"thumbnailUrl\":\"https:\\\/\\\/pre.efe.com\\\/wp-content\\\/uploads\\\/2022\\\/09\\\/TWITTER.jpg\",\"keywords\":[\"Argentina\",\"Twitter\"],\"articleSection\":[\"Outras not\u00edcias\"],\"inLanguage\":\"pt-BR\",\"copyrightYear\":\"2022\",\"copyrightHolder\":{\"@id\":\"https:\\\/\\\/pre.efe.com\\\/#organization\"}},{\"@type\":[\"WebPage\",\"ItemPage\"],\"@id\":\"https:\\\/\\\/pre.efe.com\\\/pt-br\\\/outras-noticias\\\/2022-09-26\\\/argentina-e-twitter-se-unem-para-frear-odio-nas-redes\\\/\",\"url\":\"https:\\\/\\\/pre.efe.com\\\/pt-br\\\/outras-noticias\\\/2022-09-26\\\/argentina-e-twitter-se-unem-para-frear-odio-nas-redes\\\/\",\"name\":\"Argentina e Twitter se unem para frear \u00f3dio nas redes\",\"isPartOf\":{\"@id\":\"https:\\\/\\\/pre.efe.com\\\/pt-br\\\/#website\"},\"primaryImageOfPage\":{\"@id\":\"https:\\\/\\\/pre.efe.com\\\/pt-br\\\/outras-noticias\\\/2022-09-26\\\/argentina-e-twitter-se-unem-para-frear-odio-nas-redes\\\/#primaryimage\"},\"image\":{\"@id\":\"https:\\\/\\\/pre.efe.com\\\/pt-br\\\/outras-noticias\\\/2022-09-26\\\/argentina-e-twitter-se-unem-para-frear-odio-nas-redes\\\/#primaryimage\"},\"thumbnailUrl\":\"https:\\\/\\\/pre.efe.com\\\/wp-content\\\/uploads\\\/2022\\\/09\\\/TWITTER.jpg\",\"datePublished\":\"2022-09-26T17:17:06+00:00\",\"dateModified\":\"2022-09-26T17:17:08+00:00\",\"description\":\"\u00a0O governo da Argentina promover\u00e1 \\\"a\u00e7\u00f5es conjuntas\\\" com o Twitter para impedir a prolifera\u00e7\u00e3o do discurso de \u00f3dio nas redes sociais.\",\"breadcrumb\":{\"@id\":\"https:\\\/\\\/pre.efe.com\\\/pt-br\\\/outras-noticias\\\/2022-09-26\\\/argentina-e-twitter-se-unem-para-frear-odio-nas-redes\\\/#breadcrumb\"},\"inLanguage\":\"pt-BR\",\"potentialAction\":[{\"@type\":\"ReadAction\",\"target\":[\"https:\\\/\\\/pre.efe.com\\\/pt-br\\\/outras-noticias\\\/2022-09-26\\\/argentina-e-twitter-se-unem-para-frear-odio-nas-redes\\\/\"]}]},{\"@type\":\"ImageObject\",\"inLanguage\":\"pt-BR\",\"@id\":\"https:\\\/\\\/pre.efe.com\\\/pt-br\\\/outras-noticias\\\/2022-09-26\\\/argentina-e-twitter-se-unem-para-frear-odio-nas-redes\\\/#primaryimage\",\"url\":\"https:\\\/\\\/pre.efe.com\\\/wp-content\\\/uploads\\\/2022\\\/09\\\/TWITTER.jpg\",\"contentUrl\":\"https:\\\/\\\/pre.efe.com\\\/wp-content\\\/uploads\\\/2022\\\/09\\\/TWITTER.jpg\",\"width\":600,\"height\":400,\"caption\":\"EFE\\\/Arquivo\\\/Sascha Steinnbach\"},{\"@type\":\"BreadcrumbList\",\"@id\":\"https:\\\/\\\/pre.efe.com\\\/pt-br\\\/outras-noticias\\\/2022-09-26\\\/argentina-e-twitter-se-unem-para-frear-odio-nas-redes\\\/#breadcrumb\",\"itemListElement\":[{\"@type\":\"ListItem\",\"position\":1,\"name\":\"Portada\",\"item\":\"https:\\\/\\\/pre.efe.com\\\/pt-br\\\/\"},{\"@type\":\"ListItem\",\"position\":2,\"name\":\"Argentina e Twitter se unem para frear \u00f3dio nas redes\"}]},{\"@type\":\"WebSite\",\"@id\":\"https:\\\/\\\/pre.efe.com\\\/pt-br\\\/#website\",\"url\":\"https:\\\/\\\/pre.efe.com\\\/pt-br\\\/\",\"name\":\"EFE Noticias\",\"description\":\"\",\"publisher\":{\"@id\":\"https:\\\/\\\/pre.efe.com\\\/pt-br\\\/#organization\"},\"potentialAction\":[{\"@type\":\"SearchAction\",\"target\":{\"@type\":\"EntryPoint\",\"urlTemplate\":\"https:\\\/\\\/pre.efe.com\\\/pt-br\\\/?s={search_term_string}\"},\"query-input\":{\"@type\":\"PropertyValueSpecification\",\"valueRequired\":true,\"valueName\":\"search_term_string\"}}],\"inLanguage\":\"pt-BR\"},{\"@type\":\"Organization\",\"@id\":\"https:\\\/\\\/pre.efe.com\\\/pt-br\\\/#organization\",\"name\":\"Agencia EFE\",\"url\":\"https:\\\/\\\/pre.efe.com\\\/pt-br\\\/\",\"logo\":{\"@type\":\"ImageObject\",\"inLanguage\":\"pt-BR\",\"@id\":\"https:\\\/\\\/pre.efe.com\\\/pt-br\\\/#\\\/schema\\\/logo\\\/image\\\/\",\"url\":\"https:\\\/\\\/pre.efe.com\\\/wp-content\\\/uploads\\\/2023\\\/06\\\/logo-efe-467.png\",\"contentUrl\":\"https:\\\/\\\/pre.efe.com\\\/wp-content\\\/uploads\\\/2023\\\/06\\\/logo-efe-467.png\",\"width\":467,\"height\":467,\"caption\":\"Agencia EFE\"},\"image\":{\"@id\":\"https:\\\/\\\/pre.efe.com\\\/pt-br\\\/#\\\/schema\\\/logo\\\/image\\\/\"},\"sameAs\":[\"https:\\\/\\\/www.facebook.com\\\/AgenciaEFEnoticias\\\/\",\"https:\\\/\\\/x.com\\\/efenoticias\",\"https:\\\/\\\/www.instagram.com\\\/efe_noticias\\\/\",\"http:\\\/\\\/www.youtube.com\\\/efe\"]},{\"@type\":\"Person\",\"@id\":\"https:\\\/\\\/pre.efe.com\\\/pt-br\\\/#\\\/schema\\\/person\\\/b19f23f210db552768f68a4b552b004f\",\"name\":\"anachain\",\"image\":{\"@type\":\"ImageObject\",\"inLanguage\":\"pt-BR\",\"@id\":\"https:\\\/\\\/secure.gravatar.com\\\/avatar\\\/30b83965911ef1108bb893c00bdd65c885f9890e1265ee04b02c3d5adc785d37?s=96&d=identicon&r=g\",\"url\":\"https:\\\/\\\/secure.gravatar.com\\\/avatar\\\/30b83965911ef1108bb893c00bdd65c885f9890e1265ee04b02c3d5adc785d37?s=96&d=identicon&r=g\",\"contentUrl\":\"https:\\\/\\\/secure.gravatar.com\\\/avatar\\\/30b83965911ef1108bb893c00bdd65c885f9890e1265ee04b02c3d5adc785d37?s=96&d=identicon&r=g\",\"caption\":\"anachain\"},\"url\":\"https:\\\/\\\/pre.efe.com\\\/pt-br\\\/autor\\\/anachain\\\/\"}]}<\/script>\n<!-- \/ Yoast SEO Premium plugin. -->","yoast_head_json":{"title":"Argentina e Twitter se unem para frear \u00f3dio nas redes","description":"\u00a0O governo da Argentina promover\u00e1 \"a\u00e7\u00f5es conjuntas\" com o Twitter para impedir a prolifera\u00e7\u00e3o do discurso de \u00f3dio nas redes sociais.","robots":{"index":"noindex","follow":"follow"},"og_locale":"pt_BR","og_type":"article","og_title":"Argentina e Twitter se unem para frear \u00f3dio nas redes - EFE","og_description":"\u00a0O governo da Argentina promover\u00e1 \"a\u00e7\u00f5es conjuntas\" com o Twitter para impedir a prolifera\u00e7\u00e3o do discurso de \u00f3dio nas redes sociais.","og_url":"https:\/\/pre.efe.com\/pt-br\/outras-noticias\/2022-09-26\/argentina-e-twitter-se-unem-para-frear-odio-nas-redes\/","og_site_name":"EFE Noticias","article_publisher":"https:\/\/www.facebook.com\/AgenciaEFEnoticias\/","article_published_time":"2022-09-26T17:17:06+00:00","article_modified_time":"2022-09-26T17:17:08+00:00","og_image":[{"width":600,"height":400,"url":"https:\/\/i0.wp.com\/efe.com\/\/srv\/htdocs\/wp-content\/uploads\/2022\/09\/TWITTER.jpg?fit=600%2C400&ssl=1","type":"image\/jpeg"}],"author":"anachain","twitter_card":"summary_large_image","twitter_creator":"@efenoticias","twitter_site":"@efenoticias","schema":{"@context":"https:\/\/schema.org","@graph":[{"@type":"NewsArticle","@id":"https:\/\/pre.efe.com\/pt-br\/outras-noticias\/2022-09-26\/argentina-e-twitter-se-unem-para-frear-odio-nas-redes\/#article","isPartOf":{"@id":"https:\/\/pre.efe.com\/pt-br\/outras-noticias\/2022-09-26\/argentina-e-twitter-se-unem-para-frear-odio-nas-redes\/"},"author":{"name":"anachain","@id":"https:\/\/pre.efe.com\/pt-br\/#\/schema\/person\/b19f23f210db552768f68a4b552b004f"},"headline":"Argentina e Twitter se unem para frear \u00f3dio nas redes","datePublished":"2022-09-26T17:17:06+00:00","dateModified":"2022-09-26T17:17:08+00:00","mainEntityOfPage":{"@id":"https:\/\/pre.efe.com\/pt-br\/outras-noticias\/2022-09-26\/argentina-e-twitter-se-unem-para-frear-odio-nas-redes\/"},"wordCount":272,"publisher":{"@id":"https:\/\/pre.efe.com\/pt-br\/#organization"},"image":{"@id":"https:\/\/pre.efe.com\/pt-br\/outras-noticias\/2022-09-26\/argentina-e-twitter-se-unem-para-frear-odio-nas-redes\/#primaryimage"},"thumbnailUrl":"https:\/\/pre.efe.com\/wp-content\/uploads\/2022\/09\/TWITTER.jpg","keywords":["Argentina","Twitter"],"articleSection":["Outras not\u00edcias"],"inLanguage":"pt-BR","copyrightYear":"2022","copyrightHolder":{"@id":"https:\/\/pre.efe.com\/#organization"}},{"@type":["WebPage","ItemPage"],"@id":"https:\/\/pre.efe.com\/pt-br\/outras-noticias\/2022-09-26\/argentina-e-twitter-se-unem-para-frear-odio-nas-redes\/","url":"https:\/\/pre.efe.com\/pt-br\/outras-noticias\/2022-09-26\/argentina-e-twitter-se-unem-para-frear-odio-nas-redes\/","name":"Argentina e Twitter se unem para frear \u00f3dio nas redes","isPartOf":{"@id":"https:\/\/pre.efe.com\/pt-br\/#website"},"primaryImageOfPage":{"@id":"https:\/\/pre.efe.com\/pt-br\/outras-noticias\/2022-09-26\/argentina-e-twitter-se-unem-para-frear-odio-nas-redes\/#primaryimage"},"image":{"@id":"https:\/\/pre.efe.com\/pt-br\/outras-noticias\/2022-09-26\/argentina-e-twitter-se-unem-para-frear-odio-nas-redes\/#primaryimage"},"thumbnailUrl":"https:\/\/pre.efe.com\/wp-content\/uploads\/2022\/09\/TWITTER.jpg","datePublished":"2022-09-26T17:17:06+00:00","dateModified":"2022-09-26T17:17:08+00:00","description":"\u00a0O governo da Argentina promover\u00e1 \"a\u00e7\u00f5es conjuntas\" com o Twitter para impedir a prolifera\u00e7\u00e3o do discurso de \u00f3dio nas redes sociais.","breadcrumb":{"@id":"https:\/\/pre.efe.com\/pt-br\/outras-noticias\/2022-09-26\/argentina-e-twitter-se-unem-para-frear-odio-nas-redes\/#breadcrumb"},"inLanguage":"pt-BR","potentialAction":[{"@type":"ReadAction","target":["https:\/\/pre.efe.com\/pt-br\/outras-noticias\/2022-09-26\/argentina-e-twitter-se-unem-para-frear-odio-nas-redes\/"]}]},{"@type":"ImageObject","inLanguage":"pt-BR","@id":"https:\/\/pre.efe.com\/pt-br\/outras-noticias\/2022-09-26\/argentina-e-twitter-se-unem-para-frear-odio-nas-redes\/#primaryimage","url":"https:\/\/pre.efe.com\/wp-content\/uploads\/2022\/09\/TWITTER.jpg","contentUrl":"https:\/\/pre.efe.com\/wp-content\/uploads\/2022\/09\/TWITTER.jpg","width":600,"height":400,"caption":"EFE\/Arquivo\/Sascha Steinnbach"},{"@type":"BreadcrumbList","@id":"https:\/\/pre.efe.com\/pt-br\/outras-noticias\/2022-09-26\/argentina-e-twitter-se-unem-para-frear-odio-nas-redes\/#breadcrumb","itemListElement":[{"@type":"ListItem","position":1,"name":"Portada","item":"https:\/\/pre.efe.com\/pt-br\/"},{"@type":"ListItem","position":2,"name":"Argentina e Twitter se unem para frear \u00f3dio nas redes"}]},{"@type":"WebSite","@id":"https:\/\/pre.efe.com\/pt-br\/#website","url":"https:\/\/pre.efe.com\/pt-br\/","name":"EFE Noticias","description":"","publisher":{"@id":"https:\/\/pre.efe.com\/pt-br\/#organization"},"potentialAction":[{"@type":"SearchAction","target":{"@type":"EntryPoint","urlTemplate":"https:\/\/pre.efe.com\/pt-br\/?s={search_term_string}"},"query-input":{"@type":"PropertyValueSpecification","valueRequired":true,"valueName":"search_term_string"}}],"inLanguage":"pt-BR"},{"@type":"Organization","@id":"https:\/\/pre.efe.com\/pt-br\/#organization","name":"Agencia EFE","url":"https:\/\/pre.efe.com\/pt-br\/","logo":{"@type":"ImageObject","inLanguage":"pt-BR","@id":"https:\/\/pre.efe.com\/pt-br\/#\/schema\/logo\/image\/","url":"https:\/\/pre.efe.com\/wp-content\/uploads\/2023\/06\/logo-efe-467.png","contentUrl":"https:\/\/pre.efe.com\/wp-content\/uploads\/2023\/06\/logo-efe-467.png","width":467,"height":467,"caption":"Agencia EFE"},"image":{"@id":"https:\/\/pre.efe.com\/pt-br\/#\/schema\/logo\/image\/"},"sameAs":["https:\/\/www.facebook.com\/AgenciaEFEnoticias\/","https:\/\/x.com\/efenoticias","https:\/\/www.instagram.com\/efe_noticias\/","http:\/\/www.youtube.com\/efe"]},{"@type":"Person","@id":"https:\/\/pre.efe.com\/pt-br\/#\/schema\/person\/b19f23f210db552768f68a4b552b004f","name":"anachain","image":{"@type":"ImageObject","inLanguage":"pt-BR","@id":"https:\/\/secure.gravatar.com\/avatar\/30b83965911ef1108bb893c00bdd65c885f9890e1265ee04b02c3d5adc785d37?s=96&d=identicon&r=g","url":"https:\/\/secure.gravatar.com\/avatar\/30b83965911ef1108bb893c00bdd65c885f9890e1265ee04b02c3d5adc785d37?s=96&d=identicon&r=g","contentUrl":"https:\/\/secure.gravatar.com\/avatar\/30b83965911ef1108bb893c00bdd65c885f9890e1265ee04b02c3d5adc785d37?s=96&d=identicon&r=g","caption":"anachain"},"url":"https:\/\/pre.efe.com\/pt-br\/autor\/anachain\/"}]}},"jetpack_featured_media_url":"https:\/\/pre.efe.com\/wp-content\/uploads\/2022\/09\/TWITTER.jpg","jetpack_shortlink":"https:\/\/wp.me\/peJvHm-nRz","jetpack_sharing_enabled":true,"_links":{"self":[{"href":"https:\/\/pre.efe.com\/pt-br\/wp-json\/wp\/v2\/posts\/91733","targetHints":{"allow":["GET"]}}],"collection":[{"href":"https:\/\/pre.efe.com\/pt-br\/wp-json\/wp\/v2\/posts"}],"about":[{"href":"https:\/\/pre.efe.com\/pt-br\/wp-json\/wp\/v2\/types\/post"}],"author":[{"embeddable":true,"href":"https:\/\/pre.efe.com\/pt-br\/wp-json\/wp\/v2\/users\/198164106"}],"replies":[{"embeddable":true,"href":"https:\/\/pre.efe.com\/pt-br\/wp-json\/wp\/v2\/comments?post=91733"}],"version-history":[{"count":3,"href":"https:\/\/pre.efe.com\/pt-br\/wp-json\/wp\/v2\/posts\/91733\/revisions"}],"predecessor-version":[{"id":91773,"href":"https:\/\/pre.efe.com\/pt-br\/wp-json\/wp\/v2\/posts\/91733\/revisions\/91773"}],"wp:featuredmedia":[{"embeddable":true,"href":"https:\/\/pre.efe.com\/pt-br\/wp-json\/wp\/v2\/media\/91762"}],"wp:attachment":[{"href":"https:\/\/pre.efe.com\/pt-br\/wp-json\/wp\/v2\/media?parent=91733"}],"wp:term":[{"taxonomy":"category","embeddable":true,"href":"https:\/\/pre.efe.com\/pt-br\/wp-json\/wp\/v2\/categories?post=91733"},{"taxonomy":"post_tag","embeddable":true,"href":"https:\/\/pre.efe.com\/pt-br\/wp-json\/wp\/v2\/tags?post=91733"}],"curies":[{"name":"wp","href":"https:\/\/api.w.org\/{rel}","templated":true}]}}