{"id":962454,"date":"2024-03-08T23:27:10","date_gmt":"2024-03-08T22:27:10","guid":{"rendered":"https:\/\/pre.efe.com\/?p=962454"},"modified":"2024-03-08T23:27:13","modified_gmt":"2024-03-08T22:27:13","slug":"chile-e-espanha-compartilham-posicao-sobre-conflitos-em-ucrania-e-faixa-de-gaza","status":"publish","type":"post","link":"https:\/\/pre.efe.com\/pt-br\/mundo-2\/2024-03-08\/chile-e-espanha-compartilham-posicao-sobre-conflitos-em-ucrania-e-faixa-de-gaza\/","title":{"rendered":"Chile e Espanha compartilham posi\u00e7\u00e3o sobre conflitos em Ucr\u00e2nia e Faixa de Gaza"},"content":{"rendered":"\n<p>Santiago (EFE).- O presidente do Chile, Gabriel Boric; e o presidente do governo da Espanha, Pedro S\u00e1nchez, defenderam nesta sexta-feira uma posi\u00e7\u00e3o coerente com os direitos humanos que ambos os pa\u00edses compartilham sobre os conflitos em Ucr\u00e2nia e Faixa de Gaza.<\/p>\n\n\n\n<p>S\u00e1nchez e Boric compareceram nesta sexta-feira ao P\u00e1tio das Cam\u00e9lias do hist\u00f3rico Pal\u00e1cio de La Moneda com um discurso cheio de sinergia, com a bandeira do feminismo hasteada, a defesa compartilhada de pol\u00edticas que favorecem a distribui\u00e7\u00e3o da riqueza e a luta contra o avan\u00e7o da extrema direita.<\/p>\n\n\n\n<p>&#8220;Em setembro passado, o presidente Pedro S\u00e1nchez, junto com outros presidentes e ex-presidentes, assinou o compromisso com a democracia 50 anos ap\u00f3s o golpe de 1973 (no Chile) e hoje, como presidentes progressistas, reafirmamos nosso compromisso de trabalhar por um mundo onde prevale\u00e7am os direitos humanos, a paz e a democracia&#8221;, anunciou Boric.<\/p>\n\n\n\n<p>Boric disse que ambos tamb\u00e9m defendem que um cessar-fogo seja imposto o mais r\u00e1pido poss\u00edvel na Faixa de Gaza, &#8220;onde estamos vendo ataques violentos e inaceit\u00e1veis contra a popula\u00e7\u00e3o civil pelo ex\u00e9rcito israelense, que resultaram em milhares de v\u00edtimas&#8221;.<\/p>\n\n\n\n<p>&#8220;Que n\u00e3o haja d\u00favidas, n\u00e3o hesitamos nem por um segundo em condenar os ataques do Hamas na \u00e9poca. Mas hoje o que est\u00e1 acontecendo em Gaza n\u00e3o tem justificativa alguma. E \u00e9 por isso que, junto com Pedro, continuamos coerentes em nosso discurso de respeito irrestrito aos direitos humanos e ao direito internacional, que para pa\u00edses de m\u00e9dio porte como os nossos s\u00e3o a principal garantia de respeito \u00e0 nossa integridade&#8221;, acrescentou.<\/p>\n\n\n\n<p>&#8220;Compartilhamos tamb\u00e9m a necessidade de repensar a arquitetura institucional global, nos moldes do que prop\u00f4s o secret\u00e1rio-geral da ONU, Ant\u00f3nio Guterres, tanto em quest\u00f5es pol\u00edticas quanto econ\u00f4micas. E isso \u00e9 algo que vamos refor\u00e7ar nas diferentes \u00e1reas de integra\u00e7\u00e3o que temos com Pedro, em particular no f\u00f3rum Celac-Uni\u00e3o Europeia&#8221;, concluiu.<\/p>\n\n\n\n<p>Coer\u00eancia e respeito aos direitos humanos e ao direito internacional tamb\u00e9m foram as f\u00f3rmulas usadas por S\u00e1nchez durante seu longo discurso na sede da presid\u00eancia chilena.<\/p>\n\n\n\n<p>&#8220;O presidente Boric disse algo muito importante: ambos os pa\u00edses, ambos os governos, est\u00e3o demonstrando coer\u00eancia em rela\u00e7\u00e3o aos dois conflitos abertos no mundo neste momento que est\u00e3o dominando a conversa global, na Ucr\u00e2nia e em Gaza. E o que ambos os governos est\u00e3o pedindo \u00e9 coer\u00eancia em rela\u00e7\u00e3o ao respeito ao direito internacional&#8221;, declarou.<\/p>\n\n\n\n<p>&#8220;E tamb\u00e9m em rela\u00e7\u00e3o \u00e0 soberania nacional e \u00e0 integridade territorial de um povo livre como a Ucr\u00e2nia em face da invas\u00e3o e agress\u00e3o da R\u00fassia, e tamb\u00e9m em respeito ao direito humanit\u00e1rio internacional, que est\u00e1 claramente sendo prejudicado como resultado da resposta do governo israelense, neste caso do primeiro-ministro (Benjamin) Netanyahu, ao povo de Gaza&#8221;, acrescentou o presidente do Governo espanhol.<\/p>\n\n\n\n<p>&#8220;Mais de 30 mil pessoas morreram desde 7 de outubro. Muitas delas s\u00e3o crian\u00e7as, muitas s\u00e3o mulheres, e acho absolutamente inaceit\u00e1vel que a comunidade internacional permane\u00e7a imperturb\u00e1vel diante de um problema que est\u00e1 afetando a todos n\u00f3s e que est\u00e1 envergonhando a comunidade internacional como um todo&#8221;, enfatizou S\u00e1nchez.<\/p>\n\n\n\n<p>&#8220;Portanto, gostaria de agradec\u00ea-lo por sua posi\u00e7\u00e3o consistente de respeito \u00e0 lei internacional, tanto na Ucr\u00e2nia quanto em Gaza, e \u00e9 claro que voc\u00ea pode contar com o apoio do governo espanhol nessa posi\u00e7\u00e3o. Os dois pa\u00edses est\u00e3o unidos por muitas coisas, idioma, cultura, hist\u00f3ria, (mas) tamb\u00e9m estamos unidos por princ\u00edpios e valores, como os que mencionamos em rela\u00e7\u00e3o ao conflito em Gaza e tamb\u00e9m \u00e0 guerra na Ucr\u00e2nia&#8221;, concluiu.<\/p>\n\n\n\n<p>Na primeira etapa de sua atual viagem \u00e0 Am\u00e9rica do Sul, que termina nesta sexta-feira, S\u00e1nchez manteve um di\u00e1logo semelhante com o presidente do Brasil, Luiz In\u00e1cio Lula da Silva, que mais uma vez recorreu ao conceito de genoc\u00eddio para explicar a ofensiva israelense.<\/p>\n\n\n\n<p>&#8220;O conselho da ONU tem que parar essa guerra. Mais de 30 toneladas de alimentos n\u00e3o podem chegar. Se isso n\u00e3o \u00e9 um ato desumano, o que \u00e9?&#8221;, disse S\u00e1nchez.<\/p>\n\n\n\n<p>Brasil e Chile s\u00e3o, junto com Col\u00f4mbia, Bol\u00edvia e M\u00e9xico, os pa\u00edses latino-americanos que mais criticam as pol\u00edticas de ocupa\u00e7\u00e3o e guerra do atual governo israelense e os que tomaram as medidas mais ousadas tanto bilateralmente quanto em \u00f3rg\u00e3os multinacionais como o Tribunal Penal Internacional (TPI) e o Tribunal de Justi\u00e7a da ONU. EFE<\/p>\n","protected":false},"excerpt":{"rendered":"<p>Santiago (EFE).- O presidente do Chile, Gabriel Boric; e o presidente do governo da Espanha, Pedro S\u00e1nchez, defenderam nesta sexta-feira uma posi\u00e7\u00e3o coerente com os direitos humanos que ambos os pa\u00edses compartilham sobre os conflitos em Ucr\u00e2nia e Faixa de Gaza. S\u00e1nchez e Boric compareceram nesta sexta-feira ao P\u00e1tio das Cam\u00e9lias do hist\u00f3rico Pal\u00e1cio de &#8230; <a title=\"Chile e Espanha compartilham posi\u00e7\u00e3o sobre conflitos em Ucr\u00e2nia e Faixa de Gaza\" class=\"read-more\" href=\"https:\/\/pre.efe.com\/pt-br\/mundo-2\/2024-03-08\/chile-e-espanha-compartilham-posicao-sobre-conflitos-em-ucrania-e-faixa-de-gaza\/\" aria-label=\"Read more about Chile e Espanha compartilham posi\u00e7\u00e3o sobre conflitos em Ucr\u00e2nia e Faixa de Gaza\">Leia mais<\/a><\/p>\n","protected":false},"author":198164106,"featured_media":961537,"comment_status":"closed","ping_status":"closed","sticky":false,"template":"","format":"standard","meta":{"_acf_changed":false,"_jetpack_memberships_contains_paid_content":false,"footnotes":""},"categories":[123208,122141],"tags":[123757,124421,122791],"class_list":["post-962454","post","type-post","status-publish","format-standard","has-post-thumbnail","hentry","category-mundo-2","category-portada","tag-chile-2","tag-espanha","tag-guerra-2","generate-columns","tablet-grid-50","mobile-grid-100","grid-parent","grid-50"],"acf":[],"yoast_head":"<!-- This site is optimized with the Yoast SEO Premium plugin v26.0 (Yoast SEO v27.4) - https:\/\/yoast.com\/product\/yoast-seo-premium-wordpress\/ -->\n<title>Chile e Espanha compartilham posi\u00e7\u00e3o sobre conflitos em Ucr\u00e2nia e Faixa de Gaza - EFE<\/title>\n<meta name=\"robots\" content=\"noindex, follow\" \/>\n<meta property=\"og:locale\" content=\"pt_BR\" \/>\n<meta property=\"og:type\" content=\"article\" \/>\n<meta property=\"og:title\" content=\"Chile e Espanha compartilham posi\u00e7\u00e3o sobre conflitos em Ucr\u00e2nia e Faixa de Gaza - EFE\" \/>\n<meta property=\"og:description\" content=\"Santiago (EFE).- O presidente do Chile, Gabriel Boric; e o presidente do governo da Espanha, Pedro S\u00e1nchez, defenderam nesta sexta-feira uma posi\u00e7\u00e3o coerente com os direitos humanos que ambos os pa\u00edses compartilham sobre os conflitos em Ucr\u00e2nia e Faixa de Gaza. S\u00e1nchez e Boric compareceram nesta sexta-feira ao P\u00e1tio das Cam\u00e9lias do hist\u00f3rico Pal\u00e1cio de ... Leia mais\" \/>\n<meta property=\"og:url\" content=\"https:\/\/pre.efe.com\/pt-br\/mundo-2\/2024-03-08\/chile-e-espanha-compartilham-posicao-sobre-conflitos-em-ucrania-e-faixa-de-gaza\/\" \/>\n<meta property=\"og:site_name\" content=\"EFE Noticias\" \/>\n<meta property=\"article:publisher\" content=\"https:\/\/www.facebook.com\/AgenciaEFEnoticias\/\" \/>\n<meta property=\"article:published_time\" content=\"2024-03-08T22:27:10+00:00\" \/>\n<meta property=\"article:modified_time\" content=\"2024-03-08T22:27:13+00:00\" \/>\n<meta property=\"og:image\" content=\"https:\/\/i0.wp.com\/efe.com\/\/srv\/htdocs\/wp-content\/uploads\/2024\/03\/rss-efecfa919440f7d79b595c609596135f923d39f0c68w.jpg?fit=1920%2C1392&ssl=1\" \/>\n\t<meta property=\"og:image:width\" content=\"1920\" \/>\n\t<meta property=\"og:image:height\" content=\"1392\" \/>\n\t<meta property=\"og:image:type\" content=\"image\/jpeg\" \/>\n<meta name=\"author\" content=\"anachain\" \/>\n<meta name=\"twitter:card\" content=\"summary_large_image\" \/>\n<meta name=\"twitter:creator\" content=\"@efenoticias\" \/>\n<meta name=\"twitter:site\" content=\"@efenoticias\" \/>\n<script type=\"application\/ld+json\" class=\"yoast-schema-graph\">{\"@context\":\"https:\\\/\\\/schema.org\",\"@graph\":[{\"@type\":\"NewsArticle\",\"@id\":\"https:\\\/\\\/pre.efe.com\\\/pt-br\\\/mundo-2\\\/2024-03-08\\\/chile-e-espanha-compartilham-posicao-sobre-conflitos-em-ucrania-e-faixa-de-gaza\\\/#article\",\"isPartOf\":{\"@id\":\"https:\\\/\\\/pre.efe.com\\\/pt-br\\\/mundo-2\\\/2024-03-08\\\/chile-e-espanha-compartilham-posicao-sobre-conflitos-em-ucrania-e-faixa-de-gaza\\\/\"},\"author\":{\"name\":\"anachain\",\"@id\":\"https:\\\/\\\/pre.efe.com\\\/pt-br\\\/#\\\/schema\\\/person\\\/b19f23f210db552768f68a4b552b004f\"},\"headline\":\"Chile e Espanha compartilham posi\u00e7\u00e3o sobre conflitos em Ucr\u00e2nia e Faixa de Gaza\",\"datePublished\":\"2024-03-08T22:27:10+00:00\",\"dateModified\":\"2024-03-08T22:27:13+00:00\",\"mainEntityOfPage\":{\"@id\":\"https:\\\/\\\/pre.efe.com\\\/pt-br\\\/mundo-2\\\/2024-03-08\\\/chile-e-espanha-compartilham-posicao-sobre-conflitos-em-ucrania-e-faixa-de-gaza\\\/\"},\"wordCount\":791,\"publisher\":{\"@id\":\"https:\\\/\\\/pre.efe.com\\\/pt-br\\\/#organization\"},\"image\":{\"@id\":\"https:\\\/\\\/pre.efe.com\\\/pt-br\\\/mundo-2\\\/2024-03-08\\\/chile-e-espanha-compartilham-posicao-sobre-conflitos-em-ucrania-e-faixa-de-gaza\\\/#primaryimage\"},\"thumbnailUrl\":\"https:\\\/\\\/pre.efe.com\\\/wp-content\\\/uploads\\\/2024\\\/03\\\/rss-efecfa919440f7d79b595c609596135f923d39f0c68w.jpg\",\"keywords\":[\"Chile\",\"Espanha\",\"Guerra\"],\"articleSection\":[\"Mundo\",\"Portada\"],\"inLanguage\":\"pt-BR\",\"copyrightYear\":\"2024\",\"copyrightHolder\":{\"@id\":\"https:\\\/\\\/pre.efe.com\\\/#organization\"}},{\"@type\":[\"WebPage\",\"ItemPage\"],\"@id\":\"https:\\\/\\\/pre.efe.com\\\/pt-br\\\/mundo-2\\\/2024-03-08\\\/chile-e-espanha-compartilham-posicao-sobre-conflitos-em-ucrania-e-faixa-de-gaza\\\/\",\"url\":\"https:\\\/\\\/pre.efe.com\\\/pt-br\\\/mundo-2\\\/2024-03-08\\\/chile-e-espanha-compartilham-posicao-sobre-conflitos-em-ucrania-e-faixa-de-gaza\\\/\",\"name\":\"Chile e Espanha compartilham posi\u00e7\u00e3o sobre conflitos em Ucr\u00e2nia e Faixa de Gaza - EFE\",\"isPartOf\":{\"@id\":\"https:\\\/\\\/pre.efe.com\\\/pt-br\\\/#website\"},\"primaryImageOfPage\":{\"@id\":\"https:\\\/\\\/pre.efe.com\\\/pt-br\\\/mundo-2\\\/2024-03-08\\\/chile-e-espanha-compartilham-posicao-sobre-conflitos-em-ucrania-e-faixa-de-gaza\\\/#primaryimage\"},\"image\":{\"@id\":\"https:\\\/\\\/pre.efe.com\\\/pt-br\\\/mundo-2\\\/2024-03-08\\\/chile-e-espanha-compartilham-posicao-sobre-conflitos-em-ucrania-e-faixa-de-gaza\\\/#primaryimage\"},\"thumbnailUrl\":\"https:\\\/\\\/pre.efe.com\\\/wp-content\\\/uploads\\\/2024\\\/03\\\/rss-efecfa919440f7d79b595c609596135f923d39f0c68w.jpg\",\"datePublished\":\"2024-03-08T22:27:10+00:00\",\"dateModified\":\"2024-03-08T22:27:13+00:00\",\"breadcrumb\":{\"@id\":\"https:\\\/\\\/pre.efe.com\\\/pt-br\\\/mundo-2\\\/2024-03-08\\\/chile-e-espanha-compartilham-posicao-sobre-conflitos-em-ucrania-e-faixa-de-gaza\\\/#breadcrumb\"},\"inLanguage\":\"pt-BR\",\"potentialAction\":[{\"@type\":\"ReadAction\",\"target\":[\"https:\\\/\\\/pre.efe.com\\\/pt-br\\\/mundo-2\\\/2024-03-08\\\/chile-e-espanha-compartilham-posicao-sobre-conflitos-em-ucrania-e-faixa-de-gaza\\\/\"]}]},{\"@type\":\"ImageObject\",\"inLanguage\":\"pt-BR\",\"@id\":\"https:\\\/\\\/pre.efe.com\\\/pt-br\\\/mundo-2\\\/2024-03-08\\\/chile-e-espanha-compartilham-posicao-sobre-conflitos-em-ucrania-e-faixa-de-gaza\\\/#primaryimage\",\"url\":\"https:\\\/\\\/pre.efe.com\\\/wp-content\\\/uploads\\\/2024\\\/03\\\/rss-efecfa919440f7d79b595c609596135f923d39f0c68w.jpg\",\"contentUrl\":\"https:\\\/\\\/pre.efe.com\\\/wp-content\\\/uploads\\\/2024\\\/03\\\/rss-efecfa919440f7d79b595c609596135f923d39f0c68w.jpg\",\"width\":1920,\"height\":1392,\"caption\":\"Gabriel Boric (e) e Pedro S\u00e1nchez nesta sexta-feira, em Santiago (Chile). EFE\\\/ Ailen D\u00edaz\"},{\"@type\":\"BreadcrumbList\",\"@id\":\"https:\\\/\\\/pre.efe.com\\\/pt-br\\\/mundo-2\\\/2024-03-08\\\/chile-e-espanha-compartilham-posicao-sobre-conflitos-em-ucrania-e-faixa-de-gaza\\\/#breadcrumb\",\"itemListElement\":[{\"@type\":\"ListItem\",\"position\":1,\"name\":\"Portada\",\"item\":\"https:\\\/\\\/pre.efe.com\\\/pt-br\\\/\"},{\"@type\":\"ListItem\",\"position\":2,\"name\":\"Chile e Espanha compartilham posi\u00e7\u00e3o sobre conflitos em Ucr\u00e2nia e Faixa de Gaza\"}]},{\"@type\":\"WebSite\",\"@id\":\"https:\\\/\\\/pre.efe.com\\\/pt-br\\\/#website\",\"url\":\"https:\\\/\\\/pre.efe.com\\\/pt-br\\\/\",\"name\":\"EFE Noticias\",\"description\":\"\",\"publisher\":{\"@id\":\"https:\\\/\\\/pre.efe.com\\\/pt-br\\\/#organization\"},\"potentialAction\":[{\"@type\":\"SearchAction\",\"target\":{\"@type\":\"EntryPoint\",\"urlTemplate\":\"https:\\\/\\\/pre.efe.com\\\/pt-br\\\/?s={search_term_string}\"},\"query-input\":{\"@type\":\"PropertyValueSpecification\",\"valueRequired\":true,\"valueName\":\"search_term_string\"}}],\"inLanguage\":\"pt-BR\"},{\"@type\":\"Organization\",\"@id\":\"https:\\\/\\\/pre.efe.com\\\/pt-br\\\/#organization\",\"name\":\"Agencia EFE\",\"url\":\"https:\\\/\\\/pre.efe.com\\\/pt-br\\\/\",\"logo\":{\"@type\":\"ImageObject\",\"inLanguage\":\"pt-BR\",\"@id\":\"https:\\\/\\\/pre.efe.com\\\/pt-br\\\/#\\\/schema\\\/logo\\\/image\\\/\",\"url\":\"https:\\\/\\\/pre.efe.com\\\/wp-content\\\/uploads\\\/2023\\\/06\\\/logo-efe-467.png\",\"contentUrl\":\"https:\\\/\\\/pre.efe.com\\\/wp-content\\\/uploads\\\/2023\\\/06\\\/logo-efe-467.png\",\"width\":467,\"height\":467,\"caption\":\"Agencia EFE\"},\"image\":{\"@id\":\"https:\\\/\\\/pre.efe.com\\\/pt-br\\\/#\\\/schema\\\/logo\\\/image\\\/\"},\"sameAs\":[\"https:\\\/\\\/www.facebook.com\\\/AgenciaEFEnoticias\\\/\",\"https:\\\/\\\/x.com\\\/efenoticias\",\"https:\\\/\\\/www.instagram.com\\\/efe_noticias\\\/\",\"http:\\\/\\\/www.youtube.com\\\/efe\"]},{\"@type\":\"Person\",\"@id\":\"https:\\\/\\\/pre.efe.com\\\/pt-br\\\/#\\\/schema\\\/person\\\/b19f23f210db552768f68a4b552b004f\",\"name\":\"anachain\",\"image\":{\"@type\":\"ImageObject\",\"inLanguage\":\"pt-BR\",\"@id\":\"https:\\\/\\\/secure.gravatar.com\\\/avatar\\\/30b83965911ef1108bb893c00bdd65c885f9890e1265ee04b02c3d5adc785d37?s=96&d=identicon&r=g\",\"url\":\"https:\\\/\\\/secure.gravatar.com\\\/avatar\\\/30b83965911ef1108bb893c00bdd65c885f9890e1265ee04b02c3d5adc785d37?s=96&d=identicon&r=g\",\"contentUrl\":\"https:\\\/\\\/secure.gravatar.com\\\/avatar\\\/30b83965911ef1108bb893c00bdd65c885f9890e1265ee04b02c3d5adc785d37?s=96&d=identicon&r=g\",\"caption\":\"anachain\"},\"url\":\"https:\\\/\\\/pre.efe.com\\\/pt-br\\\/autor\\\/anachain\\\/\"}]}<\/script>\n<!-- \/ Yoast SEO Premium plugin. -->","yoast_head_json":{"title":"Chile e Espanha compartilham posi\u00e7\u00e3o sobre conflitos em Ucr\u00e2nia e Faixa de Gaza - EFE","robots":{"index":"noindex","follow":"follow"},"og_locale":"pt_BR","og_type":"article","og_title":"Chile e Espanha compartilham posi\u00e7\u00e3o sobre conflitos em Ucr\u00e2nia e Faixa de Gaza - EFE","og_description":"Santiago (EFE).- O presidente do Chile, Gabriel Boric; e o presidente do governo da Espanha, Pedro S\u00e1nchez, defenderam nesta sexta-feira uma posi\u00e7\u00e3o coerente com os direitos humanos que ambos os pa\u00edses compartilham sobre os conflitos em Ucr\u00e2nia e Faixa de Gaza. S\u00e1nchez e Boric compareceram nesta sexta-feira ao P\u00e1tio das Cam\u00e9lias do hist\u00f3rico Pal\u00e1cio de ... Leia mais","og_url":"https:\/\/pre.efe.com\/pt-br\/mundo-2\/2024-03-08\/chile-e-espanha-compartilham-posicao-sobre-conflitos-em-ucrania-e-faixa-de-gaza\/","og_site_name":"EFE Noticias","article_publisher":"https:\/\/www.facebook.com\/AgenciaEFEnoticias\/","article_published_time":"2024-03-08T22:27:10+00:00","article_modified_time":"2024-03-08T22:27:13+00:00","og_image":[{"width":1920,"height":1392,"url":"https:\/\/i0.wp.com\/efe.com\/\/srv\/htdocs\/wp-content\/uploads\/2024\/03\/rss-efecfa919440f7d79b595c609596135f923d39f0c68w.jpg?fit=1920%2C1392&ssl=1","type":"image\/jpeg"}],"author":"anachain","twitter_card":"summary_large_image","twitter_creator":"@efenoticias","twitter_site":"@efenoticias","schema":{"@context":"https:\/\/schema.org","@graph":[{"@type":"NewsArticle","@id":"https:\/\/pre.efe.com\/pt-br\/mundo-2\/2024-03-08\/chile-e-espanha-compartilham-posicao-sobre-conflitos-em-ucrania-e-faixa-de-gaza\/#article","isPartOf":{"@id":"https:\/\/pre.efe.com\/pt-br\/mundo-2\/2024-03-08\/chile-e-espanha-compartilham-posicao-sobre-conflitos-em-ucrania-e-faixa-de-gaza\/"},"author":{"name":"anachain","@id":"https:\/\/pre.efe.com\/pt-br\/#\/schema\/person\/b19f23f210db552768f68a4b552b004f"},"headline":"Chile e Espanha compartilham posi\u00e7\u00e3o sobre conflitos em Ucr\u00e2nia e Faixa de Gaza","datePublished":"2024-03-08T22:27:10+00:00","dateModified":"2024-03-08T22:27:13+00:00","mainEntityOfPage":{"@id":"https:\/\/pre.efe.com\/pt-br\/mundo-2\/2024-03-08\/chile-e-espanha-compartilham-posicao-sobre-conflitos-em-ucrania-e-faixa-de-gaza\/"},"wordCount":791,"publisher":{"@id":"https:\/\/pre.efe.com\/pt-br\/#organization"},"image":{"@id":"https:\/\/pre.efe.com\/pt-br\/mundo-2\/2024-03-08\/chile-e-espanha-compartilham-posicao-sobre-conflitos-em-ucrania-e-faixa-de-gaza\/#primaryimage"},"thumbnailUrl":"https:\/\/pre.efe.com\/wp-content\/uploads\/2024\/03\/rss-efecfa919440f7d79b595c609596135f923d39f0c68w.jpg","keywords":["Chile","Espanha","Guerra"],"articleSection":["Mundo","Portada"],"inLanguage":"pt-BR","copyrightYear":"2024","copyrightHolder":{"@id":"https:\/\/pre.efe.com\/#organization"}},{"@type":["WebPage","ItemPage"],"@id":"https:\/\/pre.efe.com\/pt-br\/mundo-2\/2024-03-08\/chile-e-espanha-compartilham-posicao-sobre-conflitos-em-ucrania-e-faixa-de-gaza\/","url":"https:\/\/pre.efe.com\/pt-br\/mundo-2\/2024-03-08\/chile-e-espanha-compartilham-posicao-sobre-conflitos-em-ucrania-e-faixa-de-gaza\/","name":"Chile e Espanha compartilham posi\u00e7\u00e3o sobre conflitos em Ucr\u00e2nia e Faixa de Gaza - EFE","isPartOf":{"@id":"https:\/\/pre.efe.com\/pt-br\/#website"},"primaryImageOfPage":{"@id":"https:\/\/pre.efe.com\/pt-br\/mundo-2\/2024-03-08\/chile-e-espanha-compartilham-posicao-sobre-conflitos-em-ucrania-e-faixa-de-gaza\/#primaryimage"},"image":{"@id":"https:\/\/pre.efe.com\/pt-br\/mundo-2\/2024-03-08\/chile-e-espanha-compartilham-posicao-sobre-conflitos-em-ucrania-e-faixa-de-gaza\/#primaryimage"},"thumbnailUrl":"https:\/\/pre.efe.com\/wp-content\/uploads\/2024\/03\/rss-efecfa919440f7d79b595c609596135f923d39f0c68w.jpg","datePublished":"2024-03-08T22:27:10+00:00","dateModified":"2024-03-08T22:27:13+00:00","breadcrumb":{"@id":"https:\/\/pre.efe.com\/pt-br\/mundo-2\/2024-03-08\/chile-e-espanha-compartilham-posicao-sobre-conflitos-em-ucrania-e-faixa-de-gaza\/#breadcrumb"},"inLanguage":"pt-BR","potentialAction":[{"@type":"ReadAction","target":["https:\/\/pre.efe.com\/pt-br\/mundo-2\/2024-03-08\/chile-e-espanha-compartilham-posicao-sobre-conflitos-em-ucrania-e-faixa-de-gaza\/"]}]},{"@type":"ImageObject","inLanguage":"pt-BR","@id":"https:\/\/pre.efe.com\/pt-br\/mundo-2\/2024-03-08\/chile-e-espanha-compartilham-posicao-sobre-conflitos-em-ucrania-e-faixa-de-gaza\/#primaryimage","url":"https:\/\/pre.efe.com\/wp-content\/uploads\/2024\/03\/rss-efecfa919440f7d79b595c609596135f923d39f0c68w.jpg","contentUrl":"https:\/\/pre.efe.com\/wp-content\/uploads\/2024\/03\/rss-efecfa919440f7d79b595c609596135f923d39f0c68w.jpg","width":1920,"height":1392,"caption":"Gabriel Boric (e) e Pedro S\u00e1nchez nesta sexta-feira, em Santiago (Chile). EFE\/ Ailen D\u00edaz"},{"@type":"BreadcrumbList","@id":"https:\/\/pre.efe.com\/pt-br\/mundo-2\/2024-03-08\/chile-e-espanha-compartilham-posicao-sobre-conflitos-em-ucrania-e-faixa-de-gaza\/#breadcrumb","itemListElement":[{"@type":"ListItem","position":1,"name":"Portada","item":"https:\/\/pre.efe.com\/pt-br\/"},{"@type":"ListItem","position":2,"name":"Chile e Espanha compartilham posi\u00e7\u00e3o sobre conflitos em Ucr\u00e2nia e Faixa de Gaza"}]},{"@type":"WebSite","@id":"https:\/\/pre.efe.com\/pt-br\/#website","url":"https:\/\/pre.efe.com\/pt-br\/","name":"EFE Noticias","description":"","publisher":{"@id":"https:\/\/pre.efe.com\/pt-br\/#organization"},"potentialAction":[{"@type":"SearchAction","target":{"@type":"EntryPoint","urlTemplate":"https:\/\/pre.efe.com\/pt-br\/?s={search_term_string}"},"query-input":{"@type":"PropertyValueSpecification","valueRequired":true,"valueName":"search_term_string"}}],"inLanguage":"pt-BR"},{"@type":"Organization","@id":"https:\/\/pre.efe.com\/pt-br\/#organization","name":"Agencia EFE","url":"https:\/\/pre.efe.com\/pt-br\/","logo":{"@type":"ImageObject","inLanguage":"pt-BR","@id":"https:\/\/pre.efe.com\/pt-br\/#\/schema\/logo\/image\/","url":"https:\/\/pre.efe.com\/wp-content\/uploads\/2023\/06\/logo-efe-467.png","contentUrl":"https:\/\/pre.efe.com\/wp-content\/uploads\/2023\/06\/logo-efe-467.png","width":467,"height":467,"caption":"Agencia EFE"},"image":{"@id":"https:\/\/pre.efe.com\/pt-br\/#\/schema\/logo\/image\/"},"sameAs":["https:\/\/www.facebook.com\/AgenciaEFEnoticias\/","https:\/\/x.com\/efenoticias","https:\/\/www.instagram.com\/efe_noticias\/","http:\/\/www.youtube.com\/efe"]},{"@type":"Person","@id":"https:\/\/pre.efe.com\/pt-br\/#\/schema\/person\/b19f23f210db552768f68a4b552b004f","name":"anachain","image":{"@type":"ImageObject","inLanguage":"pt-BR","@id":"https:\/\/secure.gravatar.com\/avatar\/30b83965911ef1108bb893c00bdd65c885f9890e1265ee04b02c3d5adc785d37?s=96&d=identicon&r=g","url":"https:\/\/secure.gravatar.com\/avatar\/30b83965911ef1108bb893c00bdd65c885f9890e1265ee04b02c3d5adc785d37?s=96&d=identicon&r=g","contentUrl":"https:\/\/secure.gravatar.com\/avatar\/30b83965911ef1108bb893c00bdd65c885f9890e1265ee04b02c3d5adc785d37?s=96&d=identicon&r=g","caption":"anachain"},"url":"https:\/\/pre.efe.com\/pt-br\/autor\/anachain\/"}]}},"jetpack_featured_media_url":"https:\/\/pre.efe.com\/wp-content\/uploads\/2024\/03\/rss-efecfa919440f7d79b595c609596135f923d39f0c68w.jpg","jetpack_shortlink":"https:\/\/wp.me\/peJvHm-42ns","jetpack_sharing_enabled":true,"_links":{"self":[{"href":"https:\/\/pre.efe.com\/pt-br\/wp-json\/wp\/v2\/posts\/962454","targetHints":{"allow":["GET"]}}],"collection":[{"href":"https:\/\/pre.efe.com\/pt-br\/wp-json\/wp\/v2\/posts"}],"about":[{"href":"https:\/\/pre.efe.com\/pt-br\/wp-json\/wp\/v2\/types\/post"}],"author":[{"embeddable":true,"href":"https:\/\/pre.efe.com\/pt-br\/wp-json\/wp\/v2\/users\/198164106"}],"replies":[{"embeddable":true,"href":"https:\/\/pre.efe.com\/pt-br\/wp-json\/wp\/v2\/comments?post=962454"}],"version-history":[{"count":2,"href":"https:\/\/pre.efe.com\/pt-br\/wp-json\/wp\/v2\/posts\/962454\/revisions"}],"predecessor-version":[{"id":962468,"href":"https:\/\/pre.efe.com\/pt-br\/wp-json\/wp\/v2\/posts\/962454\/revisions\/962468"}],"wp:featuredmedia":[{"embeddable":true,"href":"https:\/\/pre.efe.com\/pt-br\/wp-json\/wp\/v2\/media\/961537"}],"wp:attachment":[{"href":"https:\/\/pre.efe.com\/pt-br\/wp-json\/wp\/v2\/media?parent=962454"}],"wp:term":[{"taxonomy":"category","embeddable":true,"href":"https:\/\/pre.efe.com\/pt-br\/wp-json\/wp\/v2\/categories?post=962454"},{"taxonomy":"post_tag","embeddable":true,"href":"https:\/\/pre.efe.com\/pt-br\/wp-json\/wp\/v2\/tags?post=962454"}],"curies":[{"name":"wp","href":"https:\/\/api.w.org\/{rel}","templated":true}]}}