{"id":96382,"date":"2022-09-28T16:39:02","date_gmt":"2022-09-28T14:39:02","guid":{"rendered":"https:\/\/pre.efe.com\/?p=96382"},"modified":"2022-09-28T16:39:05","modified_gmt":"2022-09-28T14:39:05","slug":"scaloni-sera-tecnico-da-argentina-ate-a-copa-de-2026","status":"publish","type":"post","link":"https:\/\/pre.efe.com\/pt-br\/esportes\/2022-09-28\/scaloni-sera-tecnico-da-argentina-ate-a-copa-de-2026\/","title":{"rendered":"Scaloni ser\u00e1 t\u00e9cnico da Argentina at\u00e9 a Copa de 2026"},"content":{"rendered":"\n<p>Reda\u00e7\u00e3o Central (<a href=\"https:\/\/pre.efe.com\/pt-br\/\">EFE<\/a>).- Lionel Scaloni seguir\u00e1 como t\u00e9cnico da sele\u00e7\u00e3o argentina at\u00e9 o fim da Copa do Mundo de 2026, conforme anunciou nesta quarta-feira o presidente da federa\u00e7\u00e3o do pa\u00eds (AFA), Claudio Tapia.<\/p>\n\n\n\n<p>&#8220;Me orgulha contar que acertamos a continuidade de Lionel Scaloni como treinador da Argentina at\u00e9 o Mundial de 2026. Seguimos apostando no projeto integral de sele\u00e7\u00f5es. Haver\u00e1 &#8216;Scaloneta&#8217; por um tempo&#8221;, indicou o dirigente nas redes sociais.<\/p>\n\n\n\n<p>A mensagem escrita por Scaloni foi publicada pouco depois da vit\u00f3ria da Argentina sobre a Jamaica por 3 a 0, em amistoso realizado na Arena Red Bull, em Nova Jersey, nos Estados Unidos.<\/p>\n\n\n\n<p>Scaloni, de 44 anos, que jogou pela &#8216;Albiceleste&#8217; em sete partidas, assumiu a sele\u00e7\u00e3o como interino em agosto de 2018, ap\u00f3s a demiss\u00e3o de Jorge Sampaoli, e foi efetivado tr\u00eas meses depois.<\/p>\n\n\n\n<p>Scaloni conquistou no ano passado o t\u00edtulo da Copa Am\u00e9rica, ao vencer o Brasil na final, no Maracan\u00e3, e recentemente a Final\u00edssima, ao bater a campe\u00e3 europeia, It\u00e1lia.<\/p>\n\n\n\n<p>Atualmente, a &#8216;Albiceleste&#8217; acumula 35 jogos invictos, a maior s\u00e9rie da hist\u00f3ria da sele\u00e7\u00e3o.<\/p>\n\n\n\n<p>A s\u00e9rie foi iniciada em 6 de julho de 2019, na derrota para a Argentina por 2 a 1, na disputa do terceiro lugar da Copa Am\u00e9rica. <a href=\"https:\/\/efs.efeservicios.com\/Clientes\">EFE<\/a><\/p>\n","protected":false},"excerpt":{"rendered":"<p>Reda\u00e7\u00e3o Central (EFE).- Lionel Scaloni seguir\u00e1 como t\u00e9cnico da sele\u00e7\u00e3o argentina at\u00e9 o fim da Copa do Mundo de 2026, conforme anunciou nesta quarta-feira o presidente da federa\u00e7\u00e3o do pa\u00eds (AFA), Claudio Tapia. &#8220;Me orgulha contar que acertamos a continuidade de Lionel Scaloni como treinador da Argentina at\u00e9 o Mundial de 2026. Seguimos apostando no &#8230; <a title=\"Scaloni ser\u00e1 t\u00e9cnico da Argentina at\u00e9 a Copa de 2026\" class=\"read-more\" href=\"https:\/\/pre.efe.com\/pt-br\/esportes\/2022-09-28\/scaloni-sera-tecnico-da-argentina-ate-a-copa-de-2026\/\" aria-label=\"Read more about Scaloni ser\u00e1 t\u00e9cnico da Argentina at\u00e9 a Copa de 2026\">Leia mais<\/a><\/p>\n","protected":false},"author":198164106,"featured_media":96407,"comment_status":"closed","ping_status":"closed","sticky":false,"template":"","format":"standard","meta":{"_acf_changed":false,"_jetpack_memberships_contains_paid_content":false,"footnotes":""},"categories":[121968,122144],"tags":[122644,122364,122822],"class_list":["post-96382","post","type-post","status-publish","format-standard","has-post-thumbnail","hentry","category-esportes","category-outras-noticias","tag-argentina-2","tag-futebol","tag-mundial","generate-columns","tablet-grid-50","mobile-grid-100","grid-parent","grid-50"],"acf":[],"yoast_head":"<!-- This site is optimized with the Yoast SEO Premium plugin v26.0 (Yoast SEO v27.5) - https:\/\/yoast.com\/product\/yoast-seo-premium-wordpress\/ -->\n<title>Scaloni ser\u00e1 t\u00e9cnico da Argentina at\u00e9 a Copa de 2026<\/title>\n<meta name=\"description\" content=\"Lionel Scaloni seguir\u00e1 como t\u00e9cnico da sele\u00e7\u00e3o argentina at\u00e9 o fim da Copa do Mundo de 2026, anunciou o presidente da AFA, Claudio Tapia.\" \/>\n<meta name=\"robots\" content=\"noindex, follow\" \/>\n<meta property=\"og:locale\" content=\"pt_BR\" \/>\n<meta property=\"og:type\" content=\"article\" \/>\n<meta property=\"og:title\" content=\"Scaloni ser\u00e1 t\u00e9cnico da Argentina at\u00e9 a Copa de 2026 - EFE\" \/>\n<meta property=\"og:description\" content=\"Lionel Scaloni seguir\u00e1 como t\u00e9cnico da sele\u00e7\u00e3o argentina at\u00e9 o fim da Copa do Mundo de 2026, anunciou o presidente da AFA, Claudio Tapia.\" \/>\n<meta property=\"og:url\" content=\"https:\/\/pre.efe.com\/pt-br\/esportes\/2022-09-28\/scaloni-sera-tecnico-da-argentina-ate-a-copa-de-2026\/\" \/>\n<meta property=\"og:site_name\" content=\"EFE Noticias\" \/>\n<meta property=\"article:publisher\" content=\"https:\/\/www.facebook.com\/AgenciaEFEnoticias\/\" \/>\n<meta property=\"article:published_time\" content=\"2022-09-28T14:39:02+00:00\" \/>\n<meta property=\"article:modified_time\" content=\"2022-09-28T14:39:05+00:00\" \/>\n<meta property=\"og:image\" content=\"https:\/\/i0.wp.com\/efe.com\/\/srv\/htdocs\/wp-content\/uploads\/2022\/09\/LIONEL-SCALONI.jpg?fit=900%2C557&ssl=1\" \/>\n\t<meta property=\"og:image:width\" content=\"900\" \/>\n\t<meta property=\"og:image:height\" content=\"557\" \/>\n\t<meta property=\"og:image:type\" content=\"image\/jpeg\" \/>\n<meta name=\"author\" content=\"anachain\" \/>\n<meta name=\"twitter:card\" content=\"summary_large_image\" \/>\n<meta name=\"twitter:creator\" content=\"@efenoticias\" \/>\n<meta name=\"twitter:site\" content=\"@efenoticias\" \/>\n<script type=\"application\/ld+json\" class=\"yoast-schema-graph\">{\"@context\":\"https:\\\/\\\/schema.org\",\"@graph\":[{\"@type\":\"NewsArticle\",\"@id\":\"https:\\\/\\\/pre.efe.com\\\/pt-br\\\/esportes\\\/2022-09-28\\\/scaloni-sera-tecnico-da-argentina-ate-a-copa-de-2026\\\/#article\",\"isPartOf\":{\"@id\":\"https:\\\/\\\/pre.efe.com\\\/pt-br\\\/esportes\\\/2022-09-28\\\/scaloni-sera-tecnico-da-argentina-ate-a-copa-de-2026\\\/\"},\"author\":{\"name\":\"anachain\",\"@id\":\"https:\\\/\\\/pre.efe.com\\\/pt-br\\\/#\\\/schema\\\/person\\\/b19f23f210db552768f68a4b552b004f\"},\"headline\":\"Scaloni ser\u00e1 t\u00e9cnico da Argentina at\u00e9 a Copa de 2026\",\"datePublished\":\"2022-09-28T14:39:02+00:00\",\"dateModified\":\"2022-09-28T14:39:05+00:00\",\"mainEntityOfPage\":{\"@id\":\"https:\\\/\\\/pre.efe.com\\\/pt-br\\\/esportes\\\/2022-09-28\\\/scaloni-sera-tecnico-da-argentina-ate-a-copa-de-2026\\\/\"},\"wordCount\":225,\"publisher\":{\"@id\":\"https:\\\/\\\/pre.efe.com\\\/pt-br\\\/#organization\"},\"image\":{\"@id\":\"https:\\\/\\\/pre.efe.com\\\/pt-br\\\/esportes\\\/2022-09-28\\\/scaloni-sera-tecnico-da-argentina-ate-a-copa-de-2026\\\/#primaryimage\"},\"thumbnailUrl\":\"https:\\\/\\\/pre.efe.com\\\/wp-content\\\/uploads\\\/2022\\\/09\\\/LIONEL-SCALONI.jpg\",\"keywords\":[\"Argentina\",\"Futebol\",\"Mundial\"],\"articleSection\":[\"Esportes\",\"Outras not\u00edcias\"],\"inLanguage\":\"pt-BR\",\"copyrightYear\":\"2022\",\"copyrightHolder\":{\"@id\":\"https:\\\/\\\/pre.efe.com\\\/#organization\"}},{\"@type\":[\"WebPage\",\"ItemPage\"],\"@id\":\"https:\\\/\\\/pre.efe.com\\\/pt-br\\\/esportes\\\/2022-09-28\\\/scaloni-sera-tecnico-da-argentina-ate-a-copa-de-2026\\\/\",\"url\":\"https:\\\/\\\/pre.efe.com\\\/pt-br\\\/esportes\\\/2022-09-28\\\/scaloni-sera-tecnico-da-argentina-ate-a-copa-de-2026\\\/\",\"name\":\"Scaloni ser\u00e1 t\u00e9cnico da Argentina at\u00e9 a Copa de 2026\",\"isPartOf\":{\"@id\":\"https:\\\/\\\/pre.efe.com\\\/pt-br\\\/#website\"},\"primaryImageOfPage\":{\"@id\":\"https:\\\/\\\/pre.efe.com\\\/pt-br\\\/esportes\\\/2022-09-28\\\/scaloni-sera-tecnico-da-argentina-ate-a-copa-de-2026\\\/#primaryimage\"},\"image\":{\"@id\":\"https:\\\/\\\/pre.efe.com\\\/pt-br\\\/esportes\\\/2022-09-28\\\/scaloni-sera-tecnico-da-argentina-ate-a-copa-de-2026\\\/#primaryimage\"},\"thumbnailUrl\":\"https:\\\/\\\/pre.efe.com\\\/wp-content\\\/uploads\\\/2022\\\/09\\\/LIONEL-SCALONI.jpg\",\"datePublished\":\"2022-09-28T14:39:02+00:00\",\"dateModified\":\"2022-09-28T14:39:05+00:00\",\"description\":\"Lionel Scaloni seguir\u00e1 como t\u00e9cnico da sele\u00e7\u00e3o argentina at\u00e9 o fim da Copa do Mundo de 2026, anunciou o presidente da AFA, Claudio Tapia.\",\"breadcrumb\":{\"@id\":\"https:\\\/\\\/pre.efe.com\\\/pt-br\\\/esportes\\\/2022-09-28\\\/scaloni-sera-tecnico-da-argentina-ate-a-copa-de-2026\\\/#breadcrumb\"},\"inLanguage\":\"pt-BR\",\"potentialAction\":[{\"@type\":\"ReadAction\",\"target\":[\"https:\\\/\\\/pre.efe.com\\\/pt-br\\\/esportes\\\/2022-09-28\\\/scaloni-sera-tecnico-da-argentina-ate-a-copa-de-2026\\\/\"]}]},{\"@type\":\"ImageObject\",\"inLanguage\":\"pt-BR\",\"@id\":\"https:\\\/\\\/pre.efe.com\\\/pt-br\\\/esportes\\\/2022-09-28\\\/scaloni-sera-tecnico-da-argentina-ate-a-copa-de-2026\\\/#primaryimage\",\"url\":\"https:\\\/\\\/pre.efe.com\\\/wp-content\\\/uploads\\\/2022\\\/09\\\/LIONEL-SCALONI.jpg\",\"contentUrl\":\"https:\\\/\\\/pre.efe.com\\\/wp-content\\\/uploads\\\/2022\\\/09\\\/LIONEL-SCALONI.jpg\",\"width\":900,\"height\":557,\"caption\":\"O t\u00e9cnico da sele\u00e7\u00e3o argentina, Lionel Scaloni. EFE\\\/POOL\\\/Arquivo\\\/Jos\u00e9 J\u00e1come\"},{\"@type\":\"BreadcrumbList\",\"@id\":\"https:\\\/\\\/pre.efe.com\\\/pt-br\\\/esportes\\\/2022-09-28\\\/scaloni-sera-tecnico-da-argentina-ate-a-copa-de-2026\\\/#breadcrumb\",\"itemListElement\":[{\"@type\":\"ListItem\",\"position\":1,\"name\":\"Portada\",\"item\":\"https:\\\/\\\/pre.efe.com\\\/pt-br\\\/\"},{\"@type\":\"ListItem\",\"position\":2,\"name\":\"Scaloni ser\u00e1 t\u00e9cnico da Argentina at\u00e9 a Copa de 2026\"}]},{\"@type\":\"WebSite\",\"@id\":\"https:\\\/\\\/pre.efe.com\\\/pt-br\\\/#website\",\"url\":\"https:\\\/\\\/pre.efe.com\\\/pt-br\\\/\",\"name\":\"EFE Noticias\",\"description\":\"\",\"publisher\":{\"@id\":\"https:\\\/\\\/pre.efe.com\\\/pt-br\\\/#organization\"},\"potentialAction\":[{\"@type\":\"SearchAction\",\"target\":{\"@type\":\"EntryPoint\",\"urlTemplate\":\"https:\\\/\\\/pre.efe.com\\\/pt-br\\\/?s={search_term_string}\"},\"query-input\":{\"@type\":\"PropertyValueSpecification\",\"valueRequired\":true,\"valueName\":\"search_term_string\"}}],\"inLanguage\":\"pt-BR\"},{\"@type\":\"Organization\",\"@id\":\"https:\\\/\\\/pre.efe.com\\\/pt-br\\\/#organization\",\"name\":\"Agencia EFE\",\"url\":\"https:\\\/\\\/pre.efe.com\\\/pt-br\\\/\",\"logo\":{\"@type\":\"ImageObject\",\"inLanguage\":\"pt-BR\",\"@id\":\"https:\\\/\\\/pre.efe.com\\\/pt-br\\\/#\\\/schema\\\/logo\\\/image\\\/\",\"url\":\"https:\\\/\\\/pre.efe.com\\\/wp-content\\\/uploads\\\/2023\\\/06\\\/logo-efe-467.png\",\"contentUrl\":\"https:\\\/\\\/pre.efe.com\\\/wp-content\\\/uploads\\\/2023\\\/06\\\/logo-efe-467.png\",\"width\":467,\"height\":467,\"caption\":\"Agencia EFE\"},\"image\":{\"@id\":\"https:\\\/\\\/pre.efe.com\\\/pt-br\\\/#\\\/schema\\\/logo\\\/image\\\/\"},\"sameAs\":[\"https:\\\/\\\/www.facebook.com\\\/AgenciaEFEnoticias\\\/\",\"https:\\\/\\\/x.com\\\/efenoticias\",\"https:\\\/\\\/www.instagram.com\\\/efe_noticias\\\/\",\"http:\\\/\\\/www.youtube.com\\\/efe\"]},{\"@type\":\"Person\",\"@id\":\"https:\\\/\\\/pre.efe.com\\\/pt-br\\\/#\\\/schema\\\/person\\\/b19f23f210db552768f68a4b552b004f\",\"name\":\"anachain\",\"image\":{\"@type\":\"ImageObject\",\"inLanguage\":\"pt-BR\",\"@id\":\"https:\\\/\\\/secure.gravatar.com\\\/avatar\\\/30b83965911ef1108bb893c00bdd65c885f9890e1265ee04b02c3d5adc785d37?s=96&d=identicon&r=g\",\"url\":\"https:\\\/\\\/secure.gravatar.com\\\/avatar\\\/30b83965911ef1108bb893c00bdd65c885f9890e1265ee04b02c3d5adc785d37?s=96&d=identicon&r=g\",\"contentUrl\":\"https:\\\/\\\/secure.gravatar.com\\\/avatar\\\/30b83965911ef1108bb893c00bdd65c885f9890e1265ee04b02c3d5adc785d37?s=96&d=identicon&r=g\",\"caption\":\"anachain\"},\"url\":\"https:\\\/\\\/pre.efe.com\\\/pt-br\\\/autor\\\/anachain\\\/\"}]}<\/script>\n<!-- \/ Yoast SEO Premium plugin. -->","yoast_head_json":{"title":"Scaloni ser\u00e1 t\u00e9cnico da Argentina at\u00e9 a Copa de 2026","description":"Lionel Scaloni seguir\u00e1 como t\u00e9cnico da sele\u00e7\u00e3o argentina at\u00e9 o fim da Copa do Mundo de 2026, anunciou o presidente da AFA, Claudio Tapia.","robots":{"index":"noindex","follow":"follow"},"og_locale":"pt_BR","og_type":"article","og_title":"Scaloni ser\u00e1 t\u00e9cnico da Argentina at\u00e9 a Copa de 2026 - EFE","og_description":"Lionel Scaloni seguir\u00e1 como t\u00e9cnico da sele\u00e7\u00e3o argentina at\u00e9 o fim da Copa do Mundo de 2026, anunciou o presidente da AFA, Claudio Tapia.","og_url":"https:\/\/pre.efe.com\/pt-br\/esportes\/2022-09-28\/scaloni-sera-tecnico-da-argentina-ate-a-copa-de-2026\/","og_site_name":"EFE Noticias","article_publisher":"https:\/\/www.facebook.com\/AgenciaEFEnoticias\/","article_published_time":"2022-09-28T14:39:02+00:00","article_modified_time":"2022-09-28T14:39:05+00:00","og_image":[{"width":900,"height":557,"url":"https:\/\/i0.wp.com\/efe.com\/\/srv\/htdocs\/wp-content\/uploads\/2022\/09\/LIONEL-SCALONI.jpg?fit=900%2C557&ssl=1","type":"image\/jpeg"}],"author":"anachain","twitter_card":"summary_large_image","twitter_creator":"@efenoticias","twitter_site":"@efenoticias","schema":{"@context":"https:\/\/schema.org","@graph":[{"@type":"NewsArticle","@id":"https:\/\/pre.efe.com\/pt-br\/esportes\/2022-09-28\/scaloni-sera-tecnico-da-argentina-ate-a-copa-de-2026\/#article","isPartOf":{"@id":"https:\/\/pre.efe.com\/pt-br\/esportes\/2022-09-28\/scaloni-sera-tecnico-da-argentina-ate-a-copa-de-2026\/"},"author":{"name":"anachain","@id":"https:\/\/pre.efe.com\/pt-br\/#\/schema\/person\/b19f23f210db552768f68a4b552b004f"},"headline":"Scaloni ser\u00e1 t\u00e9cnico da Argentina at\u00e9 a Copa de 2026","datePublished":"2022-09-28T14:39:02+00:00","dateModified":"2022-09-28T14:39:05+00:00","mainEntityOfPage":{"@id":"https:\/\/pre.efe.com\/pt-br\/esportes\/2022-09-28\/scaloni-sera-tecnico-da-argentina-ate-a-copa-de-2026\/"},"wordCount":225,"publisher":{"@id":"https:\/\/pre.efe.com\/pt-br\/#organization"},"image":{"@id":"https:\/\/pre.efe.com\/pt-br\/esportes\/2022-09-28\/scaloni-sera-tecnico-da-argentina-ate-a-copa-de-2026\/#primaryimage"},"thumbnailUrl":"https:\/\/pre.efe.com\/wp-content\/uploads\/2022\/09\/LIONEL-SCALONI.jpg","keywords":["Argentina","Futebol","Mundial"],"articleSection":["Esportes","Outras not\u00edcias"],"inLanguage":"pt-BR","copyrightYear":"2022","copyrightHolder":{"@id":"https:\/\/pre.efe.com\/#organization"}},{"@type":["WebPage","ItemPage"],"@id":"https:\/\/pre.efe.com\/pt-br\/esportes\/2022-09-28\/scaloni-sera-tecnico-da-argentina-ate-a-copa-de-2026\/","url":"https:\/\/pre.efe.com\/pt-br\/esportes\/2022-09-28\/scaloni-sera-tecnico-da-argentina-ate-a-copa-de-2026\/","name":"Scaloni ser\u00e1 t\u00e9cnico da Argentina at\u00e9 a Copa de 2026","isPartOf":{"@id":"https:\/\/pre.efe.com\/pt-br\/#website"},"primaryImageOfPage":{"@id":"https:\/\/pre.efe.com\/pt-br\/esportes\/2022-09-28\/scaloni-sera-tecnico-da-argentina-ate-a-copa-de-2026\/#primaryimage"},"image":{"@id":"https:\/\/pre.efe.com\/pt-br\/esportes\/2022-09-28\/scaloni-sera-tecnico-da-argentina-ate-a-copa-de-2026\/#primaryimage"},"thumbnailUrl":"https:\/\/pre.efe.com\/wp-content\/uploads\/2022\/09\/LIONEL-SCALONI.jpg","datePublished":"2022-09-28T14:39:02+00:00","dateModified":"2022-09-28T14:39:05+00:00","description":"Lionel Scaloni seguir\u00e1 como t\u00e9cnico da sele\u00e7\u00e3o argentina at\u00e9 o fim da Copa do Mundo de 2026, anunciou o presidente da AFA, Claudio Tapia.","breadcrumb":{"@id":"https:\/\/pre.efe.com\/pt-br\/esportes\/2022-09-28\/scaloni-sera-tecnico-da-argentina-ate-a-copa-de-2026\/#breadcrumb"},"inLanguage":"pt-BR","potentialAction":[{"@type":"ReadAction","target":["https:\/\/pre.efe.com\/pt-br\/esportes\/2022-09-28\/scaloni-sera-tecnico-da-argentina-ate-a-copa-de-2026\/"]}]},{"@type":"ImageObject","inLanguage":"pt-BR","@id":"https:\/\/pre.efe.com\/pt-br\/esportes\/2022-09-28\/scaloni-sera-tecnico-da-argentina-ate-a-copa-de-2026\/#primaryimage","url":"https:\/\/pre.efe.com\/wp-content\/uploads\/2022\/09\/LIONEL-SCALONI.jpg","contentUrl":"https:\/\/pre.efe.com\/wp-content\/uploads\/2022\/09\/LIONEL-SCALONI.jpg","width":900,"height":557,"caption":"O t\u00e9cnico da sele\u00e7\u00e3o argentina, Lionel Scaloni. EFE\/POOL\/Arquivo\/Jos\u00e9 J\u00e1come"},{"@type":"BreadcrumbList","@id":"https:\/\/pre.efe.com\/pt-br\/esportes\/2022-09-28\/scaloni-sera-tecnico-da-argentina-ate-a-copa-de-2026\/#breadcrumb","itemListElement":[{"@type":"ListItem","position":1,"name":"Portada","item":"https:\/\/pre.efe.com\/pt-br\/"},{"@type":"ListItem","position":2,"name":"Scaloni ser\u00e1 t\u00e9cnico da Argentina at\u00e9 a Copa de 2026"}]},{"@type":"WebSite","@id":"https:\/\/pre.efe.com\/pt-br\/#website","url":"https:\/\/pre.efe.com\/pt-br\/","name":"EFE Noticias","description":"","publisher":{"@id":"https:\/\/pre.efe.com\/pt-br\/#organization"},"potentialAction":[{"@type":"SearchAction","target":{"@type":"EntryPoint","urlTemplate":"https:\/\/pre.efe.com\/pt-br\/?s={search_term_string}"},"query-input":{"@type":"PropertyValueSpecification","valueRequired":true,"valueName":"search_term_string"}}],"inLanguage":"pt-BR"},{"@type":"Organization","@id":"https:\/\/pre.efe.com\/pt-br\/#organization","name":"Agencia EFE","url":"https:\/\/pre.efe.com\/pt-br\/","logo":{"@type":"ImageObject","inLanguage":"pt-BR","@id":"https:\/\/pre.efe.com\/pt-br\/#\/schema\/logo\/image\/","url":"https:\/\/pre.efe.com\/wp-content\/uploads\/2023\/06\/logo-efe-467.png","contentUrl":"https:\/\/pre.efe.com\/wp-content\/uploads\/2023\/06\/logo-efe-467.png","width":467,"height":467,"caption":"Agencia EFE"},"image":{"@id":"https:\/\/pre.efe.com\/pt-br\/#\/schema\/logo\/image\/"},"sameAs":["https:\/\/www.facebook.com\/AgenciaEFEnoticias\/","https:\/\/x.com\/efenoticias","https:\/\/www.instagram.com\/efe_noticias\/","http:\/\/www.youtube.com\/efe"]},{"@type":"Person","@id":"https:\/\/pre.efe.com\/pt-br\/#\/schema\/person\/b19f23f210db552768f68a4b552b004f","name":"anachain","image":{"@type":"ImageObject","inLanguage":"pt-BR","@id":"https:\/\/secure.gravatar.com\/avatar\/30b83965911ef1108bb893c00bdd65c885f9890e1265ee04b02c3d5adc785d37?s=96&d=identicon&r=g","url":"https:\/\/secure.gravatar.com\/avatar\/30b83965911ef1108bb893c00bdd65c885f9890e1265ee04b02c3d5adc785d37?s=96&d=identicon&r=g","contentUrl":"https:\/\/secure.gravatar.com\/avatar\/30b83965911ef1108bb893c00bdd65c885f9890e1265ee04b02c3d5adc785d37?s=96&d=identicon&r=g","caption":"anachain"},"url":"https:\/\/pre.efe.com\/pt-br\/autor\/anachain\/"}]}},"jetpack_featured_media_url":"https:\/\/pre.efe.com\/wp-content\/uploads\/2022\/09\/LIONEL-SCALONI.jpg","jetpack_shortlink":"https:\/\/wp.me\/peJvHm-p4y","jetpack_sharing_enabled":true,"_links":{"self":[{"href":"https:\/\/pre.efe.com\/pt-br\/wp-json\/wp\/v2\/posts\/96382","targetHints":{"allow":["GET"]}}],"collection":[{"href":"https:\/\/pre.efe.com\/pt-br\/wp-json\/wp\/v2\/posts"}],"about":[{"href":"https:\/\/pre.efe.com\/pt-br\/wp-json\/wp\/v2\/types\/post"}],"author":[{"embeddable":true,"href":"https:\/\/pre.efe.com\/pt-br\/wp-json\/wp\/v2\/users\/198164106"}],"replies":[{"embeddable":true,"href":"https:\/\/pre.efe.com\/pt-br\/wp-json\/wp\/v2\/comments?post=96382"}],"version-history":[{"count":2,"href":"https:\/\/pre.efe.com\/pt-br\/wp-json\/wp\/v2\/posts\/96382\/revisions"}],"predecessor-version":[{"id":96414,"href":"https:\/\/pre.efe.com\/pt-br\/wp-json\/wp\/v2\/posts\/96382\/revisions\/96414"}],"wp:featuredmedia":[{"embeddable":true,"href":"https:\/\/pre.efe.com\/pt-br\/wp-json\/wp\/v2\/media\/96407"}],"wp:attachment":[{"href":"https:\/\/pre.efe.com\/pt-br\/wp-json\/wp\/v2\/media?parent=96382"}],"wp:term":[{"taxonomy":"category","embeddable":true,"href":"https:\/\/pre.efe.com\/pt-br\/wp-json\/wp\/v2\/categories?post=96382"},{"taxonomy":"post_tag","embeddable":true,"href":"https:\/\/pre.efe.com\/pt-br\/wp-json\/wp\/v2\/tags?post=96382"}],"curies":[{"name":"wp","href":"https:\/\/api.w.org\/{rel}","templated":true}]}}