{"id":975208,"date":"2024-03-14T18:07:00","date_gmt":"2024-03-14T17:07:00","guid":{"rendered":"https:\/\/pre.efe.com\/?p=975208"},"modified":"2024-03-14T22:12:47","modified_gmt":"2024-03-14T21:12:47","slug":"papa-francisco-afirma-que-renuncia-e-uma-hipotese-distante","status":"publish","type":"post","link":"https:\/\/pre.efe.com\/pt-br\/mundo-2\/2024-03-14\/papa-francisco-afirma-que-renuncia-e-uma-hipotese-distante\/","title":{"rendered":"Papa Francisco afirma que ren\u00fancia \u00e9 uma \u201chip\u00f3tese distante\u201d"},"content":{"rendered":"\n<p>Roma (EFE).- O papa Francisco descartou uma poss\u00edvel ren\u00fancia, que descreve como uma \u201chip\u00f3tese distante\u201d que s\u00f3 ocorreria devido a \u201cum grave impedimento f\u00edsico\u201d, e disse que quando foi hospitalizado alguns no Vaticano estavam \u201cmais interessados em pol\u00edtica, em fazer uma campanha eleitoral, quase pensando em um novo conclave\u201d.<\/p>\n\n\n\n<p>\u201c\u00c9 verdade que o Vaticano \u00e9 a \u00faltima monarquia absoluta na Europa, e que aqui ocorrem frequentemente racioc\u00ednios e manobras cortes\u00e3s, mas estes padr\u00f5es devem ser abandonados definitivamente\u201d, destaca em \u201cLife, My Story Through History\u201d, sua autobiografia que ser\u00e1 publicada na pr\u00f3xima semana, mas que teve trechos adiantados nesta quinta-feira pelo jornal italiano &#8220;Corriere della Sera&#8221;.<\/p>\n\n\n\n<p>O jornal italiano publica trechos do livro escrito pelo papa de 88 anos com seu amigo pessoal Fabio Marchese, no qual faz uma retrospectiva de sua vida, desde a inf\u00e2ncia at\u00e9 a atualidade, e comenta grandes momentos hist\u00f3ricos, desde a bombardeios nucleares em Hiroshima e Nagasaki ou o golpe militar na Argentina at\u00e9 a pandemia.<\/p>\n\n\n\n<p>\u201cAcredito que o minist\u00e9rio petrino \u00e9 ad vitam e, portanto, n\u00e3o vejo condi\u00e7\u00f5es para uma ren\u00fancia. As coisas mudariam se ocorresse um grave impedimento f\u00edsico, e nesse caso j\u00e1 assinei no in\u00edcio do pontificado a carta com a ren\u00fancia que est\u00e1 depositada na Secretaria de Estado. Se isso acontecesse, eu n\u00e3o me chamaria Papa Em\u00e9rito, mas simplesmente Bispo Em\u00e9rito de Roma, e me mudaria para Santa Maria Maggiore para voltar a ser confessor\u201d, afirma.<\/p>\n\n\n\n<p>\u201cMas esta \u00e9 uma hip\u00f3tese distante, porque realmente n\u00e3o tenho motivos t\u00e3o s\u00e9rios para pensar em uma ren\u00fancia. Algu\u00e9m, ao longo dos anos, talvez tenha esperado que mais cedo ou mais tarde, talvez depois de uma hospitaliza\u00e7\u00e3o, eu fizesse um an\u00fancio desse tipo, mas n\u00e3o existe esse risco: gra\u00e7as a Deus estou bem de sa\u00fade&#8221;, acrescenta.<\/p>\n\n\n\n<p>Sobre os ataques que recebeu, diz que ficou magoado com o fato de estar \u201cdestruindo o papado\u201d: No conclave de 2013 \u201chavia uma grande vontade de mudar as coisas, de abandonar certas atitudes que infelizmente ainda hoje lutam para desaparecer. Sempre h\u00e1 quem tenta travar as reformas, quem gostaria de permanecer im\u00f3vel no tempo do papa-rei\u201d, afirma.<\/p>\n\n\n\n<p>Francisco fala dos seus av\u00f3s e que o piemont\u00eas, dialeto do norte de It\u00e1lia, foi a sua &#8220;primeira l\u00edngua materna&#8221;, sobre como a sua fam\u00edlia escapou de um naufr\u00e1gio em que morreram 300 migrantes no in\u00edcio do s\u00e9culo XX, ou sobre filmes e can\u00e7\u00f5es italianas que sempre o acompanharam.<\/p>\n\n\n\n<p>Ele tamb\u00e9m d\u00e1 sua opini\u00e3o sobre temas como o aborto, a barriga de aluguel ou o acolhimento de homossexuais na Igreja, ao mesmo tempo que se refere \u00e0 sua rela\u00e7\u00e3o com o antecessor, Bento XVI e fala de Diego Maradona, Lionel Messi e sua paix\u00e3o pelo futebol.<\/p>\n\n\n\n<p>Tamb\u00e9m comentou sobre o golpe militar na Argentina, quando escondeu tr\u00eas seminaristas, que o ajudaram &#8220;a acolher outros jovens em risco como eles, ao menos 20 em dois anos&#8221; e de seu papel na liberta\u00e7\u00e3o de dois jesu\u00edtas expulsos pela companhia e sequestrado pelo regime.<\/p>\n\n\n\n<p>\u201cFoi um genoc\u00eddio geracional\u201d, diz o pont\u00edfice, que acrescenta: \u201cAs acusa\u00e7\u00f5es contra mim continuaram at\u00e9 recentemente. Foi a vingan\u00e7a de alguns que sabiam o quanto eu me opunha a essas atrocidades\u201d. EFE<\/p>\n","protected":false},"excerpt":{"rendered":"<p>Roma (EFE).- O papa Francisco descartou uma poss\u00edvel ren\u00fancia, que descreve como uma \u201chip\u00f3tese distante\u201d que s\u00f3 ocorreria devido a \u201cum grave impedimento f\u00edsico\u201d, e disse que quando foi hospitalizado alguns no Vaticano estavam \u201cmais interessados em pol\u00edtica, em fazer uma campanha eleitoral, quase pensando em um novo conclave\u201d. \u201c\u00c9 verdade que o Vaticano \u00e9 &#8230; <a title=\"Papa Francisco afirma que ren\u00fancia \u00e9 uma \u201chip\u00f3tese distante\u201d\" class=\"read-more\" href=\"https:\/\/pre.efe.com\/pt-br\/mundo-2\/2024-03-14\/papa-francisco-afirma-que-renuncia-e-uma-hipotese-distante\/\" aria-label=\"Read more about Papa Francisco afirma que ren\u00fancia \u00e9 uma \u201chip\u00f3tese distante\u201d\">Leia mais<\/a><\/p>\n","protected":false},"author":198164106,"featured_media":973594,"comment_status":"closed","ping_status":"closed","sticky":false,"template":"","format":"standard","meta":{"_acf_changed":false,"_jetpack_memberships_contains_paid_content":false,"footnotes":""},"categories":[123208,122141],"tags":[125155,122485],"class_list":["post-975208","post","type-post","status-publish","format-standard","has-post-thumbnail","hentry","category-mundo-2","category-portada","tag-papa-2","tag-religiao","generate-columns","tablet-grid-50","mobile-grid-100","grid-parent","grid-50"],"acf":[],"yoast_head":"<!-- This site is optimized with the Yoast SEO Premium plugin v26.0 (Yoast SEO v27.5) - https:\/\/yoast.com\/product\/yoast-seo-premium-wordpress\/ -->\n<title>Papa Francisco afirma que ren\u00fancia \u00e9 uma \u201chip\u00f3tese distante\u201d - EFE<\/title>\n<meta name=\"robots\" content=\"noindex, follow\" \/>\n<meta property=\"og:locale\" content=\"pt_BR\" \/>\n<meta property=\"og:type\" content=\"article\" \/>\n<meta property=\"og:title\" content=\"Papa Francisco afirma que ren\u00fancia \u00e9 uma \u201chip\u00f3tese distante\u201d - EFE\" \/>\n<meta property=\"og:description\" content=\"Roma (EFE).- O papa Francisco descartou uma poss\u00edvel ren\u00fancia, que descreve como uma \u201chip\u00f3tese distante\u201d que s\u00f3 ocorreria devido a \u201cum grave impedimento f\u00edsico\u201d, e disse que quando foi hospitalizado alguns no Vaticano estavam \u201cmais interessados em pol\u00edtica, em fazer uma campanha eleitoral, quase pensando em um novo conclave\u201d. \u201c\u00c9 verdade que o Vaticano \u00e9 ... Leia mais\" \/>\n<meta property=\"og:url\" content=\"https:\/\/pre.efe.com\/pt-br\/mundo-2\/2024-03-14\/papa-francisco-afirma-que-renuncia-e-uma-hipotese-distante\/\" \/>\n<meta property=\"og:site_name\" content=\"EFE Noticias\" \/>\n<meta property=\"article:publisher\" content=\"https:\/\/www.facebook.com\/AgenciaEFEnoticias\/\" \/>\n<meta property=\"article:published_time\" content=\"2024-03-14T17:07:00+00:00\" \/>\n<meta property=\"article:modified_time\" content=\"2024-03-14T21:12:47+00:00\" \/>\n<meta property=\"og:image\" content=\"https:\/\/i0.wp.com\/efe.com\/\/srv\/htdocs\/wp-content\/uploads\/2024\/03\/PAPA-DIMISION-4.jpg?fit=900%2C624&ssl=1\" \/>\n\t<meta property=\"og:image:width\" content=\"900\" \/>\n\t<meta property=\"og:image:height\" content=\"624\" \/>\n\t<meta property=\"og:image:type\" content=\"image\/jpeg\" \/>\n<meta name=\"author\" content=\"anachain\" \/>\n<meta name=\"twitter:card\" content=\"summary_large_image\" \/>\n<meta name=\"twitter:creator\" content=\"@efenoticias\" \/>\n<meta name=\"twitter:site\" content=\"@efenoticias\" \/>\n<script type=\"application\/ld+json\" class=\"yoast-schema-graph\">{\"@context\":\"https:\\\/\\\/schema.org\",\"@graph\":[{\"@type\":\"NewsArticle\",\"@id\":\"https:\\\/\\\/pre.efe.com\\\/pt-br\\\/mundo-2\\\/2024-03-14\\\/papa-francisco-afirma-que-renuncia-e-uma-hipotese-distante\\\/#article\",\"isPartOf\":{\"@id\":\"https:\\\/\\\/pre.efe.com\\\/pt-br\\\/mundo-2\\\/2024-03-14\\\/papa-francisco-afirma-que-renuncia-e-uma-hipotese-distante\\\/\"},\"author\":{\"name\":\"anachain\",\"@id\":\"https:\\\/\\\/pre.efe.com\\\/pt-br\\\/#\\\/schema\\\/person\\\/b19f23f210db552768f68a4b552b004f\"},\"headline\":\"Papa Francisco afirma que ren\u00fancia \u00e9 uma \u201chip\u00f3tese distante\u201d\",\"datePublished\":\"2024-03-14T17:07:00+00:00\",\"dateModified\":\"2024-03-14T21:12:47+00:00\",\"mainEntityOfPage\":{\"@id\":\"https:\\\/\\\/pre.efe.com\\\/pt-br\\\/mundo-2\\\/2024-03-14\\\/papa-francisco-afirma-que-renuncia-e-uma-hipotese-distante\\\/\"},\"wordCount\":576,\"publisher\":{\"@id\":\"https:\\\/\\\/pre.efe.com\\\/pt-br\\\/#organization\"},\"image\":{\"@id\":\"https:\\\/\\\/pre.efe.com\\\/pt-br\\\/mundo-2\\\/2024-03-14\\\/papa-francisco-afirma-que-renuncia-e-uma-hipotese-distante\\\/#primaryimage\"},\"thumbnailUrl\":\"https:\\\/\\\/pre.efe.com\\\/wp-content\\\/uploads\\\/2024\\\/03\\\/PAPA-DIMISION-4.jpg\",\"keywords\":[\"Papa\",\"Religi\u00e3o\"],\"articleSection\":[\"Mundo\",\"Portada\"],\"inLanguage\":\"pt-BR\",\"copyrightYear\":\"2024\",\"copyrightHolder\":{\"@id\":\"https:\\\/\\\/pre.efe.com\\\/#organization\"}},{\"@type\":[\"WebPage\",\"ItemPage\"],\"@id\":\"https:\\\/\\\/pre.efe.com\\\/pt-br\\\/mundo-2\\\/2024-03-14\\\/papa-francisco-afirma-que-renuncia-e-uma-hipotese-distante\\\/\",\"url\":\"https:\\\/\\\/pre.efe.com\\\/pt-br\\\/mundo-2\\\/2024-03-14\\\/papa-francisco-afirma-que-renuncia-e-uma-hipotese-distante\\\/\",\"name\":\"Papa Francisco afirma que ren\u00fancia \u00e9 uma \u201chip\u00f3tese distante\u201d - EFE\",\"isPartOf\":{\"@id\":\"https:\\\/\\\/pre.efe.com\\\/pt-br\\\/#website\"},\"primaryImageOfPage\":{\"@id\":\"https:\\\/\\\/pre.efe.com\\\/pt-br\\\/mundo-2\\\/2024-03-14\\\/papa-francisco-afirma-que-renuncia-e-uma-hipotese-distante\\\/#primaryimage\"},\"image\":{\"@id\":\"https:\\\/\\\/pre.efe.com\\\/pt-br\\\/mundo-2\\\/2024-03-14\\\/papa-francisco-afirma-que-renuncia-e-uma-hipotese-distante\\\/#primaryimage\"},\"thumbnailUrl\":\"https:\\\/\\\/pre.efe.com\\\/wp-content\\\/uploads\\\/2024\\\/03\\\/PAPA-DIMISION-4.jpg\",\"datePublished\":\"2024-03-14T17:07:00+00:00\",\"dateModified\":\"2024-03-14T21:12:47+00:00\",\"breadcrumb\":{\"@id\":\"https:\\\/\\\/pre.efe.com\\\/pt-br\\\/mundo-2\\\/2024-03-14\\\/papa-francisco-afirma-que-renuncia-e-uma-hipotese-distante\\\/#breadcrumb\"},\"inLanguage\":\"pt-BR\",\"potentialAction\":[{\"@type\":\"ReadAction\",\"target\":[\"https:\\\/\\\/pre.efe.com\\\/pt-br\\\/mundo-2\\\/2024-03-14\\\/papa-francisco-afirma-que-renuncia-e-uma-hipotese-distante\\\/\"]}]},{\"@type\":\"ImageObject\",\"inLanguage\":\"pt-BR\",\"@id\":\"https:\\\/\\\/pre.efe.com\\\/pt-br\\\/mundo-2\\\/2024-03-14\\\/papa-francisco-afirma-que-renuncia-e-uma-hipotese-distante\\\/#primaryimage\",\"url\":\"https:\\\/\\\/pre.efe.com\\\/wp-content\\\/uploads\\\/2024\\\/03\\\/PAPA-DIMISION-4.jpg\",\"contentUrl\":\"https:\\\/\\\/pre.efe.com\\\/wp-content\\\/uploads\\\/2024\\\/03\\\/PAPA-DIMISION-4.jpg\",\"width\":900,\"height\":624,\"caption\":\"O papa Francisco. EFE\\\/Arquivo\\\/ALESSANDRO DI MEO\"},{\"@type\":\"BreadcrumbList\",\"@id\":\"https:\\\/\\\/pre.efe.com\\\/pt-br\\\/mundo-2\\\/2024-03-14\\\/papa-francisco-afirma-que-renuncia-e-uma-hipotese-distante\\\/#breadcrumb\",\"itemListElement\":[{\"@type\":\"ListItem\",\"position\":1,\"name\":\"Portada\",\"item\":\"https:\\\/\\\/pre.efe.com\\\/pt-br\\\/\"},{\"@type\":\"ListItem\",\"position\":2,\"name\":\"Papa Francisco afirma que ren\u00fancia \u00e9 uma \u201chip\u00f3tese distante\u201d\"}]},{\"@type\":\"WebSite\",\"@id\":\"https:\\\/\\\/pre.efe.com\\\/pt-br\\\/#website\",\"url\":\"https:\\\/\\\/pre.efe.com\\\/pt-br\\\/\",\"name\":\"EFE Noticias\",\"description\":\"\",\"publisher\":{\"@id\":\"https:\\\/\\\/pre.efe.com\\\/pt-br\\\/#organization\"},\"potentialAction\":[{\"@type\":\"SearchAction\",\"target\":{\"@type\":\"EntryPoint\",\"urlTemplate\":\"https:\\\/\\\/pre.efe.com\\\/pt-br\\\/?s={search_term_string}\"},\"query-input\":{\"@type\":\"PropertyValueSpecification\",\"valueRequired\":true,\"valueName\":\"search_term_string\"}}],\"inLanguage\":\"pt-BR\"},{\"@type\":\"Organization\",\"@id\":\"https:\\\/\\\/pre.efe.com\\\/pt-br\\\/#organization\",\"name\":\"Agencia EFE\",\"url\":\"https:\\\/\\\/pre.efe.com\\\/pt-br\\\/\",\"logo\":{\"@type\":\"ImageObject\",\"inLanguage\":\"pt-BR\",\"@id\":\"https:\\\/\\\/pre.efe.com\\\/pt-br\\\/#\\\/schema\\\/logo\\\/image\\\/\",\"url\":\"https:\\\/\\\/pre.efe.com\\\/wp-content\\\/uploads\\\/2023\\\/06\\\/logo-efe-467.png\",\"contentUrl\":\"https:\\\/\\\/pre.efe.com\\\/wp-content\\\/uploads\\\/2023\\\/06\\\/logo-efe-467.png\",\"width\":467,\"height\":467,\"caption\":\"Agencia EFE\"},\"image\":{\"@id\":\"https:\\\/\\\/pre.efe.com\\\/pt-br\\\/#\\\/schema\\\/logo\\\/image\\\/\"},\"sameAs\":[\"https:\\\/\\\/www.facebook.com\\\/AgenciaEFEnoticias\\\/\",\"https:\\\/\\\/x.com\\\/efenoticias\",\"https:\\\/\\\/www.instagram.com\\\/efe_noticias\\\/\",\"http:\\\/\\\/www.youtube.com\\\/efe\"]},{\"@type\":\"Person\",\"@id\":\"https:\\\/\\\/pre.efe.com\\\/pt-br\\\/#\\\/schema\\\/person\\\/b19f23f210db552768f68a4b552b004f\",\"name\":\"anachain\",\"image\":{\"@type\":\"ImageObject\",\"inLanguage\":\"pt-BR\",\"@id\":\"https:\\\/\\\/secure.gravatar.com\\\/avatar\\\/30b83965911ef1108bb893c00bdd65c885f9890e1265ee04b02c3d5adc785d37?s=96&d=identicon&r=g\",\"url\":\"https:\\\/\\\/secure.gravatar.com\\\/avatar\\\/30b83965911ef1108bb893c00bdd65c885f9890e1265ee04b02c3d5adc785d37?s=96&d=identicon&r=g\",\"contentUrl\":\"https:\\\/\\\/secure.gravatar.com\\\/avatar\\\/30b83965911ef1108bb893c00bdd65c885f9890e1265ee04b02c3d5adc785d37?s=96&d=identicon&r=g\",\"caption\":\"anachain\"},\"url\":\"https:\\\/\\\/pre.efe.com\\\/pt-br\\\/autor\\\/anachain\\\/\"}]}<\/script>\n<!-- \/ Yoast SEO Premium plugin. -->","yoast_head_json":{"title":"Papa Francisco afirma que ren\u00fancia \u00e9 uma \u201chip\u00f3tese distante\u201d - EFE","robots":{"index":"noindex","follow":"follow"},"og_locale":"pt_BR","og_type":"article","og_title":"Papa Francisco afirma que ren\u00fancia \u00e9 uma \u201chip\u00f3tese distante\u201d - EFE","og_description":"Roma (EFE).- O papa Francisco descartou uma poss\u00edvel ren\u00fancia, que descreve como uma \u201chip\u00f3tese distante\u201d que s\u00f3 ocorreria devido a \u201cum grave impedimento f\u00edsico\u201d, e disse que quando foi hospitalizado alguns no Vaticano estavam \u201cmais interessados em pol\u00edtica, em fazer uma campanha eleitoral, quase pensando em um novo conclave\u201d. \u201c\u00c9 verdade que o Vaticano \u00e9 ... Leia mais","og_url":"https:\/\/pre.efe.com\/pt-br\/mundo-2\/2024-03-14\/papa-francisco-afirma-que-renuncia-e-uma-hipotese-distante\/","og_site_name":"EFE Noticias","article_publisher":"https:\/\/www.facebook.com\/AgenciaEFEnoticias\/","article_published_time":"2024-03-14T17:07:00+00:00","article_modified_time":"2024-03-14T21:12:47+00:00","og_image":[{"width":900,"height":624,"url":"https:\/\/i0.wp.com\/efe.com\/\/srv\/htdocs\/wp-content\/uploads\/2024\/03\/PAPA-DIMISION-4.jpg?fit=900%2C624&ssl=1","type":"image\/jpeg"}],"author":"anachain","twitter_card":"summary_large_image","twitter_creator":"@efenoticias","twitter_site":"@efenoticias","schema":{"@context":"https:\/\/schema.org","@graph":[{"@type":"NewsArticle","@id":"https:\/\/pre.efe.com\/pt-br\/mundo-2\/2024-03-14\/papa-francisco-afirma-que-renuncia-e-uma-hipotese-distante\/#article","isPartOf":{"@id":"https:\/\/pre.efe.com\/pt-br\/mundo-2\/2024-03-14\/papa-francisco-afirma-que-renuncia-e-uma-hipotese-distante\/"},"author":{"name":"anachain","@id":"https:\/\/pre.efe.com\/pt-br\/#\/schema\/person\/b19f23f210db552768f68a4b552b004f"},"headline":"Papa Francisco afirma que ren\u00fancia \u00e9 uma \u201chip\u00f3tese distante\u201d","datePublished":"2024-03-14T17:07:00+00:00","dateModified":"2024-03-14T21:12:47+00:00","mainEntityOfPage":{"@id":"https:\/\/pre.efe.com\/pt-br\/mundo-2\/2024-03-14\/papa-francisco-afirma-que-renuncia-e-uma-hipotese-distante\/"},"wordCount":576,"publisher":{"@id":"https:\/\/pre.efe.com\/pt-br\/#organization"},"image":{"@id":"https:\/\/pre.efe.com\/pt-br\/mundo-2\/2024-03-14\/papa-francisco-afirma-que-renuncia-e-uma-hipotese-distante\/#primaryimage"},"thumbnailUrl":"https:\/\/pre.efe.com\/wp-content\/uploads\/2024\/03\/PAPA-DIMISION-4.jpg","keywords":["Papa","Religi\u00e3o"],"articleSection":["Mundo","Portada"],"inLanguage":"pt-BR","copyrightYear":"2024","copyrightHolder":{"@id":"https:\/\/pre.efe.com\/#organization"}},{"@type":["WebPage","ItemPage"],"@id":"https:\/\/pre.efe.com\/pt-br\/mundo-2\/2024-03-14\/papa-francisco-afirma-que-renuncia-e-uma-hipotese-distante\/","url":"https:\/\/pre.efe.com\/pt-br\/mundo-2\/2024-03-14\/papa-francisco-afirma-que-renuncia-e-uma-hipotese-distante\/","name":"Papa Francisco afirma que ren\u00fancia \u00e9 uma \u201chip\u00f3tese distante\u201d - EFE","isPartOf":{"@id":"https:\/\/pre.efe.com\/pt-br\/#website"},"primaryImageOfPage":{"@id":"https:\/\/pre.efe.com\/pt-br\/mundo-2\/2024-03-14\/papa-francisco-afirma-que-renuncia-e-uma-hipotese-distante\/#primaryimage"},"image":{"@id":"https:\/\/pre.efe.com\/pt-br\/mundo-2\/2024-03-14\/papa-francisco-afirma-que-renuncia-e-uma-hipotese-distante\/#primaryimage"},"thumbnailUrl":"https:\/\/pre.efe.com\/wp-content\/uploads\/2024\/03\/PAPA-DIMISION-4.jpg","datePublished":"2024-03-14T17:07:00+00:00","dateModified":"2024-03-14T21:12:47+00:00","breadcrumb":{"@id":"https:\/\/pre.efe.com\/pt-br\/mundo-2\/2024-03-14\/papa-francisco-afirma-que-renuncia-e-uma-hipotese-distante\/#breadcrumb"},"inLanguage":"pt-BR","potentialAction":[{"@type":"ReadAction","target":["https:\/\/pre.efe.com\/pt-br\/mundo-2\/2024-03-14\/papa-francisco-afirma-que-renuncia-e-uma-hipotese-distante\/"]}]},{"@type":"ImageObject","inLanguage":"pt-BR","@id":"https:\/\/pre.efe.com\/pt-br\/mundo-2\/2024-03-14\/papa-francisco-afirma-que-renuncia-e-uma-hipotese-distante\/#primaryimage","url":"https:\/\/pre.efe.com\/wp-content\/uploads\/2024\/03\/PAPA-DIMISION-4.jpg","contentUrl":"https:\/\/pre.efe.com\/wp-content\/uploads\/2024\/03\/PAPA-DIMISION-4.jpg","width":900,"height":624,"caption":"O papa Francisco. EFE\/Arquivo\/ALESSANDRO DI MEO"},{"@type":"BreadcrumbList","@id":"https:\/\/pre.efe.com\/pt-br\/mundo-2\/2024-03-14\/papa-francisco-afirma-que-renuncia-e-uma-hipotese-distante\/#breadcrumb","itemListElement":[{"@type":"ListItem","position":1,"name":"Portada","item":"https:\/\/pre.efe.com\/pt-br\/"},{"@type":"ListItem","position":2,"name":"Papa Francisco afirma que ren\u00fancia \u00e9 uma \u201chip\u00f3tese distante\u201d"}]},{"@type":"WebSite","@id":"https:\/\/pre.efe.com\/pt-br\/#website","url":"https:\/\/pre.efe.com\/pt-br\/","name":"EFE Noticias","description":"","publisher":{"@id":"https:\/\/pre.efe.com\/pt-br\/#organization"},"potentialAction":[{"@type":"SearchAction","target":{"@type":"EntryPoint","urlTemplate":"https:\/\/pre.efe.com\/pt-br\/?s={search_term_string}"},"query-input":{"@type":"PropertyValueSpecification","valueRequired":true,"valueName":"search_term_string"}}],"inLanguage":"pt-BR"},{"@type":"Organization","@id":"https:\/\/pre.efe.com\/pt-br\/#organization","name":"Agencia EFE","url":"https:\/\/pre.efe.com\/pt-br\/","logo":{"@type":"ImageObject","inLanguage":"pt-BR","@id":"https:\/\/pre.efe.com\/pt-br\/#\/schema\/logo\/image\/","url":"https:\/\/pre.efe.com\/wp-content\/uploads\/2023\/06\/logo-efe-467.png","contentUrl":"https:\/\/pre.efe.com\/wp-content\/uploads\/2023\/06\/logo-efe-467.png","width":467,"height":467,"caption":"Agencia EFE"},"image":{"@id":"https:\/\/pre.efe.com\/pt-br\/#\/schema\/logo\/image\/"},"sameAs":["https:\/\/www.facebook.com\/AgenciaEFEnoticias\/","https:\/\/x.com\/efenoticias","https:\/\/www.instagram.com\/efe_noticias\/","http:\/\/www.youtube.com\/efe"]},{"@type":"Person","@id":"https:\/\/pre.efe.com\/pt-br\/#\/schema\/person\/b19f23f210db552768f68a4b552b004f","name":"anachain","image":{"@type":"ImageObject","inLanguage":"pt-BR","@id":"https:\/\/secure.gravatar.com\/avatar\/30b83965911ef1108bb893c00bdd65c885f9890e1265ee04b02c3d5adc785d37?s=96&d=identicon&r=g","url":"https:\/\/secure.gravatar.com\/avatar\/30b83965911ef1108bb893c00bdd65c885f9890e1265ee04b02c3d5adc785d37?s=96&d=identicon&r=g","contentUrl":"https:\/\/secure.gravatar.com\/avatar\/30b83965911ef1108bb893c00bdd65c885f9890e1265ee04b02c3d5adc785d37?s=96&d=identicon&r=g","caption":"anachain"},"url":"https:\/\/pre.efe.com\/pt-br\/autor\/anachain\/"}]}},"jetpack_featured_media_url":"https:\/\/pre.efe.com\/wp-content\/uploads\/2024\/03\/PAPA-DIMISION-4.jpg","jetpack_shortlink":"https:\/\/wp.me\/peJvHm-45Ha","jetpack_sharing_enabled":true,"_links":{"self":[{"href":"https:\/\/pre.efe.com\/pt-br\/wp-json\/wp\/v2\/posts\/975208","targetHints":{"allow":["GET"]}}],"collection":[{"href":"https:\/\/pre.efe.com\/pt-br\/wp-json\/wp\/v2\/posts"}],"about":[{"href":"https:\/\/pre.efe.com\/pt-br\/wp-json\/wp\/v2\/types\/post"}],"author":[{"embeddable":true,"href":"https:\/\/pre.efe.com\/pt-br\/wp-json\/wp\/v2\/users\/198164106"}],"replies":[{"embeddable":true,"href":"https:\/\/pre.efe.com\/pt-br\/wp-json\/wp\/v2\/comments?post=975208"}],"version-history":[{"count":2,"href":"https:\/\/pre.efe.com\/pt-br\/wp-json\/wp\/v2\/posts\/975208\/revisions"}],"predecessor-version":[{"id":975216,"href":"https:\/\/pre.efe.com\/pt-br\/wp-json\/wp\/v2\/posts\/975208\/revisions\/975216"}],"wp:featuredmedia":[{"embeddable":true,"href":"https:\/\/pre.efe.com\/pt-br\/wp-json\/wp\/v2\/media\/973594"}],"wp:attachment":[{"href":"https:\/\/pre.efe.com\/pt-br\/wp-json\/wp\/v2\/media?parent=975208"}],"wp:term":[{"taxonomy":"category","embeddable":true,"href":"https:\/\/pre.efe.com\/pt-br\/wp-json\/wp\/v2\/categories?post=975208"},{"taxonomy":"post_tag","embeddable":true,"href":"https:\/\/pre.efe.com\/pt-br\/wp-json\/wp\/v2\/tags?post=975208"}],"curies":[{"name":"wp","href":"https:\/\/api.w.org\/{rel}","templated":true}]}}