{"id":99464,"date":"2022-09-30T01:57:04","date_gmt":"2022-09-29T23:57:04","guid":{"rendered":"https:\/\/pre.efe.com\/?p=99464"},"modified":"2022-09-30T01:57:06","modified_gmt":"2022-09-29T23:57:06","slug":"biden-avisa-putin-que-nunca-reconhecera-anexacao-de-territorios-ucranianos","status":"publish","type":"post","link":"https:\/\/pre.efe.com\/pt-br\/mundo-2\/2022-09-30\/biden-avisa-putin-que-nunca-reconhecera-anexacao-de-territorios-ucranianos\/","title":{"rendered":"Biden avisa Putin que nunca reconhecer\u00e1 anexa\u00e7\u00e3o de territ\u00f3rios ucranianos"},"content":{"rendered":"\n<p>Washington (<a href=\"https:\/\/pre.efe.com\/pt-br\/\">EFE<\/a>).-\u00a0O presidente dos Estados Unidos, Joe Biden, advertiu nesta quinta-feira seu hom\u00f3logo russo, Vladimir Putin, que seu pa\u00eds nunca reconhecer\u00e1 a anexa\u00e7\u00e3o dos territ\u00f3rios da Ucr\u00e2nia por parte da R\u00fassia.<\/p>\n\n\n\n<p>&#8220;Quero ser muito claro. Os Estados Unidos nunca, nunca, nunca reconhecer\u00e3o as reivindica\u00e7\u00f5es da R\u00fassia sobre o territ\u00f3rio soberano da Ucr\u00e2nia&#8221;, disse o presidente americano durante a C\u00fapula das Ilhas do Pac\u00edfico, realizada em Washington.<\/p>\n\n\n\n<p>Biden afirmou que os referendos ilegais, nos quais quatro territ\u00f3rios controlados pela R\u00fassia no oeste da Ucr\u00e2nia decidiram se juntar \u00e0 Federa\u00e7\u00e3o Russa, foram uma &#8220;vergonha&#8221; e seus resultados &#8220;manipulados por Moscou&#8221;.<\/p>\n\n\n\n<p>Al\u00e9m disso, denunciou que &#8220;as ambi\u00e7\u00f5es imperialistas de Putin s\u00e3o uma flagrante viola\u00e7\u00e3o da Carta das Na\u00e7\u00f5es Unidas e dos princ\u00edpios b\u00e1sicos de soberania e integridade territorial&#8221;.<\/p>\n\n\n\n<p>&#8220;A verdadeira vontade do povo ucraniano \u00e9 evidente todos os dias, pois sacrificam suas vidas para defender a liberdade de seu pa\u00eds&#8221;, destacou.<\/p>\n\n\n\n<p>Putin ir\u00e1 assinar amanh\u00e3, sexta-feira, a anexa\u00e7\u00e3o de Lugansk, Donetsk, Kherson e Zaporizhzhya, territ\u00f3rios ucranianos ocupados no leste e no sul do pa\u00eds vizinho, que representam cerca de 15% da Ucr\u00e2nia.<\/p>\n\n\n\n<p>O apoio \u00e0 anexa\u00e7\u00e3o nestes quatro territ\u00f3rios ficou entre 87,05% e 99,23%, segundo as autoridades pr\u00f3-R\u00fassia, em referendos n\u00e3o reconhecidos pela comunidade internacional.<\/p>\n\n\n\n<p>Se a anexa\u00e7\u00e3o for consumada, os Estados Unidos amea\u00e7aram aumentar as san\u00e7\u00f5es impostas \u00e0 R\u00fassia desde que iniciou sua invas\u00e3o da Ucr\u00e2nia no \u00faltimo m\u00eas de fevereiro. <a href=\"https:\/\/efs.efeservicios.com\/\">EFE<\/a><\/p>\n","protected":false},"excerpt":{"rendered":"<p>Washington (EFE).-\u00a0O presidente dos Estados Unidos, Joe Biden, advertiu nesta quinta-feira seu hom\u00f3logo russo, Vladimir Putin, que seu pa\u00eds nunca reconhecer\u00e1 a anexa\u00e7\u00e3o dos territ\u00f3rios da Ucr\u00e2nia por parte da R\u00fassia. &#8220;Quero ser muito claro. Os Estados Unidos nunca, nunca, nunca reconhecer\u00e3o as reivindica\u00e7\u00f5es da R\u00fassia sobre o territ\u00f3rio soberano da Ucr\u00e2nia&#8221;, disse o presidente &#8230; <a title=\"Biden avisa Putin que nunca reconhecer\u00e1 anexa\u00e7\u00e3o de territ\u00f3rios ucranianos\" class=\"read-more\" href=\"https:\/\/pre.efe.com\/pt-br\/mundo-2\/2022-09-30\/biden-avisa-putin-que-nunca-reconhecera-anexacao-de-territorios-ucranianos\/\" aria-label=\"Read more about Biden avisa Putin que nunca reconhecer\u00e1 anexa\u00e7\u00e3o de territ\u00f3rios ucranianos\">Leia mais<\/a><\/p>\n","protected":false},"author":198164106,"featured_media":99476,"comment_status":"closed","ping_status":"closed","sticky":false,"template":"","format":"standard","meta":{"_acf_changed":false,"_jetpack_memberships_contains_paid_content":false,"footnotes":""},"categories":[123208,122141],"tags":[122371,122958,122792],"class_list":["post-99464","post","type-post","status-publish","format-standard","has-post-thumbnail","hentry","category-mundo-2","category-portada","tag-eua","tag-russia-2","tag-ucrania-2","generate-columns","tablet-grid-50","mobile-grid-100","grid-parent","grid-50"],"acf":[],"yoast_head":"<!-- This site is optimized with the Yoast SEO Premium plugin v26.0 (Yoast SEO v27.5) - https:\/\/yoast.com\/product\/yoast-seo-premium-wordpress\/ -->\n<title>Biden avisa Putin que nunca reconhecer\u00e1 anexa\u00e7\u00e3o de territ\u00f3rios<\/title>\n<meta name=\"description\" content=\"O presidente dos Estados Unidos, Joe Biden, advertiu que seu pa\u00eds nunca reconhecer\u00e1 a anexa\u00e7\u00e3o dos territ\u00f3rios da Ucr\u00e2nia pela R\u00fassia.\" \/>\n<meta name=\"robots\" content=\"noindex, follow\" \/>\n<meta property=\"og:locale\" content=\"pt_BR\" \/>\n<meta property=\"og:type\" content=\"article\" \/>\n<meta property=\"og:title\" content=\"Biden avisa Putin que nunca reconhecer\u00e1 anexa\u00e7\u00e3o de territ\u00f3rios ucranianos - EFE\" \/>\n<meta property=\"og:description\" content=\"O presidente dos Estados Unidos, Joe Biden, advertiu que seu pa\u00eds nunca reconhecer\u00e1 a anexa\u00e7\u00e3o dos territ\u00f3rios da Ucr\u00e2nia pela R\u00fassia.\" \/>\n<meta property=\"og:url\" content=\"https:\/\/pre.efe.com\/pt-br\/mundo-2\/2022-09-30\/biden-avisa-putin-que-nunca-reconhecera-anexacao-de-territorios-ucranianos\/\" \/>\n<meta property=\"og:site_name\" content=\"EFE Noticias\" \/>\n<meta property=\"article:publisher\" content=\"https:\/\/www.facebook.com\/AgenciaEFEnoticias\/\" \/>\n<meta property=\"article:published_time\" content=\"2022-09-29T23:57:04+00:00\" \/>\n<meta property=\"article:modified_time\" content=\"2022-09-29T23:57:06+00:00\" \/>\n<meta property=\"og:image\" content=\"https:\/\/i0.wp.com\/efe.com\/\/srv\/htdocs\/wp-content\/uploads\/2022\/09\/BIDEN-PACIFICO.jpg?fit=900%2C599&ssl=1\" \/>\n\t<meta property=\"og:image:width\" content=\"900\" \/>\n\t<meta property=\"og:image:height\" content=\"599\" \/>\n\t<meta property=\"og:image:type\" content=\"image\/jpeg\" \/>\n<meta name=\"author\" content=\"anachain\" \/>\n<meta name=\"twitter:card\" content=\"summary_large_image\" \/>\n<meta name=\"twitter:creator\" content=\"@efenoticias\" \/>\n<meta name=\"twitter:site\" content=\"@efenoticias\" \/>\n<script type=\"application\/ld+json\" class=\"yoast-schema-graph\">{\"@context\":\"https:\\\/\\\/schema.org\",\"@graph\":[{\"@type\":\"NewsArticle\",\"@id\":\"https:\\\/\\\/pre.efe.com\\\/pt-br\\\/mundo-2\\\/2022-09-30\\\/biden-avisa-putin-que-nunca-reconhecera-anexacao-de-territorios-ucranianos\\\/#article\",\"isPartOf\":{\"@id\":\"https:\\\/\\\/pre.efe.com\\\/pt-br\\\/mundo-2\\\/2022-09-30\\\/biden-avisa-putin-que-nunca-reconhecera-anexacao-de-territorios-ucranianos\\\/\"},\"author\":{\"name\":\"anachain\",\"@id\":\"https:\\\/\\\/pre.efe.com\\\/pt-br\\\/#\\\/schema\\\/person\\\/b19f23f210db552768f68a4b552b004f\"},\"headline\":\"Biden avisa Putin que nunca reconhecer\u00e1 anexa\u00e7\u00e3o de territ\u00f3rios ucranianos\",\"datePublished\":\"2022-09-29T23:57:04+00:00\",\"dateModified\":\"2022-09-29T23:57:06+00:00\",\"mainEntityOfPage\":{\"@id\":\"https:\\\/\\\/pre.efe.com\\\/pt-br\\\/mundo-2\\\/2022-09-30\\\/biden-avisa-putin-que-nunca-reconhecera-anexacao-de-territorios-ucranianos\\\/\"},\"wordCount\":278,\"publisher\":{\"@id\":\"https:\\\/\\\/pre.efe.com\\\/pt-br\\\/#organization\"},\"image\":{\"@id\":\"https:\\\/\\\/pre.efe.com\\\/pt-br\\\/mundo-2\\\/2022-09-30\\\/biden-avisa-putin-que-nunca-reconhecera-anexacao-de-territorios-ucranianos\\\/#primaryimage\"},\"thumbnailUrl\":\"https:\\\/\\\/pre.efe.com\\\/wp-content\\\/uploads\\\/2022\\\/09\\\/BIDEN-PACIFICO.jpg\",\"keywords\":[\"EUA\",\"Russia\",\"Ucrania\"],\"articleSection\":[\"Mundo\",\"Portada\"],\"inLanguage\":\"pt-BR\",\"copyrightYear\":\"2022\",\"copyrightHolder\":{\"@id\":\"https:\\\/\\\/pre.efe.com\\\/#organization\"}},{\"@type\":[\"WebPage\",\"ItemPage\"],\"@id\":\"https:\\\/\\\/pre.efe.com\\\/pt-br\\\/mundo-2\\\/2022-09-30\\\/biden-avisa-putin-que-nunca-reconhecera-anexacao-de-territorios-ucranianos\\\/\",\"url\":\"https:\\\/\\\/pre.efe.com\\\/pt-br\\\/mundo-2\\\/2022-09-30\\\/biden-avisa-putin-que-nunca-reconhecera-anexacao-de-territorios-ucranianos\\\/\",\"name\":\"Biden avisa Putin que nunca reconhecer\u00e1 anexa\u00e7\u00e3o de territ\u00f3rios\",\"isPartOf\":{\"@id\":\"https:\\\/\\\/pre.efe.com\\\/pt-br\\\/#website\"},\"primaryImageOfPage\":{\"@id\":\"https:\\\/\\\/pre.efe.com\\\/pt-br\\\/mundo-2\\\/2022-09-30\\\/biden-avisa-putin-que-nunca-reconhecera-anexacao-de-territorios-ucranianos\\\/#primaryimage\"},\"image\":{\"@id\":\"https:\\\/\\\/pre.efe.com\\\/pt-br\\\/mundo-2\\\/2022-09-30\\\/biden-avisa-putin-que-nunca-reconhecera-anexacao-de-territorios-ucranianos\\\/#primaryimage\"},\"thumbnailUrl\":\"https:\\\/\\\/pre.efe.com\\\/wp-content\\\/uploads\\\/2022\\\/09\\\/BIDEN-PACIFICO.jpg\",\"datePublished\":\"2022-09-29T23:57:04+00:00\",\"dateModified\":\"2022-09-29T23:57:06+00:00\",\"description\":\"O presidente dos Estados Unidos, Joe Biden, advertiu que seu pa\u00eds nunca reconhecer\u00e1 a anexa\u00e7\u00e3o dos territ\u00f3rios da Ucr\u00e2nia pela R\u00fassia.\",\"breadcrumb\":{\"@id\":\"https:\\\/\\\/pre.efe.com\\\/pt-br\\\/mundo-2\\\/2022-09-30\\\/biden-avisa-putin-que-nunca-reconhecera-anexacao-de-territorios-ucranianos\\\/#breadcrumb\"},\"inLanguage\":\"pt-BR\",\"potentialAction\":[{\"@type\":\"ReadAction\",\"target\":[\"https:\\\/\\\/pre.efe.com\\\/pt-br\\\/mundo-2\\\/2022-09-30\\\/biden-avisa-putin-que-nunca-reconhecera-anexacao-de-territorios-ucranianos\\\/\"]}]},{\"@type\":\"ImageObject\",\"inLanguage\":\"pt-BR\",\"@id\":\"https:\\\/\\\/pre.efe.com\\\/pt-br\\\/mundo-2\\\/2022-09-30\\\/biden-avisa-putin-que-nunca-reconhecera-anexacao-de-territorios-ucranianos\\\/#primaryimage\",\"url\":\"https:\\\/\\\/pre.efe.com\\\/wp-content\\\/uploads\\\/2022\\\/09\\\/BIDEN-PACIFICO.jpg\",\"contentUrl\":\"https:\\\/\\\/pre.efe.com\\\/wp-content\\\/uploads\\\/2022\\\/09\\\/BIDEN-PACIFICO.jpg\",\"width\":900,\"height\":599,\"caption\":\"O presidente dos EUA, Joe Biden. EFE\\\/POOL\\\/Bonnie Cash\"},{\"@type\":\"BreadcrumbList\",\"@id\":\"https:\\\/\\\/pre.efe.com\\\/pt-br\\\/mundo-2\\\/2022-09-30\\\/biden-avisa-putin-que-nunca-reconhecera-anexacao-de-territorios-ucranianos\\\/#breadcrumb\",\"itemListElement\":[{\"@type\":\"ListItem\",\"position\":1,\"name\":\"Portada\",\"item\":\"https:\\\/\\\/pre.efe.com\\\/pt-br\\\/\"},{\"@type\":\"ListItem\",\"position\":2,\"name\":\"Biden avisa Putin que nunca reconhecer\u00e1 anexa\u00e7\u00e3o de territ\u00f3rios ucranianos\"}]},{\"@type\":\"WebSite\",\"@id\":\"https:\\\/\\\/pre.efe.com\\\/pt-br\\\/#website\",\"url\":\"https:\\\/\\\/pre.efe.com\\\/pt-br\\\/\",\"name\":\"EFE Noticias\",\"description\":\"\",\"publisher\":{\"@id\":\"https:\\\/\\\/pre.efe.com\\\/pt-br\\\/#organization\"},\"potentialAction\":[{\"@type\":\"SearchAction\",\"target\":{\"@type\":\"EntryPoint\",\"urlTemplate\":\"https:\\\/\\\/pre.efe.com\\\/pt-br\\\/?s={search_term_string}\"},\"query-input\":{\"@type\":\"PropertyValueSpecification\",\"valueRequired\":true,\"valueName\":\"search_term_string\"}}],\"inLanguage\":\"pt-BR\"},{\"@type\":\"Organization\",\"@id\":\"https:\\\/\\\/pre.efe.com\\\/pt-br\\\/#organization\",\"name\":\"Agencia EFE\",\"url\":\"https:\\\/\\\/pre.efe.com\\\/pt-br\\\/\",\"logo\":{\"@type\":\"ImageObject\",\"inLanguage\":\"pt-BR\",\"@id\":\"https:\\\/\\\/pre.efe.com\\\/pt-br\\\/#\\\/schema\\\/logo\\\/image\\\/\",\"url\":\"https:\\\/\\\/pre.efe.com\\\/wp-content\\\/uploads\\\/2023\\\/06\\\/logo-efe-467.png\",\"contentUrl\":\"https:\\\/\\\/pre.efe.com\\\/wp-content\\\/uploads\\\/2023\\\/06\\\/logo-efe-467.png\",\"width\":467,\"height\":467,\"caption\":\"Agencia EFE\"},\"image\":{\"@id\":\"https:\\\/\\\/pre.efe.com\\\/pt-br\\\/#\\\/schema\\\/logo\\\/image\\\/\"},\"sameAs\":[\"https:\\\/\\\/www.facebook.com\\\/AgenciaEFEnoticias\\\/\",\"https:\\\/\\\/x.com\\\/efenoticias\",\"https:\\\/\\\/www.instagram.com\\\/efe_noticias\\\/\",\"http:\\\/\\\/www.youtube.com\\\/efe\"]},{\"@type\":\"Person\",\"@id\":\"https:\\\/\\\/pre.efe.com\\\/pt-br\\\/#\\\/schema\\\/person\\\/b19f23f210db552768f68a4b552b004f\",\"name\":\"anachain\",\"image\":{\"@type\":\"ImageObject\",\"inLanguage\":\"pt-BR\",\"@id\":\"https:\\\/\\\/secure.gravatar.com\\\/avatar\\\/30b83965911ef1108bb893c00bdd65c885f9890e1265ee04b02c3d5adc785d37?s=96&d=identicon&r=g\",\"url\":\"https:\\\/\\\/secure.gravatar.com\\\/avatar\\\/30b83965911ef1108bb893c00bdd65c885f9890e1265ee04b02c3d5adc785d37?s=96&d=identicon&r=g\",\"contentUrl\":\"https:\\\/\\\/secure.gravatar.com\\\/avatar\\\/30b83965911ef1108bb893c00bdd65c885f9890e1265ee04b02c3d5adc785d37?s=96&d=identicon&r=g\",\"caption\":\"anachain\"},\"url\":\"https:\\\/\\\/pre.efe.com\\\/pt-br\\\/autor\\\/anachain\\\/\"}]}<\/script>\n<!-- \/ Yoast SEO Premium plugin. -->","yoast_head_json":{"title":"Biden avisa Putin que nunca reconhecer\u00e1 anexa\u00e7\u00e3o de territ\u00f3rios","description":"O presidente dos Estados Unidos, Joe Biden, advertiu que seu pa\u00eds nunca reconhecer\u00e1 a anexa\u00e7\u00e3o dos territ\u00f3rios da Ucr\u00e2nia pela R\u00fassia.","robots":{"index":"noindex","follow":"follow"},"og_locale":"pt_BR","og_type":"article","og_title":"Biden avisa Putin que nunca reconhecer\u00e1 anexa\u00e7\u00e3o de territ\u00f3rios ucranianos - EFE","og_description":"O presidente dos Estados Unidos, Joe Biden, advertiu que seu pa\u00eds nunca reconhecer\u00e1 a anexa\u00e7\u00e3o dos territ\u00f3rios da Ucr\u00e2nia pela R\u00fassia.","og_url":"https:\/\/pre.efe.com\/pt-br\/mundo-2\/2022-09-30\/biden-avisa-putin-que-nunca-reconhecera-anexacao-de-territorios-ucranianos\/","og_site_name":"EFE Noticias","article_publisher":"https:\/\/www.facebook.com\/AgenciaEFEnoticias\/","article_published_time":"2022-09-29T23:57:04+00:00","article_modified_time":"2022-09-29T23:57:06+00:00","og_image":[{"width":900,"height":599,"url":"https:\/\/i0.wp.com\/efe.com\/\/srv\/htdocs\/wp-content\/uploads\/2022\/09\/BIDEN-PACIFICO.jpg?fit=900%2C599&ssl=1","type":"image\/jpeg"}],"author":"anachain","twitter_card":"summary_large_image","twitter_creator":"@efenoticias","twitter_site":"@efenoticias","schema":{"@context":"https:\/\/schema.org","@graph":[{"@type":"NewsArticle","@id":"https:\/\/pre.efe.com\/pt-br\/mundo-2\/2022-09-30\/biden-avisa-putin-que-nunca-reconhecera-anexacao-de-territorios-ucranianos\/#article","isPartOf":{"@id":"https:\/\/pre.efe.com\/pt-br\/mundo-2\/2022-09-30\/biden-avisa-putin-que-nunca-reconhecera-anexacao-de-territorios-ucranianos\/"},"author":{"name":"anachain","@id":"https:\/\/pre.efe.com\/pt-br\/#\/schema\/person\/b19f23f210db552768f68a4b552b004f"},"headline":"Biden avisa Putin que nunca reconhecer\u00e1 anexa\u00e7\u00e3o de territ\u00f3rios ucranianos","datePublished":"2022-09-29T23:57:04+00:00","dateModified":"2022-09-29T23:57:06+00:00","mainEntityOfPage":{"@id":"https:\/\/pre.efe.com\/pt-br\/mundo-2\/2022-09-30\/biden-avisa-putin-que-nunca-reconhecera-anexacao-de-territorios-ucranianos\/"},"wordCount":278,"publisher":{"@id":"https:\/\/pre.efe.com\/pt-br\/#organization"},"image":{"@id":"https:\/\/pre.efe.com\/pt-br\/mundo-2\/2022-09-30\/biden-avisa-putin-que-nunca-reconhecera-anexacao-de-territorios-ucranianos\/#primaryimage"},"thumbnailUrl":"https:\/\/pre.efe.com\/wp-content\/uploads\/2022\/09\/BIDEN-PACIFICO.jpg","keywords":["EUA","Russia","Ucrania"],"articleSection":["Mundo","Portada"],"inLanguage":"pt-BR","copyrightYear":"2022","copyrightHolder":{"@id":"https:\/\/pre.efe.com\/#organization"}},{"@type":["WebPage","ItemPage"],"@id":"https:\/\/pre.efe.com\/pt-br\/mundo-2\/2022-09-30\/biden-avisa-putin-que-nunca-reconhecera-anexacao-de-territorios-ucranianos\/","url":"https:\/\/pre.efe.com\/pt-br\/mundo-2\/2022-09-30\/biden-avisa-putin-que-nunca-reconhecera-anexacao-de-territorios-ucranianos\/","name":"Biden avisa Putin que nunca reconhecer\u00e1 anexa\u00e7\u00e3o de territ\u00f3rios","isPartOf":{"@id":"https:\/\/pre.efe.com\/pt-br\/#website"},"primaryImageOfPage":{"@id":"https:\/\/pre.efe.com\/pt-br\/mundo-2\/2022-09-30\/biden-avisa-putin-que-nunca-reconhecera-anexacao-de-territorios-ucranianos\/#primaryimage"},"image":{"@id":"https:\/\/pre.efe.com\/pt-br\/mundo-2\/2022-09-30\/biden-avisa-putin-que-nunca-reconhecera-anexacao-de-territorios-ucranianos\/#primaryimage"},"thumbnailUrl":"https:\/\/pre.efe.com\/wp-content\/uploads\/2022\/09\/BIDEN-PACIFICO.jpg","datePublished":"2022-09-29T23:57:04+00:00","dateModified":"2022-09-29T23:57:06+00:00","description":"O presidente dos Estados Unidos, Joe Biden, advertiu que seu pa\u00eds nunca reconhecer\u00e1 a anexa\u00e7\u00e3o dos territ\u00f3rios da Ucr\u00e2nia pela R\u00fassia.","breadcrumb":{"@id":"https:\/\/pre.efe.com\/pt-br\/mundo-2\/2022-09-30\/biden-avisa-putin-que-nunca-reconhecera-anexacao-de-territorios-ucranianos\/#breadcrumb"},"inLanguage":"pt-BR","potentialAction":[{"@type":"ReadAction","target":["https:\/\/pre.efe.com\/pt-br\/mundo-2\/2022-09-30\/biden-avisa-putin-que-nunca-reconhecera-anexacao-de-territorios-ucranianos\/"]}]},{"@type":"ImageObject","inLanguage":"pt-BR","@id":"https:\/\/pre.efe.com\/pt-br\/mundo-2\/2022-09-30\/biden-avisa-putin-que-nunca-reconhecera-anexacao-de-territorios-ucranianos\/#primaryimage","url":"https:\/\/pre.efe.com\/wp-content\/uploads\/2022\/09\/BIDEN-PACIFICO.jpg","contentUrl":"https:\/\/pre.efe.com\/wp-content\/uploads\/2022\/09\/BIDEN-PACIFICO.jpg","width":900,"height":599,"caption":"O presidente dos EUA, Joe Biden. EFE\/POOL\/Bonnie Cash"},{"@type":"BreadcrumbList","@id":"https:\/\/pre.efe.com\/pt-br\/mundo-2\/2022-09-30\/biden-avisa-putin-que-nunca-reconhecera-anexacao-de-territorios-ucranianos\/#breadcrumb","itemListElement":[{"@type":"ListItem","position":1,"name":"Portada","item":"https:\/\/pre.efe.com\/pt-br\/"},{"@type":"ListItem","position":2,"name":"Biden avisa Putin que nunca reconhecer\u00e1 anexa\u00e7\u00e3o de territ\u00f3rios ucranianos"}]},{"@type":"WebSite","@id":"https:\/\/pre.efe.com\/pt-br\/#website","url":"https:\/\/pre.efe.com\/pt-br\/","name":"EFE Noticias","description":"","publisher":{"@id":"https:\/\/pre.efe.com\/pt-br\/#organization"},"potentialAction":[{"@type":"SearchAction","target":{"@type":"EntryPoint","urlTemplate":"https:\/\/pre.efe.com\/pt-br\/?s={search_term_string}"},"query-input":{"@type":"PropertyValueSpecification","valueRequired":true,"valueName":"search_term_string"}}],"inLanguage":"pt-BR"},{"@type":"Organization","@id":"https:\/\/pre.efe.com\/pt-br\/#organization","name":"Agencia EFE","url":"https:\/\/pre.efe.com\/pt-br\/","logo":{"@type":"ImageObject","inLanguage":"pt-BR","@id":"https:\/\/pre.efe.com\/pt-br\/#\/schema\/logo\/image\/","url":"https:\/\/pre.efe.com\/wp-content\/uploads\/2023\/06\/logo-efe-467.png","contentUrl":"https:\/\/pre.efe.com\/wp-content\/uploads\/2023\/06\/logo-efe-467.png","width":467,"height":467,"caption":"Agencia EFE"},"image":{"@id":"https:\/\/pre.efe.com\/pt-br\/#\/schema\/logo\/image\/"},"sameAs":["https:\/\/www.facebook.com\/AgenciaEFEnoticias\/","https:\/\/x.com\/efenoticias","https:\/\/www.instagram.com\/efe_noticias\/","http:\/\/www.youtube.com\/efe"]},{"@type":"Person","@id":"https:\/\/pre.efe.com\/pt-br\/#\/schema\/person\/b19f23f210db552768f68a4b552b004f","name":"anachain","image":{"@type":"ImageObject","inLanguage":"pt-BR","@id":"https:\/\/secure.gravatar.com\/avatar\/30b83965911ef1108bb893c00bdd65c885f9890e1265ee04b02c3d5adc785d37?s=96&d=identicon&r=g","url":"https:\/\/secure.gravatar.com\/avatar\/30b83965911ef1108bb893c00bdd65c885f9890e1265ee04b02c3d5adc785d37?s=96&d=identicon&r=g","contentUrl":"https:\/\/secure.gravatar.com\/avatar\/30b83965911ef1108bb893c00bdd65c885f9890e1265ee04b02c3d5adc785d37?s=96&d=identicon&r=g","caption":"anachain"},"url":"https:\/\/pre.efe.com\/pt-br\/autor\/anachain\/"}]}},"jetpack_featured_media_url":"https:\/\/pre.efe.com\/wp-content\/uploads\/2022\/09\/BIDEN-PACIFICO.jpg","jetpack_shortlink":"https:\/\/wp.me\/peJvHm-pSg","jetpack_sharing_enabled":true,"_links":{"self":[{"href":"https:\/\/pre.efe.com\/pt-br\/wp-json\/wp\/v2\/posts\/99464","targetHints":{"allow":["GET"]}}],"collection":[{"href":"https:\/\/pre.efe.com\/pt-br\/wp-json\/wp\/v2\/posts"}],"about":[{"href":"https:\/\/pre.efe.com\/pt-br\/wp-json\/wp\/v2\/types\/post"}],"author":[{"embeddable":true,"href":"https:\/\/pre.efe.com\/pt-br\/wp-json\/wp\/v2\/users\/198164106"}],"replies":[{"embeddable":true,"href":"https:\/\/pre.efe.com\/pt-br\/wp-json\/wp\/v2\/comments?post=99464"}],"version-history":[{"count":2,"href":"https:\/\/pre.efe.com\/pt-br\/wp-json\/wp\/v2\/posts\/99464\/revisions"}],"predecessor-version":[{"id":99479,"href":"https:\/\/pre.efe.com\/pt-br\/wp-json\/wp\/v2\/posts\/99464\/revisions\/99479"}],"wp:featuredmedia":[{"embeddable":true,"href":"https:\/\/pre.efe.com\/pt-br\/wp-json\/wp\/v2\/media\/99476"}],"wp:attachment":[{"href":"https:\/\/pre.efe.com\/pt-br\/wp-json\/wp\/v2\/media?parent=99464"}],"wp:term":[{"taxonomy":"category","embeddable":true,"href":"https:\/\/pre.efe.com\/pt-br\/wp-json\/wp\/v2\/categories?post=99464"},{"taxonomy":"post_tag","embeddable":true,"href":"https:\/\/pre.efe.com\/pt-br\/wp-json\/wp\/v2\/tags?post=99464"}],"curies":[{"name":"wp","href":"https:\/\/api.w.org\/{rel}","templated":true}]}}